{"id":265186,"date":"2025-05-20T00:25:00","date_gmt":"2025-05-20T03:25:00","guid":{"rendered":"https:\/\/www.gaveanews.com\/?p=265186"},"modified":"2025-05-19T21:00:34","modified_gmt":"2025-05-20T00:00:34","slug":"a-declaracao-de-ednaldo-rodrigues-sobre-as-eleicoes-na-cbf","status":"publish","type":"post","link":"https:\/\/www.gaveanews.com\/index.php\/2025\/05\/20\/a-declaracao-de-ednaldo-rodrigues-sobre-as-eleicoes-na-cbf\/","title":{"rendered":"A declara\u00e7\u00e3o de Ednaldo Rodrigues sobre as elei\u00e7\u00f5es na CBF"},"content":{"rendered":"\n<p>Ednaldo Rodrigues anunciou oficialmente, nesta segunda-feira (19), sua desist\u00eancia de reassumir a presid\u00eancia da Confedera\u00e7\u00e3o Brasileira de Futebol (CBF). O posicionamento foi apresentado em peti\u00e7\u00e3o encaminhada ao Supremo Tribunal Federal (STF), ap\u00f3s ele ter sido afastado da fun\u00e7\u00e3o por decis\u00e3o do Tribunal de Justi\u00e7a do Rio de Janeiro. A medida encerra um ciclo de disputas jur\u00eddicas que se intensificaram nos \u00faltimos meses.<\/p>\n\n\n\n<p>No texto, Ednaldo justificou sua decis\u00e3o destacando os impactos pessoais que o processo lhe causou. \u201cOs \u00faltimos acontecimentos afetaram minha vida familiar\u201d, afirmou. Ele tamb\u00e9m ressaltou que sua desist\u00eancia foi motivada por um gesto de serenidade e respeito \u00e0s institui\u00e7\u00f5es, negando qualquer envolvimento com novas candidaturas ou apoio a chapas em forma\u00e7\u00e3o.<\/p>\n\n\n\n<p>\u201cEste gesto, sereno e consciente, representa o esfor\u00e7o do Peticion\u00e1rio em deixar para tr\u00e1s este \u00faltimo ato do lit\u00edgio\u201d, declarou. Ainda segundo Ednaldo, o compromisso com a verdade dos fatos, a estabilidade institucional e o respeito \u00e0 Justi\u00e7a continuam sendo princ\u00edpios que norteiam sua conduta. A declara\u00e7\u00e3o foi finalizada com votos de \u201csucesso e boa sorte \u00e0queles que v\u00e3o assumir a gest\u00e3o do futebol brasileiro\u201d.<\/p>\n\n\n\n<p>A decis\u00e3o do afastamento de Ednaldo est\u00e1 ligada a uma den\u00fancia de falsifica\u00e7\u00e3o de assinatura em acordo homologado pelo STF entre ele e seus opositores. A suspeita envolve o nome do Coronel Nunes, ex-presidente da CBF, cuja condi\u00e7\u00e3o de sa\u00fade levantou d\u00favidas sobre a veracidade do documento assinado.<\/p>\n\n\n\n<p>Com o afastamento confirmado, o vice-presidente Fernando Sarney assumiu interinamente e marcou novas elei\u00e7\u00f5es para s\u00e1bado (25). O pleito deve contar com chapa \u00fanica, liderada por Samir Xaud, representante da Federa\u00e7\u00e3o Roraimense de Futebol.<\/p>\n\n\n\n<p>A sa\u00edda definitiva de Ednaldo Rodrigues marca um novo cap\u00edtulo na pol\u00edtica da CBF, que vive um momento de transi\u00e7\u00e3o institucional e alta exposi\u00e7\u00e3o p\u00fablica.<\/p>\n","protected":false},"excerpt":{"rendered":"<p>Ednaldo Rodrigues anunciou oficialmente, nesta segunda-feira (19), sua desist\u00eancia de reassumir a presid\u00eancia da Confedera\u00e7\u00e3o Brasileira de Futebol (CBF). O posicionamento foi apresentado em peti\u00e7\u00e3o encaminhada ao Supremo Tribunal Federal (STF), ap\u00f3s ele ter sido afastado da fun\u00e7\u00e3o por decis\u00e3o do Tribunal de Justi\u00e7a do Rio de Janeiro. A medida encerra um ciclo de disputas [&hellip;]<\/p>\n","protected":false},"author":18,"featured_media":114931,"comment_status":"open","ping_status":"closed","sticky":false,"template":"","format":"standard","meta":{"footnotes":""},"categories":[478,477],"tags":[],"class_list":["post-265186","post","type-post","status-publish","format-standard","has-post-thumbnail","hentry","category-brasil","category-selecoes"],"yoast_head":"<!-- This site is optimized with the Yoast SEO Premium plugin v24.2 (Yoast SEO v26.9) - https:\/\/yoast.com\/product\/yoast-seo-premium-wordpress\/ -->\n<title>A declara\u00e7\u00e3o de Ednaldo Rodrigues sobre as elei\u00e7\u00f5es na CBF<\/title>\n<meta name=\"robots\" content=\"index, follow, max-snippet:-1, max-image-preview:large, max-video-preview:-1\" \/>\n<link rel=\"canonical\" href=\"https:\/\/www.gaveanews.com\/index.php\/2025\/05\/20\/a-declaracao-de-ednaldo-rodrigues-sobre-as-eleicoes-na-cbf\/\" \/>\n<meta property=\"og:locale\" content=\"pt_BR\" \/>\n<meta property=\"og:type\" content=\"article\" \/>\n<meta property=\"og:title\" content=\"A declara\u00e7\u00e3o de Ednaldo Rodrigues sobre as elei\u00e7\u00f5es na CBF\" \/>\n<meta property=\"og:description\" content=\"Ednaldo Rodrigues anunciou oficialmente, nesta segunda-feira (19), sua desist\u00eancia de reassumir a presid\u00eancia da Confedera\u00e7\u00e3o Brasileira de Futebol (CBF). O posicionamento foi apresentado em peti\u00e7\u00e3o encaminhada ao Supremo Tribunal Federal (STF), ap\u00f3s ele ter sido afastado da fun\u00e7\u00e3o por decis\u00e3o do Tribunal de Justi\u00e7a do Rio de Janeiro. A medida encerra um ciclo de disputas [&hellip;]\" \/>\n<meta property=\"og:url\" content=\"https:\/\/www.gaveanews.com\/index.php\/2025\/05\/20\/a-declaracao-de-ednaldo-rodrigues-sobre-as-eleicoes-na-cbf\/\" \/>\n<meta property=\"og:site_name\" content=\"G\u00e1vea News\" \/>\n<meta property=\"article:publisher\" content=\"https:\/\/facebook.com\/gaveaNews\/\" \/>\n<meta property=\"article:published_time\" content=\"2025-05-20T03:25:00+00:00\" \/>\n<meta property=\"og:image\" content=\"https:\/\/www.gaveanews.com\/wp-content\/uploads\/1_ednaldo_rodrigues_cbf_selecao_brasileira__2_-23258960.webp\" \/>\n\t<meta property=\"og:image:width\" content=\"818\" \/>\n\t<meta property=\"og:image:height\" content=\"459\" \/>\n\t<meta property=\"og:image:type\" content=\"image\/jpeg\" \/>\n<meta name=\"author\" content=\"Paula Silva\" \/>\n<meta name=\"twitter:card\" content=\"summary_large_image\" \/>\n<meta name=\"twitter:label1\" content=\"Escrito por\" \/>\n\t<meta name=\"twitter:data1\" content=\"Paula Silva\" \/>\n\t<meta name=\"twitter:label2\" content=\"Est. tempo de leitura\" \/>\n\t<meta name=\"twitter:data2\" content=\"2 minutos\" \/>\n<script type=\"application\/ld+json\" class=\"yoast-schema-graph\">{\"@context\":\"https:\/\/schema.org\",\"@graph\":[{\"@type\":\"NewsArticle\",\"@id\":\"https:\/\/www.gaveanews.com\/index.php\/2025\/05\/20\/a-declaracao-de-ednaldo-rodrigues-sobre-as-eleicoes-na-cbf\/#article\",\"isPartOf\":{\"@id\":\"https:\/\/www.gaveanews.com\/index.php\/2025\/05\/20\/a-declaracao-de-ednaldo-rodrigues-sobre-as-eleicoes-na-cbf\/\"},\"author\":{\"name\":\"Paula Silva\",\"@id\":\"https:\/\/www.gaveanews.com\/#\/schema\/person\/daf63eec72e1164eb13dc35096c2b8da\"},\"headline\":\"A declara\u00e7\u00e3o de Ednaldo Rodrigues sobre as elei\u00e7\u00f5es na CBF\",\"datePublished\":\"2025-05-20T03:25:00+00:00\",\"mainEntityOfPage\":{\"@id\":\"https:\/\/www.gaveanews.com\/index.php\/2025\/05\/20\/a-declaracao-de-ednaldo-rodrigues-sobre-as-eleicoes-na-cbf\/\"},\"wordCount\":333,\"commentCount\":0,\"image\":{\"@id\":\"https:\/\/www.gaveanews.com\/index.php\/2025\/05\/20\/a-declaracao-de-ednaldo-rodrigues-sobre-as-eleicoes-na-cbf\/#primaryimage\"},\"thumbnailUrl\":\"https:\/\/www.gaveanews.com\/wp-content\/uploads\/1_ednaldo_rodrigues_cbf_selecao_brasileira__2_-23258960.webp\",\"articleSection\":[\"Brasil\",\"Sele\u00e7\u00f5es\"],\"inLanguage\":\"pt-BR\",\"potentialAction\":[{\"@type\":\"CommentAction\",\"name\":\"Comment\",\"target\":[\"https:\/\/www.gaveanews.com\/index.php\/2025\/05\/20\/a-declaracao-de-ednaldo-rodrigues-sobre-as-eleicoes-na-cbf\/#respond\"]}],\"copyrightYear\":\"2025\",\"copyrightHolder\":{\"@id\":\"https:\/\/www.gaveanews.com\/#organization\"}},{\"@type\":\"WebPage\",\"@id\":\"https:\/\/www.gaveanews.com\/index.php\/2025\/05\/20\/a-declaracao-de-ednaldo-rodrigues-sobre-as-eleicoes-na-cbf\/\",\"url\":\"https:\/\/www.gaveanews.com\/index.php\/2025\/05\/20\/a-declaracao-de-ednaldo-rodrigues-sobre-as-eleicoes-na-cbf\/\",\"name\":\"A declara\u00e7\u00e3o de Ednaldo Rodrigues sobre as elei\u00e7\u00f5es na CBF\",\"isPartOf\":{\"@id\":\"https:\/\/www.gaveanews.com\/#website\"},\"primaryImageOfPage\":{\"@id\":\"https:\/\/www.gaveanews.com\/index.php\/2025\/05\/20\/a-declaracao-de-ednaldo-rodrigues-sobre-as-eleicoes-na-cbf\/#primaryimage\"},\"image\":{\"@id\":\"https:\/\/www.gaveanews.com\/index.php\/2025\/05\/20\/a-declaracao-de-ednaldo-rodrigues-sobre-as-eleicoes-na-cbf\/#primaryimage\"},\"thumbnailUrl\":\"https:\/\/www.gaveanews.com\/wp-content\/uploads\/1_ednaldo_rodrigues_cbf_selecao_brasileira__2_-23258960.webp\",\"datePublished\":\"2025-05-20T03:25:00+00:00\",\"author\":{\"@id\":\"https:\/\/www.gaveanews.com\/#\/schema\/person\/daf63eec72e1164eb13dc35096c2b8da\"},\"breadcrumb\":{\"@id\":\"https:\/\/www.gaveanews.com\/index.php\/2025\/05\/20\/a-declaracao-de-ednaldo-rodrigues-sobre-as-eleicoes-na-cbf\/#breadcrumb\"},\"inLanguage\":\"pt-BR\",\"potentialAction\":[{\"@type\":\"ReadAction\",\"target\":[\"https:\/\/www.gaveanews.com\/index.php\/2025\/05\/20\/a-declaracao-de-ednaldo-rodrigues-sobre-as-eleicoes-na-cbf\/\"]}]},{\"@type\":\"ImageObject\",\"inLanguage\":\"pt-BR\",\"@id\":\"https:\/\/www.gaveanews.com\/index.php\/2025\/05\/20\/a-declaracao-de-ednaldo-rodrigues-sobre-as-eleicoes-na-cbf\/#primaryimage\",\"url\":\"https:\/\/www.gaveanews.com\/wp-content\/uploads\/1_ednaldo_rodrigues_cbf_selecao_brasileira__2_-23258960.webp\",\"contentUrl\":\"https:\/\/www.gaveanews.com\/wp-content\/uploads\/1_ednaldo_rodrigues_cbf_selecao_brasileira__2_-23258960.webp\",\"width\":818,\"height\":459,\"caption\":\"Ednaldo Rodrigues, presidente da CBF, em entrevista coletiva da sele\u00e7\u00e3o brasileira feminina (Foto: Thais Magalh\u00e3es\/CBF)\"},{\"@type\":\"BreadcrumbList\",\"@id\":\"https:\/\/www.gaveanews.com\/index.php\/2025\/05\/20\/a-declaracao-de-ednaldo-rodrigues-sobre-as-eleicoes-na-cbf\/#breadcrumb\",\"itemListElement\":[{\"@type\":\"ListItem\",\"position\":1,\"name\":\"Home\",\"item\":\"https:\/\/www.gaveanews.com\/\"},{\"@type\":\"ListItem\",\"position\":2,\"name\":\"A declara\u00e7\u00e3o de Ednaldo Rodrigues sobre as elei\u00e7\u00f5es na CBF\"}]},{\"@type\":\"WebSite\",\"@id\":\"https:\/\/www.gaveanews.com\/#website\",\"url\":\"https:\/\/www.gaveanews.com\/\",\"name\":\"G\u00e1vea News\",\"description\":\"Veja todas as not\u00edcias sobre o Flamengo: Contrata\u00e7\u00f5es, categorias de base, resultados das partidas, tabela de classifica\u00e7\u00e3o, pr\u00f3ximos jogos!\",\"potentialAction\":[{\"@type\":\"SearchAction\",\"target\":{\"@type\":\"EntryPoint\",\"urlTemplate\":\"https:\/\/www.gaveanews.com\/?s={search_term_string}\"},\"query-input\":{\"@type\":\"PropertyValueSpecification\",\"valueRequired\":true,\"valueName\":\"search_term_string\"}}],\"inLanguage\":\"pt-BR\"},{\"@type\":\"Person\",\"@id\":\"https:\/\/www.gaveanews.com\/#\/schema\/person\/daf63eec72e1164eb13dc35096c2b8da\",\"name\":\"Paula Silva\",\"image\":{\"@type\":\"ImageObject\",\"inLanguage\":\"pt-BR\",\"@id\":\"https:\/\/www.gaveanews.com\/#\/schema\/person\/image\/\",\"url\":\"https:\/\/secure.gravatar.com\/avatar\/eda381c845527cc5d64c13b901833cda29d97500ba040d3e6461f76f51d163bb?s=96&d=mm&r=g\",\"contentUrl\":\"https:\/\/secure.gravatar.com\/avatar\/eda381c845527cc5d64c13b901833cda29d97500ba040d3e6461f76f51d163bb?s=96&d=mm&r=g\",\"caption\":\"Paula Silva\"}}]}<\/script>\n<!-- \/ Yoast SEO Premium plugin. -->","yoast_head_json":{"title":"A declara\u00e7\u00e3o de Ednaldo Rodrigues sobre as elei\u00e7\u00f5es na CBF","robots":{"index":"index","follow":"follow","max-snippet":"max-snippet:-1","max-image-preview":"max-image-preview:large","max-video-preview":"max-video-preview:-1"},"canonical":"https:\/\/www.gaveanews.com\/index.php\/2025\/05\/20\/a-declaracao-de-ednaldo-rodrigues-sobre-as-eleicoes-na-cbf\/","og_locale":"pt_BR","og_type":"article","og_title":"A declara\u00e7\u00e3o de Ednaldo Rodrigues sobre as elei\u00e7\u00f5es na CBF","og_description":"Ednaldo Rodrigues anunciou oficialmente, nesta segunda-feira (19), sua desist\u00eancia de reassumir a presid\u00eancia da Confedera\u00e7\u00e3o Brasileira de Futebol (CBF). O posicionamento foi apresentado em peti\u00e7\u00e3o encaminhada ao Supremo Tribunal Federal (STF), ap\u00f3s ele ter sido afastado da fun\u00e7\u00e3o por decis\u00e3o do Tribunal de Justi\u00e7a do Rio de Janeiro. A medida encerra um ciclo de disputas [&hellip;]","og_url":"https:\/\/www.gaveanews.com\/index.php\/2025\/05\/20\/a-declaracao-de-ednaldo-rodrigues-sobre-as-eleicoes-na-cbf\/","og_site_name":"G\u00e1vea News","article_publisher":"https:\/\/facebook.com\/gaveaNews\/","article_published_time":"2025-05-20T03:25:00+00:00","og_image":[{"width":818,"height":459,"url":"https:\/\/www.gaveanews.com\/wp-content\/uploads\/1_ednaldo_rodrigues_cbf_selecao_brasileira__2_-23258960.webp","type":"image\/jpeg"}],"author":"Paula Silva","twitter_card":"summary_large_image","twitter_misc":{"Escrito por":"Paula Silva","Est. tempo de leitura":"2 minutos"},"schema":{"@context":"https:\/\/schema.org","@graph":[{"@type":"NewsArticle","@id":"https:\/\/www.gaveanews.com\/index.php\/2025\/05\/20\/a-declaracao-de-ednaldo-rodrigues-sobre-as-eleicoes-na-cbf\/#article","isPartOf":{"@id":"https:\/\/www.gaveanews.com\/index.php\/2025\/05\/20\/a-declaracao-de-ednaldo-rodrigues-sobre-as-eleicoes-na-cbf\/"},"author":{"name":"Paula Silva","@id":"https:\/\/www.gaveanews.com\/#\/schema\/person\/daf63eec72e1164eb13dc35096c2b8da"},"headline":"A declara\u00e7\u00e3o de Ednaldo Rodrigues sobre as elei\u00e7\u00f5es na CBF","datePublished":"2025-05-20T03:25:00+00:00","mainEntityOfPage":{"@id":"https:\/\/www.gaveanews.com\/index.php\/2025\/05\/20\/a-declaracao-de-ednaldo-rodrigues-sobre-as-eleicoes-na-cbf\/"},"wordCount":333,"commentCount":0,"image":{"@id":"https:\/\/www.gaveanews.com\/index.php\/2025\/05\/20\/a-declaracao-de-ednaldo-rodrigues-sobre-as-eleicoes-na-cbf\/#primaryimage"},"thumbnailUrl":"https:\/\/www.gaveanews.com\/wp-content\/uploads\/1_ednaldo_rodrigues_cbf_selecao_brasileira__2_-23258960.webp","articleSection":["Brasil","Sele\u00e7\u00f5es"],"inLanguage":"pt-BR","potentialAction":[{"@type":"CommentAction","name":"Comment","target":["https:\/\/www.gaveanews.com\/index.php\/2025\/05\/20\/a-declaracao-de-ednaldo-rodrigues-sobre-as-eleicoes-na-cbf\/#respond"]}],"copyrightYear":"2025","copyrightHolder":{"@id":"https:\/\/www.gaveanews.com\/#organization"}},{"@type":"WebPage","@id":"https:\/\/www.gaveanews.com\/index.php\/2025\/05\/20\/a-declaracao-de-ednaldo-rodrigues-sobre-as-eleicoes-na-cbf\/","url":"https:\/\/www.gaveanews.com\/index.php\/2025\/05\/20\/a-declaracao-de-ednaldo-rodrigues-sobre-as-eleicoes-na-cbf\/","name":"A declara\u00e7\u00e3o de Ednaldo Rodrigues sobre as elei\u00e7\u00f5es na CBF","isPartOf":{"@id":"https:\/\/www.gaveanews.com\/#website"},"primaryImageOfPage":{"@id":"https:\/\/www.gaveanews.com\/index.php\/2025\/05\/20\/a-declaracao-de-ednaldo-rodrigues-sobre-as-eleicoes-na-cbf\/#primaryimage"},"image":{"@id":"https:\/\/www.gaveanews.com\/index.php\/2025\/05\/20\/a-declaracao-de-ednaldo-rodrigues-sobre-as-eleicoes-na-cbf\/#primaryimage"},"thumbnailUrl":"https:\/\/www.gaveanews.com\/wp-content\/uploads\/1_ednaldo_rodrigues_cbf_selecao_brasileira__2_-23258960.webp","datePublished":"2025-05-20T03:25:00+00:00","author":{"@id":"https:\/\/www.gaveanews.com\/#\/schema\/person\/daf63eec72e1164eb13dc35096c2b8da"},"breadcrumb":{"@id":"https:\/\/www.gaveanews.com\/index.php\/2025\/05\/20\/a-declaracao-de-ednaldo-rodrigues-sobre-as-eleicoes-na-cbf\/#breadcrumb"},"inLanguage":"pt-BR","potentialAction":[{"@type":"ReadAction","target":["https:\/\/www.gaveanews.com\/index.php\/2025\/05\/20\/a-declaracao-de-ednaldo-rodrigues-sobre-as-eleicoes-na-cbf\/"]}]},{"@type":"ImageObject","inLanguage":"pt-BR","@id":"https:\/\/www.gaveanews.com\/index.php\/2025\/05\/20\/a-declaracao-de-ednaldo-rodrigues-sobre-as-eleicoes-na-cbf\/#primaryimage","url":"https:\/\/www.gaveanews.com\/wp-content\/uploads\/1_ednaldo_rodrigues_cbf_selecao_brasileira__2_-23258960.webp","contentUrl":"https:\/\/www.gaveanews.com\/wp-content\/uploads\/1_ednaldo_rodrigues_cbf_selecao_brasileira__2_-23258960.webp","width":818,"height":459,"caption":"Ednaldo Rodrigues, presidente da CBF, em entrevista coletiva da sele\u00e7\u00e3o brasileira feminina (Foto: Thais Magalh\u00e3es\/CBF)"},{"@type":"BreadcrumbList","@id":"https:\/\/www.gaveanews.com\/index.php\/2025\/05\/20\/a-declaracao-de-ednaldo-rodrigues-sobre-as-eleicoes-na-cbf\/#breadcrumb","itemListElement":[{"@type":"ListItem","position":1,"name":"Home","item":"https:\/\/www.gaveanews.com\/"},{"@type":"ListItem","position":2,"name":"A declara\u00e7\u00e3o de Ednaldo Rodrigues sobre as elei\u00e7\u00f5es na CBF"}]},{"@type":"WebSite","@id":"https:\/\/www.gaveanews.com\/#website","url":"https:\/\/www.gaveanews.com\/","name":"G\u00e1vea News","description":"Veja todas as not\u00edcias sobre o Flamengo: Contrata\u00e7\u00f5es, categorias de base, resultados das partidas, tabela de classifica\u00e7\u00e3o, pr\u00f3ximos jogos!","potentialAction":[{"@type":"SearchAction","target":{"@type":"EntryPoint","urlTemplate":"https:\/\/www.gaveanews.com\/?s={search_term_string}"},"query-input":{"@type":"PropertyValueSpecification","valueRequired":true,"valueName":"search_term_string"}}],"inLanguage":"pt-BR"},{"@type":"Person","@id":"https:\/\/www.gaveanews.com\/#\/schema\/person\/daf63eec72e1164eb13dc35096c2b8da","name":"Paula Silva","image":{"@type":"ImageObject","inLanguage":"pt-BR","@id":"https:\/\/www.gaveanews.com\/#\/schema\/person\/image\/","url":"https:\/\/secure.gravatar.com\/avatar\/eda381c845527cc5d64c13b901833cda29d97500ba040d3e6461f76f51d163bb?s=96&d=mm&r=g","contentUrl":"https:\/\/secure.gravatar.com\/avatar\/eda381c845527cc5d64c13b901833cda29d97500ba040d3e6461f76f51d163bb?s=96&d=mm&r=g","caption":"Paula Silva"}}]}},"_links":{"self":[{"href":"https:\/\/www.gaveanews.com\/index.php\/wp-json\/wp\/v2\/posts\/265186","targetHints":{"allow":["GET"]}}],"collection":[{"href":"https:\/\/www.gaveanews.com\/index.php\/wp-json\/wp\/v2\/posts"}],"about":[{"href":"https:\/\/www.gaveanews.com\/index.php\/wp-json\/wp\/v2\/types\/post"}],"author":[{"embeddable":true,"href":"https:\/\/www.gaveanews.com\/index.php\/wp-json\/wp\/v2\/users\/18"}],"replies":[{"embeddable":true,"href":"https:\/\/www.gaveanews.com\/index.php\/wp-json\/wp\/v2\/comments?post=265186"}],"version-history":[{"count":1,"href":"https:\/\/www.gaveanews.com\/index.php\/wp-json\/wp\/v2\/posts\/265186\/revisions"}],"predecessor-version":[{"id":265188,"href":"https:\/\/www.gaveanews.com\/index.php\/wp-json\/wp\/v2\/posts\/265186\/revisions\/265188"}],"wp:featuredmedia":[{"embeddable":true,"href":"https:\/\/www.gaveanews.com\/index.php\/wp-json\/wp\/v2\/media\/114931"}],"wp:attachment":[{"href":"https:\/\/www.gaveanews.com\/index.php\/wp-json\/wp\/v2\/media?parent=265186"}],"wp:term":[{"taxonomy":"category","embeddable":true,"href":"https:\/\/www.gaveanews.com\/index.php\/wp-json\/wp\/v2\/categories?post=265186"},{"taxonomy":"post_tag","embeddable":true,"href":"https:\/\/www.gaveanews.com\/index.php\/wp-json\/wp\/v2\/tags?post=265186"}],"curies":[{"name":"wp","href":"https:\/\/api.w.org\/{rel}","templated":true}]}}