{"id":265189,"date":"2025-05-20T00:35:00","date_gmt":"2025-05-20T03:35:00","guid":{"rendered":"https:\/\/www.gaveanews.com\/?p=265189"},"modified":"2025-05-19T21:05:06","modified_gmt":"2025-05-20T00:05:06","slug":"video-cbf-libera-audio-do-var-em-lance-de-luciano","status":"publish","type":"post","link":"https:\/\/www.gaveanews.com\/index.php\/2025\/05\/20\/video-cbf-libera-audio-do-var-em-lance-de-luciano\/","title":{"rendered":"V\u00eddeo: CBF libera \u00e1udio do VAR em lance de Luciano"},"content":{"rendered":"\n<p>A Confedera\u00e7\u00e3o Brasileira de Futebol (CBF) tornou p\u00fablico o \u00e1udio da conversa entre o \u00e1rbitro Rodrigo Jos\u00e9 Pereira de Lima e o \u00e1rbitro de v\u00eddeo Paulo Renato Moreira da Silva Coelho, referente ao p\u00eanalti marcado a favor do S\u00e3o Paulo na partida contra o Gr\u00eamio. O lance, ocorrido na noite de s\u00e1bado (17), no Morumbis, foi determinante para a vit\u00f3ria tricolor por 2 a 1, com a cobran\u00e7a convertida por Andr\u00e9 Silva.<\/p>\n\n\n\n<p>A jogada gerou reclama\u00e7\u00f5es intensas por parte do clube ga\u00facho. Conforme o di\u00e1logo divulgado, a equipe de arbitragem avaliou inicialmente uma poss\u00edvel falta cometida por Arboleda sobre Jemerson, durante a execu\u00e7\u00e3o de um escanteio. No entanto, como a bola foi afastada por Ronald e posteriormente retornou \u00e0 \u00e1rea em um novo cruzamento, os \u00e1rbitros consideraram que se tratava de uma nova jogada.<\/p>\n\n\n\n<p>Na sequ\u00eancia, Luciano dominou a bola no peito dentro da \u00e1rea e foi derrubado por Camilo, volante do Gr\u00eamio, que tentou o desarme. O \u00e1rbitro de v\u00eddeo classificou o toque como uma infra\u00e7\u00e3o clara, e Pereira de Lima complementou afirmando que houve um \u201ccal\u00e7o no meio da canela\u201d do atacante s\u00e3o-paulino. A decis\u00e3o foi mantida, validando o p\u00eanalti.<\/p>\n\n\n\n<p>Ainda assim, a conversa entre os \u00e1rbitros revelou uma an\u00e1lise adicional. Paulo Renato solicitou a verifica\u00e7\u00e3o de um poss\u00edvel bra\u00e7o no rosto de Jemerson na origem do escanteio, mas ponderou que o poss\u00edvel contato ocorreu fora da \u00e1rea de revis\u00e3o priorit\u00e1ria, n\u00e3o invalidando o p\u00eanalti posterior.<\/p>\n\n\n\n<p>O comentarista PC de Oliveira, durante participa\u00e7\u00e3o no programa \u201cTroca de Passes\u201d, discordou da decis\u00e3o. Segundo ele, o contato n\u00e3o teria sido suficiente para derrubar Luciano, o que levantou questionamentos sobre a interpreta\u00e7\u00e3o do lance pela arbitragem.<\/p>\n\n\n\n<p>Apesar da pol\u00eamica, o gol convertido garantiu os tr\u00eas pontos ao S\u00e3o Paulo. Enquanto isso, o Gr\u00eamio deixou o Morumbis inconformado com a decis\u00e3o que alterou o desfecho da partida de forma decisiva.<\/p>\n","protected":false},"excerpt":{"rendered":"<p>A Confedera\u00e7\u00e3o Brasileira de Futebol (CBF) tornou p\u00fablico o \u00e1udio da conversa entre o \u00e1rbitro Rodrigo Jos\u00e9 Pereira de Lima e o \u00e1rbitro de v\u00eddeo Paulo Renato Moreira da Silva Coelho, referente ao p\u00eanalti marcado a favor do S\u00e3o Paulo na partida contra o Gr\u00eamio. O lance, ocorrido na noite de s\u00e1bado (17), no Morumbis, [&hellip;]<\/p>\n","protected":false},"author":18,"featured_media":159987,"comment_status":"open","ping_status":"closed","sticky":false,"template":"","format":"standard","meta":{"footnotes":""},"categories":[147,151],"tags":[],"class_list":["post-265189","post","type-post","status-publish","format-standard","has-post-thumbnail","hentry","category-gremio","category-sao-paulo"],"yoast_head":"<!-- This site is optimized with the Yoast SEO Premium plugin v24.2 (Yoast SEO v26.9) - https:\/\/yoast.com\/product\/yoast-seo-premium-wordpress\/ -->\n<title>V\u00eddeo: CBF libera \u00e1udio do VAR em lance de Luciano<\/title>\n<meta name=\"robots\" content=\"index, follow, max-snippet:-1, max-image-preview:large, max-video-preview:-1\" \/>\n<link rel=\"canonical\" href=\"https:\/\/www.gaveanews.com\/index.php\/2025\/05\/20\/video-cbf-libera-audio-do-var-em-lance-de-luciano\/\" \/>\n<meta property=\"og:locale\" content=\"pt_BR\" \/>\n<meta property=\"og:type\" content=\"article\" \/>\n<meta property=\"og:title\" content=\"V\u00eddeo: CBF libera \u00e1udio do VAR em lance de Luciano\" \/>\n<meta property=\"og:description\" content=\"A Confedera\u00e7\u00e3o Brasileira de Futebol (CBF) tornou p\u00fablico o \u00e1udio da conversa entre o \u00e1rbitro Rodrigo Jos\u00e9 Pereira de Lima e o \u00e1rbitro de v\u00eddeo Paulo Renato Moreira da Silva Coelho, referente ao p\u00eanalti marcado a favor do S\u00e3o Paulo na partida contra o Gr\u00eamio. O lance, ocorrido na noite de s\u00e1bado (17), no Morumbis, [&hellip;]\" \/>\n<meta property=\"og:url\" content=\"https:\/\/www.gaveanews.com\/index.php\/2025\/05\/20\/video-cbf-libera-audio-do-var-em-lance-de-luciano\/\" \/>\n<meta property=\"og:site_name\" content=\"G\u00e1vea News\" \/>\n<meta property=\"article:publisher\" content=\"https:\/\/facebook.com\/gaveaNews\/\" \/>\n<meta property=\"article:published_time\" content=\"2025-05-20T03:35:00+00:00\" \/>\n<meta property=\"og:image\" content=\"https:\/\/www.gaveanews.com\/wp-content\/uploads\/Luciano-com-a-camisa-do-Sao-Paulo-dem-2023.webp\" \/>\n\t<meta property=\"og:image:width\" content=\"1066\" \/>\n\t<meta property=\"og:image:height\" content=\"710\" \/>\n\t<meta property=\"og:image:type\" content=\"image\/jpeg\" \/>\n<meta name=\"author\" content=\"Paula Silva\" \/>\n<meta name=\"twitter:card\" content=\"summary_large_image\" \/>\n<meta name=\"twitter:label1\" content=\"Escrito por\" \/>\n\t<meta name=\"twitter:data1\" content=\"Paula Silva\" \/>\n\t<meta name=\"twitter:label2\" content=\"Est. tempo de leitura\" \/>\n\t<meta name=\"twitter:data2\" content=\"2 minutos\" \/>\n<script type=\"application\/ld+json\" class=\"yoast-schema-graph\">{\"@context\":\"https:\/\/schema.org\",\"@graph\":[{\"@type\":\"NewsArticle\",\"@id\":\"https:\/\/www.gaveanews.com\/index.php\/2025\/05\/20\/video-cbf-libera-audio-do-var-em-lance-de-luciano\/#article\",\"isPartOf\":{\"@id\":\"https:\/\/www.gaveanews.com\/index.php\/2025\/05\/20\/video-cbf-libera-audio-do-var-em-lance-de-luciano\/\"},\"author\":{\"name\":\"Paula Silva\",\"@id\":\"https:\/\/www.gaveanews.com\/#\/schema\/person\/daf63eec72e1164eb13dc35096c2b8da\"},\"headline\":\"V\u00eddeo: CBF libera \u00e1udio do VAR em lance de Luciano\",\"datePublished\":\"2025-05-20T03:35:00+00:00\",\"mainEntityOfPage\":{\"@id\":\"https:\/\/www.gaveanews.com\/index.php\/2025\/05\/20\/video-cbf-libera-audio-do-var-em-lance-de-luciano\/\"},\"wordCount\":355,\"commentCount\":0,\"image\":{\"@id\":\"https:\/\/www.gaveanews.com\/index.php\/2025\/05\/20\/video-cbf-libera-audio-do-var-em-lance-de-luciano\/#primaryimage\"},\"thumbnailUrl\":\"https:\/\/www.gaveanews.com\/wp-content\/uploads\/Luciano-com-a-camisa-do-Sao-Paulo-dem-2023.webp\",\"articleSection\":[\"Gr\u00eamio\",\"S\u00e3o Paulo\"],\"inLanguage\":\"pt-BR\",\"potentialAction\":[{\"@type\":\"CommentAction\",\"name\":\"Comment\",\"target\":[\"https:\/\/www.gaveanews.com\/index.php\/2025\/05\/20\/video-cbf-libera-audio-do-var-em-lance-de-luciano\/#respond\"]}],\"copyrightYear\":\"2025\",\"copyrightHolder\":{\"@id\":\"https:\/\/www.gaveanews.com\/#organization\"}},{\"@type\":\"WebPage\",\"@id\":\"https:\/\/www.gaveanews.com\/index.php\/2025\/05\/20\/video-cbf-libera-audio-do-var-em-lance-de-luciano\/\",\"url\":\"https:\/\/www.gaveanews.com\/index.php\/2025\/05\/20\/video-cbf-libera-audio-do-var-em-lance-de-luciano\/\",\"name\":\"V\u00eddeo: CBF libera \u00e1udio do VAR em lance de Luciano\",\"isPartOf\":{\"@id\":\"https:\/\/www.gaveanews.com\/#website\"},\"primaryImageOfPage\":{\"@id\":\"https:\/\/www.gaveanews.com\/index.php\/2025\/05\/20\/video-cbf-libera-audio-do-var-em-lance-de-luciano\/#primaryimage\"},\"image\":{\"@id\":\"https:\/\/www.gaveanews.com\/index.php\/2025\/05\/20\/video-cbf-libera-audio-do-var-em-lance-de-luciano\/#primaryimage\"},\"thumbnailUrl\":\"https:\/\/www.gaveanews.com\/wp-content\/uploads\/Luciano-com-a-camisa-do-Sao-Paulo-dem-2023.webp\",\"datePublished\":\"2025-05-20T03:35:00+00:00\",\"author\":{\"@id\":\"https:\/\/www.gaveanews.com\/#\/schema\/person\/daf63eec72e1164eb13dc35096c2b8da\"},\"breadcrumb\":{\"@id\":\"https:\/\/www.gaveanews.com\/index.php\/2025\/05\/20\/video-cbf-libera-audio-do-var-em-lance-de-luciano\/#breadcrumb\"},\"inLanguage\":\"pt-BR\",\"potentialAction\":[{\"@type\":\"ReadAction\",\"target\":[\"https:\/\/www.gaveanews.com\/index.php\/2025\/05\/20\/video-cbf-libera-audio-do-var-em-lance-de-luciano\/\"]}]},{\"@type\":\"ImageObject\",\"inLanguage\":\"pt-BR\",\"@id\":\"https:\/\/www.gaveanews.com\/index.php\/2025\/05\/20\/video-cbf-libera-audio-do-var-em-lance-de-luciano\/#primaryimage\",\"url\":\"https:\/\/www.gaveanews.com\/wp-content\/uploads\/Luciano-com-a-camisa-do-Sao-Paulo-dem-2023.webp\",\"contentUrl\":\"https:\/\/www.gaveanews.com\/wp-content\/uploads\/Luciano-com-a-camisa-do-Sao-Paulo-dem-2023.webp\",\"width\":1066,\"height\":710,\"caption\":\"Luciano com a camisa do S\u00e3o Paulo em 2023 (Foto: Reprodu\u00e7\u00e3o\/Instagram)\"},{\"@type\":\"BreadcrumbList\",\"@id\":\"https:\/\/www.gaveanews.com\/index.php\/2025\/05\/20\/video-cbf-libera-audio-do-var-em-lance-de-luciano\/#breadcrumb\",\"itemListElement\":[{\"@type\":\"ListItem\",\"position\":1,\"name\":\"Home\",\"item\":\"https:\/\/www.gaveanews.com\/\"},{\"@type\":\"ListItem\",\"position\":2,\"name\":\"V\u00eddeo: CBF libera \u00e1udio do VAR em lance de Luciano\"}]},{\"@type\":\"WebSite\",\"@id\":\"https:\/\/www.gaveanews.com\/#website\",\"url\":\"https:\/\/www.gaveanews.com\/\",\"name\":\"G\u00e1vea News\",\"description\":\"Veja todas as not\u00edcias sobre o Flamengo: Contrata\u00e7\u00f5es, categorias de base, resultados das partidas, tabela de classifica\u00e7\u00e3o, pr\u00f3ximos jogos!\",\"potentialAction\":[{\"@type\":\"SearchAction\",\"target\":{\"@type\":\"EntryPoint\",\"urlTemplate\":\"https:\/\/www.gaveanews.com\/?s={search_term_string}\"},\"query-input\":{\"@type\":\"PropertyValueSpecification\",\"valueRequired\":true,\"valueName\":\"search_term_string\"}}],\"inLanguage\":\"pt-BR\"},{\"@type\":\"Person\",\"@id\":\"https:\/\/www.gaveanews.com\/#\/schema\/person\/daf63eec72e1164eb13dc35096c2b8da\",\"name\":\"Paula Silva\",\"image\":{\"@type\":\"ImageObject\",\"inLanguage\":\"pt-BR\",\"@id\":\"https:\/\/www.gaveanews.com\/#\/schema\/person\/image\/\",\"url\":\"https:\/\/secure.gravatar.com\/avatar\/eda381c845527cc5d64c13b901833cda29d97500ba040d3e6461f76f51d163bb?s=96&d=mm&r=g\",\"contentUrl\":\"https:\/\/secure.gravatar.com\/avatar\/eda381c845527cc5d64c13b901833cda29d97500ba040d3e6461f76f51d163bb?s=96&d=mm&r=g\",\"caption\":\"Paula Silva\"}}]}<\/script>\n<!-- \/ Yoast SEO Premium plugin. -->","yoast_head_json":{"title":"V\u00eddeo: CBF libera \u00e1udio do VAR em lance de Luciano","robots":{"index":"index","follow":"follow","max-snippet":"max-snippet:-1","max-image-preview":"max-image-preview:large","max-video-preview":"max-video-preview:-1"},"canonical":"https:\/\/www.gaveanews.com\/index.php\/2025\/05\/20\/video-cbf-libera-audio-do-var-em-lance-de-luciano\/","og_locale":"pt_BR","og_type":"article","og_title":"V\u00eddeo: CBF libera \u00e1udio do VAR em lance de Luciano","og_description":"A Confedera\u00e7\u00e3o Brasileira de Futebol (CBF) tornou p\u00fablico o \u00e1udio da conversa entre o \u00e1rbitro Rodrigo Jos\u00e9 Pereira de Lima e o \u00e1rbitro de v\u00eddeo Paulo Renato Moreira da Silva Coelho, referente ao p\u00eanalti marcado a favor do S\u00e3o Paulo na partida contra o Gr\u00eamio. O lance, ocorrido na noite de s\u00e1bado (17), no Morumbis, [&hellip;]","og_url":"https:\/\/www.gaveanews.com\/index.php\/2025\/05\/20\/video-cbf-libera-audio-do-var-em-lance-de-luciano\/","og_site_name":"G\u00e1vea News","article_publisher":"https:\/\/facebook.com\/gaveaNews\/","article_published_time":"2025-05-20T03:35:00+00:00","og_image":[{"width":1066,"height":710,"url":"https:\/\/www.gaveanews.com\/wp-content\/uploads\/Luciano-com-a-camisa-do-Sao-Paulo-dem-2023.webp","type":"image\/jpeg"}],"author":"Paula Silva","twitter_card":"summary_large_image","twitter_misc":{"Escrito por":"Paula Silva","Est. tempo de leitura":"2 minutos"},"schema":{"@context":"https:\/\/schema.org","@graph":[{"@type":"NewsArticle","@id":"https:\/\/www.gaveanews.com\/index.php\/2025\/05\/20\/video-cbf-libera-audio-do-var-em-lance-de-luciano\/#article","isPartOf":{"@id":"https:\/\/www.gaveanews.com\/index.php\/2025\/05\/20\/video-cbf-libera-audio-do-var-em-lance-de-luciano\/"},"author":{"name":"Paula Silva","@id":"https:\/\/www.gaveanews.com\/#\/schema\/person\/daf63eec72e1164eb13dc35096c2b8da"},"headline":"V\u00eddeo: CBF libera \u00e1udio do VAR em lance de Luciano","datePublished":"2025-05-20T03:35:00+00:00","mainEntityOfPage":{"@id":"https:\/\/www.gaveanews.com\/index.php\/2025\/05\/20\/video-cbf-libera-audio-do-var-em-lance-de-luciano\/"},"wordCount":355,"commentCount":0,"image":{"@id":"https:\/\/www.gaveanews.com\/index.php\/2025\/05\/20\/video-cbf-libera-audio-do-var-em-lance-de-luciano\/#primaryimage"},"thumbnailUrl":"https:\/\/www.gaveanews.com\/wp-content\/uploads\/Luciano-com-a-camisa-do-Sao-Paulo-dem-2023.webp","articleSection":["Gr\u00eamio","S\u00e3o Paulo"],"inLanguage":"pt-BR","potentialAction":[{"@type":"CommentAction","name":"Comment","target":["https:\/\/www.gaveanews.com\/index.php\/2025\/05\/20\/video-cbf-libera-audio-do-var-em-lance-de-luciano\/#respond"]}],"copyrightYear":"2025","copyrightHolder":{"@id":"https:\/\/www.gaveanews.com\/#organization"}},{"@type":"WebPage","@id":"https:\/\/www.gaveanews.com\/index.php\/2025\/05\/20\/video-cbf-libera-audio-do-var-em-lance-de-luciano\/","url":"https:\/\/www.gaveanews.com\/index.php\/2025\/05\/20\/video-cbf-libera-audio-do-var-em-lance-de-luciano\/","name":"V\u00eddeo: CBF libera \u00e1udio do VAR em lance de Luciano","isPartOf":{"@id":"https:\/\/www.gaveanews.com\/#website"},"primaryImageOfPage":{"@id":"https:\/\/www.gaveanews.com\/index.php\/2025\/05\/20\/video-cbf-libera-audio-do-var-em-lance-de-luciano\/#primaryimage"},"image":{"@id":"https:\/\/www.gaveanews.com\/index.php\/2025\/05\/20\/video-cbf-libera-audio-do-var-em-lance-de-luciano\/#primaryimage"},"thumbnailUrl":"https:\/\/www.gaveanews.com\/wp-content\/uploads\/Luciano-com-a-camisa-do-Sao-Paulo-dem-2023.webp","datePublished":"2025-05-20T03:35:00+00:00","author":{"@id":"https:\/\/www.gaveanews.com\/#\/schema\/person\/daf63eec72e1164eb13dc35096c2b8da"},"breadcrumb":{"@id":"https:\/\/www.gaveanews.com\/index.php\/2025\/05\/20\/video-cbf-libera-audio-do-var-em-lance-de-luciano\/#breadcrumb"},"inLanguage":"pt-BR","potentialAction":[{"@type":"ReadAction","target":["https:\/\/www.gaveanews.com\/index.php\/2025\/05\/20\/video-cbf-libera-audio-do-var-em-lance-de-luciano\/"]}]},{"@type":"ImageObject","inLanguage":"pt-BR","@id":"https:\/\/www.gaveanews.com\/index.php\/2025\/05\/20\/video-cbf-libera-audio-do-var-em-lance-de-luciano\/#primaryimage","url":"https:\/\/www.gaveanews.com\/wp-content\/uploads\/Luciano-com-a-camisa-do-Sao-Paulo-dem-2023.webp","contentUrl":"https:\/\/www.gaveanews.com\/wp-content\/uploads\/Luciano-com-a-camisa-do-Sao-Paulo-dem-2023.webp","width":1066,"height":710,"caption":"Luciano com a camisa do S\u00e3o Paulo em 2023 (Foto: Reprodu\u00e7\u00e3o\/Instagram)"},{"@type":"BreadcrumbList","@id":"https:\/\/www.gaveanews.com\/index.php\/2025\/05\/20\/video-cbf-libera-audio-do-var-em-lance-de-luciano\/#breadcrumb","itemListElement":[{"@type":"ListItem","position":1,"name":"Home","item":"https:\/\/www.gaveanews.com\/"},{"@type":"ListItem","position":2,"name":"V\u00eddeo: CBF libera \u00e1udio do VAR em lance de Luciano"}]},{"@type":"WebSite","@id":"https:\/\/www.gaveanews.com\/#website","url":"https:\/\/www.gaveanews.com\/","name":"G\u00e1vea News","description":"Veja todas as not\u00edcias sobre o Flamengo: Contrata\u00e7\u00f5es, categorias de base, resultados das partidas, tabela de classifica\u00e7\u00e3o, pr\u00f3ximos jogos!","potentialAction":[{"@type":"SearchAction","target":{"@type":"EntryPoint","urlTemplate":"https:\/\/www.gaveanews.com\/?s={search_term_string}"},"query-input":{"@type":"PropertyValueSpecification","valueRequired":true,"valueName":"search_term_string"}}],"inLanguage":"pt-BR"},{"@type":"Person","@id":"https:\/\/www.gaveanews.com\/#\/schema\/person\/daf63eec72e1164eb13dc35096c2b8da","name":"Paula Silva","image":{"@type":"ImageObject","inLanguage":"pt-BR","@id":"https:\/\/www.gaveanews.com\/#\/schema\/person\/image\/","url":"https:\/\/secure.gravatar.com\/avatar\/eda381c845527cc5d64c13b901833cda29d97500ba040d3e6461f76f51d163bb?s=96&d=mm&r=g","contentUrl":"https:\/\/secure.gravatar.com\/avatar\/eda381c845527cc5d64c13b901833cda29d97500ba040d3e6461f76f51d163bb?s=96&d=mm&r=g","caption":"Paula Silva"}}]}},"_links":{"self":[{"href":"https:\/\/www.gaveanews.com\/index.php\/wp-json\/wp\/v2\/posts\/265189","targetHints":{"allow":["GET"]}}],"collection":[{"href":"https:\/\/www.gaveanews.com\/index.php\/wp-json\/wp\/v2\/posts"}],"about":[{"href":"https:\/\/www.gaveanews.com\/index.php\/wp-json\/wp\/v2\/types\/post"}],"author":[{"embeddable":true,"href":"https:\/\/www.gaveanews.com\/index.php\/wp-json\/wp\/v2\/users\/18"}],"replies":[{"embeddable":true,"href":"https:\/\/www.gaveanews.com\/index.php\/wp-json\/wp\/v2\/comments?post=265189"}],"version-history":[{"count":1,"href":"https:\/\/www.gaveanews.com\/index.php\/wp-json\/wp\/v2\/posts\/265189\/revisions"}],"predecessor-version":[{"id":265193,"href":"https:\/\/www.gaveanews.com\/index.php\/wp-json\/wp\/v2\/posts\/265189\/revisions\/265193"}],"wp:featuredmedia":[{"embeddable":true,"href":"https:\/\/www.gaveanews.com\/index.php\/wp-json\/wp\/v2\/media\/159987"}],"wp:attachment":[{"href":"https:\/\/www.gaveanews.com\/index.php\/wp-json\/wp\/v2\/media?parent=265189"}],"wp:term":[{"taxonomy":"category","embeddable":true,"href":"https:\/\/www.gaveanews.com\/index.php\/wp-json\/wp\/v2\/categories?post=265189"},{"taxonomy":"post_tag","embeddable":true,"href":"https:\/\/www.gaveanews.com\/index.php\/wp-json\/wp\/v2\/tags?post=265189"}],"curies":[{"name":"wp","href":"https:\/\/api.w.org\/{rel}","templated":true}]}}