{"id":265191,"date":"2025-05-20T00:30:00","date_gmt":"2025-05-20T03:30:00","guid":{"rendered":"https:\/\/www.gaveanews.com\/?p=265191"},"modified":"2025-05-19T21:04:18","modified_gmt":"2025-05-20T00:04:18","slug":"a-declaracao-de-erick-pulga-direcionada-a-rogerio-ceni-do-bahia","status":"publish","type":"post","link":"https:\/\/www.gaveanews.com\/index.php\/2025\/05\/20\/a-declaracao-de-erick-pulga-direcionada-a-rogerio-ceni-do-bahia\/","title":{"rendered":"A declara\u00e7\u00e3o de Erick Pulga direcionada a Rog\u00e9rio Ceni, do Bahia"},"content":{"rendered":"\n<p>Erick Pulga vive um dos momentos mais marcantes de sua carreira, e a rela\u00e7\u00e3o com Rog\u00e9rio Ceni tem papel central nesse processo. Ap\u00f3s marcar no cl\u00e1ssico Ba-Vi, o atacante do Bahia destacou, em entrevista, o impacto direto que o treinador tem exercido em sua evolu\u00e7\u00e3o dentro de campo.<\/p>\n\n\n\n<p>O jogador, que chegou ao clube nesta temporada, revelou que foi incentivado por Ceni a manter sua principal caracter\u00edstica: o drible. \u201cO Rog\u00e9rio \u00e9 um cara que desde que eu cheguei sempre me ajudou. Ele pediu para eu n\u00e3o perder o drible, para n\u00e3o me intimidar e continuar indo para cima dos advers\u00e1rios\u201d, relatou. Essa orienta\u00e7\u00e3o, segundo ele, foi fundamental para que se sentisse mais confiante e fiel ao seu estilo de jogo.<\/p>\n\n\n\n<p>Pulga tamb\u00e9m n\u00e3o escondeu a admira\u00e7\u00e3o pessoal que tem pelo comandante tricolor. \u201c\u00c9 um privil\u00e9gio estar aqui com ele, eu fico sem acreditar. \u00c9 um cara que \u00e9 um fen\u00f4meno e, como treinador, ainda mais\u201d, afirmou. A influ\u00eancia de Ceni, portanto, vai al\u00e9m das quatro linhas, gerando tamb\u00e9m um respeito emocional que impacta diretamente no desempenho do atleta.<\/p>\n\n\n\n<p>A confian\u00e7a passada pelo t\u00e9cnico se reflete nos n\u00fameros. Aos 24 anos, Pulga \u00e9 atualmente o artilheiro do Bahia na temporada e o segundo em assist\u00eancias. Seu desempenho tem sido decisivo em confrontos importantes, como no \u00faltimo cl\u00e1ssico, onde marcou de cabe\u00e7a, aos 22 minutos do primeiro tempo.<\/p>\n\n\n\n<p>Ainda assim, o atacante n\u00e3o esquece das desconfian\u00e7as que ouviu quando chegou ao clube. \u201cVi muitos coment\u00e1rios de que n\u00e3o conseguiria jogar na S\u00e9rie A e na Libertadores\u201d, desabafou. Segundo ele, essas d\u00favidas serviram como combust\u00edvel para seguir crescendo.<\/p>\n\n\n\n<p>Com apoio interno e motiva\u00e7\u00e3o pessoal, Erick Pulga vem consolidando seu espa\u00e7o. E, conforme afirmou, o conselho de \u201cir para cima\u201d se tornou seu lema em campo.<\/p>\n","protected":false},"excerpt":{"rendered":"<p>Erick Pulga vive um dos momentos mais marcantes de sua carreira, e a rela\u00e7\u00e3o com Rog\u00e9rio Ceni tem papel central nesse processo. Ap\u00f3s marcar no cl\u00e1ssico Ba-Vi, o atacante do Bahia destacou, em entrevista, o impacto direto que o treinador tem exercido em sua evolu\u00e7\u00e3o dentro de campo. O jogador, que chegou ao clube nesta [&hellip;]<\/p>\n","protected":false},"author":18,"featured_media":190000,"comment_status":"open","ping_status":"closed","sticky":false,"template":"","format":"standard","meta":{"footnotes":""},"categories":[137],"tags":[],"class_list":["post-265191","post","type-post","status-publish","format-standard","has-post-thumbnail","hentry","category-bahia"],"yoast_head":"<!-- This site is optimized with the Yoast SEO Premium plugin v24.2 (Yoast SEO v26.9) - https:\/\/yoast.com\/product\/yoast-seo-premium-wordpress\/ -->\n<title>A declara\u00e7\u00e3o de Erick Pulga direcionada a Rog\u00e9rio Ceni, do Bahia<\/title>\n<meta name=\"robots\" content=\"index, follow, max-snippet:-1, max-image-preview:large, max-video-preview:-1\" \/>\n<link rel=\"canonical\" href=\"https:\/\/www.gaveanews.com\/index.php\/2025\/05\/20\/a-declaracao-de-erick-pulga-direcionada-a-rogerio-ceni-do-bahia\/\" \/>\n<meta property=\"og:locale\" content=\"pt_BR\" \/>\n<meta property=\"og:type\" content=\"article\" \/>\n<meta property=\"og:title\" content=\"A declara\u00e7\u00e3o de Erick Pulga direcionada a Rog\u00e9rio Ceni, do Bahia\" \/>\n<meta property=\"og:description\" content=\"Erick Pulga vive um dos momentos mais marcantes de sua carreira, e a rela\u00e7\u00e3o com Rog\u00e9rio Ceni tem papel central nesse processo. Ap\u00f3s marcar no cl\u00e1ssico Ba-Vi, o atacante do Bahia destacou, em entrevista, o impacto direto que o treinador tem exercido em sua evolu\u00e7\u00e3o dentro de campo. O jogador, que chegou ao clube nesta [&hellip;]\" \/>\n<meta property=\"og:url\" content=\"https:\/\/www.gaveanews.com\/index.php\/2025\/05\/20\/a-declaracao-de-erick-pulga-direcionada-a-rogerio-ceni-do-bahia\/\" \/>\n<meta property=\"og:site_name\" content=\"G\u00e1vea News\" \/>\n<meta property=\"article:publisher\" content=\"https:\/\/facebook.com\/gaveaNews\/\" \/>\n<meta property=\"article:published_time\" content=\"2025-05-20T03:30:00+00:00\" \/>\n<meta property=\"og:image\" content=\"https:\/\/www.gaveanews.com\/wp-content\/uploads\/Erick-Pulga-em-acao-com-a-camisa-do-Ceara.webp\" \/>\n\t<meta property=\"og:image:width\" content=\"1153\" \/>\n\t<meta property=\"og:image:height\" content=\"865\" \/>\n\t<meta property=\"og:image:type\" content=\"image\/webp\" \/>\n<meta name=\"author\" content=\"Paula Silva\" \/>\n<meta name=\"twitter:card\" content=\"summary_large_image\" \/>\n<meta name=\"twitter:label1\" content=\"Escrito por\" \/>\n\t<meta name=\"twitter:data1\" content=\"Paula Silva\" \/>\n\t<meta name=\"twitter:label2\" content=\"Est. tempo de leitura\" \/>\n\t<meta name=\"twitter:data2\" content=\"2 minutos\" \/>\n<script type=\"application\/ld+json\" class=\"yoast-schema-graph\">{\"@context\":\"https:\/\/schema.org\",\"@graph\":[{\"@type\":\"NewsArticle\",\"@id\":\"https:\/\/www.gaveanews.com\/index.php\/2025\/05\/20\/a-declaracao-de-erick-pulga-direcionada-a-rogerio-ceni-do-bahia\/#article\",\"isPartOf\":{\"@id\":\"https:\/\/www.gaveanews.com\/index.php\/2025\/05\/20\/a-declaracao-de-erick-pulga-direcionada-a-rogerio-ceni-do-bahia\/\"},\"author\":{\"name\":\"Paula Silva\",\"@id\":\"https:\/\/www.gaveanews.com\/#\/schema\/person\/daf63eec72e1164eb13dc35096c2b8da\"},\"headline\":\"A declara\u00e7\u00e3o de Erick Pulga direcionada a Rog\u00e9rio Ceni, do Bahia\",\"datePublished\":\"2025-05-20T03:30:00+00:00\",\"mainEntityOfPage\":{\"@id\":\"https:\/\/www.gaveanews.com\/index.php\/2025\/05\/20\/a-declaracao-de-erick-pulga-direcionada-a-rogerio-ceni-do-bahia\/\"},\"wordCount\":333,\"commentCount\":0,\"image\":{\"@id\":\"https:\/\/www.gaveanews.com\/index.php\/2025\/05\/20\/a-declaracao-de-erick-pulga-direcionada-a-rogerio-ceni-do-bahia\/#primaryimage\"},\"thumbnailUrl\":\"https:\/\/www.gaveanews.com\/wp-content\/uploads\/Erick-Pulga-em-acao-com-a-camisa-do-Ceara.webp\",\"articleSection\":[\"Bahia\"],\"inLanguage\":\"pt-BR\",\"potentialAction\":[{\"@type\":\"CommentAction\",\"name\":\"Comment\",\"target\":[\"https:\/\/www.gaveanews.com\/index.php\/2025\/05\/20\/a-declaracao-de-erick-pulga-direcionada-a-rogerio-ceni-do-bahia\/#respond\"]}],\"copyrightYear\":\"2025\",\"copyrightHolder\":{\"@id\":\"https:\/\/www.gaveanews.com\/#organization\"}},{\"@type\":\"WebPage\",\"@id\":\"https:\/\/www.gaveanews.com\/index.php\/2025\/05\/20\/a-declaracao-de-erick-pulga-direcionada-a-rogerio-ceni-do-bahia\/\",\"url\":\"https:\/\/www.gaveanews.com\/index.php\/2025\/05\/20\/a-declaracao-de-erick-pulga-direcionada-a-rogerio-ceni-do-bahia\/\",\"name\":\"A declara\u00e7\u00e3o de Erick Pulga direcionada a Rog\u00e9rio Ceni, do Bahia\",\"isPartOf\":{\"@id\":\"https:\/\/www.gaveanews.com\/#website\"},\"primaryImageOfPage\":{\"@id\":\"https:\/\/www.gaveanews.com\/index.php\/2025\/05\/20\/a-declaracao-de-erick-pulga-direcionada-a-rogerio-ceni-do-bahia\/#primaryimage\"},\"image\":{\"@id\":\"https:\/\/www.gaveanews.com\/index.php\/2025\/05\/20\/a-declaracao-de-erick-pulga-direcionada-a-rogerio-ceni-do-bahia\/#primaryimage\"},\"thumbnailUrl\":\"https:\/\/www.gaveanews.com\/wp-content\/uploads\/Erick-Pulga-em-acao-com-a-camisa-do-Ceara.webp\",\"datePublished\":\"2025-05-20T03:30:00+00:00\",\"author\":{\"@id\":\"https:\/\/www.gaveanews.com\/#\/schema\/person\/daf63eec72e1164eb13dc35096c2b8da\"},\"breadcrumb\":{\"@id\":\"https:\/\/www.gaveanews.com\/index.php\/2025\/05\/20\/a-declaracao-de-erick-pulga-direcionada-a-rogerio-ceni-do-bahia\/#breadcrumb\"},\"inLanguage\":\"pt-BR\",\"potentialAction\":[{\"@type\":\"ReadAction\",\"target\":[\"https:\/\/www.gaveanews.com\/index.php\/2025\/05\/20\/a-declaracao-de-erick-pulga-direcionada-a-rogerio-ceni-do-bahia\/\"]}]},{\"@type\":\"ImageObject\",\"inLanguage\":\"pt-BR\",\"@id\":\"https:\/\/www.gaveanews.com\/index.php\/2025\/05\/20\/a-declaracao-de-erick-pulga-direcionada-a-rogerio-ceni-do-bahia\/#primaryimage\",\"url\":\"https:\/\/www.gaveanews.com\/wp-content\/uploads\/Erick-Pulga-em-acao-com-a-camisa-do-Ceara.webp\",\"contentUrl\":\"https:\/\/www.gaveanews.com\/wp-content\/uploads\/Erick-Pulga-em-acao-com-a-camisa-do-Ceara.webp\",\"width\":1153,\"height\":865,\"caption\":\"Erick Pulga em a\u00e7\u00e3o com a camisa do Cear\u00e1 (Foto: Reprodu\u00e7\u00e3o\/Gabriel Silva)\"},{\"@type\":\"BreadcrumbList\",\"@id\":\"https:\/\/www.gaveanews.com\/index.php\/2025\/05\/20\/a-declaracao-de-erick-pulga-direcionada-a-rogerio-ceni-do-bahia\/#breadcrumb\",\"itemListElement\":[{\"@type\":\"ListItem\",\"position\":1,\"name\":\"Home\",\"item\":\"https:\/\/www.gaveanews.com\/\"},{\"@type\":\"ListItem\",\"position\":2,\"name\":\"A declara\u00e7\u00e3o de Erick Pulga direcionada a Rog\u00e9rio Ceni, do Bahia\"}]},{\"@type\":\"WebSite\",\"@id\":\"https:\/\/www.gaveanews.com\/#website\",\"url\":\"https:\/\/www.gaveanews.com\/\",\"name\":\"G\u00e1vea News\",\"description\":\"Veja todas as not\u00edcias sobre o Flamengo: Contrata\u00e7\u00f5es, categorias de base, resultados das partidas, tabela de classifica\u00e7\u00e3o, pr\u00f3ximos jogos!\",\"potentialAction\":[{\"@type\":\"SearchAction\",\"target\":{\"@type\":\"EntryPoint\",\"urlTemplate\":\"https:\/\/www.gaveanews.com\/?s={search_term_string}\"},\"query-input\":{\"@type\":\"PropertyValueSpecification\",\"valueRequired\":true,\"valueName\":\"search_term_string\"}}],\"inLanguage\":\"pt-BR\"},{\"@type\":\"Person\",\"@id\":\"https:\/\/www.gaveanews.com\/#\/schema\/person\/daf63eec72e1164eb13dc35096c2b8da\",\"name\":\"Paula Silva\",\"image\":{\"@type\":\"ImageObject\",\"inLanguage\":\"pt-BR\",\"@id\":\"https:\/\/www.gaveanews.com\/#\/schema\/person\/image\/\",\"url\":\"https:\/\/secure.gravatar.com\/avatar\/eda381c845527cc5d64c13b901833cda29d97500ba040d3e6461f76f51d163bb?s=96&d=mm&r=g\",\"contentUrl\":\"https:\/\/secure.gravatar.com\/avatar\/eda381c845527cc5d64c13b901833cda29d97500ba040d3e6461f76f51d163bb?s=96&d=mm&r=g\",\"caption\":\"Paula Silva\"}}]}<\/script>\n<!-- \/ Yoast SEO Premium plugin. -->","yoast_head_json":{"title":"A declara\u00e7\u00e3o de Erick Pulga direcionada a Rog\u00e9rio Ceni, do Bahia","robots":{"index":"index","follow":"follow","max-snippet":"max-snippet:-1","max-image-preview":"max-image-preview:large","max-video-preview":"max-video-preview:-1"},"canonical":"https:\/\/www.gaveanews.com\/index.php\/2025\/05\/20\/a-declaracao-de-erick-pulga-direcionada-a-rogerio-ceni-do-bahia\/","og_locale":"pt_BR","og_type":"article","og_title":"A declara\u00e7\u00e3o de Erick Pulga direcionada a Rog\u00e9rio Ceni, do Bahia","og_description":"Erick Pulga vive um dos momentos mais marcantes de sua carreira, e a rela\u00e7\u00e3o com Rog\u00e9rio Ceni tem papel central nesse processo. Ap\u00f3s marcar no cl\u00e1ssico Ba-Vi, o atacante do Bahia destacou, em entrevista, o impacto direto que o treinador tem exercido em sua evolu\u00e7\u00e3o dentro de campo. O jogador, que chegou ao clube nesta [&hellip;]","og_url":"https:\/\/www.gaveanews.com\/index.php\/2025\/05\/20\/a-declaracao-de-erick-pulga-direcionada-a-rogerio-ceni-do-bahia\/","og_site_name":"G\u00e1vea News","article_publisher":"https:\/\/facebook.com\/gaveaNews\/","article_published_time":"2025-05-20T03:30:00+00:00","og_image":[{"width":1153,"height":865,"url":"https:\/\/www.gaveanews.com\/wp-content\/uploads\/Erick-Pulga-em-acao-com-a-camisa-do-Ceara.webp","type":"image\/webp"}],"author":"Paula Silva","twitter_card":"summary_large_image","twitter_misc":{"Escrito por":"Paula Silva","Est. tempo de leitura":"2 minutos"},"schema":{"@context":"https:\/\/schema.org","@graph":[{"@type":"NewsArticle","@id":"https:\/\/www.gaveanews.com\/index.php\/2025\/05\/20\/a-declaracao-de-erick-pulga-direcionada-a-rogerio-ceni-do-bahia\/#article","isPartOf":{"@id":"https:\/\/www.gaveanews.com\/index.php\/2025\/05\/20\/a-declaracao-de-erick-pulga-direcionada-a-rogerio-ceni-do-bahia\/"},"author":{"name":"Paula Silva","@id":"https:\/\/www.gaveanews.com\/#\/schema\/person\/daf63eec72e1164eb13dc35096c2b8da"},"headline":"A declara\u00e7\u00e3o de Erick Pulga direcionada a Rog\u00e9rio Ceni, do Bahia","datePublished":"2025-05-20T03:30:00+00:00","mainEntityOfPage":{"@id":"https:\/\/www.gaveanews.com\/index.php\/2025\/05\/20\/a-declaracao-de-erick-pulga-direcionada-a-rogerio-ceni-do-bahia\/"},"wordCount":333,"commentCount":0,"image":{"@id":"https:\/\/www.gaveanews.com\/index.php\/2025\/05\/20\/a-declaracao-de-erick-pulga-direcionada-a-rogerio-ceni-do-bahia\/#primaryimage"},"thumbnailUrl":"https:\/\/www.gaveanews.com\/wp-content\/uploads\/Erick-Pulga-em-acao-com-a-camisa-do-Ceara.webp","articleSection":["Bahia"],"inLanguage":"pt-BR","potentialAction":[{"@type":"CommentAction","name":"Comment","target":["https:\/\/www.gaveanews.com\/index.php\/2025\/05\/20\/a-declaracao-de-erick-pulga-direcionada-a-rogerio-ceni-do-bahia\/#respond"]}],"copyrightYear":"2025","copyrightHolder":{"@id":"https:\/\/www.gaveanews.com\/#organization"}},{"@type":"WebPage","@id":"https:\/\/www.gaveanews.com\/index.php\/2025\/05\/20\/a-declaracao-de-erick-pulga-direcionada-a-rogerio-ceni-do-bahia\/","url":"https:\/\/www.gaveanews.com\/index.php\/2025\/05\/20\/a-declaracao-de-erick-pulga-direcionada-a-rogerio-ceni-do-bahia\/","name":"A declara\u00e7\u00e3o de Erick Pulga direcionada a Rog\u00e9rio Ceni, do Bahia","isPartOf":{"@id":"https:\/\/www.gaveanews.com\/#website"},"primaryImageOfPage":{"@id":"https:\/\/www.gaveanews.com\/index.php\/2025\/05\/20\/a-declaracao-de-erick-pulga-direcionada-a-rogerio-ceni-do-bahia\/#primaryimage"},"image":{"@id":"https:\/\/www.gaveanews.com\/index.php\/2025\/05\/20\/a-declaracao-de-erick-pulga-direcionada-a-rogerio-ceni-do-bahia\/#primaryimage"},"thumbnailUrl":"https:\/\/www.gaveanews.com\/wp-content\/uploads\/Erick-Pulga-em-acao-com-a-camisa-do-Ceara.webp","datePublished":"2025-05-20T03:30:00+00:00","author":{"@id":"https:\/\/www.gaveanews.com\/#\/schema\/person\/daf63eec72e1164eb13dc35096c2b8da"},"breadcrumb":{"@id":"https:\/\/www.gaveanews.com\/index.php\/2025\/05\/20\/a-declaracao-de-erick-pulga-direcionada-a-rogerio-ceni-do-bahia\/#breadcrumb"},"inLanguage":"pt-BR","potentialAction":[{"@type":"ReadAction","target":["https:\/\/www.gaveanews.com\/index.php\/2025\/05\/20\/a-declaracao-de-erick-pulga-direcionada-a-rogerio-ceni-do-bahia\/"]}]},{"@type":"ImageObject","inLanguage":"pt-BR","@id":"https:\/\/www.gaveanews.com\/index.php\/2025\/05\/20\/a-declaracao-de-erick-pulga-direcionada-a-rogerio-ceni-do-bahia\/#primaryimage","url":"https:\/\/www.gaveanews.com\/wp-content\/uploads\/Erick-Pulga-em-acao-com-a-camisa-do-Ceara.webp","contentUrl":"https:\/\/www.gaveanews.com\/wp-content\/uploads\/Erick-Pulga-em-acao-com-a-camisa-do-Ceara.webp","width":1153,"height":865,"caption":"Erick Pulga em a\u00e7\u00e3o com a camisa do Cear\u00e1 (Foto: Reprodu\u00e7\u00e3o\/Gabriel Silva)"},{"@type":"BreadcrumbList","@id":"https:\/\/www.gaveanews.com\/index.php\/2025\/05\/20\/a-declaracao-de-erick-pulga-direcionada-a-rogerio-ceni-do-bahia\/#breadcrumb","itemListElement":[{"@type":"ListItem","position":1,"name":"Home","item":"https:\/\/www.gaveanews.com\/"},{"@type":"ListItem","position":2,"name":"A declara\u00e7\u00e3o de Erick Pulga direcionada a Rog\u00e9rio Ceni, do Bahia"}]},{"@type":"WebSite","@id":"https:\/\/www.gaveanews.com\/#website","url":"https:\/\/www.gaveanews.com\/","name":"G\u00e1vea News","description":"Veja todas as not\u00edcias sobre o Flamengo: Contrata\u00e7\u00f5es, categorias de base, resultados das partidas, tabela de classifica\u00e7\u00e3o, pr\u00f3ximos jogos!","potentialAction":[{"@type":"SearchAction","target":{"@type":"EntryPoint","urlTemplate":"https:\/\/www.gaveanews.com\/?s={search_term_string}"},"query-input":{"@type":"PropertyValueSpecification","valueRequired":true,"valueName":"search_term_string"}}],"inLanguage":"pt-BR"},{"@type":"Person","@id":"https:\/\/www.gaveanews.com\/#\/schema\/person\/daf63eec72e1164eb13dc35096c2b8da","name":"Paula Silva","image":{"@type":"ImageObject","inLanguage":"pt-BR","@id":"https:\/\/www.gaveanews.com\/#\/schema\/person\/image\/","url":"https:\/\/secure.gravatar.com\/avatar\/eda381c845527cc5d64c13b901833cda29d97500ba040d3e6461f76f51d163bb?s=96&d=mm&r=g","contentUrl":"https:\/\/secure.gravatar.com\/avatar\/eda381c845527cc5d64c13b901833cda29d97500ba040d3e6461f76f51d163bb?s=96&d=mm&r=g","caption":"Paula Silva"}}]}},"_links":{"self":[{"href":"https:\/\/www.gaveanews.com\/index.php\/wp-json\/wp\/v2\/posts\/265191","targetHints":{"allow":["GET"]}}],"collection":[{"href":"https:\/\/www.gaveanews.com\/index.php\/wp-json\/wp\/v2\/posts"}],"about":[{"href":"https:\/\/www.gaveanews.com\/index.php\/wp-json\/wp\/v2\/types\/post"}],"author":[{"embeddable":true,"href":"https:\/\/www.gaveanews.com\/index.php\/wp-json\/wp\/v2\/users\/18"}],"replies":[{"embeddable":true,"href":"https:\/\/www.gaveanews.com\/index.php\/wp-json\/wp\/v2\/comments?post=265191"}],"version-history":[{"count":1,"href":"https:\/\/www.gaveanews.com\/index.php\/wp-json\/wp\/v2\/posts\/265191\/revisions"}],"predecessor-version":[{"id":265192,"href":"https:\/\/www.gaveanews.com\/index.php\/wp-json\/wp\/v2\/posts\/265191\/revisions\/265192"}],"wp:featuredmedia":[{"embeddable":true,"href":"https:\/\/www.gaveanews.com\/index.php\/wp-json\/wp\/v2\/media\/190000"}],"wp:attachment":[{"href":"https:\/\/www.gaveanews.com\/index.php\/wp-json\/wp\/v2\/media?parent=265191"}],"wp:term":[{"taxonomy":"category","embeddable":true,"href":"https:\/\/www.gaveanews.com\/index.php\/wp-json\/wp\/v2\/categories?post=265191"},{"taxonomy":"post_tag","embeddable":true,"href":"https:\/\/www.gaveanews.com\/index.php\/wp-json\/wp\/v2\/tags?post=265191"}],"curies":[{"name":"wp","href":"https:\/\/api.w.org\/{rel}","templated":true}]}}