{"id":265203,"date":"2025-05-20T11:10:00","date_gmt":"2025-05-20T14:10:00","guid":{"rendered":"https:\/\/www.gaveanews.com\/?p=265203"},"modified":"2025-05-20T10:59:08","modified_gmt":"2025-05-20T13:59:08","slug":"flamengo-aceita-vender-wesley-veja-valores-2","status":"publish","type":"post","link":"https:\/\/www.gaveanews.com\/index.php\/2025\/05\/20\/flamengo-aceita-vender-wesley-veja-valores-2\/","title":{"rendered":"Flamengo aceita vender Wesley; veja valores"},"content":{"rendered":"\n<p>A diretoria do Flamengo j\u00e1 se movimenta nos bastidores para lidar com as investidas do mercado europeu na pr\u00f3xima janela de transfer\u00eancias. O principal alvo da vez \u00e9 o jovem lateral-direito Wesley, de apenas 21 anos. Vale destacar que o jogador vem sendo titular com Filipe Lu\u00eds e despertou o interesse de gigantes da Europa. Por isso, o clube carioca definiu um pre\u00e7o alto para liberar o atleta.<\/p>\n\n\n\n<h2 class=\"wp-block-heading\" id=\"h-proposta-so-com-valor-minimo-exigido\">Proposta s\u00f3 com valor m\u00ednimo exigido<\/h2>\n\n\n\n<p>De acordo com o jornal \u2018O Globo\u2019, o Flamengo exige, no m\u00ednimo, 40 milh\u00f5es de euros (cerca de R$ 254 milh\u00f5es na cota\u00e7\u00e3o atual) para negociar Wesley. Sendo assim, a diretoria rubro-negra deixa claro que n\u00e3o aceitar\u00e1 propostas abaixo do valor estipulado, mesmo com a proximidade da abertura da janela de transfer\u00eancias no in\u00edcio de junho.<\/p>\n\n\n\n<p>Isso porque os clubes europeus t\u00eam pressa para fechar refor\u00e7os antes do Super Mundial de Clubes. Com isso, a expectativa \u00e9 de que o nome de Wesley esteja entre os mais disputados na posi\u00e7\u00e3o, porque j\u00e1 despertou o interesse de Manchester City, Manchester United, Arsenal, Chelsea, Liverpool e at\u00e9 do Barcelona.<\/p>\n\n\n\n<h2 class=\"wp-block-heading\" id=\"h-interesse-antigo-e-valorizacao-no-mercado\">Interesse antigo e valoriza\u00e7\u00e3o no mercado<\/h2>\n\n\n\n<p>Cabe ressaltar que essa n\u00e3o \u00e9 a primeira vez que Wesley entra na mira do futebol europeu. No ano passado, a Atalanta, da It\u00e1lia, chegou a fechar com o jogador, mas a negocia\u00e7\u00e3o travou ap\u00f3s atraso no envio de documentos por parte do Flamengo. Desse jeito, a transfer\u00eancia n\u00e3o se concretizou.<\/p>\n\n\n\n<p>Logo ap\u00f3s, Wesley ganhou espa\u00e7o com Filipe Lu\u00eds e passou a ser titular na lateral direita. Al\u00e9m disso, ele foi convocado pela comiss\u00e3o t\u00e9cnica da Sele\u00e7\u00e3o Brasileira para compromissos em mar\u00e7o, o que aumentou ainda mais sua valoriza\u00e7\u00e3o no mercado internacional.<\/p>\n\n\n\n<h2 class=\"wp-block-heading\" id=\"h-suspenso-no-brasileirao-mas-disponivel-na-copa-do-brasil\">Suspenso no Brasileir\u00e3o, mas dispon\u00edvel na Copa do Brasil<\/h2>\n\n\n\n<p>No \u00faltimo domingo (18), Wesley foi titular no empate com o Botafogo pelo Campeonato Brasileiro, mas levou o terceiro cart\u00e3o amarelo. Dessa maneira, est\u00e1 suspenso do confronto contra o Palmeiras. Por outro lado, est\u00e1 \u00e0 disposi\u00e7\u00e3o para o duelo decisivo da Copa do Brasil contra o Botafogo-PB, nesta quarta-feira (21), no Maracan\u00e3, \u00e0s 21h30.<\/p>\n","protected":false},"excerpt":{"rendered":"<p>A diretoria do Flamengo j\u00e1 se movimenta nos bastidores para lidar com as investidas do mercado europeu na pr\u00f3xima janela de transfer\u00eancias. O principal alvo da vez \u00e9 o jovem lateral-direito Wesley, de apenas 21 anos. Vale destacar que o jogador vem sendo titular com Filipe Lu\u00eds e despertou o interesse de gigantes da Europa. [&hellip;]<\/p>\n","protected":false},"author":24,"featured_media":207524,"comment_status":"open","ping_status":"closed","sticky":false,"template":"","format":"standard","meta":{"footnotes":""},"categories":[1],"tags":[],"class_list":["post-265203","post","type-post","status-publish","format-standard","has-post-thumbnail","hentry","category-flamengo"],"yoast_head":"<!-- This site is optimized with the Yoast SEO Premium plugin v24.2 (Yoast SEO v26.9) - https:\/\/yoast.com\/product\/yoast-seo-premium-wordpress\/ -->\n<title>Flamengo aceita vender Wesley; veja valores<\/title>\n<meta name=\"robots\" content=\"index, follow, max-snippet:-1, max-image-preview:large, max-video-preview:-1\" \/>\n<link rel=\"canonical\" href=\"https:\/\/www.gaveanews.com\/index.php\/2025\/05\/20\/flamengo-aceita-vender-wesley-veja-valores-2\/\" \/>\n<meta property=\"og:locale\" content=\"pt_BR\" \/>\n<meta property=\"og:type\" content=\"article\" \/>\n<meta property=\"og:title\" content=\"Flamengo aceita vender Wesley; veja valores\" \/>\n<meta property=\"og:description\" content=\"A diretoria do Flamengo j\u00e1 se movimenta nos bastidores para lidar com as investidas do mercado europeu na pr\u00f3xima janela de transfer\u00eancias. O principal alvo da vez \u00e9 o jovem lateral-direito Wesley, de apenas 21 anos. Vale destacar que o jogador vem sendo titular com Filipe Lu\u00eds e despertou o interesse de gigantes da Europa. [&hellip;]\" \/>\n<meta property=\"og:url\" content=\"https:\/\/www.gaveanews.com\/index.php\/2025\/05\/20\/flamengo-aceita-vender-wesley-veja-valores-2\/\" \/>\n<meta property=\"og:site_name\" content=\"G\u00e1vea News\" \/>\n<meta property=\"article:publisher\" content=\"https:\/\/facebook.com\/gaveaNews\/\" \/>\n<meta property=\"article:published_time\" content=\"2025-05-20T14:10:00+00:00\" \/>\n<meta property=\"og:image\" content=\"https:\/\/www.gaveanews.com\/wp-content\/uploads\/GgZnA0yXYAAykTp.webp\" \/>\n\t<meta property=\"og:image:width\" content=\"1920\" \/>\n\t<meta property=\"og:image:height\" content=\"1080\" \/>\n\t<meta property=\"og:image:type\" content=\"image\/jpeg\" \/>\n<meta name=\"author\" content=\"Leandro Cardoso\" \/>\n<meta name=\"twitter:card\" content=\"summary_large_image\" \/>\n<meta name=\"twitter:label1\" content=\"Escrito por\" \/>\n\t<meta name=\"twitter:data1\" content=\"Leandro Cardoso\" \/>\n\t<meta name=\"twitter:label2\" content=\"Est. tempo de leitura\" \/>\n\t<meta name=\"twitter:data2\" content=\"3 minutos\" \/>\n<script type=\"application\/ld+json\" class=\"yoast-schema-graph\">{\"@context\":\"https:\/\/schema.org\",\"@graph\":[{\"@type\":\"NewsArticle\",\"@id\":\"https:\/\/www.gaveanews.com\/index.php\/2025\/05\/20\/flamengo-aceita-vender-wesley-veja-valores-2\/#article\",\"isPartOf\":{\"@id\":\"https:\/\/www.gaveanews.com\/index.php\/2025\/05\/20\/flamengo-aceita-vender-wesley-veja-valores-2\/\"},\"author\":{\"name\":\"Leandro Cardoso\",\"@id\":\"https:\/\/www.gaveanews.com\/#\/schema\/person\/2424ec6409bc3f068411fc5e4e9b6168\"},\"headline\":\"Flamengo aceita vender Wesley; veja valores\",\"datePublished\":\"2025-05-20T14:10:00+00:00\",\"mainEntityOfPage\":{\"@id\":\"https:\/\/www.gaveanews.com\/index.php\/2025\/05\/20\/flamengo-aceita-vender-wesley-veja-valores-2\/\"},\"wordCount\":374,\"commentCount\":0,\"image\":{\"@id\":\"https:\/\/www.gaveanews.com\/index.php\/2025\/05\/20\/flamengo-aceita-vender-wesley-veja-valores-2\/#primaryimage\"},\"thumbnailUrl\":\"https:\/\/www.gaveanews.com\/wp-content\/uploads\/GgZnA0yXYAAykTp.webp\",\"articleSection\":[\"Flamengo\"],\"inLanguage\":\"pt-BR\",\"potentialAction\":[{\"@type\":\"CommentAction\",\"name\":\"Comment\",\"target\":[\"https:\/\/www.gaveanews.com\/index.php\/2025\/05\/20\/flamengo-aceita-vender-wesley-veja-valores-2\/#respond\"]}],\"copyrightYear\":\"2025\",\"copyrightHolder\":{\"@id\":\"https:\/\/www.gaveanews.com\/#organization\"}},{\"@type\":\"WebPage\",\"@id\":\"https:\/\/www.gaveanews.com\/index.php\/2025\/05\/20\/flamengo-aceita-vender-wesley-veja-valores-2\/\",\"url\":\"https:\/\/www.gaveanews.com\/index.php\/2025\/05\/20\/flamengo-aceita-vender-wesley-veja-valores-2\/\",\"name\":\"Flamengo aceita vender Wesley; veja valores\",\"isPartOf\":{\"@id\":\"https:\/\/www.gaveanews.com\/#website\"},\"primaryImageOfPage\":{\"@id\":\"https:\/\/www.gaveanews.com\/index.php\/2025\/05\/20\/flamengo-aceita-vender-wesley-veja-valores-2\/#primaryimage\"},\"image\":{\"@id\":\"https:\/\/www.gaveanews.com\/index.php\/2025\/05\/20\/flamengo-aceita-vender-wesley-veja-valores-2\/#primaryimage\"},\"thumbnailUrl\":\"https:\/\/www.gaveanews.com\/wp-content\/uploads\/GgZnA0yXYAAykTp.webp\",\"datePublished\":\"2025-05-20T14:10:00+00:00\",\"author\":{\"@id\":\"https:\/\/www.gaveanews.com\/#\/schema\/person\/2424ec6409bc3f068411fc5e4e9b6168\"},\"breadcrumb\":{\"@id\":\"https:\/\/www.gaveanews.com\/index.php\/2025\/05\/20\/flamengo-aceita-vender-wesley-veja-valores-2\/#breadcrumb\"},\"inLanguage\":\"pt-BR\",\"potentialAction\":[{\"@type\":\"ReadAction\",\"target\":[\"https:\/\/www.gaveanews.com\/index.php\/2025\/05\/20\/flamengo-aceita-vender-wesley-veja-valores-2\/\"]}]},{\"@type\":\"ImageObject\",\"inLanguage\":\"pt-BR\",\"@id\":\"https:\/\/www.gaveanews.com\/index.php\/2025\/05\/20\/flamengo-aceita-vender-wesley-veja-valores-2\/#primaryimage\",\"url\":\"https:\/\/www.gaveanews.com\/wp-content\/uploads\/GgZnA0yXYAAykTp.webp\",\"contentUrl\":\"https:\/\/www.gaveanews.com\/wp-content\/uploads\/GgZnA0yXYAAykTp.webp\",\"width\":1920,\"height\":1080,\"caption\":\"Lateral Wesley, do Flamengo (Foto: Divulga\u00e7\u00e3o)\"},{\"@type\":\"BreadcrumbList\",\"@id\":\"https:\/\/www.gaveanews.com\/index.php\/2025\/05\/20\/flamengo-aceita-vender-wesley-veja-valores-2\/#breadcrumb\",\"itemListElement\":[{\"@type\":\"ListItem\",\"position\":1,\"name\":\"Home\",\"item\":\"https:\/\/www.gaveanews.com\/\"},{\"@type\":\"ListItem\",\"position\":2,\"name\":\"Flamengo aceita vender Wesley; veja valores\"}]},{\"@type\":\"WebSite\",\"@id\":\"https:\/\/www.gaveanews.com\/#website\",\"url\":\"https:\/\/www.gaveanews.com\/\",\"name\":\"G\u00e1vea News\",\"description\":\"Veja todas as not\u00edcias sobre o Flamengo: Contrata\u00e7\u00f5es, categorias de base, resultados das partidas, tabela de classifica\u00e7\u00e3o, pr\u00f3ximos jogos!\",\"potentialAction\":[{\"@type\":\"SearchAction\",\"target\":{\"@type\":\"EntryPoint\",\"urlTemplate\":\"https:\/\/www.gaveanews.com\/?s={search_term_string}\"},\"query-input\":{\"@type\":\"PropertyValueSpecification\",\"valueRequired\":true,\"valueName\":\"search_term_string\"}}],\"inLanguage\":\"pt-BR\"},{\"@type\":\"Person\",\"@id\":\"https:\/\/www.gaveanews.com\/#\/schema\/person\/2424ec6409bc3f068411fc5e4e9b6168\",\"name\":\"Leandro Cardoso\",\"image\":{\"@type\":\"ImageObject\",\"inLanguage\":\"pt-BR\",\"@id\":\"https:\/\/www.gaveanews.com\/#\/schema\/person\/image\/\",\"url\":\"https:\/\/secure.gravatar.com\/avatar\/8ca179f9b55eefe9f376f5493ef25475bfa59fbc28ce937f6076ce20e523098f?s=96&d=mm&r=g\",\"contentUrl\":\"https:\/\/secure.gravatar.com\/avatar\/8ca179f9b55eefe9f376f5493ef25475bfa59fbc28ce937f6076ce20e523098f?s=96&d=mm&r=g\",\"caption\":\"Leandro Cardoso\"}}]}<\/script>\n<!-- \/ Yoast SEO Premium plugin. -->","yoast_head_json":{"title":"Flamengo aceita vender Wesley; veja valores","robots":{"index":"index","follow":"follow","max-snippet":"max-snippet:-1","max-image-preview":"max-image-preview:large","max-video-preview":"max-video-preview:-1"},"canonical":"https:\/\/www.gaveanews.com\/index.php\/2025\/05\/20\/flamengo-aceita-vender-wesley-veja-valores-2\/","og_locale":"pt_BR","og_type":"article","og_title":"Flamengo aceita vender Wesley; veja valores","og_description":"A diretoria do Flamengo j\u00e1 se movimenta nos bastidores para lidar com as investidas do mercado europeu na pr\u00f3xima janela de transfer\u00eancias. O principal alvo da vez \u00e9 o jovem lateral-direito Wesley, de apenas 21 anos. Vale destacar que o jogador vem sendo titular com Filipe Lu\u00eds e despertou o interesse de gigantes da Europa. [&hellip;]","og_url":"https:\/\/www.gaveanews.com\/index.php\/2025\/05\/20\/flamengo-aceita-vender-wesley-veja-valores-2\/","og_site_name":"G\u00e1vea News","article_publisher":"https:\/\/facebook.com\/gaveaNews\/","article_published_time":"2025-05-20T14:10:00+00:00","og_image":[{"width":1920,"height":1080,"url":"https:\/\/www.gaveanews.com\/wp-content\/uploads\/GgZnA0yXYAAykTp.webp","type":"image\/jpeg"}],"author":"Leandro Cardoso","twitter_card":"summary_large_image","twitter_misc":{"Escrito por":"Leandro Cardoso","Est. tempo de leitura":"3 minutos"},"schema":{"@context":"https:\/\/schema.org","@graph":[{"@type":"NewsArticle","@id":"https:\/\/www.gaveanews.com\/index.php\/2025\/05\/20\/flamengo-aceita-vender-wesley-veja-valores-2\/#article","isPartOf":{"@id":"https:\/\/www.gaveanews.com\/index.php\/2025\/05\/20\/flamengo-aceita-vender-wesley-veja-valores-2\/"},"author":{"name":"Leandro Cardoso","@id":"https:\/\/www.gaveanews.com\/#\/schema\/person\/2424ec6409bc3f068411fc5e4e9b6168"},"headline":"Flamengo aceita vender Wesley; veja valores","datePublished":"2025-05-20T14:10:00+00:00","mainEntityOfPage":{"@id":"https:\/\/www.gaveanews.com\/index.php\/2025\/05\/20\/flamengo-aceita-vender-wesley-veja-valores-2\/"},"wordCount":374,"commentCount":0,"image":{"@id":"https:\/\/www.gaveanews.com\/index.php\/2025\/05\/20\/flamengo-aceita-vender-wesley-veja-valores-2\/#primaryimage"},"thumbnailUrl":"https:\/\/www.gaveanews.com\/wp-content\/uploads\/GgZnA0yXYAAykTp.webp","articleSection":["Flamengo"],"inLanguage":"pt-BR","potentialAction":[{"@type":"CommentAction","name":"Comment","target":["https:\/\/www.gaveanews.com\/index.php\/2025\/05\/20\/flamengo-aceita-vender-wesley-veja-valores-2\/#respond"]}],"copyrightYear":"2025","copyrightHolder":{"@id":"https:\/\/www.gaveanews.com\/#organization"}},{"@type":"WebPage","@id":"https:\/\/www.gaveanews.com\/index.php\/2025\/05\/20\/flamengo-aceita-vender-wesley-veja-valores-2\/","url":"https:\/\/www.gaveanews.com\/index.php\/2025\/05\/20\/flamengo-aceita-vender-wesley-veja-valores-2\/","name":"Flamengo aceita vender Wesley; veja valores","isPartOf":{"@id":"https:\/\/www.gaveanews.com\/#website"},"primaryImageOfPage":{"@id":"https:\/\/www.gaveanews.com\/index.php\/2025\/05\/20\/flamengo-aceita-vender-wesley-veja-valores-2\/#primaryimage"},"image":{"@id":"https:\/\/www.gaveanews.com\/index.php\/2025\/05\/20\/flamengo-aceita-vender-wesley-veja-valores-2\/#primaryimage"},"thumbnailUrl":"https:\/\/www.gaveanews.com\/wp-content\/uploads\/GgZnA0yXYAAykTp.webp","datePublished":"2025-05-20T14:10:00+00:00","author":{"@id":"https:\/\/www.gaveanews.com\/#\/schema\/person\/2424ec6409bc3f068411fc5e4e9b6168"},"breadcrumb":{"@id":"https:\/\/www.gaveanews.com\/index.php\/2025\/05\/20\/flamengo-aceita-vender-wesley-veja-valores-2\/#breadcrumb"},"inLanguage":"pt-BR","potentialAction":[{"@type":"ReadAction","target":["https:\/\/www.gaveanews.com\/index.php\/2025\/05\/20\/flamengo-aceita-vender-wesley-veja-valores-2\/"]}]},{"@type":"ImageObject","inLanguage":"pt-BR","@id":"https:\/\/www.gaveanews.com\/index.php\/2025\/05\/20\/flamengo-aceita-vender-wesley-veja-valores-2\/#primaryimage","url":"https:\/\/www.gaveanews.com\/wp-content\/uploads\/GgZnA0yXYAAykTp.webp","contentUrl":"https:\/\/www.gaveanews.com\/wp-content\/uploads\/GgZnA0yXYAAykTp.webp","width":1920,"height":1080,"caption":"Lateral Wesley, do Flamengo (Foto: Divulga\u00e7\u00e3o)"},{"@type":"BreadcrumbList","@id":"https:\/\/www.gaveanews.com\/index.php\/2025\/05\/20\/flamengo-aceita-vender-wesley-veja-valores-2\/#breadcrumb","itemListElement":[{"@type":"ListItem","position":1,"name":"Home","item":"https:\/\/www.gaveanews.com\/"},{"@type":"ListItem","position":2,"name":"Flamengo aceita vender Wesley; veja valores"}]},{"@type":"WebSite","@id":"https:\/\/www.gaveanews.com\/#website","url":"https:\/\/www.gaveanews.com\/","name":"G\u00e1vea News","description":"Veja todas as not\u00edcias sobre o Flamengo: Contrata\u00e7\u00f5es, categorias de base, resultados das partidas, tabela de classifica\u00e7\u00e3o, pr\u00f3ximos jogos!","potentialAction":[{"@type":"SearchAction","target":{"@type":"EntryPoint","urlTemplate":"https:\/\/www.gaveanews.com\/?s={search_term_string}"},"query-input":{"@type":"PropertyValueSpecification","valueRequired":true,"valueName":"search_term_string"}}],"inLanguage":"pt-BR"},{"@type":"Person","@id":"https:\/\/www.gaveanews.com\/#\/schema\/person\/2424ec6409bc3f068411fc5e4e9b6168","name":"Leandro Cardoso","image":{"@type":"ImageObject","inLanguage":"pt-BR","@id":"https:\/\/www.gaveanews.com\/#\/schema\/person\/image\/","url":"https:\/\/secure.gravatar.com\/avatar\/8ca179f9b55eefe9f376f5493ef25475bfa59fbc28ce937f6076ce20e523098f?s=96&d=mm&r=g","contentUrl":"https:\/\/secure.gravatar.com\/avatar\/8ca179f9b55eefe9f376f5493ef25475bfa59fbc28ce937f6076ce20e523098f?s=96&d=mm&r=g","caption":"Leandro Cardoso"}}]}},"_links":{"self":[{"href":"https:\/\/www.gaveanews.com\/index.php\/wp-json\/wp\/v2\/posts\/265203","targetHints":{"allow":["GET"]}}],"collection":[{"href":"https:\/\/www.gaveanews.com\/index.php\/wp-json\/wp\/v2\/posts"}],"about":[{"href":"https:\/\/www.gaveanews.com\/index.php\/wp-json\/wp\/v2\/types\/post"}],"author":[{"embeddable":true,"href":"https:\/\/www.gaveanews.com\/index.php\/wp-json\/wp\/v2\/users\/24"}],"replies":[{"embeddable":true,"href":"https:\/\/www.gaveanews.com\/index.php\/wp-json\/wp\/v2\/comments?post=265203"}],"version-history":[{"count":1,"href":"https:\/\/www.gaveanews.com\/index.php\/wp-json\/wp\/v2\/posts\/265203\/revisions"}],"predecessor-version":[{"id":265209,"href":"https:\/\/www.gaveanews.com\/index.php\/wp-json\/wp\/v2\/posts\/265203\/revisions\/265209"}],"wp:featuredmedia":[{"embeddable":true,"href":"https:\/\/www.gaveanews.com\/index.php\/wp-json\/wp\/v2\/media\/207524"}],"wp:attachment":[{"href":"https:\/\/www.gaveanews.com\/index.php\/wp-json\/wp\/v2\/media?parent=265203"}],"wp:term":[{"taxonomy":"category","embeddable":true,"href":"https:\/\/www.gaveanews.com\/index.php\/wp-json\/wp\/v2\/categories?post=265203"},{"taxonomy":"post_tag","embeddable":true,"href":"https:\/\/www.gaveanews.com\/index.php\/wp-json\/wp\/v2\/tags?post=265203"}],"curies":[{"name":"wp","href":"https:\/\/api.w.org\/{rel}","templated":true}]}}