{"id":265211,"date":"2025-05-20T11:30:00","date_gmt":"2025-05-20T14:30:00","guid":{"rendered":"https:\/\/www.gaveanews.com\/?p=265211"},"modified":"2025-05-20T11:05:40","modified_gmt":"2025-05-20T14:05:40","slug":"meia-do-flamengo-chama-atencao-da-europa","status":"publish","type":"post","link":"https:\/\/www.gaveanews.com\/index.php\/2025\/05\/20\/meia-do-flamengo-chama-atencao-da-europa\/","title":{"rendered":"Meia do Flamengo chama aten\u00e7\u00e3o da Europa"},"content":{"rendered":"\n<p>Enquanto o elenco principal do Flamengo disputa partidas decisivas, as categorias de base do clube seguem revelando talentos que encantam at\u00e9 os analistas internacionais. O mais novo nome a ganhar destaque fora do Brasil \u00e9 o de Rayan Lucas, volante do time sub-20. Vale destacar que o jovem de 20 anos recebeu elogios de um respeitado scout brit\u00e2nico, o que refor\u00e7a sua crescente valoriza\u00e7\u00e3o no cen\u00e1rio do futebol.<\/p>\n\n\n\n<h2 class=\"wp-block-heading\" id=\"h-scout-britanico-rasga-elogios-a-rayan-lucas\">Scout brit\u00e2nico rasga elogios a Rayan Lucas<\/h2>\n\n\n\n<p>Ben Mattinson, analista de atletas e jornalista europeu, comentou sobre o potencial do volante rubro-negro. \u201cMeio campista f\u00edsico, com bom posicionamento e qualidade de passe. Rayan Lucas tem alguns passes excelentes de diferentes tipos para quebrar linhas e passes longos de qualidade, sempre procura jogar por cima da defesa para liberar corredores\u201d, afirmou o brit\u00e2nico.<\/p>\n\n\n\n<p>Al\u00e9m disso, Rayan se junta a uma nova gera\u00e7\u00e3o de atletas do Flamengo que come\u00e7a a atrair olhares do futebol europeu ainda nas divis\u00f5es de base. Por isso, a expectativa em torno do seu futuro \u00e9 grande, tanto no clube quanto fora dele.<\/p>\n\n\n\n<h2 class=\"wp-block-heading\" id=\"h-lorran-wesley-e-outras-joias-tambem-ganham-destaque\">Lorran, Wesley e outras joias tamb\u00e9m ganham destaque<\/h2>\n\n\n\n<p>Cabe ressaltar que Rayan n\u00e3o foi o \u00fanico elogiado por Mattinson. O analista tamb\u00e9m destacou outros talentos como Lorran, Wesley, Evertton Ara\u00fajo, Ryan Roberto, Iago, Matheus Gon\u00e7alves, Pablo Lucio, Guilherme e Wallace Yan.<\/p>\n\n\n\n<p>Sobre Lorran, ele escreveu: \u201cPoderoso, din\u00e2mico e habilidoso, Lorran tem tudo para ser um atacante que mudar\u00e1 o jogo de um time de ponta no futuro. Sua carreira no profissional ainda n\u00e3o saiu como planejado, mas se ele conseguir uma vaga no time, pode ter uma temporada de sucesso. H\u00e1 muito talento nele\u201d.<\/p>\n\n\n\n<h2 class=\"wp-block-heading\" id=\"h-expectativa-por-chances-no-profissional-aumenta\">Expectativa por chances no profissional aumenta<\/h2>\n\n\n\n<p>Com isso, Rayan Lucas e Lorran vivem a expectativa de ganhar novas oportunidades com o time principal. Isso porque o Flamengo enfrenta desfalques importantes no meio de campo: Erick Pulgar, De La Cruz e Allan est\u00e3o fora. Sendo assim, os jovens podem aparecer na lista de relacionados para o jogo contra o Botafogo-PB, nesta quarta-feira (21), \u00e0s 21h30, no Maracan\u00e3.<\/p>\n\n\n\n<p>Dessa maneira, o futuro pode estar mais pr\u00f3ximo do presente para os garotos da base. Desse jeito, o Flamengo reafirma sua for\u00e7a como formador de talentos de n\u00edvel internacional. Portanto, vale ficar de olho.<\/p>\n","protected":false},"excerpt":{"rendered":"<p>Enquanto o elenco principal do Flamengo disputa partidas decisivas, as categorias de base do clube seguem revelando talentos que encantam at\u00e9 os analistas internacionais. O mais novo nome a ganhar destaque fora do Brasil \u00e9 o de Rayan Lucas, volante do time sub-20. Vale destacar que o jovem de 20 anos recebeu elogios de um [&hellip;]<\/p>\n","protected":false},"author":24,"featured_media":126591,"comment_status":"open","ping_status":"closed","sticky":false,"template":"","format":"standard","meta":{"footnotes":""},"categories":[1],"tags":[],"class_list":["post-265211","post","type-post","status-publish","format-standard","has-post-thumbnail","hentry","category-flamengo"],"yoast_head":"<!-- This site is optimized with the Yoast SEO Premium plugin v24.2 (Yoast SEO v26.9) - https:\/\/yoast.com\/product\/yoast-seo-premium-wordpress\/ -->\n<title>Meia do Flamengo chama aten\u00e7\u00e3o da Europa<\/title>\n<meta name=\"robots\" content=\"index, follow, max-snippet:-1, max-image-preview:large, max-video-preview:-1\" \/>\n<link rel=\"canonical\" href=\"https:\/\/www.gaveanews.com\/index.php\/2025\/05\/20\/meia-do-flamengo-chama-atencao-da-europa\/\" \/>\n<meta property=\"og:locale\" content=\"pt_BR\" \/>\n<meta property=\"og:type\" content=\"article\" \/>\n<meta property=\"og:title\" content=\"Meia do Flamengo chama aten\u00e7\u00e3o da Europa\" \/>\n<meta property=\"og:description\" content=\"Enquanto o elenco principal do Flamengo disputa partidas decisivas, as categorias de base do clube seguem revelando talentos que encantam at\u00e9 os analistas internacionais. O mais novo nome a ganhar destaque fora do Brasil \u00e9 o de Rayan Lucas, volante do time sub-20. Vale destacar que o jovem de 20 anos recebeu elogios de um [&hellip;]\" \/>\n<meta property=\"og:url\" content=\"https:\/\/www.gaveanews.com\/index.php\/2025\/05\/20\/meia-do-flamengo-chama-atencao-da-europa\/\" \/>\n<meta property=\"og:site_name\" content=\"G\u00e1vea News\" \/>\n<meta property=\"article:publisher\" content=\"https:\/\/facebook.com\/gaveaNews\/\" \/>\n<meta property=\"article:published_time\" content=\"2025-05-20T14:30:00+00:00\" \/>\n<meta property=\"og:image\" content=\"https:\/\/www.gaveanews.com\/wp-content\/uploads\/escudoDoFlamengo.webp\" \/>\n\t<meta property=\"og:image:width\" content=\"1000\" \/>\n\t<meta property=\"og:image:height\" content=\"667\" \/>\n\t<meta property=\"og:image:type\" content=\"image\/jpeg\" \/>\n<meta name=\"author\" content=\"Leandro Cardoso\" \/>\n<meta name=\"twitter:card\" content=\"summary_large_image\" \/>\n<meta name=\"twitter:label1\" content=\"Escrito por\" \/>\n\t<meta name=\"twitter:data1\" content=\"Leandro Cardoso\" \/>\n\t<meta name=\"twitter:label2\" content=\"Est. tempo de leitura\" \/>\n\t<meta name=\"twitter:data2\" content=\"3 minutos\" \/>\n<script type=\"application\/ld+json\" class=\"yoast-schema-graph\">{\"@context\":\"https:\/\/schema.org\",\"@graph\":[{\"@type\":\"NewsArticle\",\"@id\":\"https:\/\/www.gaveanews.com\/index.php\/2025\/05\/20\/meia-do-flamengo-chama-atencao-da-europa\/#article\",\"isPartOf\":{\"@id\":\"https:\/\/www.gaveanews.com\/index.php\/2025\/05\/20\/meia-do-flamengo-chama-atencao-da-europa\/\"},\"author\":{\"name\":\"Leandro Cardoso\",\"@id\":\"https:\/\/www.gaveanews.com\/#\/schema\/person\/2424ec6409bc3f068411fc5e4e9b6168\"},\"headline\":\"Meia do Flamengo chama aten\u00e7\u00e3o da Europa\",\"datePublished\":\"2025-05-20T14:30:00+00:00\",\"mainEntityOfPage\":{\"@id\":\"https:\/\/www.gaveanews.com\/index.php\/2025\/05\/20\/meia-do-flamengo-chama-atencao-da-europa\/\"},\"wordCount\":393,\"commentCount\":0,\"image\":{\"@id\":\"https:\/\/www.gaveanews.com\/index.php\/2025\/05\/20\/meia-do-flamengo-chama-atencao-da-europa\/#primaryimage\"},\"thumbnailUrl\":\"https:\/\/www.gaveanews.com\/wp-content\/uploads\/escudoDoFlamengo.webp\",\"articleSection\":[\"Flamengo\"],\"inLanguage\":\"pt-BR\",\"potentialAction\":[{\"@type\":\"CommentAction\",\"name\":\"Comment\",\"target\":[\"https:\/\/www.gaveanews.com\/index.php\/2025\/05\/20\/meia-do-flamengo-chama-atencao-da-europa\/#respond\"]}],\"copyrightYear\":\"2025\",\"copyrightHolder\":{\"@id\":\"https:\/\/www.gaveanews.com\/#organization\"}},{\"@type\":\"WebPage\",\"@id\":\"https:\/\/www.gaveanews.com\/index.php\/2025\/05\/20\/meia-do-flamengo-chama-atencao-da-europa\/\",\"url\":\"https:\/\/www.gaveanews.com\/index.php\/2025\/05\/20\/meia-do-flamengo-chama-atencao-da-europa\/\",\"name\":\"Meia do Flamengo chama aten\u00e7\u00e3o da Europa\",\"isPartOf\":{\"@id\":\"https:\/\/www.gaveanews.com\/#website\"},\"primaryImageOfPage\":{\"@id\":\"https:\/\/www.gaveanews.com\/index.php\/2025\/05\/20\/meia-do-flamengo-chama-atencao-da-europa\/#primaryimage\"},\"image\":{\"@id\":\"https:\/\/www.gaveanews.com\/index.php\/2025\/05\/20\/meia-do-flamengo-chama-atencao-da-europa\/#primaryimage\"},\"thumbnailUrl\":\"https:\/\/www.gaveanews.com\/wp-content\/uploads\/escudoDoFlamengo.webp\",\"datePublished\":\"2025-05-20T14:30:00+00:00\",\"author\":{\"@id\":\"https:\/\/www.gaveanews.com\/#\/schema\/person\/2424ec6409bc3f068411fc5e4e9b6168\"},\"breadcrumb\":{\"@id\":\"https:\/\/www.gaveanews.com\/index.php\/2025\/05\/20\/meia-do-flamengo-chama-atencao-da-europa\/#breadcrumb\"},\"inLanguage\":\"pt-BR\",\"potentialAction\":[{\"@type\":\"ReadAction\",\"target\":[\"https:\/\/www.gaveanews.com\/index.php\/2025\/05\/20\/meia-do-flamengo-chama-atencao-da-europa\/\"]}]},{\"@type\":\"ImageObject\",\"inLanguage\":\"pt-BR\",\"@id\":\"https:\/\/www.gaveanews.com\/index.php\/2025\/05\/20\/meia-do-flamengo-chama-atencao-da-europa\/#primaryimage\",\"url\":\"https:\/\/www.gaveanews.com\/wp-content\/uploads\/escudoDoFlamengo.webp\",\"contentUrl\":\"https:\/\/www.gaveanews.com\/wp-content\/uploads\/escudoDoFlamengo.webp\",\"width\":1000,\"height\":667,\"caption\":\"Escudo do Flamengo (Foto: Reprodu\u00e7\u00e3o)\"},{\"@type\":\"BreadcrumbList\",\"@id\":\"https:\/\/www.gaveanews.com\/index.php\/2025\/05\/20\/meia-do-flamengo-chama-atencao-da-europa\/#breadcrumb\",\"itemListElement\":[{\"@type\":\"ListItem\",\"position\":1,\"name\":\"Home\",\"item\":\"https:\/\/www.gaveanews.com\/\"},{\"@type\":\"ListItem\",\"position\":2,\"name\":\"Meia do Flamengo chama aten\u00e7\u00e3o da Europa\"}]},{\"@type\":\"WebSite\",\"@id\":\"https:\/\/www.gaveanews.com\/#website\",\"url\":\"https:\/\/www.gaveanews.com\/\",\"name\":\"G\u00e1vea News\",\"description\":\"Veja todas as not\u00edcias sobre o Flamengo: Contrata\u00e7\u00f5es, categorias de base, resultados das partidas, tabela de classifica\u00e7\u00e3o, pr\u00f3ximos jogos!\",\"potentialAction\":[{\"@type\":\"SearchAction\",\"target\":{\"@type\":\"EntryPoint\",\"urlTemplate\":\"https:\/\/www.gaveanews.com\/?s={search_term_string}\"},\"query-input\":{\"@type\":\"PropertyValueSpecification\",\"valueRequired\":true,\"valueName\":\"search_term_string\"}}],\"inLanguage\":\"pt-BR\"},{\"@type\":\"Person\",\"@id\":\"https:\/\/www.gaveanews.com\/#\/schema\/person\/2424ec6409bc3f068411fc5e4e9b6168\",\"name\":\"Leandro Cardoso\",\"image\":{\"@type\":\"ImageObject\",\"inLanguage\":\"pt-BR\",\"@id\":\"https:\/\/www.gaveanews.com\/#\/schema\/person\/image\/\",\"url\":\"https:\/\/secure.gravatar.com\/avatar\/8ca179f9b55eefe9f376f5493ef25475bfa59fbc28ce937f6076ce20e523098f?s=96&d=mm&r=g\",\"contentUrl\":\"https:\/\/secure.gravatar.com\/avatar\/8ca179f9b55eefe9f376f5493ef25475bfa59fbc28ce937f6076ce20e523098f?s=96&d=mm&r=g\",\"caption\":\"Leandro Cardoso\"}}]}<\/script>\n<!-- \/ Yoast SEO Premium plugin. -->","yoast_head_json":{"title":"Meia do Flamengo chama aten\u00e7\u00e3o da Europa","robots":{"index":"index","follow":"follow","max-snippet":"max-snippet:-1","max-image-preview":"max-image-preview:large","max-video-preview":"max-video-preview:-1"},"canonical":"https:\/\/www.gaveanews.com\/index.php\/2025\/05\/20\/meia-do-flamengo-chama-atencao-da-europa\/","og_locale":"pt_BR","og_type":"article","og_title":"Meia do Flamengo chama aten\u00e7\u00e3o da Europa","og_description":"Enquanto o elenco principal do Flamengo disputa partidas decisivas, as categorias de base do clube seguem revelando talentos que encantam at\u00e9 os analistas internacionais. O mais novo nome a ganhar destaque fora do Brasil \u00e9 o de Rayan Lucas, volante do time sub-20. Vale destacar que o jovem de 20 anos recebeu elogios de um [&hellip;]","og_url":"https:\/\/www.gaveanews.com\/index.php\/2025\/05\/20\/meia-do-flamengo-chama-atencao-da-europa\/","og_site_name":"G\u00e1vea News","article_publisher":"https:\/\/facebook.com\/gaveaNews\/","article_published_time":"2025-05-20T14:30:00+00:00","og_image":[{"width":1000,"height":667,"url":"https:\/\/www.gaveanews.com\/wp-content\/uploads\/escudoDoFlamengo.webp","type":"image\/jpeg"}],"author":"Leandro Cardoso","twitter_card":"summary_large_image","twitter_misc":{"Escrito por":"Leandro Cardoso","Est. tempo de leitura":"3 minutos"},"schema":{"@context":"https:\/\/schema.org","@graph":[{"@type":"NewsArticle","@id":"https:\/\/www.gaveanews.com\/index.php\/2025\/05\/20\/meia-do-flamengo-chama-atencao-da-europa\/#article","isPartOf":{"@id":"https:\/\/www.gaveanews.com\/index.php\/2025\/05\/20\/meia-do-flamengo-chama-atencao-da-europa\/"},"author":{"name":"Leandro Cardoso","@id":"https:\/\/www.gaveanews.com\/#\/schema\/person\/2424ec6409bc3f068411fc5e4e9b6168"},"headline":"Meia do Flamengo chama aten\u00e7\u00e3o da Europa","datePublished":"2025-05-20T14:30:00+00:00","mainEntityOfPage":{"@id":"https:\/\/www.gaveanews.com\/index.php\/2025\/05\/20\/meia-do-flamengo-chama-atencao-da-europa\/"},"wordCount":393,"commentCount":0,"image":{"@id":"https:\/\/www.gaveanews.com\/index.php\/2025\/05\/20\/meia-do-flamengo-chama-atencao-da-europa\/#primaryimage"},"thumbnailUrl":"https:\/\/www.gaveanews.com\/wp-content\/uploads\/escudoDoFlamengo.webp","articleSection":["Flamengo"],"inLanguage":"pt-BR","potentialAction":[{"@type":"CommentAction","name":"Comment","target":["https:\/\/www.gaveanews.com\/index.php\/2025\/05\/20\/meia-do-flamengo-chama-atencao-da-europa\/#respond"]}],"copyrightYear":"2025","copyrightHolder":{"@id":"https:\/\/www.gaveanews.com\/#organization"}},{"@type":"WebPage","@id":"https:\/\/www.gaveanews.com\/index.php\/2025\/05\/20\/meia-do-flamengo-chama-atencao-da-europa\/","url":"https:\/\/www.gaveanews.com\/index.php\/2025\/05\/20\/meia-do-flamengo-chama-atencao-da-europa\/","name":"Meia do Flamengo chama aten\u00e7\u00e3o da Europa","isPartOf":{"@id":"https:\/\/www.gaveanews.com\/#website"},"primaryImageOfPage":{"@id":"https:\/\/www.gaveanews.com\/index.php\/2025\/05\/20\/meia-do-flamengo-chama-atencao-da-europa\/#primaryimage"},"image":{"@id":"https:\/\/www.gaveanews.com\/index.php\/2025\/05\/20\/meia-do-flamengo-chama-atencao-da-europa\/#primaryimage"},"thumbnailUrl":"https:\/\/www.gaveanews.com\/wp-content\/uploads\/escudoDoFlamengo.webp","datePublished":"2025-05-20T14:30:00+00:00","author":{"@id":"https:\/\/www.gaveanews.com\/#\/schema\/person\/2424ec6409bc3f068411fc5e4e9b6168"},"breadcrumb":{"@id":"https:\/\/www.gaveanews.com\/index.php\/2025\/05\/20\/meia-do-flamengo-chama-atencao-da-europa\/#breadcrumb"},"inLanguage":"pt-BR","potentialAction":[{"@type":"ReadAction","target":["https:\/\/www.gaveanews.com\/index.php\/2025\/05\/20\/meia-do-flamengo-chama-atencao-da-europa\/"]}]},{"@type":"ImageObject","inLanguage":"pt-BR","@id":"https:\/\/www.gaveanews.com\/index.php\/2025\/05\/20\/meia-do-flamengo-chama-atencao-da-europa\/#primaryimage","url":"https:\/\/www.gaveanews.com\/wp-content\/uploads\/escudoDoFlamengo.webp","contentUrl":"https:\/\/www.gaveanews.com\/wp-content\/uploads\/escudoDoFlamengo.webp","width":1000,"height":667,"caption":"Escudo do Flamengo (Foto: Reprodu\u00e7\u00e3o)"},{"@type":"BreadcrumbList","@id":"https:\/\/www.gaveanews.com\/index.php\/2025\/05\/20\/meia-do-flamengo-chama-atencao-da-europa\/#breadcrumb","itemListElement":[{"@type":"ListItem","position":1,"name":"Home","item":"https:\/\/www.gaveanews.com\/"},{"@type":"ListItem","position":2,"name":"Meia do Flamengo chama aten\u00e7\u00e3o da Europa"}]},{"@type":"WebSite","@id":"https:\/\/www.gaveanews.com\/#website","url":"https:\/\/www.gaveanews.com\/","name":"G\u00e1vea News","description":"Veja todas as not\u00edcias sobre o Flamengo: Contrata\u00e7\u00f5es, categorias de base, resultados das partidas, tabela de classifica\u00e7\u00e3o, pr\u00f3ximos jogos!","potentialAction":[{"@type":"SearchAction","target":{"@type":"EntryPoint","urlTemplate":"https:\/\/www.gaveanews.com\/?s={search_term_string}"},"query-input":{"@type":"PropertyValueSpecification","valueRequired":true,"valueName":"search_term_string"}}],"inLanguage":"pt-BR"},{"@type":"Person","@id":"https:\/\/www.gaveanews.com\/#\/schema\/person\/2424ec6409bc3f068411fc5e4e9b6168","name":"Leandro Cardoso","image":{"@type":"ImageObject","inLanguage":"pt-BR","@id":"https:\/\/www.gaveanews.com\/#\/schema\/person\/image\/","url":"https:\/\/secure.gravatar.com\/avatar\/8ca179f9b55eefe9f376f5493ef25475bfa59fbc28ce937f6076ce20e523098f?s=96&d=mm&r=g","contentUrl":"https:\/\/secure.gravatar.com\/avatar\/8ca179f9b55eefe9f376f5493ef25475bfa59fbc28ce937f6076ce20e523098f?s=96&d=mm&r=g","caption":"Leandro Cardoso"}}]}},"_links":{"self":[{"href":"https:\/\/www.gaveanews.com\/index.php\/wp-json\/wp\/v2\/posts\/265211","targetHints":{"allow":["GET"]}}],"collection":[{"href":"https:\/\/www.gaveanews.com\/index.php\/wp-json\/wp\/v2\/posts"}],"about":[{"href":"https:\/\/www.gaveanews.com\/index.php\/wp-json\/wp\/v2\/types\/post"}],"author":[{"embeddable":true,"href":"https:\/\/www.gaveanews.com\/index.php\/wp-json\/wp\/v2\/users\/24"}],"replies":[{"embeddable":true,"href":"https:\/\/www.gaveanews.com\/index.php\/wp-json\/wp\/v2\/comments?post=265211"}],"version-history":[{"count":1,"href":"https:\/\/www.gaveanews.com\/index.php\/wp-json\/wp\/v2\/posts\/265211\/revisions"}],"predecessor-version":[{"id":265215,"href":"https:\/\/www.gaveanews.com\/index.php\/wp-json\/wp\/v2\/posts\/265211\/revisions\/265215"}],"wp:featuredmedia":[{"embeddable":true,"href":"https:\/\/www.gaveanews.com\/index.php\/wp-json\/wp\/v2\/media\/126591"}],"wp:attachment":[{"href":"https:\/\/www.gaveanews.com\/index.php\/wp-json\/wp\/v2\/media?parent=265211"}],"wp:term":[{"taxonomy":"category","embeddable":true,"href":"https:\/\/www.gaveanews.com\/index.php\/wp-json\/wp\/v2\/categories?post=265211"},{"taxonomy":"post_tag","embeddable":true,"href":"https:\/\/www.gaveanews.com\/index.php\/wp-json\/wp\/v2\/tags?post=265211"}],"curies":[{"name":"wp","href":"https:\/\/api.w.org\/{rel}","templated":true}]}}