{"id":265212,"date":"2025-05-20T11:20:00","date_gmt":"2025-05-20T14:20:00","guid":{"rendered":"https:\/\/www.gaveanews.com\/?p=265212"},"modified":"2025-05-20T11:02:55","modified_gmt":"2025-05-20T14:02:55","slug":"flamengo-e-botafogo-disputam-contratacao-de-atacante","status":"publish","type":"post","link":"https:\/\/www.gaveanews.com\/index.php\/2025\/05\/20\/flamengo-e-botafogo-disputam-contratacao-de-atacante\/","title":{"rendered":"Flamengo e Botafogo disputam contrata\u00e7\u00e3o de atacante"},"content":{"rendered":"\n<p>A pr\u00f3xima janela de transfer\u00eancias ainda est\u00e1 distante, mas as articula\u00e7\u00f5es nos bastidores j\u00e1 movimentam o mercado da bola. Flamengo e Botafogo, dois dos principais clubes do Rio de Janeiro, protagonizam uma disputa por Wesley, atacante do Al-Nassr. A informa\u00e7\u00e3o foi divulgada pelo \u201cBlog do Diogo Dantas\u201d, do jornal O Globo, e aponta que os rivais est\u00e3o interessados em contar com o jogador no segundo semestre de 2025.<\/p>\n\n\n\n<h2 class=\"wp-block-heading\" id=\"h-emprestimo-e-caminho-mais-viavel-para-repatriar-o-atacante\">Empr\u00e9stimo \u00e9 caminho mais vi\u00e1vel para repatriar o atacante<\/h2>\n\n\n\n<p>A negocia\u00e7\u00e3o, segundo apura\u00e7\u00e3o do jornalista, seria por empr\u00e9stimo. Wesley, revelado pelo Corinthians, tem contrato com o Al-Nassr at\u00e9 2028. Vale destacar que o clube saudita investiu cerca de US$ 20 milh\u00f5es, o equivalente a mais de R$ 110 milh\u00f5es, para contrat\u00e1-lo. Por isso, uma venda definitiva est\u00e1 fora de cogita\u00e7\u00e3o no momento.<\/p>\n\n\n\n<p>Sendo assim, os clubes brasileiros trabalham para viabilizar uma opera\u00e7\u00e3o tempor\u00e1ria, apostando em um retorno por empr\u00e9stimo. Isso porque, apesar do alto valor envolvido na transa\u00e7\u00e3o, Wesley ainda busca mais espa\u00e7o no futebol internacional, o que poderia facilitar seu retorno ao Brasil.<\/p>\n\n\n\n<h2 class=\"wp-block-heading\" id=\"h-reforco-estrategico-para-o-setor-ofensivo\">Refor\u00e7o estrat\u00e9gico para o setor ofensivo<\/h2>\n\n\n\n<p>Flamengo e Botafogo veem em Wesley um nome capaz de qualificar o elenco de imediato. Com velocidade, habilidade no um contra um e experi\u00eancia no futebol brasileiro, o atacante \u00e9 considerado uma pe\u00e7a importante para o segundo semestre da pr\u00f3xima temporada. Al\u00e9m disso, sua idade e potencial de revenda agradam \u00e0 diretoria dos dois clubes.<\/p>\n\n\n\n<p>Cabe ressaltar que essa disputa mostra o quanto o mercado nacional voltou a ser agressivo na tentativa de repatriar talentos promissores. Com isso, os times brasileiros ampliam seu poder de barganha e passam a competir de igual para igual com mercados mais consolidados.<\/p>\n\n\n\n<h2 class=\"wp-block-heading\" id=\"h-expectativa-por-novos-desdobramentos\">Expectativa por novos desdobramentos<\/h2>\n\n\n\n<p>Dessa maneira, a corrida por Wesley deve esquentar nos pr\u00f3ximos meses. Vale destacar que o Projeto esportivo, minutagem e at\u00e9 a estrutura do clube podem pesar na decis\u00e3o final.&nbsp;<\/p>\n\n\n\n<p>Portanto, o desfecho dessa disputa pode marcar uma das principais movimenta\u00e7\u00f5es do mercado brasileiro em 2025.<\/p>\n","protected":false},"excerpt":{"rendered":"<p>A pr\u00f3xima janela de transfer\u00eancias ainda est\u00e1 distante, mas as articula\u00e7\u00f5es nos bastidores j\u00e1 movimentam o mercado da bola. Flamengo e Botafogo, dois dos principais clubes do Rio de Janeiro, protagonizam uma disputa por Wesley, atacante do Al-Nassr. A informa\u00e7\u00e3o foi divulgada pelo \u201cBlog do Diogo Dantas\u201d, do jornal O Globo, e aponta que os [&hellip;]<\/p>\n","protected":false},"author":25,"featured_media":213513,"comment_status":"open","ping_status":"closed","sticky":false,"template":"","format":"standard","meta":{"footnotes":""},"categories":[1],"tags":[],"class_list":["post-265212","post","type-post","status-publish","format-standard","has-post-thumbnail","hentry","category-flamengo"],"yoast_head":"<!-- This site is optimized with the Yoast SEO Premium plugin v24.2 (Yoast SEO v26.9) - https:\/\/yoast.com\/product\/yoast-seo-premium-wordpress\/ -->\n<title>Flamengo e Botafogo disputam contrata\u00e7\u00e3o de atacante<\/title>\n<meta name=\"robots\" content=\"index, follow, max-snippet:-1, max-image-preview:large, max-video-preview:-1\" \/>\n<link rel=\"canonical\" href=\"https:\/\/www.gaveanews.com\/index.php\/2025\/05\/20\/flamengo-e-botafogo-disputam-contratacao-de-atacante\/\" \/>\n<meta property=\"og:locale\" content=\"pt_BR\" \/>\n<meta property=\"og:type\" content=\"article\" \/>\n<meta property=\"og:title\" content=\"Flamengo e Botafogo disputam contrata\u00e7\u00e3o de atacante\" \/>\n<meta property=\"og:description\" content=\"A pr\u00f3xima janela de transfer\u00eancias ainda est\u00e1 distante, mas as articula\u00e7\u00f5es nos bastidores j\u00e1 movimentam o mercado da bola. Flamengo e Botafogo, dois dos principais clubes do Rio de Janeiro, protagonizam uma disputa por Wesley, atacante do Al-Nassr. A informa\u00e7\u00e3o foi divulgada pelo \u201cBlog do Diogo Dantas\u201d, do jornal O Globo, e aponta que os [&hellip;]\" \/>\n<meta property=\"og:url\" content=\"https:\/\/www.gaveanews.com\/index.php\/2025\/05\/20\/flamengo-e-botafogo-disputam-contratacao-de-atacante\/\" \/>\n<meta property=\"og:site_name\" content=\"G\u00e1vea News\" \/>\n<meta property=\"article:publisher\" content=\"https:\/\/facebook.com\/gaveaNews\/\" \/>\n<meta property=\"article:published_time\" content=\"2025-05-20T14:20:00+00:00\" \/>\n<meta property=\"og:image\" content=\"https:\/\/www.gaveanews.com\/wp-content\/uploads\/fachada-do-modulo-profissional-do-ninho-do-urubu-centro-de-treinamento-do-flamengo-1642444901774_v2_1x1.webp\" \/>\n\t<meta property=\"og:image:width\" content=\"1361\" \/>\n\t<meta property=\"og:image:height\" content=\"1363\" \/>\n\t<meta property=\"og:image:type\" content=\"image\/jpeg\" \/>\n<meta name=\"author\" content=\"Rafaela Ladeira\" \/>\n<meta name=\"twitter:card\" content=\"summary_large_image\" \/>\n<meta name=\"twitter:label1\" content=\"Escrito por\" \/>\n\t<meta name=\"twitter:data1\" content=\"Rafaela Ladeira\" \/>\n\t<meta name=\"twitter:label2\" content=\"Est. tempo de leitura\" \/>\n\t<meta name=\"twitter:data2\" content=\"2 minutos\" \/>\n<script type=\"application\/ld+json\" class=\"yoast-schema-graph\">{\"@context\":\"https:\/\/schema.org\",\"@graph\":[{\"@type\":\"NewsArticle\",\"@id\":\"https:\/\/www.gaveanews.com\/index.php\/2025\/05\/20\/flamengo-e-botafogo-disputam-contratacao-de-atacante\/#article\",\"isPartOf\":{\"@id\":\"https:\/\/www.gaveanews.com\/index.php\/2025\/05\/20\/flamengo-e-botafogo-disputam-contratacao-de-atacante\/\"},\"author\":{\"name\":\"Rafaela Ladeira\",\"@id\":\"https:\/\/www.gaveanews.com\/#\/schema\/person\/0eb3e3fe1754f0205218538adbe8f5ed\"},\"headline\":\"Flamengo e Botafogo disputam contrata\u00e7\u00e3o de atacante\",\"datePublished\":\"2025-05-20T14:20:00+00:00\",\"mainEntityOfPage\":{\"@id\":\"https:\/\/www.gaveanews.com\/index.php\/2025\/05\/20\/flamengo-e-botafogo-disputam-contratacao-de-atacante\/\"},\"wordCount\":354,\"commentCount\":0,\"image\":{\"@id\":\"https:\/\/www.gaveanews.com\/index.php\/2025\/05\/20\/flamengo-e-botafogo-disputam-contratacao-de-atacante\/#primaryimage\"},\"thumbnailUrl\":\"https:\/\/www.gaveanews.com\/wp-content\/uploads\/fachada-do-modulo-profissional-do-ninho-do-urubu-centro-de-treinamento-do-flamengo-1642444901774_v2_1x1.webp\",\"articleSection\":[\"Flamengo\"],\"inLanguage\":\"pt-BR\",\"potentialAction\":[{\"@type\":\"CommentAction\",\"name\":\"Comment\",\"target\":[\"https:\/\/www.gaveanews.com\/index.php\/2025\/05\/20\/flamengo-e-botafogo-disputam-contratacao-de-atacante\/#respond\"]}],\"copyrightYear\":\"2025\",\"copyrightHolder\":{\"@id\":\"https:\/\/www.gaveanews.com\/#organization\"}},{\"@type\":\"WebPage\",\"@id\":\"https:\/\/www.gaveanews.com\/index.php\/2025\/05\/20\/flamengo-e-botafogo-disputam-contratacao-de-atacante\/\",\"url\":\"https:\/\/www.gaveanews.com\/index.php\/2025\/05\/20\/flamengo-e-botafogo-disputam-contratacao-de-atacante\/\",\"name\":\"Flamengo e Botafogo disputam contrata\u00e7\u00e3o de atacante\",\"isPartOf\":{\"@id\":\"https:\/\/www.gaveanews.com\/#website\"},\"primaryImageOfPage\":{\"@id\":\"https:\/\/www.gaveanews.com\/index.php\/2025\/05\/20\/flamengo-e-botafogo-disputam-contratacao-de-atacante\/#primaryimage\"},\"image\":{\"@id\":\"https:\/\/www.gaveanews.com\/index.php\/2025\/05\/20\/flamengo-e-botafogo-disputam-contratacao-de-atacante\/#primaryimage\"},\"thumbnailUrl\":\"https:\/\/www.gaveanews.com\/wp-content\/uploads\/fachada-do-modulo-profissional-do-ninho-do-urubu-centro-de-treinamento-do-flamengo-1642444901774_v2_1x1.webp\",\"datePublished\":\"2025-05-20T14:20:00+00:00\",\"author\":{\"@id\":\"https:\/\/www.gaveanews.com\/#\/schema\/person\/0eb3e3fe1754f0205218538adbe8f5ed\"},\"breadcrumb\":{\"@id\":\"https:\/\/www.gaveanews.com\/index.php\/2025\/05\/20\/flamengo-e-botafogo-disputam-contratacao-de-atacante\/#breadcrumb\"},\"inLanguage\":\"pt-BR\",\"potentialAction\":[{\"@type\":\"ReadAction\",\"target\":[\"https:\/\/www.gaveanews.com\/index.php\/2025\/05\/20\/flamengo-e-botafogo-disputam-contratacao-de-atacante\/\"]}]},{\"@type\":\"ImageObject\",\"inLanguage\":\"pt-BR\",\"@id\":\"https:\/\/www.gaveanews.com\/index.php\/2025\/05\/20\/flamengo-e-botafogo-disputam-contratacao-de-atacante\/#primaryimage\",\"url\":\"https:\/\/www.gaveanews.com\/wp-content\/uploads\/fachada-do-modulo-profissional-do-ninho-do-urubu-centro-de-treinamento-do-flamengo-1642444901774_v2_1x1.webp\",\"contentUrl\":\"https:\/\/www.gaveanews.com\/wp-content\/uploads\/fachada-do-modulo-profissional-do-ninho-do-urubu-centro-de-treinamento-do-flamengo-1642444901774_v2_1x1.webp\",\"width\":1361,\"height\":1363,\"caption\":\"CT Ninho do Urubu (Foto: Divulga\u00e7\u00e3o Flamengo)\"},{\"@type\":\"BreadcrumbList\",\"@id\":\"https:\/\/www.gaveanews.com\/index.php\/2025\/05\/20\/flamengo-e-botafogo-disputam-contratacao-de-atacante\/#breadcrumb\",\"itemListElement\":[{\"@type\":\"ListItem\",\"position\":1,\"name\":\"Home\",\"item\":\"https:\/\/www.gaveanews.com\/\"},{\"@type\":\"ListItem\",\"position\":2,\"name\":\"Flamengo e Botafogo disputam contrata\u00e7\u00e3o de atacante\"}]},{\"@type\":\"WebSite\",\"@id\":\"https:\/\/www.gaveanews.com\/#website\",\"url\":\"https:\/\/www.gaveanews.com\/\",\"name\":\"G\u00e1vea News\",\"description\":\"Veja todas as not\u00edcias sobre o Flamengo: Contrata\u00e7\u00f5es, categorias de base, resultados das partidas, tabela de classifica\u00e7\u00e3o, pr\u00f3ximos jogos!\",\"potentialAction\":[{\"@type\":\"SearchAction\",\"target\":{\"@type\":\"EntryPoint\",\"urlTemplate\":\"https:\/\/www.gaveanews.com\/?s={search_term_string}\"},\"query-input\":{\"@type\":\"PropertyValueSpecification\",\"valueRequired\":true,\"valueName\":\"search_term_string\"}}],\"inLanguage\":\"pt-BR\"},{\"@type\":\"Person\",\"@id\":\"https:\/\/www.gaveanews.com\/#\/schema\/person\/0eb3e3fe1754f0205218538adbe8f5ed\",\"name\":\"Rafaela Ladeira\",\"image\":{\"@type\":\"ImageObject\",\"inLanguage\":\"pt-BR\",\"@id\":\"https:\/\/www.gaveanews.com\/#\/schema\/person\/image\/\",\"url\":\"https:\/\/secure.gravatar.com\/avatar\/c31f513acffd85eacab5730cbdfdbbf59f21ba5aeada8cd890acea879fbb2455?s=96&d=mm&r=g\",\"contentUrl\":\"https:\/\/secure.gravatar.com\/avatar\/c31f513acffd85eacab5730cbdfdbbf59f21ba5aeada8cd890acea879fbb2455?s=96&d=mm&r=g\",\"caption\":\"Rafaela Ladeira\"}}]}<\/script>\n<!-- \/ Yoast SEO Premium plugin. -->","yoast_head_json":{"title":"Flamengo e Botafogo disputam contrata\u00e7\u00e3o de atacante","robots":{"index":"index","follow":"follow","max-snippet":"max-snippet:-1","max-image-preview":"max-image-preview:large","max-video-preview":"max-video-preview:-1"},"canonical":"https:\/\/www.gaveanews.com\/index.php\/2025\/05\/20\/flamengo-e-botafogo-disputam-contratacao-de-atacante\/","og_locale":"pt_BR","og_type":"article","og_title":"Flamengo e Botafogo disputam contrata\u00e7\u00e3o de atacante","og_description":"A pr\u00f3xima janela de transfer\u00eancias ainda est\u00e1 distante, mas as articula\u00e7\u00f5es nos bastidores j\u00e1 movimentam o mercado da bola. Flamengo e Botafogo, dois dos principais clubes do Rio de Janeiro, protagonizam uma disputa por Wesley, atacante do Al-Nassr. A informa\u00e7\u00e3o foi divulgada pelo \u201cBlog do Diogo Dantas\u201d, do jornal O Globo, e aponta que os [&hellip;]","og_url":"https:\/\/www.gaveanews.com\/index.php\/2025\/05\/20\/flamengo-e-botafogo-disputam-contratacao-de-atacante\/","og_site_name":"G\u00e1vea News","article_publisher":"https:\/\/facebook.com\/gaveaNews\/","article_published_time":"2025-05-20T14:20:00+00:00","og_image":[{"width":1361,"height":1363,"url":"https:\/\/www.gaveanews.com\/wp-content\/uploads\/fachada-do-modulo-profissional-do-ninho-do-urubu-centro-de-treinamento-do-flamengo-1642444901774_v2_1x1.webp","type":"image\/jpeg"}],"author":"Rafaela Ladeira","twitter_card":"summary_large_image","twitter_misc":{"Escrito por":"Rafaela Ladeira","Est. tempo de leitura":"2 minutos"},"schema":{"@context":"https:\/\/schema.org","@graph":[{"@type":"NewsArticle","@id":"https:\/\/www.gaveanews.com\/index.php\/2025\/05\/20\/flamengo-e-botafogo-disputam-contratacao-de-atacante\/#article","isPartOf":{"@id":"https:\/\/www.gaveanews.com\/index.php\/2025\/05\/20\/flamengo-e-botafogo-disputam-contratacao-de-atacante\/"},"author":{"name":"Rafaela Ladeira","@id":"https:\/\/www.gaveanews.com\/#\/schema\/person\/0eb3e3fe1754f0205218538adbe8f5ed"},"headline":"Flamengo e Botafogo disputam contrata\u00e7\u00e3o de atacante","datePublished":"2025-05-20T14:20:00+00:00","mainEntityOfPage":{"@id":"https:\/\/www.gaveanews.com\/index.php\/2025\/05\/20\/flamengo-e-botafogo-disputam-contratacao-de-atacante\/"},"wordCount":354,"commentCount":0,"image":{"@id":"https:\/\/www.gaveanews.com\/index.php\/2025\/05\/20\/flamengo-e-botafogo-disputam-contratacao-de-atacante\/#primaryimage"},"thumbnailUrl":"https:\/\/www.gaveanews.com\/wp-content\/uploads\/fachada-do-modulo-profissional-do-ninho-do-urubu-centro-de-treinamento-do-flamengo-1642444901774_v2_1x1.webp","articleSection":["Flamengo"],"inLanguage":"pt-BR","potentialAction":[{"@type":"CommentAction","name":"Comment","target":["https:\/\/www.gaveanews.com\/index.php\/2025\/05\/20\/flamengo-e-botafogo-disputam-contratacao-de-atacante\/#respond"]}],"copyrightYear":"2025","copyrightHolder":{"@id":"https:\/\/www.gaveanews.com\/#organization"}},{"@type":"WebPage","@id":"https:\/\/www.gaveanews.com\/index.php\/2025\/05\/20\/flamengo-e-botafogo-disputam-contratacao-de-atacante\/","url":"https:\/\/www.gaveanews.com\/index.php\/2025\/05\/20\/flamengo-e-botafogo-disputam-contratacao-de-atacante\/","name":"Flamengo e Botafogo disputam contrata\u00e7\u00e3o de atacante","isPartOf":{"@id":"https:\/\/www.gaveanews.com\/#website"},"primaryImageOfPage":{"@id":"https:\/\/www.gaveanews.com\/index.php\/2025\/05\/20\/flamengo-e-botafogo-disputam-contratacao-de-atacante\/#primaryimage"},"image":{"@id":"https:\/\/www.gaveanews.com\/index.php\/2025\/05\/20\/flamengo-e-botafogo-disputam-contratacao-de-atacante\/#primaryimage"},"thumbnailUrl":"https:\/\/www.gaveanews.com\/wp-content\/uploads\/fachada-do-modulo-profissional-do-ninho-do-urubu-centro-de-treinamento-do-flamengo-1642444901774_v2_1x1.webp","datePublished":"2025-05-20T14:20:00+00:00","author":{"@id":"https:\/\/www.gaveanews.com\/#\/schema\/person\/0eb3e3fe1754f0205218538adbe8f5ed"},"breadcrumb":{"@id":"https:\/\/www.gaveanews.com\/index.php\/2025\/05\/20\/flamengo-e-botafogo-disputam-contratacao-de-atacante\/#breadcrumb"},"inLanguage":"pt-BR","potentialAction":[{"@type":"ReadAction","target":["https:\/\/www.gaveanews.com\/index.php\/2025\/05\/20\/flamengo-e-botafogo-disputam-contratacao-de-atacante\/"]}]},{"@type":"ImageObject","inLanguage":"pt-BR","@id":"https:\/\/www.gaveanews.com\/index.php\/2025\/05\/20\/flamengo-e-botafogo-disputam-contratacao-de-atacante\/#primaryimage","url":"https:\/\/www.gaveanews.com\/wp-content\/uploads\/fachada-do-modulo-profissional-do-ninho-do-urubu-centro-de-treinamento-do-flamengo-1642444901774_v2_1x1.webp","contentUrl":"https:\/\/www.gaveanews.com\/wp-content\/uploads\/fachada-do-modulo-profissional-do-ninho-do-urubu-centro-de-treinamento-do-flamengo-1642444901774_v2_1x1.webp","width":1361,"height":1363,"caption":"CT Ninho do Urubu (Foto: Divulga\u00e7\u00e3o Flamengo)"},{"@type":"BreadcrumbList","@id":"https:\/\/www.gaveanews.com\/index.php\/2025\/05\/20\/flamengo-e-botafogo-disputam-contratacao-de-atacante\/#breadcrumb","itemListElement":[{"@type":"ListItem","position":1,"name":"Home","item":"https:\/\/www.gaveanews.com\/"},{"@type":"ListItem","position":2,"name":"Flamengo e Botafogo disputam contrata\u00e7\u00e3o de atacante"}]},{"@type":"WebSite","@id":"https:\/\/www.gaveanews.com\/#website","url":"https:\/\/www.gaveanews.com\/","name":"G\u00e1vea News","description":"Veja todas as not\u00edcias sobre o Flamengo: Contrata\u00e7\u00f5es, categorias de base, resultados das partidas, tabela de classifica\u00e7\u00e3o, pr\u00f3ximos jogos!","potentialAction":[{"@type":"SearchAction","target":{"@type":"EntryPoint","urlTemplate":"https:\/\/www.gaveanews.com\/?s={search_term_string}"},"query-input":{"@type":"PropertyValueSpecification","valueRequired":true,"valueName":"search_term_string"}}],"inLanguage":"pt-BR"},{"@type":"Person","@id":"https:\/\/www.gaveanews.com\/#\/schema\/person\/0eb3e3fe1754f0205218538adbe8f5ed","name":"Rafaela Ladeira","image":{"@type":"ImageObject","inLanguage":"pt-BR","@id":"https:\/\/www.gaveanews.com\/#\/schema\/person\/image\/","url":"https:\/\/secure.gravatar.com\/avatar\/c31f513acffd85eacab5730cbdfdbbf59f21ba5aeada8cd890acea879fbb2455?s=96&d=mm&r=g","contentUrl":"https:\/\/secure.gravatar.com\/avatar\/c31f513acffd85eacab5730cbdfdbbf59f21ba5aeada8cd890acea879fbb2455?s=96&d=mm&r=g","caption":"Rafaela Ladeira"}}]}},"_links":{"self":[{"href":"https:\/\/www.gaveanews.com\/index.php\/wp-json\/wp\/v2\/posts\/265212","targetHints":{"allow":["GET"]}}],"collection":[{"href":"https:\/\/www.gaveanews.com\/index.php\/wp-json\/wp\/v2\/posts"}],"about":[{"href":"https:\/\/www.gaveanews.com\/index.php\/wp-json\/wp\/v2\/types\/post"}],"author":[{"embeddable":true,"href":"https:\/\/www.gaveanews.com\/index.php\/wp-json\/wp\/v2\/users\/25"}],"replies":[{"embeddable":true,"href":"https:\/\/www.gaveanews.com\/index.php\/wp-json\/wp\/v2\/comments?post=265212"}],"version-history":[{"count":1,"href":"https:\/\/www.gaveanews.com\/index.php\/wp-json\/wp\/v2\/posts\/265212\/revisions"}],"predecessor-version":[{"id":265213,"href":"https:\/\/www.gaveanews.com\/index.php\/wp-json\/wp\/v2\/posts\/265212\/revisions\/265213"}],"wp:featuredmedia":[{"embeddable":true,"href":"https:\/\/www.gaveanews.com\/index.php\/wp-json\/wp\/v2\/media\/213513"}],"wp:attachment":[{"href":"https:\/\/www.gaveanews.com\/index.php\/wp-json\/wp\/v2\/media?parent=265212"}],"wp:term":[{"taxonomy":"category","embeddable":true,"href":"https:\/\/www.gaveanews.com\/index.php\/wp-json\/wp\/v2\/categories?post=265212"},{"taxonomy":"post_tag","embeddable":true,"href":"https:\/\/www.gaveanews.com\/index.php\/wp-json\/wp\/v2\/tags?post=265212"}],"curies":[{"name":"wp","href":"https:\/\/api.w.org\/{rel}","templated":true}]}}