{"id":265216,"date":"2025-05-20T11:40:00","date_gmt":"2025-05-20T14:40:00","guid":{"rendered":"https:\/\/www.gaveanews.com\/?p=265216"},"modified":"2025-05-20T11:13:21","modified_gmt":"2025-05-20T14:13:21","slug":"a-declaracao-de-raphael-veiga-do-palmeiras-direcionada-a-abel-ferreira","status":"publish","type":"post","link":"https:\/\/www.gaveanews.com\/index.php\/2025\/05\/20\/a-declaracao-de-raphael-veiga-do-palmeiras-direcionada-a-abel-ferreira\/","title":{"rendered":"A declara\u00e7\u00e3o de Raphael Veiga, do Palmeiras, direcionada a Abel Ferreira"},"content":{"rendered":"\n<p>O meio-campista Raphael Veiga falou publicamente sobre sua atual situa\u00e7\u00e3o no Palmeiras. Atualmente entre os reservas, o camisa 23 tratou o momento com naturalidade e demonstrou apoio ao t\u00e9cnico Abel Ferreira, al\u00e9m de revelar bastidores do ambiente interno do elenco alviverde.<\/p>\n\n\n\n<p>Veiga, que por anos foi pe\u00e7a-chave no time titular, perdeu espa\u00e7o recentemente. Ap\u00f3s sofrer uma luxa\u00e7\u00e3o no ombro e ficar quase um m\u00eas afastado, ele retornou ao grupo, mas tem sido op\u00e7\u00e3o no banco de reservas nas \u00faltimas partidas. Apesar disso, o jogador n\u00e3o demonstrou qualquer inc\u00f4modo com a escolha do treinador. \u201cO Abel \u00e9 um cara que eu tenho um respeito e uma admira\u00e7\u00e3o muito grandes. Para mim, \u00e9 o cara que mais me ajudou, at\u00e9 porque foi o cara com quem eu mais trabalhei na minha carreira\u201d, afirmou.<\/p>\n\n\n\n<figure class=\"wp-block-image size-large\"><img loading=\"lazy\" decoding=\"async\" width=\"1024\" height=\"576\" src=\"http:\/\/www.gaveanews.com\/wp-content\/uploads\/Abel-Ferreira-e-fotografado-passando-instrucoes-durante-um-jogo-do-Palmeiras-1024x576.webp\" alt=\"\" class=\"wp-image-157845\" srcset=\"https:\/\/www.gaveanews.com\/wp-content\/uploads\/Abel-Ferreira-e-fotografado-passando-instrucoes-durante-um-jogo-do-Palmeiras-1024x576.webp 1024w, https:\/\/www.gaveanews.com\/wp-content\/uploads\/Abel-Ferreira-e-fotografado-passando-instrucoes-durante-um-jogo-do-Palmeiras-300x169.webp 300w, https:\/\/www.gaveanews.com\/wp-content\/uploads\/Abel-Ferreira-e-fotografado-passando-instrucoes-durante-um-jogo-do-Palmeiras-768x432.webp 768w, https:\/\/www.gaveanews.com\/wp-content\/uploads\/Abel-Ferreira-e-fotografado-passando-instrucoes-durante-um-jogo-do-Palmeiras-746x420.webp 746w, https:\/\/www.gaveanews.com\/wp-content\/uploads\/Abel-Ferreira-e-fotografado-passando-instrucoes-durante-um-jogo-do-Palmeiras-1493x840.webp 1493w, https:\/\/www.gaveanews.com\/wp-content\/uploads\/Abel-Ferreira-e-fotografado-passando-instrucoes-durante-um-jogo-do-Palmeiras-640x360.webp 640w, https:\/\/www.gaveanews.com\/wp-content\/uploads\/Abel-Ferreira-e-fotografado-passando-instrucoes-durante-um-jogo-do-Palmeiras-1280x720.webp 1280w, https:\/\/www.gaveanews.com\/wp-content\/uploads\/Abel-Ferreira-e-fotografado-passando-instrucoes-durante-um-jogo-do-Palmeiras-681x383.webp 681w, https:\/\/www.gaveanews.com\/wp-content\/uploads\/Abel-Ferreira-e-fotografado-passando-instrucoes-durante-um-jogo-do-Palmeiras-1362x766.webp 1362w, https:\/\/www.gaveanews.com\/wp-content\/uploads\/Abel-Ferreira-e-fotografado-passando-instrucoes-durante-um-jogo-do-Palmeiras-100x56.webp 100w, https:\/\/www.gaveanews.com\/wp-content\/uploads\/Abel-Ferreira-e-fotografado-passando-instrucoes-durante-um-jogo-do-Palmeiras.webp 1500w\" sizes=\"auto, (max-width: 1024px) 100vw, 1024px\" \/><figcaption class=\"wp-element-caption\">Abel Ferreira \u00e9 fotografado passando instru\u00e7\u00f5es durante um jogo do Palmeiras (Foto: Cesar Greco\/Palmeiras)<\/figcaption><\/figure>\n\n\n\n<p>O Palmeiras vive um excelente momento na temporada. Ap\u00f3s o vice-campeonato estadual, a equipe lidera o Brasileir\u00e3o com folga e mant\u00e9m 100% de aproveitamento na Libertadores. Mesmo sem atuar como titular, Veiga garantiu estar comprometido com o grupo. \u201cColoquei para mim que sempre que pudesse eu ia ajudar e facilitar para que os outros n\u00e3o passassem por aquilo que em alguns momentos eu passei\u201d, declarou.<\/p>\n\n\n\n<p>Conforme relatado pelo pr\u00f3prio jogador, sua contribui\u00e7\u00e3o vai al\u00e9m das quatro linhas. Veiga tem se dedicado a um papel de lideran\u00e7a fora de campo, especialmente no apoio aos atletas mais jovens e aos rec\u00e9m-chegados do exterior. \u201cAjudar os meninos \u00e9 uma quest\u00e3o de eu me colocar no lugar deles, sabe? Os estrangeiros e os mais novos. J\u00e1 passei por esse outro lado, cheguei aqui e era o mais novo do elenco\u201d, contou.<\/p>\n\n\n\n<p>Al\u00e9m disso, Veiga reconheceu que, ao longo da carreira, sentiu falta de algu\u00e9m que o ajudasse a se adaptar nos momentos iniciais no clube. Agora, ele tenta ser essa figura para os novos integrantes do elenco. \u201cEm muitos momentos, sentia que faltava algu\u00e9m para me ajudar em alguns aspectos\u201d, completou o meia.<\/p>\n\n\n\n<p>Enquanto Raphael Veiga segue buscando seu espa\u00e7o entre os titulares, o Palmeiras se prepara para o confronto contra o Red Bull Bragantino, marcado para domingo (18 de maio). Se vencer a partida e contar com trope\u00e7os de Flamengo e Cruzeiro, o clube pode abrir at\u00e9 cinco pontos de vantagem na lideran\u00e7a do Brasileir\u00e3o Betano.<\/p>\n","protected":false},"excerpt":{"rendered":"<p>O meio-campista Raphael Veiga falou publicamente sobre sua atual situa\u00e7\u00e3o no Palmeiras. Atualmente entre os reservas, o camisa 23 tratou o momento com naturalidade e demonstrou apoio ao t\u00e9cnico Abel Ferreira, al\u00e9m de revelar bastidores do ambiente interno do elenco alviverde. Veiga, que por anos foi pe\u00e7a-chave no time titular, perdeu espa\u00e7o recentemente. Ap\u00f3s sofrer [&hellip;]<\/p>\n","protected":false},"author":27,"featured_media":245851,"comment_status":"open","ping_status":"closed","sticky":false,"template":"","format":"standard","meta":{"footnotes":""},"categories":[150],"tags":[],"class_list":["post-265216","post","type-post","status-publish","format-standard","has-post-thumbnail","hentry","category-palmeiras"],"yoast_head":"<!-- This site is optimized with the Yoast SEO Premium plugin v24.2 (Yoast SEO v26.9) - https:\/\/yoast.com\/product\/yoast-seo-premium-wordpress\/ -->\n<title>A declara\u00e7\u00e3o de Raphael Veiga, do Palmeiras, direcionada a Abel Ferreira<\/title>\n<meta name=\"robots\" content=\"index, follow, max-snippet:-1, max-image-preview:large, max-video-preview:-1\" \/>\n<link rel=\"canonical\" href=\"https:\/\/www.gaveanews.com\/index.php\/2025\/05\/20\/a-declaracao-de-raphael-veiga-do-palmeiras-direcionada-a-abel-ferreira\/\" \/>\n<meta property=\"og:locale\" content=\"pt_BR\" \/>\n<meta property=\"og:type\" content=\"article\" \/>\n<meta property=\"og:title\" content=\"A declara\u00e7\u00e3o de Raphael Veiga, do Palmeiras, direcionada a Abel Ferreira\" \/>\n<meta property=\"og:description\" content=\"O meio-campista Raphael Veiga falou publicamente sobre sua atual situa\u00e7\u00e3o no Palmeiras. Atualmente entre os reservas, o camisa 23 tratou o momento com naturalidade e demonstrou apoio ao t\u00e9cnico Abel Ferreira, al\u00e9m de revelar bastidores do ambiente interno do elenco alviverde. Veiga, que por anos foi pe\u00e7a-chave no time titular, perdeu espa\u00e7o recentemente. Ap\u00f3s sofrer [&hellip;]\" \/>\n<meta property=\"og:url\" content=\"https:\/\/www.gaveanews.com\/index.php\/2025\/05\/20\/a-declaracao-de-raphael-veiga-do-palmeiras-direcionada-a-abel-ferreira\/\" \/>\n<meta property=\"og:site_name\" content=\"G\u00e1vea News\" \/>\n<meta property=\"article:publisher\" content=\"https:\/\/facebook.com\/gaveaNews\/\" \/>\n<meta property=\"article:published_time\" content=\"2025-05-20T14:40:00+00:00\" \/>\n<meta property=\"og:image\" content=\"https:\/\/www.gaveanews.com\/wp-content\/uploads\/Raphael-Veiga-pelo-Palmeiras.webp\" \/>\n\t<meta property=\"og:image:width\" content=\"576\" \/>\n\t<meta property=\"og:image:height\" content=\"408\" \/>\n\t<meta property=\"og:image:type\" content=\"image\/jpeg\" \/>\n<meta name=\"author\" content=\"Matheus Felipe\" \/>\n<meta name=\"twitter:card\" content=\"summary_large_image\" \/>\n<meta name=\"twitter:label1\" content=\"Escrito por\" \/>\n\t<meta name=\"twitter:data1\" content=\"Matheus Felipe\" \/>\n\t<meta name=\"twitter:label2\" content=\"Est. tempo de leitura\" \/>\n\t<meta name=\"twitter:data2\" content=\"3 minutos\" \/>\n<script type=\"application\/ld+json\" class=\"yoast-schema-graph\">{\"@context\":\"https:\/\/schema.org\",\"@graph\":[{\"@type\":\"NewsArticle\",\"@id\":\"https:\/\/www.gaveanews.com\/index.php\/2025\/05\/20\/a-declaracao-de-raphael-veiga-do-palmeiras-direcionada-a-abel-ferreira\/#article\",\"isPartOf\":{\"@id\":\"https:\/\/www.gaveanews.com\/index.php\/2025\/05\/20\/a-declaracao-de-raphael-veiga-do-palmeiras-direcionada-a-abel-ferreira\/\"},\"author\":{\"name\":\"Matheus Felipe\",\"@id\":\"https:\/\/www.gaveanews.com\/#\/schema\/person\/8207cd4627f56151707418bfc835b2fb\"},\"headline\":\"A declara\u00e7\u00e3o de Raphael Veiga, do Palmeiras, direcionada a Abel Ferreira\",\"datePublished\":\"2025-05-20T14:40:00+00:00\",\"mainEntityOfPage\":{\"@id\":\"https:\/\/www.gaveanews.com\/index.php\/2025\/05\/20\/a-declaracao-de-raphael-veiga-do-palmeiras-direcionada-a-abel-ferreira\/\"},\"wordCount\":424,\"commentCount\":0,\"image\":{\"@id\":\"https:\/\/www.gaveanews.com\/index.php\/2025\/05\/20\/a-declaracao-de-raphael-veiga-do-palmeiras-direcionada-a-abel-ferreira\/#primaryimage\"},\"thumbnailUrl\":\"https:\/\/www.gaveanews.com\/wp-content\/uploads\/Raphael-Veiga-pelo-Palmeiras.webp\",\"articleSection\":[\"Palmeiras\"],\"inLanguage\":\"pt-BR\",\"potentialAction\":[{\"@type\":\"CommentAction\",\"name\":\"Comment\",\"target\":[\"https:\/\/www.gaveanews.com\/index.php\/2025\/05\/20\/a-declaracao-de-raphael-veiga-do-palmeiras-direcionada-a-abel-ferreira\/#respond\"]}],\"copyrightYear\":\"2025\",\"copyrightHolder\":{\"@id\":\"https:\/\/www.gaveanews.com\/#organization\"}},{\"@type\":\"WebPage\",\"@id\":\"https:\/\/www.gaveanews.com\/index.php\/2025\/05\/20\/a-declaracao-de-raphael-veiga-do-palmeiras-direcionada-a-abel-ferreira\/\",\"url\":\"https:\/\/www.gaveanews.com\/index.php\/2025\/05\/20\/a-declaracao-de-raphael-veiga-do-palmeiras-direcionada-a-abel-ferreira\/\",\"name\":\"A declara\u00e7\u00e3o de Raphael Veiga, do Palmeiras, direcionada a Abel Ferreira\",\"isPartOf\":{\"@id\":\"https:\/\/www.gaveanews.com\/#website\"},\"primaryImageOfPage\":{\"@id\":\"https:\/\/www.gaveanews.com\/index.php\/2025\/05\/20\/a-declaracao-de-raphael-veiga-do-palmeiras-direcionada-a-abel-ferreira\/#primaryimage\"},\"image\":{\"@id\":\"https:\/\/www.gaveanews.com\/index.php\/2025\/05\/20\/a-declaracao-de-raphael-veiga-do-palmeiras-direcionada-a-abel-ferreira\/#primaryimage\"},\"thumbnailUrl\":\"https:\/\/www.gaveanews.com\/wp-content\/uploads\/Raphael-Veiga-pelo-Palmeiras.webp\",\"datePublished\":\"2025-05-20T14:40:00+00:00\",\"author\":{\"@id\":\"https:\/\/www.gaveanews.com\/#\/schema\/person\/8207cd4627f56151707418bfc835b2fb\"},\"breadcrumb\":{\"@id\":\"https:\/\/www.gaveanews.com\/index.php\/2025\/05\/20\/a-declaracao-de-raphael-veiga-do-palmeiras-direcionada-a-abel-ferreira\/#breadcrumb\"},\"inLanguage\":\"pt-BR\",\"potentialAction\":[{\"@type\":\"ReadAction\",\"target\":[\"https:\/\/www.gaveanews.com\/index.php\/2025\/05\/20\/a-declaracao-de-raphael-veiga-do-palmeiras-direcionada-a-abel-ferreira\/\"]}]},{\"@type\":\"ImageObject\",\"inLanguage\":\"pt-BR\",\"@id\":\"https:\/\/www.gaveanews.com\/index.php\/2025\/05\/20\/a-declaracao-de-raphael-veiga-do-palmeiras-direcionada-a-abel-ferreira\/#primaryimage\",\"url\":\"https:\/\/www.gaveanews.com\/wp-content\/uploads\/Raphael-Veiga-pelo-Palmeiras.webp\",\"contentUrl\":\"https:\/\/www.gaveanews.com\/wp-content\/uploads\/Raphael-Veiga-pelo-Palmeiras.webp\",\"width\":576,\"height\":408,\"caption\":\"Raphael Veiga pelo Palmeiras (Foto: Cesar Greco\/Palmeiras\/by Canon)\"},{\"@type\":\"BreadcrumbList\",\"@id\":\"https:\/\/www.gaveanews.com\/index.php\/2025\/05\/20\/a-declaracao-de-raphael-veiga-do-palmeiras-direcionada-a-abel-ferreira\/#breadcrumb\",\"itemListElement\":[{\"@type\":\"ListItem\",\"position\":1,\"name\":\"Home\",\"item\":\"https:\/\/www.gaveanews.com\/\"},{\"@type\":\"ListItem\",\"position\":2,\"name\":\"A declara\u00e7\u00e3o de Raphael Veiga, do Palmeiras, direcionada a Abel Ferreira\"}]},{\"@type\":\"WebSite\",\"@id\":\"https:\/\/www.gaveanews.com\/#website\",\"url\":\"https:\/\/www.gaveanews.com\/\",\"name\":\"G\u00e1vea News\",\"description\":\"Veja todas as not\u00edcias sobre o Flamengo: Contrata\u00e7\u00f5es, categorias de base, resultados das partidas, tabela de classifica\u00e7\u00e3o, pr\u00f3ximos jogos!\",\"potentialAction\":[{\"@type\":\"SearchAction\",\"target\":{\"@type\":\"EntryPoint\",\"urlTemplate\":\"https:\/\/www.gaveanews.com\/?s={search_term_string}\"},\"query-input\":{\"@type\":\"PropertyValueSpecification\",\"valueRequired\":true,\"valueName\":\"search_term_string\"}}],\"inLanguage\":\"pt-BR\"},{\"@type\":\"Person\",\"@id\":\"https:\/\/www.gaveanews.com\/#\/schema\/person\/8207cd4627f56151707418bfc835b2fb\",\"name\":\"Matheus Felipe\",\"image\":{\"@type\":\"ImageObject\",\"inLanguage\":\"pt-BR\",\"@id\":\"https:\/\/www.gaveanews.com\/#\/schema\/person\/image\/\",\"url\":\"https:\/\/secure.gravatar.com\/avatar\/a452ffbed9130f726358b298bb3a99ce4bd3c5338411f8440e87e14d74c7c087?s=96&d=mm&r=g\",\"contentUrl\":\"https:\/\/secure.gravatar.com\/avatar\/a452ffbed9130f726358b298bb3a99ce4bd3c5338411f8440e87e14d74c7c087?s=96&d=mm&r=g\",\"caption\":\"Matheus Felipe\"}}]}<\/script>\n<!-- \/ Yoast SEO Premium plugin. -->","yoast_head_json":{"title":"A declara\u00e7\u00e3o de Raphael Veiga, do Palmeiras, direcionada a Abel Ferreira","robots":{"index":"index","follow":"follow","max-snippet":"max-snippet:-1","max-image-preview":"max-image-preview:large","max-video-preview":"max-video-preview:-1"},"canonical":"https:\/\/www.gaveanews.com\/index.php\/2025\/05\/20\/a-declaracao-de-raphael-veiga-do-palmeiras-direcionada-a-abel-ferreira\/","og_locale":"pt_BR","og_type":"article","og_title":"A declara\u00e7\u00e3o de Raphael Veiga, do Palmeiras, direcionada a Abel Ferreira","og_description":"O meio-campista Raphael Veiga falou publicamente sobre sua atual situa\u00e7\u00e3o no Palmeiras. Atualmente entre os reservas, o camisa 23 tratou o momento com naturalidade e demonstrou apoio ao t\u00e9cnico Abel Ferreira, al\u00e9m de revelar bastidores do ambiente interno do elenco alviverde. Veiga, que por anos foi pe\u00e7a-chave no time titular, perdeu espa\u00e7o recentemente. Ap\u00f3s sofrer [&hellip;]","og_url":"https:\/\/www.gaveanews.com\/index.php\/2025\/05\/20\/a-declaracao-de-raphael-veiga-do-palmeiras-direcionada-a-abel-ferreira\/","og_site_name":"G\u00e1vea News","article_publisher":"https:\/\/facebook.com\/gaveaNews\/","article_published_time":"2025-05-20T14:40:00+00:00","og_image":[{"width":576,"height":408,"url":"https:\/\/www.gaveanews.com\/wp-content\/uploads\/Raphael-Veiga-pelo-Palmeiras.webp","type":"image\/jpeg"}],"author":"Matheus Felipe","twitter_card":"summary_large_image","twitter_misc":{"Escrito por":"Matheus Felipe","Est. tempo de leitura":"3 minutos"},"schema":{"@context":"https:\/\/schema.org","@graph":[{"@type":"NewsArticle","@id":"https:\/\/www.gaveanews.com\/index.php\/2025\/05\/20\/a-declaracao-de-raphael-veiga-do-palmeiras-direcionada-a-abel-ferreira\/#article","isPartOf":{"@id":"https:\/\/www.gaveanews.com\/index.php\/2025\/05\/20\/a-declaracao-de-raphael-veiga-do-palmeiras-direcionada-a-abel-ferreira\/"},"author":{"name":"Matheus Felipe","@id":"https:\/\/www.gaveanews.com\/#\/schema\/person\/8207cd4627f56151707418bfc835b2fb"},"headline":"A declara\u00e7\u00e3o de Raphael Veiga, do Palmeiras, direcionada a Abel Ferreira","datePublished":"2025-05-20T14:40:00+00:00","mainEntityOfPage":{"@id":"https:\/\/www.gaveanews.com\/index.php\/2025\/05\/20\/a-declaracao-de-raphael-veiga-do-palmeiras-direcionada-a-abel-ferreira\/"},"wordCount":424,"commentCount":0,"image":{"@id":"https:\/\/www.gaveanews.com\/index.php\/2025\/05\/20\/a-declaracao-de-raphael-veiga-do-palmeiras-direcionada-a-abel-ferreira\/#primaryimage"},"thumbnailUrl":"https:\/\/www.gaveanews.com\/wp-content\/uploads\/Raphael-Veiga-pelo-Palmeiras.webp","articleSection":["Palmeiras"],"inLanguage":"pt-BR","potentialAction":[{"@type":"CommentAction","name":"Comment","target":["https:\/\/www.gaveanews.com\/index.php\/2025\/05\/20\/a-declaracao-de-raphael-veiga-do-palmeiras-direcionada-a-abel-ferreira\/#respond"]}],"copyrightYear":"2025","copyrightHolder":{"@id":"https:\/\/www.gaveanews.com\/#organization"}},{"@type":"WebPage","@id":"https:\/\/www.gaveanews.com\/index.php\/2025\/05\/20\/a-declaracao-de-raphael-veiga-do-palmeiras-direcionada-a-abel-ferreira\/","url":"https:\/\/www.gaveanews.com\/index.php\/2025\/05\/20\/a-declaracao-de-raphael-veiga-do-palmeiras-direcionada-a-abel-ferreira\/","name":"A declara\u00e7\u00e3o de Raphael Veiga, do Palmeiras, direcionada a Abel Ferreira","isPartOf":{"@id":"https:\/\/www.gaveanews.com\/#website"},"primaryImageOfPage":{"@id":"https:\/\/www.gaveanews.com\/index.php\/2025\/05\/20\/a-declaracao-de-raphael-veiga-do-palmeiras-direcionada-a-abel-ferreira\/#primaryimage"},"image":{"@id":"https:\/\/www.gaveanews.com\/index.php\/2025\/05\/20\/a-declaracao-de-raphael-veiga-do-palmeiras-direcionada-a-abel-ferreira\/#primaryimage"},"thumbnailUrl":"https:\/\/www.gaveanews.com\/wp-content\/uploads\/Raphael-Veiga-pelo-Palmeiras.webp","datePublished":"2025-05-20T14:40:00+00:00","author":{"@id":"https:\/\/www.gaveanews.com\/#\/schema\/person\/8207cd4627f56151707418bfc835b2fb"},"breadcrumb":{"@id":"https:\/\/www.gaveanews.com\/index.php\/2025\/05\/20\/a-declaracao-de-raphael-veiga-do-palmeiras-direcionada-a-abel-ferreira\/#breadcrumb"},"inLanguage":"pt-BR","potentialAction":[{"@type":"ReadAction","target":["https:\/\/www.gaveanews.com\/index.php\/2025\/05\/20\/a-declaracao-de-raphael-veiga-do-palmeiras-direcionada-a-abel-ferreira\/"]}]},{"@type":"ImageObject","inLanguage":"pt-BR","@id":"https:\/\/www.gaveanews.com\/index.php\/2025\/05\/20\/a-declaracao-de-raphael-veiga-do-palmeiras-direcionada-a-abel-ferreira\/#primaryimage","url":"https:\/\/www.gaveanews.com\/wp-content\/uploads\/Raphael-Veiga-pelo-Palmeiras.webp","contentUrl":"https:\/\/www.gaveanews.com\/wp-content\/uploads\/Raphael-Veiga-pelo-Palmeiras.webp","width":576,"height":408,"caption":"Raphael Veiga pelo Palmeiras (Foto: Cesar Greco\/Palmeiras\/by Canon)"},{"@type":"BreadcrumbList","@id":"https:\/\/www.gaveanews.com\/index.php\/2025\/05\/20\/a-declaracao-de-raphael-veiga-do-palmeiras-direcionada-a-abel-ferreira\/#breadcrumb","itemListElement":[{"@type":"ListItem","position":1,"name":"Home","item":"https:\/\/www.gaveanews.com\/"},{"@type":"ListItem","position":2,"name":"A declara\u00e7\u00e3o de Raphael Veiga, do Palmeiras, direcionada a Abel Ferreira"}]},{"@type":"WebSite","@id":"https:\/\/www.gaveanews.com\/#website","url":"https:\/\/www.gaveanews.com\/","name":"G\u00e1vea News","description":"Veja todas as not\u00edcias sobre o Flamengo: Contrata\u00e7\u00f5es, categorias de base, resultados das partidas, tabela de classifica\u00e7\u00e3o, pr\u00f3ximos jogos!","potentialAction":[{"@type":"SearchAction","target":{"@type":"EntryPoint","urlTemplate":"https:\/\/www.gaveanews.com\/?s={search_term_string}"},"query-input":{"@type":"PropertyValueSpecification","valueRequired":true,"valueName":"search_term_string"}}],"inLanguage":"pt-BR"},{"@type":"Person","@id":"https:\/\/www.gaveanews.com\/#\/schema\/person\/8207cd4627f56151707418bfc835b2fb","name":"Matheus Felipe","image":{"@type":"ImageObject","inLanguage":"pt-BR","@id":"https:\/\/www.gaveanews.com\/#\/schema\/person\/image\/","url":"https:\/\/secure.gravatar.com\/avatar\/a452ffbed9130f726358b298bb3a99ce4bd3c5338411f8440e87e14d74c7c087?s=96&d=mm&r=g","contentUrl":"https:\/\/secure.gravatar.com\/avatar\/a452ffbed9130f726358b298bb3a99ce4bd3c5338411f8440e87e14d74c7c087?s=96&d=mm&r=g","caption":"Matheus Felipe"}}]}},"_links":{"self":[{"href":"https:\/\/www.gaveanews.com\/index.php\/wp-json\/wp\/v2\/posts\/265216","targetHints":{"allow":["GET"]}}],"collection":[{"href":"https:\/\/www.gaveanews.com\/index.php\/wp-json\/wp\/v2\/posts"}],"about":[{"href":"https:\/\/www.gaveanews.com\/index.php\/wp-json\/wp\/v2\/types\/post"}],"author":[{"embeddable":true,"href":"https:\/\/www.gaveanews.com\/index.php\/wp-json\/wp\/v2\/users\/27"}],"replies":[{"embeddable":true,"href":"https:\/\/www.gaveanews.com\/index.php\/wp-json\/wp\/v2\/comments?post=265216"}],"version-history":[{"count":1,"href":"https:\/\/www.gaveanews.com\/index.php\/wp-json\/wp\/v2\/posts\/265216\/revisions"}],"predecessor-version":[{"id":265221,"href":"https:\/\/www.gaveanews.com\/index.php\/wp-json\/wp\/v2\/posts\/265216\/revisions\/265221"}],"wp:featuredmedia":[{"embeddable":true,"href":"https:\/\/www.gaveanews.com\/index.php\/wp-json\/wp\/v2\/media\/245851"}],"wp:attachment":[{"href":"https:\/\/www.gaveanews.com\/index.php\/wp-json\/wp\/v2\/media?parent=265216"}],"wp:term":[{"taxonomy":"category","embeddable":true,"href":"https:\/\/www.gaveanews.com\/index.php\/wp-json\/wp\/v2\/categories?post=265216"},{"taxonomy":"post_tag","embeddable":true,"href":"https:\/\/www.gaveanews.com\/index.php\/wp-json\/wp\/v2\/tags?post=265216"}],"curies":[{"name":"wp","href":"https:\/\/api.w.org\/{rel}","templated":true}]}}