{"id":265217,"date":"2025-05-20T11:35:00","date_gmt":"2025-05-20T14:35:00","guid":{"rendered":"https:\/\/www.gaveanews.com\/?p=265217"},"modified":"2025-05-20T11:09:33","modified_gmt":"2025-05-20T14:09:33","slug":"ex-flamengo-emite-nota-oficial-apos-deixar-o-clube","status":"publish","type":"post","link":"https:\/\/www.gaveanews.com\/index.php\/2025\/05\/20\/ex-flamengo-emite-nota-oficial-apos-deixar-o-clube\/","title":{"rendered":"Ex-Flamengo emite nota oficial ap\u00f3s deixar o clube"},"content":{"rendered":"\n<p>A dan\u00e7a das cadeiras no departamento t\u00e9cnico do Flamengo ganhou mais um cap\u00edtulo nesta semana. Com a sa\u00edda de Daniel Alegria, auxiliar de Filipe Lu\u00eds, o clube oficializou a chegada do ex-zagueiro Rodrigo Caio para ocupar o cargo.&nbsp;<\/p>\n\n\n\n<p>A mudan\u00e7a ocorre em meio a ajustes internos promovidos pela diretoria rubro-negra, que tem buscado fortalecer sua comiss\u00e3o t\u00e9cnica visando a sequ\u00eancia da temporada. Com isso, Alegria utilizou suas redes sociais para agradecer ao Flamengo e anunciar sua despedida de forma p\u00fablica.<\/p>\n\n\n\n<h2 class=\"wp-block-heading\" id=\"h-despedida-emocionada-nas-redes-sociais\">Despedida emocionada nas redes sociais<\/h2>\n\n\n\n<p>O ex-auxiliar n\u00e3o deixou passar em branco o encerramento de seu ciclo no clube. Em tom de gratid\u00e3o, ele compartilhou uma mensagem emocionante:<\/p>\n\n\n\n<p>\u201cOBRIGADO FLAMENGO!<\/p>\n\n\n\n<p>Encerrar ciclos faz parte da jornada. Ap\u00f3s um per\u00edodo marcante, me despe\u00e7o do Flamengo, onde tive o privil\u00e9gio de viver intensamente o dia a dia do clube.<\/p>\n\n\n\n<p>Foram meses de entrega, dedica\u00e7\u00e3o e aprendizados valiosos. Trabalhar ao lado de grandes profissionais e atletas que acreditaram nas ideias e confiaram no processo foi, sem d\u00favida, o maior retorno.<\/p>\n\n\n\n<p>Sigo com a certeza de que cada detalhe fez diferen\u00e7a e que tudo teve um prop\u00f3sito.<\/p>\n\n\n\n<p>Agrade\u00e7o ao Clube, Diretoria, \u00e0 Comiss\u00e3o, aos Jogadores e a todos os que estiveram ao lado, dentro e fora de campo.<\/p>\n\n\n\n<p>O jogo nunca para. Que venham os pr\u00f3ximos desafios!\u201d<\/p>\n\n\n\n<h2 class=\"wp-block-heading\" id=\"h-passagem-vitoriosa-da-base-ao-time-principal\">Passagem vitoriosa da base ao time principal<\/h2>\n\n\n\n<p>Vale destacar que Daniel Alegria chegou ao Flamengo em 2023 como auxiliar de Filipe Lu\u00eds na equipe sub-17. Sendo assim, acompanhou o treinador na transi\u00e7\u00e3o para o sub-20 e, posteriormente, ao profissional.&nbsp;<\/p>\n\n\n\n<p>Durante esse per\u00edodo, participou de conquistas importantes, como a Copa do Brasil (2024), a Supercopa do Brasil e o Campeonato Carioca (2025).<\/p>\n\n\n\n<p>Al\u00e9m disso, sua contribui\u00e7\u00e3o foi essencial para a integra\u00e7\u00e3o entre base e time principal, um dos pilares do projeto esportivo rubro-negro.<\/p>\n\n\n\n<h2 class=\"wp-block-heading\" id=\"h-rodrigo-caio-assume-funcao-e-clube-ja-mira-novo-confronto\">Rodrigo Caio assume fun\u00e7\u00e3o e clube j\u00e1 mira novo confronto<\/h2>\n\n\n\n<p>Com a sa\u00edda de Alegria, o Flamengo optou por integrar Rodrigo Caio \u00e0 comiss\u00e3o. O ex-zagueiro conhece bem os bastidores do clube e tem a confian\u00e7a da diretoria. Isso porque sua trajet\u00f3ria como atleta no Meng\u00e3o foi marcada por lideran\u00e7a e entrega dentro de campo.<\/p>\n\n\n\n<p>Portanto, com essa nova forma\u00e7\u00e3o na comiss\u00e3o t\u00e9cnica, o Flamengo se prepara para o pr\u00f3ximo compromisso: o duelo contra o Botafogo-PB, nesta quarta-feira (21), \u00e0s 21h30 (de Bras\u00edlia), no Maracan\u00e3, pela terceira fase da Copa do Brasil.<\/p>\n","protected":false},"excerpt":{"rendered":"<p>A dan\u00e7a das cadeiras no departamento t\u00e9cnico do Flamengo ganhou mais um cap\u00edtulo nesta semana. Com a sa\u00edda de Daniel Alegria, auxiliar de Filipe Lu\u00eds, o clube oficializou a chegada do ex-zagueiro Rodrigo Caio para ocupar o cargo.&nbsp; A mudan\u00e7a ocorre em meio a ajustes internos promovidos pela diretoria rubro-negra, que tem buscado fortalecer sua [&hellip;]<\/p>\n","protected":false},"author":25,"featured_media":124684,"comment_status":"open","ping_status":"closed","sticky":false,"template":"","format":"standard","meta":{"footnotes":""},"categories":[1],"tags":[],"class_list":["post-265217","post","type-post","status-publish","format-standard","has-post-thumbnail","hentry","category-flamengo"],"yoast_head":"<!-- This site is optimized with the Yoast SEO Premium plugin v24.2 (Yoast SEO v26.9) - https:\/\/yoast.com\/product\/yoast-seo-premium-wordpress\/ -->\n<title>Ex-Flamengo emite nota oficial ap\u00f3s deixar o clube<\/title>\n<meta name=\"robots\" content=\"index, follow, max-snippet:-1, max-image-preview:large, max-video-preview:-1\" \/>\n<link rel=\"canonical\" href=\"https:\/\/www.gaveanews.com\/index.php\/2025\/05\/20\/ex-flamengo-emite-nota-oficial-apos-deixar-o-clube\/\" \/>\n<meta property=\"og:locale\" content=\"pt_BR\" \/>\n<meta property=\"og:type\" content=\"article\" \/>\n<meta property=\"og:title\" content=\"Ex-Flamengo emite nota oficial ap\u00f3s deixar o clube\" \/>\n<meta property=\"og:description\" content=\"A dan\u00e7a das cadeiras no departamento t\u00e9cnico do Flamengo ganhou mais um cap\u00edtulo nesta semana. Com a sa\u00edda de Daniel Alegria, auxiliar de Filipe Lu\u00eds, o clube oficializou a chegada do ex-zagueiro Rodrigo Caio para ocupar o cargo.&nbsp; A mudan\u00e7a ocorre em meio a ajustes internos promovidos pela diretoria rubro-negra, que tem buscado fortalecer sua [&hellip;]\" \/>\n<meta property=\"og:url\" content=\"https:\/\/www.gaveanews.com\/index.php\/2025\/05\/20\/ex-flamengo-emite-nota-oficial-apos-deixar-o-clube\/\" \/>\n<meta property=\"og:site_name\" content=\"G\u00e1vea News\" \/>\n<meta property=\"article:publisher\" content=\"https:\/\/facebook.com\/gaveaNews\/\" \/>\n<meta property=\"article:published_time\" content=\"2025-05-20T14:35:00+00:00\" \/>\n<meta property=\"og:image\" content=\"https:\/\/www.gaveanews.com\/wp-content\/uploads\/escudoDoFlamengo.webp\" \/>\n\t<meta property=\"og:image:width\" content=\"1095\" \/>\n\t<meta property=\"og:image:height\" content=\"730\" \/>\n\t<meta property=\"og:image:type\" content=\"image\/webp\" \/>\n<meta name=\"author\" content=\"Rafaela Ladeira\" \/>\n<meta name=\"twitter:card\" content=\"summary_large_image\" \/>\n<meta name=\"twitter:label1\" content=\"Escrito por\" \/>\n\t<meta name=\"twitter:data1\" content=\"Rafaela Ladeira\" \/>\n\t<meta name=\"twitter:label2\" content=\"Est. tempo de leitura\" \/>\n\t<meta name=\"twitter:data2\" content=\"3 minutos\" \/>\n<script type=\"application\/ld+json\" class=\"yoast-schema-graph\">{\"@context\":\"https:\/\/schema.org\",\"@graph\":[{\"@type\":\"NewsArticle\",\"@id\":\"https:\/\/www.gaveanews.com\/index.php\/2025\/05\/20\/ex-flamengo-emite-nota-oficial-apos-deixar-o-clube\/#article\",\"isPartOf\":{\"@id\":\"https:\/\/www.gaveanews.com\/index.php\/2025\/05\/20\/ex-flamengo-emite-nota-oficial-apos-deixar-o-clube\/\"},\"author\":{\"name\":\"Rafaela Ladeira\",\"@id\":\"https:\/\/www.gaveanews.com\/#\/schema\/person\/0eb3e3fe1754f0205218538adbe8f5ed\"},\"headline\":\"Ex-Flamengo emite nota oficial ap\u00f3s deixar o clube\",\"datePublished\":\"2025-05-20T14:35:00+00:00\",\"mainEntityOfPage\":{\"@id\":\"https:\/\/www.gaveanews.com\/index.php\/2025\/05\/20\/ex-flamengo-emite-nota-oficial-apos-deixar-o-clube\/\"},\"wordCount\":433,\"commentCount\":0,\"image\":{\"@id\":\"https:\/\/www.gaveanews.com\/index.php\/2025\/05\/20\/ex-flamengo-emite-nota-oficial-apos-deixar-o-clube\/#primaryimage\"},\"thumbnailUrl\":\"https:\/\/www.gaveanews.com\/wp-content\/uploads\/escudoDoFlamengo.webp\",\"articleSection\":[\"Flamengo\"],\"inLanguage\":\"pt-BR\",\"potentialAction\":[{\"@type\":\"CommentAction\",\"name\":\"Comment\",\"target\":[\"https:\/\/www.gaveanews.com\/index.php\/2025\/05\/20\/ex-flamengo-emite-nota-oficial-apos-deixar-o-clube\/#respond\"]}],\"copyrightYear\":\"2025\",\"copyrightHolder\":{\"@id\":\"https:\/\/www.gaveanews.com\/#organization\"}},{\"@type\":\"WebPage\",\"@id\":\"https:\/\/www.gaveanews.com\/index.php\/2025\/05\/20\/ex-flamengo-emite-nota-oficial-apos-deixar-o-clube\/\",\"url\":\"https:\/\/www.gaveanews.com\/index.php\/2025\/05\/20\/ex-flamengo-emite-nota-oficial-apos-deixar-o-clube\/\",\"name\":\"Ex-Flamengo emite nota oficial ap\u00f3s deixar o clube\",\"isPartOf\":{\"@id\":\"https:\/\/www.gaveanews.com\/#website\"},\"primaryImageOfPage\":{\"@id\":\"https:\/\/www.gaveanews.com\/index.php\/2025\/05\/20\/ex-flamengo-emite-nota-oficial-apos-deixar-o-clube\/#primaryimage\"},\"image\":{\"@id\":\"https:\/\/www.gaveanews.com\/index.php\/2025\/05\/20\/ex-flamengo-emite-nota-oficial-apos-deixar-o-clube\/#primaryimage\"},\"thumbnailUrl\":\"https:\/\/www.gaveanews.com\/wp-content\/uploads\/escudoDoFlamengo.webp\",\"datePublished\":\"2025-05-20T14:35:00+00:00\",\"author\":{\"@id\":\"https:\/\/www.gaveanews.com\/#\/schema\/person\/0eb3e3fe1754f0205218538adbe8f5ed\"},\"breadcrumb\":{\"@id\":\"https:\/\/www.gaveanews.com\/index.php\/2025\/05\/20\/ex-flamengo-emite-nota-oficial-apos-deixar-o-clube\/#breadcrumb\"},\"inLanguage\":\"pt-BR\",\"potentialAction\":[{\"@type\":\"ReadAction\",\"target\":[\"https:\/\/www.gaveanews.com\/index.php\/2025\/05\/20\/ex-flamengo-emite-nota-oficial-apos-deixar-o-clube\/\"]}]},{\"@type\":\"ImageObject\",\"inLanguage\":\"pt-BR\",\"@id\":\"https:\/\/www.gaveanews.com\/index.php\/2025\/05\/20\/ex-flamengo-emite-nota-oficial-apos-deixar-o-clube\/#primaryimage\",\"url\":\"https:\/\/www.gaveanews.com\/wp-content\/uploads\/escudoDoFlamengo.webp\",\"contentUrl\":\"https:\/\/www.gaveanews.com\/wp-content\/uploads\/escudoDoFlamengo.webp\",\"width\":1095,\"height\":730,\"caption\":\"Centro de treinamento do Flamengo (Foto: Reprodu\u00e7\u00e3o)\"},{\"@type\":\"BreadcrumbList\",\"@id\":\"https:\/\/www.gaveanews.com\/index.php\/2025\/05\/20\/ex-flamengo-emite-nota-oficial-apos-deixar-o-clube\/#breadcrumb\",\"itemListElement\":[{\"@type\":\"ListItem\",\"position\":1,\"name\":\"Home\",\"item\":\"https:\/\/www.gaveanews.com\/\"},{\"@type\":\"ListItem\",\"position\":2,\"name\":\"Ex-Flamengo emite nota oficial ap\u00f3s deixar o clube\"}]},{\"@type\":\"WebSite\",\"@id\":\"https:\/\/www.gaveanews.com\/#website\",\"url\":\"https:\/\/www.gaveanews.com\/\",\"name\":\"G\u00e1vea News\",\"description\":\"Veja todas as not\u00edcias sobre o Flamengo: Contrata\u00e7\u00f5es, categorias de base, resultados das partidas, tabela de classifica\u00e7\u00e3o, pr\u00f3ximos jogos!\",\"potentialAction\":[{\"@type\":\"SearchAction\",\"target\":{\"@type\":\"EntryPoint\",\"urlTemplate\":\"https:\/\/www.gaveanews.com\/?s={search_term_string}\"},\"query-input\":{\"@type\":\"PropertyValueSpecification\",\"valueRequired\":true,\"valueName\":\"search_term_string\"}}],\"inLanguage\":\"pt-BR\"},{\"@type\":\"Person\",\"@id\":\"https:\/\/www.gaveanews.com\/#\/schema\/person\/0eb3e3fe1754f0205218538adbe8f5ed\",\"name\":\"Rafaela Ladeira\",\"image\":{\"@type\":\"ImageObject\",\"inLanguage\":\"pt-BR\",\"@id\":\"https:\/\/www.gaveanews.com\/#\/schema\/person\/image\/\",\"url\":\"https:\/\/secure.gravatar.com\/avatar\/c31f513acffd85eacab5730cbdfdbbf59f21ba5aeada8cd890acea879fbb2455?s=96&d=mm&r=g\",\"contentUrl\":\"https:\/\/secure.gravatar.com\/avatar\/c31f513acffd85eacab5730cbdfdbbf59f21ba5aeada8cd890acea879fbb2455?s=96&d=mm&r=g\",\"caption\":\"Rafaela Ladeira\"}}]}<\/script>\n<!-- \/ Yoast SEO Premium plugin. -->","yoast_head_json":{"title":"Ex-Flamengo emite nota oficial ap\u00f3s deixar o clube","robots":{"index":"index","follow":"follow","max-snippet":"max-snippet:-1","max-image-preview":"max-image-preview:large","max-video-preview":"max-video-preview:-1"},"canonical":"https:\/\/www.gaveanews.com\/index.php\/2025\/05\/20\/ex-flamengo-emite-nota-oficial-apos-deixar-o-clube\/","og_locale":"pt_BR","og_type":"article","og_title":"Ex-Flamengo emite nota oficial ap\u00f3s deixar o clube","og_description":"A dan\u00e7a das cadeiras no departamento t\u00e9cnico do Flamengo ganhou mais um cap\u00edtulo nesta semana. Com a sa\u00edda de Daniel Alegria, auxiliar de Filipe Lu\u00eds, o clube oficializou a chegada do ex-zagueiro Rodrigo Caio para ocupar o cargo.&nbsp; A mudan\u00e7a ocorre em meio a ajustes internos promovidos pela diretoria rubro-negra, que tem buscado fortalecer sua [&hellip;]","og_url":"https:\/\/www.gaveanews.com\/index.php\/2025\/05\/20\/ex-flamengo-emite-nota-oficial-apos-deixar-o-clube\/","og_site_name":"G\u00e1vea News","article_publisher":"https:\/\/facebook.com\/gaveaNews\/","article_published_time":"2025-05-20T14:35:00+00:00","og_image":[{"width":1095,"height":730,"url":"https:\/\/www.gaveanews.com\/wp-content\/uploads\/escudoDoFlamengo.webp","type":"image\/webp"}],"author":"Rafaela Ladeira","twitter_card":"summary_large_image","twitter_misc":{"Escrito por":"Rafaela Ladeira","Est. tempo de leitura":"3 minutos"},"schema":{"@context":"https:\/\/schema.org","@graph":[{"@type":"NewsArticle","@id":"https:\/\/www.gaveanews.com\/index.php\/2025\/05\/20\/ex-flamengo-emite-nota-oficial-apos-deixar-o-clube\/#article","isPartOf":{"@id":"https:\/\/www.gaveanews.com\/index.php\/2025\/05\/20\/ex-flamengo-emite-nota-oficial-apos-deixar-o-clube\/"},"author":{"name":"Rafaela Ladeira","@id":"https:\/\/www.gaveanews.com\/#\/schema\/person\/0eb3e3fe1754f0205218538adbe8f5ed"},"headline":"Ex-Flamengo emite nota oficial ap\u00f3s deixar o clube","datePublished":"2025-05-20T14:35:00+00:00","mainEntityOfPage":{"@id":"https:\/\/www.gaveanews.com\/index.php\/2025\/05\/20\/ex-flamengo-emite-nota-oficial-apos-deixar-o-clube\/"},"wordCount":433,"commentCount":0,"image":{"@id":"https:\/\/www.gaveanews.com\/index.php\/2025\/05\/20\/ex-flamengo-emite-nota-oficial-apos-deixar-o-clube\/#primaryimage"},"thumbnailUrl":"https:\/\/www.gaveanews.com\/wp-content\/uploads\/escudoDoFlamengo.webp","articleSection":["Flamengo"],"inLanguage":"pt-BR","potentialAction":[{"@type":"CommentAction","name":"Comment","target":["https:\/\/www.gaveanews.com\/index.php\/2025\/05\/20\/ex-flamengo-emite-nota-oficial-apos-deixar-o-clube\/#respond"]}],"copyrightYear":"2025","copyrightHolder":{"@id":"https:\/\/www.gaveanews.com\/#organization"}},{"@type":"WebPage","@id":"https:\/\/www.gaveanews.com\/index.php\/2025\/05\/20\/ex-flamengo-emite-nota-oficial-apos-deixar-o-clube\/","url":"https:\/\/www.gaveanews.com\/index.php\/2025\/05\/20\/ex-flamengo-emite-nota-oficial-apos-deixar-o-clube\/","name":"Ex-Flamengo emite nota oficial ap\u00f3s deixar o clube","isPartOf":{"@id":"https:\/\/www.gaveanews.com\/#website"},"primaryImageOfPage":{"@id":"https:\/\/www.gaveanews.com\/index.php\/2025\/05\/20\/ex-flamengo-emite-nota-oficial-apos-deixar-o-clube\/#primaryimage"},"image":{"@id":"https:\/\/www.gaveanews.com\/index.php\/2025\/05\/20\/ex-flamengo-emite-nota-oficial-apos-deixar-o-clube\/#primaryimage"},"thumbnailUrl":"https:\/\/www.gaveanews.com\/wp-content\/uploads\/escudoDoFlamengo.webp","datePublished":"2025-05-20T14:35:00+00:00","author":{"@id":"https:\/\/www.gaveanews.com\/#\/schema\/person\/0eb3e3fe1754f0205218538adbe8f5ed"},"breadcrumb":{"@id":"https:\/\/www.gaveanews.com\/index.php\/2025\/05\/20\/ex-flamengo-emite-nota-oficial-apos-deixar-o-clube\/#breadcrumb"},"inLanguage":"pt-BR","potentialAction":[{"@type":"ReadAction","target":["https:\/\/www.gaveanews.com\/index.php\/2025\/05\/20\/ex-flamengo-emite-nota-oficial-apos-deixar-o-clube\/"]}]},{"@type":"ImageObject","inLanguage":"pt-BR","@id":"https:\/\/www.gaveanews.com\/index.php\/2025\/05\/20\/ex-flamengo-emite-nota-oficial-apos-deixar-o-clube\/#primaryimage","url":"https:\/\/www.gaveanews.com\/wp-content\/uploads\/escudoDoFlamengo.webp","contentUrl":"https:\/\/www.gaveanews.com\/wp-content\/uploads\/escudoDoFlamengo.webp","width":1095,"height":730,"caption":"Centro de treinamento do Flamengo (Foto: Reprodu\u00e7\u00e3o)"},{"@type":"BreadcrumbList","@id":"https:\/\/www.gaveanews.com\/index.php\/2025\/05\/20\/ex-flamengo-emite-nota-oficial-apos-deixar-o-clube\/#breadcrumb","itemListElement":[{"@type":"ListItem","position":1,"name":"Home","item":"https:\/\/www.gaveanews.com\/"},{"@type":"ListItem","position":2,"name":"Ex-Flamengo emite nota oficial ap\u00f3s deixar o clube"}]},{"@type":"WebSite","@id":"https:\/\/www.gaveanews.com\/#website","url":"https:\/\/www.gaveanews.com\/","name":"G\u00e1vea News","description":"Veja todas as not\u00edcias sobre o Flamengo: Contrata\u00e7\u00f5es, categorias de base, resultados das partidas, tabela de classifica\u00e7\u00e3o, pr\u00f3ximos jogos!","potentialAction":[{"@type":"SearchAction","target":{"@type":"EntryPoint","urlTemplate":"https:\/\/www.gaveanews.com\/?s={search_term_string}"},"query-input":{"@type":"PropertyValueSpecification","valueRequired":true,"valueName":"search_term_string"}}],"inLanguage":"pt-BR"},{"@type":"Person","@id":"https:\/\/www.gaveanews.com\/#\/schema\/person\/0eb3e3fe1754f0205218538adbe8f5ed","name":"Rafaela Ladeira","image":{"@type":"ImageObject","inLanguage":"pt-BR","@id":"https:\/\/www.gaveanews.com\/#\/schema\/person\/image\/","url":"https:\/\/secure.gravatar.com\/avatar\/c31f513acffd85eacab5730cbdfdbbf59f21ba5aeada8cd890acea879fbb2455?s=96&d=mm&r=g","contentUrl":"https:\/\/secure.gravatar.com\/avatar\/c31f513acffd85eacab5730cbdfdbbf59f21ba5aeada8cd890acea879fbb2455?s=96&d=mm&r=g","caption":"Rafaela Ladeira"}}]}},"_links":{"self":[{"href":"https:\/\/www.gaveanews.com\/index.php\/wp-json\/wp\/v2\/posts\/265217","targetHints":{"allow":["GET"]}}],"collection":[{"href":"https:\/\/www.gaveanews.com\/index.php\/wp-json\/wp\/v2\/posts"}],"about":[{"href":"https:\/\/www.gaveanews.com\/index.php\/wp-json\/wp\/v2\/types\/post"}],"author":[{"embeddable":true,"href":"https:\/\/www.gaveanews.com\/index.php\/wp-json\/wp\/v2\/users\/25"}],"replies":[{"embeddable":true,"href":"https:\/\/www.gaveanews.com\/index.php\/wp-json\/wp\/v2\/comments?post=265217"}],"version-history":[{"count":1,"href":"https:\/\/www.gaveanews.com\/index.php\/wp-json\/wp\/v2\/posts\/265217\/revisions"}],"predecessor-version":[{"id":265219,"href":"https:\/\/www.gaveanews.com\/index.php\/wp-json\/wp\/v2\/posts\/265217\/revisions\/265219"}],"wp:featuredmedia":[{"embeddable":true,"href":"https:\/\/www.gaveanews.com\/index.php\/wp-json\/wp\/v2\/media\/124684"}],"wp:attachment":[{"href":"https:\/\/www.gaveanews.com\/index.php\/wp-json\/wp\/v2\/media?parent=265217"}],"wp:term":[{"taxonomy":"category","embeddable":true,"href":"https:\/\/www.gaveanews.com\/index.php\/wp-json\/wp\/v2\/categories?post=265217"},{"taxonomy":"post_tag","embeddable":true,"href":"https:\/\/www.gaveanews.com\/index.php\/wp-json\/wp\/v2\/tags?post=265217"}],"curies":[{"name":"wp","href":"https:\/\/api.w.org\/{rel}","templated":true}]}}