{"id":265306,"date":"2025-05-20T15:15:00","date_gmt":"2025-05-20T18:15:00","guid":{"rendered":"https:\/\/www.gaveanews.com\/?p=265306"},"modified":"2025-05-20T13:02:03","modified_gmt":"2025-05-20T16:02:03","slug":"a-declaracao-de-casagrande-direcionada-a-neymar-do-santos-3","status":"publish","type":"post","link":"https:\/\/www.gaveanews.com\/index.php\/2025\/05\/20\/a-declaracao-de-casagrande-direcionada-a-neymar-do-santos-3\/","title":{"rendered":"A declara\u00e7\u00e3o de Casagrande direcionada a Neymar, do Santos"},"content":{"rendered":"\n<p>A aus\u00eancia de Neymar na derrota do Santos para o Corinthians, no \u00faltimo domingo (18), gerou forte repercuss\u00e3o ap\u00f3s declara\u00e7\u00f5es do comentarista Walter Casagrande. Enquanto o time santista era superado na Neo Qu\u00edmica Arena, o atacante marcou presen\u00e7a na final da Kings League Brazil, realizada no Allianz Parque, para acompanhar a equipe FURIA, da qual \u00e9 presidente.<\/p>\n\n\n\n<p>A postura do camisa 10 n\u00e3o agradou Casagrande, que, em tom cr\u00edtico, apontou a atitude como desrespeitosa. \u201cO Neymar n\u00e3o est\u00e1 nem a\u00ed para o Santos\u201d, afirmou. Segundo ele, o atleta deveria ter demonstrado mais envolvimento com o clube, sobretudo em um confronto considerado dif\u00edcil contra o arquirrival paulista.<\/p>\n\n\n\n<figure class=\"wp-block-image size-full\"><img loading=\"lazy\" decoding=\"async\" width=\"829\" height=\"397\" src=\"http:\/\/www.gaveanews.com\/wp-content\/uploads\/Casagrande-comentarista-do-Grupo-Globo.webp\" alt=\"\" class=\"wp-image-66729\" srcset=\"https:\/\/www.gaveanews.com\/wp-content\/uploads\/Casagrande-comentarista-do-Grupo-Globo.webp 829w, https:\/\/www.gaveanews.com\/wp-content\/uploads\/Casagrande-comentarista-do-Grupo-Globo-300x144.webp 300w, https:\/\/www.gaveanews.com\/wp-content\/uploads\/Casagrande-comentarista-do-Grupo-Globo-768x368.webp 768w, https:\/\/www.gaveanews.com\/wp-content\/uploads\/Casagrande-comentarista-do-Grupo-Globo-640x306.webp 640w, https:\/\/www.gaveanews.com\/wp-content\/uploads\/Casagrande-comentarista-do-Grupo-Globo-681x326.webp 681w, https:\/\/www.gaveanews.com\/wp-content\/uploads\/Casagrande-comentarista-do-Grupo-Globo-100x48.webp 100w\" sizes=\"auto, (max-width: 829px) 100vw, 829px\" \/><figcaption class=\"wp-element-caption\">Casagrande (Foto: Reprodu\u00e7\u00e3o\/SporTV)<\/figcaption><\/figure>\n\n\n\n<p>Casagrande foi al\u00e9m nas cr\u00edticas e ironizou o envolvimento de Neymar com a FURIA. \u201cVi imagens dele gritando, pulando, sorrindo, xingando&#8230; se entregando para a FURIA\u201d, comentou. O ex-jogador ainda sugeriu que o comprometimento do atacante com o Santos \u00e9 m\u00ednimo: \u201cPara ele, o Santos \u00e9 s\u00f3 um clube de praia [&#8230;] s\u00f3 vai quando quer\u201d.<\/p>\n\n\n\n<p>Atualmente, Neymar est\u00e1 em fase final de recupera\u00e7\u00e3o de uma les\u00e3o na coxa esquerda, sofrida em abril, durante partida contra o Atl\u00e9tico. Ele est\u00e1 fora dos gramados h\u00e1 cerca de um m\u00eas, mas pode ficar \u00e0 disposi\u00e7\u00e3o do t\u00e9cnico Cleber Xavier para o duelo contra o CRB, nesta quarta-feira (21), pela terceira fase da Copa do Brasil.<\/p>\n\n\n\n<p>Desde que retornou ao futebol brasileiro, o jogador disputou nove partidas com a camisa do Santos, marcou tr\u00eas gols e deu tr\u00eas assist\u00eancias. Apesar da contribui\u00e7\u00e3o em campo, o envolvimento extracampo vem sendo questionado, principalmente por epis\u00f3dios como o do fim de semana.<\/p>\n\n\n\n<p>O epis\u00f3dio reacende debates sobre a rela\u00e7\u00e3o entre \u00eddolos e clubes formadores. Embora tenha sido revelado pelas categorias de base do Santos, Neymar tem priorizado outros compromissos, o que, conforme Casagrande, representa uma quebra de v\u00ednculo com o torcedor santista. Afinal, em dias decisivos, a presen\u00e7a de l\u00edderes \u00e9, acima de tudo, simb\u00f3lica.<\/p>\n","protected":false},"excerpt":{"rendered":"<p>A aus\u00eancia de Neymar na derrota do Santos para o Corinthians, no \u00faltimo domingo (18), gerou forte repercuss\u00e3o ap\u00f3s declara\u00e7\u00f5es do comentarista Walter Casagrande. Enquanto o time santista era superado na Neo Qu\u00edmica Arena, o atacante marcou presen\u00e7a na final da Kings League Brazil, realizada no Allianz Parque, para acompanhar a equipe FURIA, da qual [&hellip;]<\/p>\n","protected":false},"author":27,"featured_media":244445,"comment_status":"open","ping_status":"closed","sticky":false,"template":"","format":"standard","meta":{"footnotes":""},"categories":[139],"tags":[],"class_list":["post-265306","post","type-post","status-publish","format-standard","has-post-thumbnail","hentry","category-santos"],"yoast_head":"<!-- This site is optimized with the Yoast SEO Premium plugin v24.2 (Yoast SEO v26.9) - https:\/\/yoast.com\/product\/yoast-seo-premium-wordpress\/ -->\n<title>A declara\u00e7\u00e3o de Casagrande direcionada a Neymar, do Santos<\/title>\n<meta name=\"robots\" content=\"index, follow, max-snippet:-1, max-image-preview:large, max-video-preview:-1\" \/>\n<link rel=\"canonical\" href=\"https:\/\/www.gaveanews.com\/index.php\/2025\/05\/20\/a-declaracao-de-casagrande-direcionada-a-neymar-do-santos-3\/\" \/>\n<meta property=\"og:locale\" content=\"pt_BR\" \/>\n<meta property=\"og:type\" content=\"article\" \/>\n<meta property=\"og:title\" content=\"A declara\u00e7\u00e3o de Casagrande direcionada a Neymar, do Santos\" \/>\n<meta property=\"og:description\" content=\"A aus\u00eancia de Neymar na derrota do Santos para o Corinthians, no \u00faltimo domingo (18), gerou forte repercuss\u00e3o ap\u00f3s declara\u00e7\u00f5es do comentarista Walter Casagrande. Enquanto o time santista era superado na Neo Qu\u00edmica Arena, o atacante marcou presen\u00e7a na final da Kings League Brazil, realizada no Allianz Parque, para acompanhar a equipe FURIA, da qual [&hellip;]\" \/>\n<meta property=\"og:url\" content=\"https:\/\/www.gaveanews.com\/index.php\/2025\/05\/20\/a-declaracao-de-casagrande-direcionada-a-neymar-do-santos-3\/\" \/>\n<meta property=\"og:site_name\" content=\"G\u00e1vea News\" \/>\n<meta property=\"article:publisher\" content=\"https:\/\/facebook.com\/gaveaNews\/\" \/>\n<meta property=\"article:published_time\" content=\"2025-05-20T18:15:00+00:00\" \/>\n<meta property=\"og:image\" content=\"https:\/\/www.gaveanews.com\/wp-content\/uploads\/Neymar-em-acao-com-a-camisa-do-Santos-em-2025.webp\" \/>\n\t<meta property=\"og:image:width\" content=\"900\" \/>\n\t<meta property=\"og:image:height\" content=\"600\" \/>\n\t<meta property=\"og:image:type\" content=\"image\/jpeg\" \/>\n<meta name=\"author\" content=\"Matheus Felipe\" \/>\n<meta name=\"twitter:card\" content=\"summary_large_image\" \/>\n<meta name=\"twitter:label1\" content=\"Escrito por\" \/>\n\t<meta name=\"twitter:data1\" content=\"Matheus Felipe\" \/>\n\t<meta name=\"twitter:label2\" content=\"Est. tempo de leitura\" \/>\n\t<meta name=\"twitter:data2\" content=\"3 minutos\" \/>\n<script type=\"application\/ld+json\" class=\"yoast-schema-graph\">{\"@context\":\"https:\/\/schema.org\",\"@graph\":[{\"@type\":\"NewsArticle\",\"@id\":\"https:\/\/www.gaveanews.com\/index.php\/2025\/05\/20\/a-declaracao-de-casagrande-direcionada-a-neymar-do-santos-3\/#article\",\"isPartOf\":{\"@id\":\"https:\/\/www.gaveanews.com\/index.php\/2025\/05\/20\/a-declaracao-de-casagrande-direcionada-a-neymar-do-santos-3\/\"},\"author\":{\"name\":\"Matheus Felipe\",\"@id\":\"https:\/\/www.gaveanews.com\/#\/schema\/person\/8207cd4627f56151707418bfc835b2fb\"},\"headline\":\"A declara\u00e7\u00e3o de Casagrande direcionada a Neymar, do Santos\",\"datePublished\":\"2025-05-20T18:15:00+00:00\",\"mainEntityOfPage\":{\"@id\":\"https:\/\/www.gaveanews.com\/index.php\/2025\/05\/20\/a-declaracao-de-casagrande-direcionada-a-neymar-do-santos-3\/\"},\"wordCount\":351,\"commentCount\":0,\"image\":{\"@id\":\"https:\/\/www.gaveanews.com\/index.php\/2025\/05\/20\/a-declaracao-de-casagrande-direcionada-a-neymar-do-santos-3\/#primaryimage\"},\"thumbnailUrl\":\"https:\/\/www.gaveanews.com\/wp-content\/uploads\/Neymar-em-acao-com-a-camisa-do-Santos-em-2025.webp\",\"articleSection\":[\"Santos\"],\"inLanguage\":\"pt-BR\",\"potentialAction\":[{\"@type\":\"CommentAction\",\"name\":\"Comment\",\"target\":[\"https:\/\/www.gaveanews.com\/index.php\/2025\/05\/20\/a-declaracao-de-casagrande-direcionada-a-neymar-do-santos-3\/#respond\"]}],\"copyrightYear\":\"2025\",\"copyrightHolder\":{\"@id\":\"https:\/\/www.gaveanews.com\/#organization\"}},{\"@type\":\"WebPage\",\"@id\":\"https:\/\/www.gaveanews.com\/index.php\/2025\/05\/20\/a-declaracao-de-casagrande-direcionada-a-neymar-do-santos-3\/\",\"url\":\"https:\/\/www.gaveanews.com\/index.php\/2025\/05\/20\/a-declaracao-de-casagrande-direcionada-a-neymar-do-santos-3\/\",\"name\":\"A declara\u00e7\u00e3o de Casagrande direcionada a Neymar, do Santos\",\"isPartOf\":{\"@id\":\"https:\/\/www.gaveanews.com\/#website\"},\"primaryImageOfPage\":{\"@id\":\"https:\/\/www.gaveanews.com\/index.php\/2025\/05\/20\/a-declaracao-de-casagrande-direcionada-a-neymar-do-santos-3\/#primaryimage\"},\"image\":{\"@id\":\"https:\/\/www.gaveanews.com\/index.php\/2025\/05\/20\/a-declaracao-de-casagrande-direcionada-a-neymar-do-santos-3\/#primaryimage\"},\"thumbnailUrl\":\"https:\/\/www.gaveanews.com\/wp-content\/uploads\/Neymar-em-acao-com-a-camisa-do-Santos-em-2025.webp\",\"datePublished\":\"2025-05-20T18:15:00+00:00\",\"author\":{\"@id\":\"https:\/\/www.gaveanews.com\/#\/schema\/person\/8207cd4627f56151707418bfc835b2fb\"},\"breadcrumb\":{\"@id\":\"https:\/\/www.gaveanews.com\/index.php\/2025\/05\/20\/a-declaracao-de-casagrande-direcionada-a-neymar-do-santos-3\/#breadcrumb\"},\"inLanguage\":\"pt-BR\",\"potentialAction\":[{\"@type\":\"ReadAction\",\"target\":[\"https:\/\/www.gaveanews.com\/index.php\/2025\/05\/20\/a-declaracao-de-casagrande-direcionada-a-neymar-do-santos-3\/\"]}]},{\"@type\":\"ImageObject\",\"inLanguage\":\"pt-BR\",\"@id\":\"https:\/\/www.gaveanews.com\/index.php\/2025\/05\/20\/a-declaracao-de-casagrande-direcionada-a-neymar-do-santos-3\/#primaryimage\",\"url\":\"https:\/\/www.gaveanews.com\/wp-content\/uploads\/Neymar-em-acao-com-a-camisa-do-Santos-em-2025.webp\",\"contentUrl\":\"https:\/\/www.gaveanews.com\/wp-content\/uploads\/Neymar-em-acao-com-a-camisa-do-Santos-em-2025.webp\",\"width\":900,\"height\":600,\"caption\":\"Neymar em a\u00e7\u00e3o com a camisa do Santos em 2025 (Foto: Raul Baretta\/ Santos FC)\"},{\"@type\":\"BreadcrumbList\",\"@id\":\"https:\/\/www.gaveanews.com\/index.php\/2025\/05\/20\/a-declaracao-de-casagrande-direcionada-a-neymar-do-santos-3\/#breadcrumb\",\"itemListElement\":[{\"@type\":\"ListItem\",\"position\":1,\"name\":\"Home\",\"item\":\"https:\/\/www.gaveanews.com\/\"},{\"@type\":\"ListItem\",\"position\":2,\"name\":\"A declara\u00e7\u00e3o de Casagrande direcionada a Neymar, do Santos\"}]},{\"@type\":\"WebSite\",\"@id\":\"https:\/\/www.gaveanews.com\/#website\",\"url\":\"https:\/\/www.gaveanews.com\/\",\"name\":\"G\u00e1vea News\",\"description\":\"Veja todas as not\u00edcias sobre o Flamengo: Contrata\u00e7\u00f5es, categorias de base, resultados das partidas, tabela de classifica\u00e7\u00e3o, pr\u00f3ximos jogos!\",\"potentialAction\":[{\"@type\":\"SearchAction\",\"target\":{\"@type\":\"EntryPoint\",\"urlTemplate\":\"https:\/\/www.gaveanews.com\/?s={search_term_string}\"},\"query-input\":{\"@type\":\"PropertyValueSpecification\",\"valueRequired\":true,\"valueName\":\"search_term_string\"}}],\"inLanguage\":\"pt-BR\"},{\"@type\":\"Person\",\"@id\":\"https:\/\/www.gaveanews.com\/#\/schema\/person\/8207cd4627f56151707418bfc835b2fb\",\"name\":\"Matheus Felipe\",\"image\":{\"@type\":\"ImageObject\",\"inLanguage\":\"pt-BR\",\"@id\":\"https:\/\/www.gaveanews.com\/#\/schema\/person\/image\/\",\"url\":\"https:\/\/secure.gravatar.com\/avatar\/a452ffbed9130f726358b298bb3a99ce4bd3c5338411f8440e87e14d74c7c087?s=96&d=mm&r=g\",\"contentUrl\":\"https:\/\/secure.gravatar.com\/avatar\/a452ffbed9130f726358b298bb3a99ce4bd3c5338411f8440e87e14d74c7c087?s=96&d=mm&r=g\",\"caption\":\"Matheus Felipe\"}}]}<\/script>\n<!-- \/ Yoast SEO Premium plugin. -->","yoast_head_json":{"title":"A declara\u00e7\u00e3o de Casagrande direcionada a Neymar, do Santos","robots":{"index":"index","follow":"follow","max-snippet":"max-snippet:-1","max-image-preview":"max-image-preview:large","max-video-preview":"max-video-preview:-1"},"canonical":"https:\/\/www.gaveanews.com\/index.php\/2025\/05\/20\/a-declaracao-de-casagrande-direcionada-a-neymar-do-santos-3\/","og_locale":"pt_BR","og_type":"article","og_title":"A declara\u00e7\u00e3o de Casagrande direcionada a Neymar, do Santos","og_description":"A aus\u00eancia de Neymar na derrota do Santos para o Corinthians, no \u00faltimo domingo (18), gerou forte repercuss\u00e3o ap\u00f3s declara\u00e7\u00f5es do comentarista Walter Casagrande. Enquanto o time santista era superado na Neo Qu\u00edmica Arena, o atacante marcou presen\u00e7a na final da Kings League Brazil, realizada no Allianz Parque, para acompanhar a equipe FURIA, da qual [&hellip;]","og_url":"https:\/\/www.gaveanews.com\/index.php\/2025\/05\/20\/a-declaracao-de-casagrande-direcionada-a-neymar-do-santos-3\/","og_site_name":"G\u00e1vea News","article_publisher":"https:\/\/facebook.com\/gaveaNews\/","article_published_time":"2025-05-20T18:15:00+00:00","og_image":[{"width":900,"height":600,"url":"https:\/\/www.gaveanews.com\/wp-content\/uploads\/Neymar-em-acao-com-a-camisa-do-Santos-em-2025.webp","type":"image\/jpeg"}],"author":"Matheus Felipe","twitter_card":"summary_large_image","twitter_misc":{"Escrito por":"Matheus Felipe","Est. tempo de leitura":"3 minutos"},"schema":{"@context":"https:\/\/schema.org","@graph":[{"@type":"NewsArticle","@id":"https:\/\/www.gaveanews.com\/index.php\/2025\/05\/20\/a-declaracao-de-casagrande-direcionada-a-neymar-do-santos-3\/#article","isPartOf":{"@id":"https:\/\/www.gaveanews.com\/index.php\/2025\/05\/20\/a-declaracao-de-casagrande-direcionada-a-neymar-do-santos-3\/"},"author":{"name":"Matheus Felipe","@id":"https:\/\/www.gaveanews.com\/#\/schema\/person\/8207cd4627f56151707418bfc835b2fb"},"headline":"A declara\u00e7\u00e3o de Casagrande direcionada a Neymar, do Santos","datePublished":"2025-05-20T18:15:00+00:00","mainEntityOfPage":{"@id":"https:\/\/www.gaveanews.com\/index.php\/2025\/05\/20\/a-declaracao-de-casagrande-direcionada-a-neymar-do-santos-3\/"},"wordCount":351,"commentCount":0,"image":{"@id":"https:\/\/www.gaveanews.com\/index.php\/2025\/05\/20\/a-declaracao-de-casagrande-direcionada-a-neymar-do-santos-3\/#primaryimage"},"thumbnailUrl":"https:\/\/www.gaveanews.com\/wp-content\/uploads\/Neymar-em-acao-com-a-camisa-do-Santos-em-2025.webp","articleSection":["Santos"],"inLanguage":"pt-BR","potentialAction":[{"@type":"CommentAction","name":"Comment","target":["https:\/\/www.gaveanews.com\/index.php\/2025\/05\/20\/a-declaracao-de-casagrande-direcionada-a-neymar-do-santos-3\/#respond"]}],"copyrightYear":"2025","copyrightHolder":{"@id":"https:\/\/www.gaveanews.com\/#organization"}},{"@type":"WebPage","@id":"https:\/\/www.gaveanews.com\/index.php\/2025\/05\/20\/a-declaracao-de-casagrande-direcionada-a-neymar-do-santos-3\/","url":"https:\/\/www.gaveanews.com\/index.php\/2025\/05\/20\/a-declaracao-de-casagrande-direcionada-a-neymar-do-santos-3\/","name":"A declara\u00e7\u00e3o de Casagrande direcionada a Neymar, do Santos","isPartOf":{"@id":"https:\/\/www.gaveanews.com\/#website"},"primaryImageOfPage":{"@id":"https:\/\/www.gaveanews.com\/index.php\/2025\/05\/20\/a-declaracao-de-casagrande-direcionada-a-neymar-do-santos-3\/#primaryimage"},"image":{"@id":"https:\/\/www.gaveanews.com\/index.php\/2025\/05\/20\/a-declaracao-de-casagrande-direcionada-a-neymar-do-santos-3\/#primaryimage"},"thumbnailUrl":"https:\/\/www.gaveanews.com\/wp-content\/uploads\/Neymar-em-acao-com-a-camisa-do-Santos-em-2025.webp","datePublished":"2025-05-20T18:15:00+00:00","author":{"@id":"https:\/\/www.gaveanews.com\/#\/schema\/person\/8207cd4627f56151707418bfc835b2fb"},"breadcrumb":{"@id":"https:\/\/www.gaveanews.com\/index.php\/2025\/05\/20\/a-declaracao-de-casagrande-direcionada-a-neymar-do-santos-3\/#breadcrumb"},"inLanguage":"pt-BR","potentialAction":[{"@type":"ReadAction","target":["https:\/\/www.gaveanews.com\/index.php\/2025\/05\/20\/a-declaracao-de-casagrande-direcionada-a-neymar-do-santos-3\/"]}]},{"@type":"ImageObject","inLanguage":"pt-BR","@id":"https:\/\/www.gaveanews.com\/index.php\/2025\/05\/20\/a-declaracao-de-casagrande-direcionada-a-neymar-do-santos-3\/#primaryimage","url":"https:\/\/www.gaveanews.com\/wp-content\/uploads\/Neymar-em-acao-com-a-camisa-do-Santos-em-2025.webp","contentUrl":"https:\/\/www.gaveanews.com\/wp-content\/uploads\/Neymar-em-acao-com-a-camisa-do-Santos-em-2025.webp","width":900,"height":600,"caption":"Neymar em a\u00e7\u00e3o com a camisa do Santos em 2025 (Foto: Raul Baretta\/ Santos FC)"},{"@type":"BreadcrumbList","@id":"https:\/\/www.gaveanews.com\/index.php\/2025\/05\/20\/a-declaracao-de-casagrande-direcionada-a-neymar-do-santos-3\/#breadcrumb","itemListElement":[{"@type":"ListItem","position":1,"name":"Home","item":"https:\/\/www.gaveanews.com\/"},{"@type":"ListItem","position":2,"name":"A declara\u00e7\u00e3o de Casagrande direcionada a Neymar, do Santos"}]},{"@type":"WebSite","@id":"https:\/\/www.gaveanews.com\/#website","url":"https:\/\/www.gaveanews.com\/","name":"G\u00e1vea News","description":"Veja todas as not\u00edcias sobre o Flamengo: Contrata\u00e7\u00f5es, categorias de base, resultados das partidas, tabela de classifica\u00e7\u00e3o, pr\u00f3ximos jogos!","potentialAction":[{"@type":"SearchAction","target":{"@type":"EntryPoint","urlTemplate":"https:\/\/www.gaveanews.com\/?s={search_term_string}"},"query-input":{"@type":"PropertyValueSpecification","valueRequired":true,"valueName":"search_term_string"}}],"inLanguage":"pt-BR"},{"@type":"Person","@id":"https:\/\/www.gaveanews.com\/#\/schema\/person\/8207cd4627f56151707418bfc835b2fb","name":"Matheus Felipe","image":{"@type":"ImageObject","inLanguage":"pt-BR","@id":"https:\/\/www.gaveanews.com\/#\/schema\/person\/image\/","url":"https:\/\/secure.gravatar.com\/avatar\/a452ffbed9130f726358b298bb3a99ce4bd3c5338411f8440e87e14d74c7c087?s=96&d=mm&r=g","contentUrl":"https:\/\/secure.gravatar.com\/avatar\/a452ffbed9130f726358b298bb3a99ce4bd3c5338411f8440e87e14d74c7c087?s=96&d=mm&r=g","caption":"Matheus Felipe"}}]}},"_links":{"self":[{"href":"https:\/\/www.gaveanews.com\/index.php\/wp-json\/wp\/v2\/posts\/265306","targetHints":{"allow":["GET"]}}],"collection":[{"href":"https:\/\/www.gaveanews.com\/index.php\/wp-json\/wp\/v2\/posts"}],"about":[{"href":"https:\/\/www.gaveanews.com\/index.php\/wp-json\/wp\/v2\/types\/post"}],"author":[{"embeddable":true,"href":"https:\/\/www.gaveanews.com\/index.php\/wp-json\/wp\/v2\/users\/27"}],"replies":[{"embeddable":true,"href":"https:\/\/www.gaveanews.com\/index.php\/wp-json\/wp\/v2\/comments?post=265306"}],"version-history":[{"count":1,"href":"https:\/\/www.gaveanews.com\/index.php\/wp-json\/wp\/v2\/posts\/265306\/revisions"}],"predecessor-version":[{"id":265308,"href":"https:\/\/www.gaveanews.com\/index.php\/wp-json\/wp\/v2\/posts\/265306\/revisions\/265308"}],"wp:featuredmedia":[{"embeddable":true,"href":"https:\/\/www.gaveanews.com\/index.php\/wp-json\/wp\/v2\/media\/244445"}],"wp:attachment":[{"href":"https:\/\/www.gaveanews.com\/index.php\/wp-json\/wp\/v2\/media?parent=265306"}],"wp:term":[{"taxonomy":"category","embeddable":true,"href":"https:\/\/www.gaveanews.com\/index.php\/wp-json\/wp\/v2\/categories?post=265306"},{"taxonomy":"post_tag","embeddable":true,"href":"https:\/\/www.gaveanews.com\/index.php\/wp-json\/wp\/v2\/tags?post=265306"}],"curies":[{"name":"wp","href":"https:\/\/api.w.org\/{rel}","templated":true}]}}