{"id":265456,"date":"2025-05-20T21:00:00","date_gmt":"2025-05-21T00:00:00","guid":{"rendered":"https:\/\/www.gaveanews.com\/?p=265456"},"modified":"2025-05-20T17:45:09","modified_gmt":"2025-05-20T20:45:09","slug":"neymar-alavanca-audiencia-da-cazetv","status":"publish","type":"post","link":"https:\/\/www.gaveanews.com\/index.php\/2025\/05\/20\/neymar-alavanca-audiencia-da-cazetv\/","title":{"rendered":"Neymar alavanca audi\u00eancia da Caz\u00e9TV"},"content":{"rendered":"\n<p>A final da primeira edi\u00e7\u00e3o da Kings League Brasil, realizada no domingo (18), transformou-se em um fen\u00f4meno de audi\u00eancia para a Caz\u00e9TV. A plataforma atingiu um pico de 900 mil espectadores simult\u00e2neos e obteve m\u00e9dia de 635 mil durante toda a transmiss\u00e3o. Esse desempenho consolidou a posi\u00e7\u00e3o do canal como uma das principais vitrines da nova modalidade no cen\u00e1rio nacional.<\/p>\n\n\n\n<p>A partida, disputada no Allianz Parque, em S\u00e3o Paulo, entre Furia \u2014 comandada por Neymar e Cris Guedes \u2014 e Dendele \u2014 liderada por Luqueta e Paulinho \u2014 terminou empatada por 5 a 5 no tempo regulamentar e foi decidida nos shootouts. <\/p>\n\n\n\n<p>A equipe da Furia saiu vencedora diante de mais de 40 mil torcedores presentes no est\u00e1dio, al\u00e9m de influenciadores, atletas e artistas que marcaram presen\u00e7a nas arquibancadas.<\/p>\n\n\n\n<h4 class=\"wp-block-heading\" id=\"h-cazetv-e-o-modelo-de-transmissao-inovador\">Caz\u00e9TV e o modelo de transmiss\u00e3o inovador<\/h4>\n\n\n\n<p>Certamente, o sucesso n\u00e3o se deve apenas ao n\u00famero de espectadores, mas tamb\u00e9m \u00e0 forma como o conte\u00fado foi apresentado. A Kings League Brasil adotou um formato interativo, com regras alternativas, cartas especiais e ampla participa\u00e7\u00e3o do p\u00fablico nas redes sociais. <\/p>\n\n\n\n<p>A final, em particular, registrou alto \u00edndice de engajamento digital, com rea\u00e7\u00f5es em tempo real e grande volume de compartilhamentos.<\/p>\n\n\n\n<p>Assim sendo, a Caz\u00e9TV mostrou-se como uma plataforma prop\u00edcia para essa proposta din\u00e2mica, ali\u00e1s, contribuindo para uma nova maneira de consumir esportes online. Conforme os dados de audi\u00eancia e intera\u00e7\u00e3o, a transmiss\u00e3o superou at\u00e9 mesmo eventos mais tradicionais do futebol brasileiro.<\/p>\n\n\n\n<h4 class=\"wp-block-heading\" id=\"h-repercussao-e-continuidade-do-projeto\">Repercuss\u00e3o e continuidade do projeto<\/h4>\n\n\n\n<p>A visibilidade alcan\u00e7ada durante a competi\u00e7\u00e3o refor\u00e7a a posi\u00e7\u00e3o da Caz\u00e9TV no ecossistema do esporte digital. A t\u00edtulo de compara\u00e7\u00e3o, \u00e9 poss\u00edvel afirmar que a final da liga obteve n\u00edveis de audi\u00eancia equivalentes aos de grandes transmiss\u00f5es televisivas. <\/p>\n\n\n\n<p>O planejamento da plataforma segue em ritmo acelerado. A partir de 1\u00ba de junho, a Caz\u00e9TV transmitir\u00e1 ao vivo a Copa do Mundo de Clubes da Kings League, diretamente de Paris. A competi\u00e7\u00e3o reunir\u00e1 equipes da Am\u00e9rica Latina, Europa e outras regi\u00f5es, incluindo as j\u00e1 conhecidas Furia, Dendele, Fluxo e G3X.<\/p>\n\n\n\n<h4 class=\"wp-block-heading\" id=\"h-engajamento-como-diferencial-estrategico\">Engajamento como diferencial estrat\u00e9gico<\/h4>\n\n\n\n<p>A audi\u00eancia expressiva e o engajamento massivo refor\u00e7am o papel da Caz\u00e9TV como protagonista em um cen\u00e1rio cada vez mais orientado ao consumo digital. Apesar das pol\u00eamicas iniciais envolvendo o novo modelo de disputa, a Kings League conseguiu contornar resist\u00eancias e, inegavelmente, conquistou o p\u00fablico brasileiro.<\/p>\n\n\n\n<p>\u201cEssa decis\u00e3o entrou para a hist\u00f3ria\u201d, relatou a imprensa esportiva ao destacar os n\u00fameros obtidos na transmiss\u00e3o da final. De fato, o desempenho da Caz\u00e9TV representa um marco n\u00e3o apenas para a plataforma, mas tamb\u00e9m para as futuras iniciativas de esportes alternativos no Brasil.<\/p>\n","protected":false},"excerpt":{"rendered":"<p>A final da primeira edi\u00e7\u00e3o da Kings League Brasil, realizada no domingo (18), transformou-se em um fen\u00f4meno de audi\u00eancia para a Caz\u00e9TV. A plataforma atingiu um pico de 900 mil espectadores simult\u00e2neos e obteve m\u00e9dia de 635 mil durante toda a transmiss\u00e3o. Esse desempenho consolidou a posi\u00e7\u00e3o do canal como uma das principais vitrines da [&hellip;]<\/p>\n","protected":false},"author":30,"featured_media":255254,"comment_status":"open","ping_status":"closed","sticky":false,"template":"","format":"standard","meta":{"footnotes":""},"categories":[478,81,47,139],"tags":[],"class_list":["post-265456","post","type-post","status-publish","format-standard","has-post-thumbnail","hentry","category-brasil","category-celebridades","category-destaques","category-santos"],"yoast_head":"<!-- This site is optimized with the Yoast SEO Premium plugin v24.2 (Yoast SEO v26.9) - https:\/\/yoast.com\/product\/yoast-seo-premium-wordpress\/ -->\n<title>Neymar alavanca audi\u00eancia da Caz\u00e9TV<\/title>\n<meta name=\"robots\" content=\"index, follow, max-snippet:-1, max-image-preview:large, max-video-preview:-1\" \/>\n<link rel=\"canonical\" href=\"https:\/\/www.gaveanews.com\/index.php\/2025\/05\/20\/neymar-alavanca-audiencia-da-cazetv\/\" \/>\n<meta property=\"og:locale\" content=\"pt_BR\" \/>\n<meta property=\"og:type\" content=\"article\" \/>\n<meta property=\"og:title\" content=\"Neymar alavanca audi\u00eancia da Caz\u00e9TV\" \/>\n<meta property=\"og:description\" content=\"A final da primeira edi\u00e7\u00e3o da Kings League Brasil, realizada no domingo (18), transformou-se em um fen\u00f4meno de audi\u00eancia para a Caz\u00e9TV. A plataforma atingiu um pico de 900 mil espectadores simult\u00e2neos e obteve m\u00e9dia de 635 mil durante toda a transmiss\u00e3o. Esse desempenho consolidou a posi\u00e7\u00e3o do canal como uma das principais vitrines da [&hellip;]\" \/>\n<meta property=\"og:url\" content=\"https:\/\/www.gaveanews.com\/index.php\/2025\/05\/20\/neymar-alavanca-audiencia-da-cazetv\/\" \/>\n<meta property=\"og:site_name\" content=\"G\u00e1vea News\" \/>\n<meta property=\"article:publisher\" content=\"https:\/\/facebook.com\/gaveaNews\/\" \/>\n<meta property=\"article:published_time\" content=\"2025-05-21T00:00:00+00:00\" \/>\n<meta property=\"og:image\" content=\"https:\/\/www.gaveanews.com\/wp-content\/uploads\/Neymar-em-atuacao-pelo-Santos-na-Vila-Belmiro.webp\" \/>\n\t<meta property=\"og:image:width\" content=\"1200\" \/>\n\t<meta property=\"og:image:height\" content=\"800\" \/>\n\t<meta property=\"og:image:type\" content=\"image\/png\" \/>\n<meta name=\"author\" content=\"Ana Teixeira\" \/>\n<meta name=\"twitter:card\" content=\"summary_large_image\" \/>\n<meta name=\"twitter:label1\" content=\"Escrito por\" \/>\n\t<meta name=\"twitter:data1\" content=\"Ana Teixeira\" \/>\n\t<meta name=\"twitter:label2\" content=\"Est. tempo de leitura\" \/>\n\t<meta name=\"twitter:data2\" content=\"3 minutos\" \/>\n<script type=\"application\/ld+json\" class=\"yoast-schema-graph\">{\"@context\":\"https:\/\/schema.org\",\"@graph\":[{\"@type\":\"NewsArticle\",\"@id\":\"https:\/\/www.gaveanews.com\/index.php\/2025\/05\/20\/neymar-alavanca-audiencia-da-cazetv\/#article\",\"isPartOf\":{\"@id\":\"https:\/\/www.gaveanews.com\/index.php\/2025\/05\/20\/neymar-alavanca-audiencia-da-cazetv\/\"},\"author\":{\"name\":\"Ana Teixeira\",\"@id\":\"https:\/\/www.gaveanews.com\/#\/schema\/person\/3b19f7288b0ce20372991275e4f2e6c2\"},\"headline\":\"Neymar alavanca audi\u00eancia da Caz\u00e9TV\",\"datePublished\":\"2025-05-21T00:00:00+00:00\",\"mainEntityOfPage\":{\"@id\":\"https:\/\/www.gaveanews.com\/index.php\/2025\/05\/20\/neymar-alavanca-audiencia-da-cazetv\/\"},\"wordCount\":481,\"commentCount\":0,\"image\":{\"@id\":\"https:\/\/www.gaveanews.com\/index.php\/2025\/05\/20\/neymar-alavanca-audiencia-da-cazetv\/#primaryimage\"},\"thumbnailUrl\":\"https:\/\/www.gaveanews.com\/wp-content\/uploads\/Neymar-em-atuacao-pelo-Santos-na-Vila-Belmiro.webp\",\"articleSection\":[\"Brasil\",\"Celebridades\",\"Destaques\",\"Santos\"],\"inLanguage\":\"pt-BR\",\"potentialAction\":[{\"@type\":\"CommentAction\",\"name\":\"Comment\",\"target\":[\"https:\/\/www.gaveanews.com\/index.php\/2025\/05\/20\/neymar-alavanca-audiencia-da-cazetv\/#respond\"]}],\"copyrightYear\":\"2025\",\"copyrightHolder\":{\"@id\":\"https:\/\/www.gaveanews.com\/#organization\"}},{\"@type\":\"WebPage\",\"@id\":\"https:\/\/www.gaveanews.com\/index.php\/2025\/05\/20\/neymar-alavanca-audiencia-da-cazetv\/\",\"url\":\"https:\/\/www.gaveanews.com\/index.php\/2025\/05\/20\/neymar-alavanca-audiencia-da-cazetv\/\",\"name\":\"Neymar alavanca audi\u00eancia da Caz\u00e9TV\",\"isPartOf\":{\"@id\":\"https:\/\/www.gaveanews.com\/#website\"},\"primaryImageOfPage\":{\"@id\":\"https:\/\/www.gaveanews.com\/index.php\/2025\/05\/20\/neymar-alavanca-audiencia-da-cazetv\/#primaryimage\"},\"image\":{\"@id\":\"https:\/\/www.gaveanews.com\/index.php\/2025\/05\/20\/neymar-alavanca-audiencia-da-cazetv\/#primaryimage\"},\"thumbnailUrl\":\"https:\/\/www.gaveanews.com\/wp-content\/uploads\/Neymar-em-atuacao-pelo-Santos-na-Vila-Belmiro.webp\",\"datePublished\":\"2025-05-21T00:00:00+00:00\",\"author\":{\"@id\":\"https:\/\/www.gaveanews.com\/#\/schema\/person\/3b19f7288b0ce20372991275e4f2e6c2\"},\"breadcrumb\":{\"@id\":\"https:\/\/www.gaveanews.com\/index.php\/2025\/05\/20\/neymar-alavanca-audiencia-da-cazetv\/#breadcrumb\"},\"inLanguage\":\"pt-BR\",\"potentialAction\":[{\"@type\":\"ReadAction\",\"target\":[\"https:\/\/www.gaveanews.com\/index.php\/2025\/05\/20\/neymar-alavanca-audiencia-da-cazetv\/\"]}]},{\"@type\":\"ImageObject\",\"inLanguage\":\"pt-BR\",\"@id\":\"https:\/\/www.gaveanews.com\/index.php\/2025\/05\/20\/neymar-alavanca-audiencia-da-cazetv\/#primaryimage\",\"url\":\"https:\/\/www.gaveanews.com\/wp-content\/uploads\/Neymar-em-atuacao-pelo-Santos-na-Vila-Belmiro.webp\",\"contentUrl\":\"https:\/\/www.gaveanews.com\/wp-content\/uploads\/Neymar-em-atuacao-pelo-Santos-na-Vila-Belmiro.webp\",\"width\":1200,\"height\":800,\"caption\":\"Neymar em atua\u00e7\u00e3o pelo Santos na Vila Belmiro - Fotos: Raul Baretta\/ Santos FC.\"},{\"@type\":\"BreadcrumbList\",\"@id\":\"https:\/\/www.gaveanews.com\/index.php\/2025\/05\/20\/neymar-alavanca-audiencia-da-cazetv\/#breadcrumb\",\"itemListElement\":[{\"@type\":\"ListItem\",\"position\":1,\"name\":\"Home\",\"item\":\"https:\/\/www.gaveanews.com\/\"},{\"@type\":\"ListItem\",\"position\":2,\"name\":\"Neymar alavanca audi\u00eancia da Caz\u00e9TV\"}]},{\"@type\":\"WebSite\",\"@id\":\"https:\/\/www.gaveanews.com\/#website\",\"url\":\"https:\/\/www.gaveanews.com\/\",\"name\":\"G\u00e1vea News\",\"description\":\"Veja todas as not\u00edcias sobre o Flamengo: Contrata\u00e7\u00f5es, categorias de base, resultados das partidas, tabela de classifica\u00e7\u00e3o, pr\u00f3ximos jogos!\",\"potentialAction\":[{\"@type\":\"SearchAction\",\"target\":{\"@type\":\"EntryPoint\",\"urlTemplate\":\"https:\/\/www.gaveanews.com\/?s={search_term_string}\"},\"query-input\":{\"@type\":\"PropertyValueSpecification\",\"valueRequired\":true,\"valueName\":\"search_term_string\"}}],\"inLanguage\":\"pt-BR\"},{\"@type\":\"Person\",\"@id\":\"https:\/\/www.gaveanews.com\/#\/schema\/person\/3b19f7288b0ce20372991275e4f2e6c2\",\"name\":\"Ana Teixeira\",\"image\":{\"@type\":\"ImageObject\",\"inLanguage\":\"pt-BR\",\"@id\":\"https:\/\/www.gaveanews.com\/#\/schema\/person\/image\/\",\"url\":\"https:\/\/secure.gravatar.com\/avatar\/0a73f5a5258f3fed37fc2fa641892f3f7a4748456d4d4792f9bc550e6c19e06c?s=96&d=mm&r=g\",\"contentUrl\":\"https:\/\/secure.gravatar.com\/avatar\/0a73f5a5258f3fed37fc2fa641892f3f7a4748456d4d4792f9bc550e6c19e06c?s=96&d=mm&r=g\",\"caption\":\"Ana Teixeira\"}}]}<\/script>\n<!-- \/ Yoast SEO Premium plugin. -->","yoast_head_json":{"title":"Neymar alavanca audi\u00eancia da Caz\u00e9TV","robots":{"index":"index","follow":"follow","max-snippet":"max-snippet:-1","max-image-preview":"max-image-preview:large","max-video-preview":"max-video-preview:-1"},"canonical":"https:\/\/www.gaveanews.com\/index.php\/2025\/05\/20\/neymar-alavanca-audiencia-da-cazetv\/","og_locale":"pt_BR","og_type":"article","og_title":"Neymar alavanca audi\u00eancia da Caz\u00e9TV","og_description":"A final da primeira edi\u00e7\u00e3o da Kings League Brasil, realizada no domingo (18), transformou-se em um fen\u00f4meno de audi\u00eancia para a Caz\u00e9TV. A plataforma atingiu um pico de 900 mil espectadores simult\u00e2neos e obteve m\u00e9dia de 635 mil durante toda a transmiss\u00e3o. Esse desempenho consolidou a posi\u00e7\u00e3o do canal como uma das principais vitrines da [&hellip;]","og_url":"https:\/\/www.gaveanews.com\/index.php\/2025\/05\/20\/neymar-alavanca-audiencia-da-cazetv\/","og_site_name":"G\u00e1vea News","article_publisher":"https:\/\/facebook.com\/gaveaNews\/","article_published_time":"2025-05-21T00:00:00+00:00","og_image":[{"width":1200,"height":800,"url":"https:\/\/www.gaveanews.com\/wp-content\/uploads\/Neymar-em-atuacao-pelo-Santos-na-Vila-Belmiro.webp","type":"image\/png"}],"author":"Ana Teixeira","twitter_card":"summary_large_image","twitter_misc":{"Escrito por":"Ana Teixeira","Est. tempo de leitura":"3 minutos"},"schema":{"@context":"https:\/\/schema.org","@graph":[{"@type":"NewsArticle","@id":"https:\/\/www.gaveanews.com\/index.php\/2025\/05\/20\/neymar-alavanca-audiencia-da-cazetv\/#article","isPartOf":{"@id":"https:\/\/www.gaveanews.com\/index.php\/2025\/05\/20\/neymar-alavanca-audiencia-da-cazetv\/"},"author":{"name":"Ana Teixeira","@id":"https:\/\/www.gaveanews.com\/#\/schema\/person\/3b19f7288b0ce20372991275e4f2e6c2"},"headline":"Neymar alavanca audi\u00eancia da Caz\u00e9TV","datePublished":"2025-05-21T00:00:00+00:00","mainEntityOfPage":{"@id":"https:\/\/www.gaveanews.com\/index.php\/2025\/05\/20\/neymar-alavanca-audiencia-da-cazetv\/"},"wordCount":481,"commentCount":0,"image":{"@id":"https:\/\/www.gaveanews.com\/index.php\/2025\/05\/20\/neymar-alavanca-audiencia-da-cazetv\/#primaryimage"},"thumbnailUrl":"https:\/\/www.gaveanews.com\/wp-content\/uploads\/Neymar-em-atuacao-pelo-Santos-na-Vila-Belmiro.webp","articleSection":["Brasil","Celebridades","Destaques","Santos"],"inLanguage":"pt-BR","potentialAction":[{"@type":"CommentAction","name":"Comment","target":["https:\/\/www.gaveanews.com\/index.php\/2025\/05\/20\/neymar-alavanca-audiencia-da-cazetv\/#respond"]}],"copyrightYear":"2025","copyrightHolder":{"@id":"https:\/\/www.gaveanews.com\/#organization"}},{"@type":"WebPage","@id":"https:\/\/www.gaveanews.com\/index.php\/2025\/05\/20\/neymar-alavanca-audiencia-da-cazetv\/","url":"https:\/\/www.gaveanews.com\/index.php\/2025\/05\/20\/neymar-alavanca-audiencia-da-cazetv\/","name":"Neymar alavanca audi\u00eancia da Caz\u00e9TV","isPartOf":{"@id":"https:\/\/www.gaveanews.com\/#website"},"primaryImageOfPage":{"@id":"https:\/\/www.gaveanews.com\/index.php\/2025\/05\/20\/neymar-alavanca-audiencia-da-cazetv\/#primaryimage"},"image":{"@id":"https:\/\/www.gaveanews.com\/index.php\/2025\/05\/20\/neymar-alavanca-audiencia-da-cazetv\/#primaryimage"},"thumbnailUrl":"https:\/\/www.gaveanews.com\/wp-content\/uploads\/Neymar-em-atuacao-pelo-Santos-na-Vila-Belmiro.webp","datePublished":"2025-05-21T00:00:00+00:00","author":{"@id":"https:\/\/www.gaveanews.com\/#\/schema\/person\/3b19f7288b0ce20372991275e4f2e6c2"},"breadcrumb":{"@id":"https:\/\/www.gaveanews.com\/index.php\/2025\/05\/20\/neymar-alavanca-audiencia-da-cazetv\/#breadcrumb"},"inLanguage":"pt-BR","potentialAction":[{"@type":"ReadAction","target":["https:\/\/www.gaveanews.com\/index.php\/2025\/05\/20\/neymar-alavanca-audiencia-da-cazetv\/"]}]},{"@type":"ImageObject","inLanguage":"pt-BR","@id":"https:\/\/www.gaveanews.com\/index.php\/2025\/05\/20\/neymar-alavanca-audiencia-da-cazetv\/#primaryimage","url":"https:\/\/www.gaveanews.com\/wp-content\/uploads\/Neymar-em-atuacao-pelo-Santos-na-Vila-Belmiro.webp","contentUrl":"https:\/\/www.gaveanews.com\/wp-content\/uploads\/Neymar-em-atuacao-pelo-Santos-na-Vila-Belmiro.webp","width":1200,"height":800,"caption":"Neymar em atua\u00e7\u00e3o pelo Santos na Vila Belmiro - Fotos: Raul Baretta\/ Santos FC."},{"@type":"BreadcrumbList","@id":"https:\/\/www.gaveanews.com\/index.php\/2025\/05\/20\/neymar-alavanca-audiencia-da-cazetv\/#breadcrumb","itemListElement":[{"@type":"ListItem","position":1,"name":"Home","item":"https:\/\/www.gaveanews.com\/"},{"@type":"ListItem","position":2,"name":"Neymar alavanca audi\u00eancia da Caz\u00e9TV"}]},{"@type":"WebSite","@id":"https:\/\/www.gaveanews.com\/#website","url":"https:\/\/www.gaveanews.com\/","name":"G\u00e1vea News","description":"Veja todas as not\u00edcias sobre o Flamengo: Contrata\u00e7\u00f5es, categorias de base, resultados das partidas, tabela de classifica\u00e7\u00e3o, pr\u00f3ximos jogos!","potentialAction":[{"@type":"SearchAction","target":{"@type":"EntryPoint","urlTemplate":"https:\/\/www.gaveanews.com\/?s={search_term_string}"},"query-input":{"@type":"PropertyValueSpecification","valueRequired":true,"valueName":"search_term_string"}}],"inLanguage":"pt-BR"},{"@type":"Person","@id":"https:\/\/www.gaveanews.com\/#\/schema\/person\/3b19f7288b0ce20372991275e4f2e6c2","name":"Ana Teixeira","image":{"@type":"ImageObject","inLanguage":"pt-BR","@id":"https:\/\/www.gaveanews.com\/#\/schema\/person\/image\/","url":"https:\/\/secure.gravatar.com\/avatar\/0a73f5a5258f3fed37fc2fa641892f3f7a4748456d4d4792f9bc550e6c19e06c?s=96&d=mm&r=g","contentUrl":"https:\/\/secure.gravatar.com\/avatar\/0a73f5a5258f3fed37fc2fa641892f3f7a4748456d4d4792f9bc550e6c19e06c?s=96&d=mm&r=g","caption":"Ana Teixeira"}}]}},"_links":{"self":[{"href":"https:\/\/www.gaveanews.com\/index.php\/wp-json\/wp\/v2\/posts\/265456","targetHints":{"allow":["GET"]}}],"collection":[{"href":"https:\/\/www.gaveanews.com\/index.php\/wp-json\/wp\/v2\/posts"}],"about":[{"href":"https:\/\/www.gaveanews.com\/index.php\/wp-json\/wp\/v2\/types\/post"}],"author":[{"embeddable":true,"href":"https:\/\/www.gaveanews.com\/index.php\/wp-json\/wp\/v2\/users\/30"}],"replies":[{"embeddable":true,"href":"https:\/\/www.gaveanews.com\/index.php\/wp-json\/wp\/v2\/comments?post=265456"}],"version-history":[{"count":1,"href":"https:\/\/www.gaveanews.com\/index.php\/wp-json\/wp\/v2\/posts\/265456\/revisions"}],"predecessor-version":[{"id":265466,"href":"https:\/\/www.gaveanews.com\/index.php\/wp-json\/wp\/v2\/posts\/265456\/revisions\/265466"}],"wp:featuredmedia":[{"embeddable":true,"href":"https:\/\/www.gaveanews.com\/index.php\/wp-json\/wp\/v2\/media\/255254"}],"wp:attachment":[{"href":"https:\/\/www.gaveanews.com\/index.php\/wp-json\/wp\/v2\/media?parent=265456"}],"wp:term":[{"taxonomy":"category","embeddable":true,"href":"https:\/\/www.gaveanews.com\/index.php\/wp-json\/wp\/v2\/categories?post=265456"},{"taxonomy":"post_tag","embeddable":true,"href":"https:\/\/www.gaveanews.com\/index.php\/wp-json\/wp\/v2\/tags?post=265456"}],"curies":[{"name":"wp","href":"https:\/\/api.w.org\/{rel}","templated":true}]}}