{"id":265488,"date":"2025-05-20T22:10:00","date_gmt":"2025-05-21T01:10:00","guid":{"rendered":"https:\/\/www.gaveanews.com\/?p=265488"},"modified":"2025-05-20T18:08:27","modified_gmt":"2025-05-20T21:08:27","slug":"flamengo-pode-ter-jorginho-e-mais-dois-reforcos-em-breve","status":"publish","type":"post","link":"https:\/\/www.gaveanews.com\/index.php\/2025\/05\/20\/flamengo-pode-ter-jorginho-e-mais-dois-reforcos-em-breve\/","title":{"rendered":"Flamengo pode ter Jorginho e mais dois refor\u00e7os em breve"},"content":{"rendered":"\n<p>O Flamengo poder\u00e1 ganhar dois refor\u00e7os caseiros para a sequ\u00eancia da temporada. A possibilidade de retorno dos meio-campistas Carlos Alcaraz e Victor Hugo em junho surge como uma alternativa vi\u00e1vel no planejamento do clube, sobretudo diante das movimenta\u00e7\u00f5es no mercado de transfer\u00eancias.<\/p>\n\n\n\n<p>Alcaraz, que chegou ao Rubro-Negro em 2024 com status de contrata\u00e7\u00e3o mais cara da hist\u00f3ria do clube \u2014 por cerca de R$ 110 milh\u00f5es \u2014, est\u00e1 emprestado ao Everton, da Inglaterra. O acordo inclu\u00eda uma cl\u00e1usula de compra obrigat\u00f3ria, ativada caso o jogador fosse titular em nove partidas. Contudo, ele iniciou apenas seis confrontos entre os titulares, o que inviabilizou a perman\u00eancia em definitivo na equipe inglesa. Assim sendo, o argentino dever\u00e1 se reapresentar ao Flamengo, a menos que surja outra proposta de empr\u00e9stimo ou venda.<\/p>\n\n\n\n<figure class=\"wp-block-image size-full\"><img loading=\"lazy\" decoding=\"async\" width=\"714\" height=\"530\" src=\"http:\/\/www.gaveanews.com\/wp-content\/uploads\/Alcaraz-pelo-Flamengo.webp\" alt=\"\" class=\"wp-image-173982\" srcset=\"https:\/\/www.gaveanews.com\/wp-content\/uploads\/Alcaraz-pelo-Flamengo.webp 714w, https:\/\/www.gaveanews.com\/wp-content\/uploads\/Alcaraz-pelo-Flamengo-300x223.webp 300w, https:\/\/www.gaveanews.com\/wp-content\/uploads\/Alcaraz-pelo-Flamengo-566x420.webp 566w, https:\/\/www.gaveanews.com\/wp-content\/uploads\/Alcaraz-pelo-Flamengo-80x60.webp 80w, https:\/\/www.gaveanews.com\/wp-content\/uploads\/Alcaraz-pelo-Flamengo-160x120.webp 160w, https:\/\/www.gaveanews.com\/wp-content\/uploads\/Alcaraz-pelo-Flamengo-100x74.webp 100w, https:\/\/www.gaveanews.com\/wp-content\/uploads\/Alcaraz-pelo-Flamengo-180x135.webp 180w, https:\/\/www.gaveanews.com\/wp-content\/uploads\/Alcaraz-pelo-Flamengo-238x178.webp 238w, https:\/\/www.gaveanews.com\/wp-content\/uploads\/Alcaraz-pelo-Flamengo-640x475.webp 640w, https:\/\/www.gaveanews.com\/wp-content\/uploads\/Alcaraz-pelo-Flamengo-681x506.webp 681w\" sizes=\"auto, (max-width: 714px) 100vw, 714px\" \/><figcaption class=\"wp-element-caption\">Alcaraz pelo Flamengo (Foto: Gilvan de Souza\/CRF)<\/figcaption><\/figure>\n\n\n\n<p>Enquanto isso, Victor Hugo defendeu o Goztepe, da Turquia, com participa\u00e7\u00e3o regular, ainda que sem status de titular absoluto. A equipe turca possui op\u00e7\u00e3o de compra de 60% dos direitos do atleta por 5 milh\u00f5es de euros, al\u00e9m de cl\u00e1usula para aquisi\u00e7\u00e3o de 80% por 8 milh\u00f5es de euros. Entretanto, o retorno oficial do clube turco at\u00e9 agora foi negativo, o que refor\u00e7a a chance de retorno do jogador revelado pelas categorias de base do Flamengo.<\/p>\n\n\n\n<p>Rumores recentes apontavam que Victor Hugo n\u00e3o seria aproveitado em caso de retorno ao elenco. No entanto, o t\u00e9cnico Filipe Lu\u00eds negou qualquer veto ao atleta. \u201cN\u00e3o \u00e9 verdade que est\u00e1 fora dos meus planos. Ningu\u00e9m nem mencionou o nome do Victor Hugo para mim\u201d, afirmou o treinador. Ele ainda destacou o apre\u00e7o pelo meio-campista: \u201cJoguei com ele, gosto dele, \u00e9 um meia que n\u00e3o perde a bola\u201d.<\/p>\n\n\n\n<p>Por fim, o Flamengo volta a campo nesta quarta-feira (21 de maio), \u00e0s 21h30 (hor\u00e1rio de Bras\u00edlia), no Maracan\u00e3. A equipe enfrentar\u00e1 novamente o Botafogo-PB, desta vez pelo jogo de volta da terceira fase da Copa do Brasil. Ap\u00f3s vencer por 1 a 0 na ida, o time carioca joga com a vantagem do empate para avan\u00e7ar \u00e0s oitavas de final da competi\u00e7\u00e3o.<\/p>\n","protected":false},"excerpt":{"rendered":"<p>O Flamengo poder\u00e1 ganhar dois refor\u00e7os caseiros para a sequ\u00eancia da temporada. A possibilidade de retorno dos meio-campistas Carlos Alcaraz e Victor Hugo em junho surge como uma alternativa vi\u00e1vel no planejamento do clube, sobretudo diante das movimenta\u00e7\u00f5es no mercado de transfer\u00eancias. Alcaraz, que chegou ao Rubro-Negro em 2024 com status de contrata\u00e7\u00e3o mais cara [&hellip;]<\/p>\n","protected":false},"author":27,"featured_media":257485,"comment_status":"open","ping_status":"closed","sticky":false,"template":"","format":"standard","meta":{"footnotes":""},"categories":[1],"tags":[],"class_list":["post-265488","post","type-post","status-publish","format-standard","has-post-thumbnail","hentry","category-flamengo"],"yoast_head":"<!-- This site is optimized with the Yoast SEO Premium plugin v24.2 (Yoast SEO v26.9) - https:\/\/yoast.com\/product\/yoast-seo-premium-wordpress\/ -->\n<title>Flamengo pode ter Jorginho e mais dois refor\u00e7os em breve<\/title>\n<meta name=\"robots\" content=\"index, follow, max-snippet:-1, max-image-preview:large, max-video-preview:-1\" \/>\n<link rel=\"canonical\" href=\"https:\/\/www.gaveanews.com\/index.php\/2025\/05\/20\/flamengo-pode-ter-jorginho-e-mais-dois-reforcos-em-breve\/\" \/>\n<meta property=\"og:locale\" content=\"pt_BR\" \/>\n<meta property=\"og:type\" content=\"article\" \/>\n<meta property=\"og:title\" content=\"Flamengo pode ter Jorginho e mais dois refor\u00e7os em breve\" \/>\n<meta property=\"og:description\" content=\"O Flamengo poder\u00e1 ganhar dois refor\u00e7os caseiros para a sequ\u00eancia da temporada. A possibilidade de retorno dos meio-campistas Carlos Alcaraz e Victor Hugo em junho surge como uma alternativa vi\u00e1vel no planejamento do clube, sobretudo diante das movimenta\u00e7\u00f5es no mercado de transfer\u00eancias. Alcaraz, que chegou ao Rubro-Negro em 2024 com status de contrata\u00e7\u00e3o mais cara [&hellip;]\" \/>\n<meta property=\"og:url\" content=\"https:\/\/www.gaveanews.com\/index.php\/2025\/05\/20\/flamengo-pode-ter-jorginho-e-mais-dois-reforcos-em-breve\/\" \/>\n<meta property=\"og:site_name\" content=\"G\u00e1vea News\" \/>\n<meta property=\"article:publisher\" content=\"https:\/\/facebook.com\/gaveaNews\/\" \/>\n<meta property=\"article:published_time\" content=\"2025-05-21T01:10:00+00:00\" \/>\n<meta property=\"og:image\" content=\"https:\/\/www.gaveanews.com\/wp-content\/uploads\/Jorginho-destaque-do-Arsenal-esta-na-mira-do-Flamengo-para-2025.webp\" \/>\n\t<meta property=\"og:image:width\" content=\"1200\" \/>\n\t<meta property=\"og:image:height\" content=\"900\" \/>\n\t<meta property=\"og:image:type\" content=\"image\/webp\" \/>\n<meta name=\"author\" content=\"Matheus Felipe\" \/>\n<meta name=\"twitter:card\" content=\"summary_large_image\" \/>\n<meta name=\"twitter:label1\" content=\"Escrito por\" \/>\n\t<meta name=\"twitter:data1\" content=\"Matheus Felipe\" \/>\n\t<meta name=\"twitter:label2\" content=\"Est. tempo de leitura\" \/>\n\t<meta name=\"twitter:data2\" content=\"3 minutos\" \/>\n<script type=\"application\/ld+json\" class=\"yoast-schema-graph\">{\"@context\":\"https:\/\/schema.org\",\"@graph\":[{\"@type\":\"NewsArticle\",\"@id\":\"https:\/\/www.gaveanews.com\/index.php\/2025\/05\/20\/flamengo-pode-ter-jorginho-e-mais-dois-reforcos-em-breve\/#article\",\"isPartOf\":{\"@id\":\"https:\/\/www.gaveanews.com\/index.php\/2025\/05\/20\/flamengo-pode-ter-jorginho-e-mais-dois-reforcos-em-breve\/\"},\"author\":{\"name\":\"Matheus Felipe\",\"@id\":\"https:\/\/www.gaveanews.com\/#\/schema\/person\/8207cd4627f56151707418bfc835b2fb\"},\"headline\":\"Flamengo pode ter Jorginho e mais dois refor\u00e7os em breve\",\"datePublished\":\"2025-05-21T01:10:00+00:00\",\"mainEntityOfPage\":{\"@id\":\"https:\/\/www.gaveanews.com\/index.php\/2025\/05\/20\/flamengo-pode-ter-jorginho-e-mais-dois-reforcos-em-breve\/\"},\"wordCount\":374,\"commentCount\":0,\"image\":{\"@id\":\"https:\/\/www.gaveanews.com\/index.php\/2025\/05\/20\/flamengo-pode-ter-jorginho-e-mais-dois-reforcos-em-breve\/#primaryimage\"},\"thumbnailUrl\":\"https:\/\/www.gaveanews.com\/wp-content\/uploads\/Jorginho-destaque-do-Arsenal-esta-na-mira-do-Flamengo-para-2025.webp\",\"articleSection\":[\"Flamengo\"],\"inLanguage\":\"pt-BR\",\"potentialAction\":[{\"@type\":\"CommentAction\",\"name\":\"Comment\",\"target\":[\"https:\/\/www.gaveanews.com\/index.php\/2025\/05\/20\/flamengo-pode-ter-jorginho-e-mais-dois-reforcos-em-breve\/#respond\"]}],\"copyrightYear\":\"2025\",\"copyrightHolder\":{\"@id\":\"https:\/\/www.gaveanews.com\/#organization\"}},{\"@type\":\"WebPage\",\"@id\":\"https:\/\/www.gaveanews.com\/index.php\/2025\/05\/20\/flamengo-pode-ter-jorginho-e-mais-dois-reforcos-em-breve\/\",\"url\":\"https:\/\/www.gaveanews.com\/index.php\/2025\/05\/20\/flamengo-pode-ter-jorginho-e-mais-dois-reforcos-em-breve\/\",\"name\":\"Flamengo pode ter Jorginho e mais dois refor\u00e7os em breve\",\"isPartOf\":{\"@id\":\"https:\/\/www.gaveanews.com\/#website\"},\"primaryImageOfPage\":{\"@id\":\"https:\/\/www.gaveanews.com\/index.php\/2025\/05\/20\/flamengo-pode-ter-jorginho-e-mais-dois-reforcos-em-breve\/#primaryimage\"},\"image\":{\"@id\":\"https:\/\/www.gaveanews.com\/index.php\/2025\/05\/20\/flamengo-pode-ter-jorginho-e-mais-dois-reforcos-em-breve\/#primaryimage\"},\"thumbnailUrl\":\"https:\/\/www.gaveanews.com\/wp-content\/uploads\/Jorginho-destaque-do-Arsenal-esta-na-mira-do-Flamengo-para-2025.webp\",\"datePublished\":\"2025-05-21T01:10:00+00:00\",\"author\":{\"@id\":\"https:\/\/www.gaveanews.com\/#\/schema\/person\/8207cd4627f56151707418bfc835b2fb\"},\"breadcrumb\":{\"@id\":\"https:\/\/www.gaveanews.com\/index.php\/2025\/05\/20\/flamengo-pode-ter-jorginho-e-mais-dois-reforcos-em-breve\/#breadcrumb\"},\"inLanguage\":\"pt-BR\",\"potentialAction\":[{\"@type\":\"ReadAction\",\"target\":[\"https:\/\/www.gaveanews.com\/index.php\/2025\/05\/20\/flamengo-pode-ter-jorginho-e-mais-dois-reforcos-em-breve\/\"]}]},{\"@type\":\"ImageObject\",\"inLanguage\":\"pt-BR\",\"@id\":\"https:\/\/www.gaveanews.com\/index.php\/2025\/05\/20\/flamengo-pode-ter-jorginho-e-mais-dois-reforcos-em-breve\/#primaryimage\",\"url\":\"https:\/\/www.gaveanews.com\/wp-content\/uploads\/Jorginho-destaque-do-Arsenal-esta-na-mira-do-Flamengo-para-2025.webp\",\"contentUrl\":\"https:\/\/www.gaveanews.com\/wp-content\/uploads\/Jorginho-destaque-do-Arsenal-esta-na-mira-do-Flamengo-para-2025.webp\",\"width\":1200,\"height\":900,\"caption\":\"Foto; Divulga\u00e7\u00e3o\/Arsenal\"},{\"@type\":\"BreadcrumbList\",\"@id\":\"https:\/\/www.gaveanews.com\/index.php\/2025\/05\/20\/flamengo-pode-ter-jorginho-e-mais-dois-reforcos-em-breve\/#breadcrumb\",\"itemListElement\":[{\"@type\":\"ListItem\",\"position\":1,\"name\":\"Home\",\"item\":\"https:\/\/www.gaveanews.com\/\"},{\"@type\":\"ListItem\",\"position\":2,\"name\":\"Flamengo pode ter Jorginho e mais dois refor\u00e7os em breve\"}]},{\"@type\":\"WebSite\",\"@id\":\"https:\/\/www.gaveanews.com\/#website\",\"url\":\"https:\/\/www.gaveanews.com\/\",\"name\":\"G\u00e1vea News\",\"description\":\"Veja todas as not\u00edcias sobre o Flamengo: Contrata\u00e7\u00f5es, categorias de base, resultados das partidas, tabela de classifica\u00e7\u00e3o, pr\u00f3ximos jogos!\",\"potentialAction\":[{\"@type\":\"SearchAction\",\"target\":{\"@type\":\"EntryPoint\",\"urlTemplate\":\"https:\/\/www.gaveanews.com\/?s={search_term_string}\"},\"query-input\":{\"@type\":\"PropertyValueSpecification\",\"valueRequired\":true,\"valueName\":\"search_term_string\"}}],\"inLanguage\":\"pt-BR\"},{\"@type\":\"Person\",\"@id\":\"https:\/\/www.gaveanews.com\/#\/schema\/person\/8207cd4627f56151707418bfc835b2fb\",\"name\":\"Matheus Felipe\",\"image\":{\"@type\":\"ImageObject\",\"inLanguage\":\"pt-BR\",\"@id\":\"https:\/\/www.gaveanews.com\/#\/schema\/person\/image\/\",\"url\":\"https:\/\/secure.gravatar.com\/avatar\/a452ffbed9130f726358b298bb3a99ce4bd3c5338411f8440e87e14d74c7c087?s=96&d=mm&r=g\",\"contentUrl\":\"https:\/\/secure.gravatar.com\/avatar\/a452ffbed9130f726358b298bb3a99ce4bd3c5338411f8440e87e14d74c7c087?s=96&d=mm&r=g\",\"caption\":\"Matheus Felipe\"}}]}<\/script>\n<!-- \/ Yoast SEO Premium plugin. -->","yoast_head_json":{"title":"Flamengo pode ter Jorginho e mais dois refor\u00e7os em breve","robots":{"index":"index","follow":"follow","max-snippet":"max-snippet:-1","max-image-preview":"max-image-preview:large","max-video-preview":"max-video-preview:-1"},"canonical":"https:\/\/www.gaveanews.com\/index.php\/2025\/05\/20\/flamengo-pode-ter-jorginho-e-mais-dois-reforcos-em-breve\/","og_locale":"pt_BR","og_type":"article","og_title":"Flamengo pode ter Jorginho e mais dois refor\u00e7os em breve","og_description":"O Flamengo poder\u00e1 ganhar dois refor\u00e7os caseiros para a sequ\u00eancia da temporada. A possibilidade de retorno dos meio-campistas Carlos Alcaraz e Victor Hugo em junho surge como uma alternativa vi\u00e1vel no planejamento do clube, sobretudo diante das movimenta\u00e7\u00f5es no mercado de transfer\u00eancias. Alcaraz, que chegou ao Rubro-Negro em 2024 com status de contrata\u00e7\u00e3o mais cara [&hellip;]","og_url":"https:\/\/www.gaveanews.com\/index.php\/2025\/05\/20\/flamengo-pode-ter-jorginho-e-mais-dois-reforcos-em-breve\/","og_site_name":"G\u00e1vea News","article_publisher":"https:\/\/facebook.com\/gaveaNews\/","article_published_time":"2025-05-21T01:10:00+00:00","og_image":[{"width":1200,"height":900,"url":"https:\/\/www.gaveanews.com\/wp-content\/uploads\/Jorginho-destaque-do-Arsenal-esta-na-mira-do-Flamengo-para-2025.webp","type":"image\/webp"}],"author":"Matheus Felipe","twitter_card":"summary_large_image","twitter_misc":{"Escrito por":"Matheus Felipe","Est. tempo de leitura":"3 minutos"},"schema":{"@context":"https:\/\/schema.org","@graph":[{"@type":"NewsArticle","@id":"https:\/\/www.gaveanews.com\/index.php\/2025\/05\/20\/flamengo-pode-ter-jorginho-e-mais-dois-reforcos-em-breve\/#article","isPartOf":{"@id":"https:\/\/www.gaveanews.com\/index.php\/2025\/05\/20\/flamengo-pode-ter-jorginho-e-mais-dois-reforcos-em-breve\/"},"author":{"name":"Matheus Felipe","@id":"https:\/\/www.gaveanews.com\/#\/schema\/person\/8207cd4627f56151707418bfc835b2fb"},"headline":"Flamengo pode ter Jorginho e mais dois refor\u00e7os em breve","datePublished":"2025-05-21T01:10:00+00:00","mainEntityOfPage":{"@id":"https:\/\/www.gaveanews.com\/index.php\/2025\/05\/20\/flamengo-pode-ter-jorginho-e-mais-dois-reforcos-em-breve\/"},"wordCount":374,"commentCount":0,"image":{"@id":"https:\/\/www.gaveanews.com\/index.php\/2025\/05\/20\/flamengo-pode-ter-jorginho-e-mais-dois-reforcos-em-breve\/#primaryimage"},"thumbnailUrl":"https:\/\/www.gaveanews.com\/wp-content\/uploads\/Jorginho-destaque-do-Arsenal-esta-na-mira-do-Flamengo-para-2025.webp","articleSection":["Flamengo"],"inLanguage":"pt-BR","potentialAction":[{"@type":"CommentAction","name":"Comment","target":["https:\/\/www.gaveanews.com\/index.php\/2025\/05\/20\/flamengo-pode-ter-jorginho-e-mais-dois-reforcos-em-breve\/#respond"]}],"copyrightYear":"2025","copyrightHolder":{"@id":"https:\/\/www.gaveanews.com\/#organization"}},{"@type":"WebPage","@id":"https:\/\/www.gaveanews.com\/index.php\/2025\/05\/20\/flamengo-pode-ter-jorginho-e-mais-dois-reforcos-em-breve\/","url":"https:\/\/www.gaveanews.com\/index.php\/2025\/05\/20\/flamengo-pode-ter-jorginho-e-mais-dois-reforcos-em-breve\/","name":"Flamengo pode ter Jorginho e mais dois refor\u00e7os em breve","isPartOf":{"@id":"https:\/\/www.gaveanews.com\/#website"},"primaryImageOfPage":{"@id":"https:\/\/www.gaveanews.com\/index.php\/2025\/05\/20\/flamengo-pode-ter-jorginho-e-mais-dois-reforcos-em-breve\/#primaryimage"},"image":{"@id":"https:\/\/www.gaveanews.com\/index.php\/2025\/05\/20\/flamengo-pode-ter-jorginho-e-mais-dois-reforcos-em-breve\/#primaryimage"},"thumbnailUrl":"https:\/\/www.gaveanews.com\/wp-content\/uploads\/Jorginho-destaque-do-Arsenal-esta-na-mira-do-Flamengo-para-2025.webp","datePublished":"2025-05-21T01:10:00+00:00","author":{"@id":"https:\/\/www.gaveanews.com\/#\/schema\/person\/8207cd4627f56151707418bfc835b2fb"},"breadcrumb":{"@id":"https:\/\/www.gaveanews.com\/index.php\/2025\/05\/20\/flamengo-pode-ter-jorginho-e-mais-dois-reforcos-em-breve\/#breadcrumb"},"inLanguage":"pt-BR","potentialAction":[{"@type":"ReadAction","target":["https:\/\/www.gaveanews.com\/index.php\/2025\/05\/20\/flamengo-pode-ter-jorginho-e-mais-dois-reforcos-em-breve\/"]}]},{"@type":"ImageObject","inLanguage":"pt-BR","@id":"https:\/\/www.gaveanews.com\/index.php\/2025\/05\/20\/flamengo-pode-ter-jorginho-e-mais-dois-reforcos-em-breve\/#primaryimage","url":"https:\/\/www.gaveanews.com\/wp-content\/uploads\/Jorginho-destaque-do-Arsenal-esta-na-mira-do-Flamengo-para-2025.webp","contentUrl":"https:\/\/www.gaveanews.com\/wp-content\/uploads\/Jorginho-destaque-do-Arsenal-esta-na-mira-do-Flamengo-para-2025.webp","width":1200,"height":900,"caption":"Foto; Divulga\u00e7\u00e3o\/Arsenal"},{"@type":"BreadcrumbList","@id":"https:\/\/www.gaveanews.com\/index.php\/2025\/05\/20\/flamengo-pode-ter-jorginho-e-mais-dois-reforcos-em-breve\/#breadcrumb","itemListElement":[{"@type":"ListItem","position":1,"name":"Home","item":"https:\/\/www.gaveanews.com\/"},{"@type":"ListItem","position":2,"name":"Flamengo pode ter Jorginho e mais dois refor\u00e7os em breve"}]},{"@type":"WebSite","@id":"https:\/\/www.gaveanews.com\/#website","url":"https:\/\/www.gaveanews.com\/","name":"G\u00e1vea News","description":"Veja todas as not\u00edcias sobre o Flamengo: Contrata\u00e7\u00f5es, categorias de base, resultados das partidas, tabela de classifica\u00e7\u00e3o, pr\u00f3ximos jogos!","potentialAction":[{"@type":"SearchAction","target":{"@type":"EntryPoint","urlTemplate":"https:\/\/www.gaveanews.com\/?s={search_term_string}"},"query-input":{"@type":"PropertyValueSpecification","valueRequired":true,"valueName":"search_term_string"}}],"inLanguage":"pt-BR"},{"@type":"Person","@id":"https:\/\/www.gaveanews.com\/#\/schema\/person\/8207cd4627f56151707418bfc835b2fb","name":"Matheus Felipe","image":{"@type":"ImageObject","inLanguage":"pt-BR","@id":"https:\/\/www.gaveanews.com\/#\/schema\/person\/image\/","url":"https:\/\/secure.gravatar.com\/avatar\/a452ffbed9130f726358b298bb3a99ce4bd3c5338411f8440e87e14d74c7c087?s=96&d=mm&r=g","contentUrl":"https:\/\/secure.gravatar.com\/avatar\/a452ffbed9130f726358b298bb3a99ce4bd3c5338411f8440e87e14d74c7c087?s=96&d=mm&r=g","caption":"Matheus Felipe"}}]}},"_links":{"self":[{"href":"https:\/\/www.gaveanews.com\/index.php\/wp-json\/wp\/v2\/posts\/265488","targetHints":{"allow":["GET"]}}],"collection":[{"href":"https:\/\/www.gaveanews.com\/index.php\/wp-json\/wp\/v2\/posts"}],"about":[{"href":"https:\/\/www.gaveanews.com\/index.php\/wp-json\/wp\/v2\/types\/post"}],"author":[{"embeddable":true,"href":"https:\/\/www.gaveanews.com\/index.php\/wp-json\/wp\/v2\/users\/27"}],"replies":[{"embeddable":true,"href":"https:\/\/www.gaveanews.com\/index.php\/wp-json\/wp\/v2\/comments?post=265488"}],"version-history":[{"count":1,"href":"https:\/\/www.gaveanews.com\/index.php\/wp-json\/wp\/v2\/posts\/265488\/revisions"}],"predecessor-version":[{"id":265495,"href":"https:\/\/www.gaveanews.com\/index.php\/wp-json\/wp\/v2\/posts\/265488\/revisions\/265495"}],"wp:featuredmedia":[{"embeddable":true,"href":"https:\/\/www.gaveanews.com\/index.php\/wp-json\/wp\/v2\/media\/257485"}],"wp:attachment":[{"href":"https:\/\/www.gaveanews.com\/index.php\/wp-json\/wp\/v2\/media?parent=265488"}],"wp:term":[{"taxonomy":"category","embeddable":true,"href":"https:\/\/www.gaveanews.com\/index.php\/wp-json\/wp\/v2\/categories?post=265488"},{"taxonomy":"post_tag","embeddable":true,"href":"https:\/\/www.gaveanews.com\/index.php\/wp-json\/wp\/v2\/tags?post=265488"}],"curies":[{"name":"wp","href":"https:\/\/api.w.org\/{rel}","templated":true}]}}