{"id":265489,"date":"2025-05-20T22:15:00","date_gmt":"2025-05-21T01:15:00","guid":{"rendered":"https:\/\/www.gaveanews.com\/?p=265489"},"modified":"2025-05-20T18:11:15","modified_gmt":"2025-05-20T21:11:15","slug":"cria-do-vasco-entra-no-radar-de-ancelotti-para-a-selecao","status":"publish","type":"post","link":"https:\/\/www.gaveanews.com\/index.php\/2025\/05\/20\/cria-do-vasco-entra-no-radar-de-ancelotti-para-a-selecao\/","title":{"rendered":"Cria do Vasco entra no radar de Ancelotti para a Sele\u00e7\u00e3o"},"content":{"rendered":"\n<p>A trajet\u00f3ria de Andrey Santos ganha novos contornos com a possibilidade de retorno \u00e0 Sele\u00e7\u00e3o Brasileira. Revelado pelas categorias de base do Vasco, o volante de 20 anos figura na pr\u00e9-lista de convocados de Carlo Ancelotti para a pr\u00f3xima Data FIFA. O nome do meio-campista volta a ser cogitado ap\u00f3s uma temporada de destaque no futebol europeu.<\/p>\n\n\n\n<p>Atualmente no Strasbourg, da Fran\u00e7a, Andrey vive um momento especial. Em 32 partidas na atual temporada, ele balan\u00e7ou as redes dez vezes e acumulou 110 desarmes \u2014 n\u00fameros expressivos que n\u00e3o eram vistos nas cinco principais ligas europeias desde a temporada 2015\/16. Esses dados refletem sua evolu\u00e7\u00e3o e consist\u00eancia no cen\u00e1rio internacional, o que tem chamado aten\u00e7\u00e3o da comiss\u00e3o t\u00e9cnica da Sele\u00e7\u00e3o.<\/p>\n\n\n\n<figure class=\"wp-block-image size-full\"><img loading=\"lazy\" decoding=\"async\" width=\"833\" height=\"564\" src=\"http:\/\/www.gaveanews.com\/wp-content\/uploads\/Andrey-Santos-ex-Vasco.webp\" alt=\"\" class=\"wp-image-246286\"\/><figcaption class=\"wp-element-caption\">Andrey Santos ex-Vasco (Foto: Daniel Ramalho\/Vasco)<\/figcaption><\/figure>\n\n\n\n<p>Ali\u00e1s, antes de brilhar no futebol europeu, Andrey j\u00e1 impressionava no Brasil. Estreou como profissional pelo Vasco aos 17 anos, em 2021, e no ano seguinte foi o artilheiro da equipe na disputa da S\u00e9rie B do Campeonato Brasileiro. Surpreendentemente, esse desempenho ofensivo, incomum para a posi\u00e7\u00e3o de volante, impulsionou sua venda ao Chelsea por cerca de R$ 70 milh\u00f5es no in\u00edcio de 2023.<\/p>\n\n\n\n<p>Conforme crescia nos gramados, Andrey tamb\u00e9m acumulava experi\u00eancias com a camisa da Sele\u00e7\u00e3o nas categorias de base. Foi um dos principais nomes no Sul-Americano Sub-20, sendo constantemente elogiado por sua maturidade t\u00e1tica e qualidade t\u00e9cnica. Essa bagagem contribui para sua atual visibilidade entre os nomes cotados por Ancelotti.<\/p>\n\n\n\n<p>Enquanto isso, o torcedor vasca\u00edno acompanha cada novo cap\u00edtulo da carreira do jovem com orgulho. Afinal, ver um atleta formado em S\u00e3o Janu\u00e1rio despontando no futebol mundial refor\u00e7a a import\u00e2ncia do trabalho feito na base do clube. &#8220;Mais do que um nome na lista, Andrey representa o que o Vasco tem de mais valioso: a capacidade de formar talentos que brilham dentro e fora do Brasil&#8221;, destacou um dirigente vasca\u00edno em recente entrevista.<\/p>\n\n\n\n<p>Portanto, a poss\u00edvel convoca\u00e7\u00e3o de Andrey n\u00e3o apenas reconhece seu momento t\u00e9cnico, como tamb\u00e9m evidencia a relev\u00e2ncia da base vasca\u00edna no cen\u00e1rio do futebol nacional. Resta agora aguardar a divulga\u00e7\u00e3o da lista final e confirmar se o camisa 6 do Strasbourg estar\u00e1 entre os escolhidos para vestir a Amarelinha.<\/p>\n","protected":false},"excerpt":{"rendered":"<p>A trajet\u00f3ria de Andrey Santos ganha novos contornos com a possibilidade de retorno \u00e0 Sele\u00e7\u00e3o Brasileira. Revelado pelas categorias de base do Vasco, o volante de 20 anos figura na pr\u00e9-lista de convocados de Carlo Ancelotti para a pr\u00f3xima Data FIFA. O nome do meio-campista volta a ser cogitado ap\u00f3s uma temporada de destaque no [&hellip;]<\/p>\n","protected":false},"author":27,"featured_media":119629,"comment_status":"open","ping_status":"closed","sticky":false,"template":"","format":"standard","meta":{"footnotes":""},"categories":[478,152],"tags":[],"class_list":["post-265489","post","type-post","status-publish","format-standard","has-post-thumbnail","hentry","category-brasil","category-vasco"],"yoast_head":"<!-- This site is optimized with the Yoast SEO Premium plugin v24.2 (Yoast SEO v26.9) - https:\/\/yoast.com\/product\/yoast-seo-premium-wordpress\/ -->\n<title>Cria do Vasco entra no radar de Ancelotti para a Sele\u00e7\u00e3o<\/title>\n<meta name=\"robots\" content=\"index, follow, max-snippet:-1, max-image-preview:large, max-video-preview:-1\" \/>\n<link rel=\"canonical\" href=\"https:\/\/www.gaveanews.com\/index.php\/2025\/05\/20\/cria-do-vasco-entra-no-radar-de-ancelotti-para-a-selecao\/\" \/>\n<meta property=\"og:locale\" content=\"pt_BR\" \/>\n<meta property=\"og:type\" content=\"article\" \/>\n<meta property=\"og:title\" content=\"Cria do Vasco entra no radar de Ancelotti para a Sele\u00e7\u00e3o\" \/>\n<meta property=\"og:description\" content=\"A trajet\u00f3ria de Andrey Santos ganha novos contornos com a possibilidade de retorno \u00e0 Sele\u00e7\u00e3o Brasileira. Revelado pelas categorias de base do Vasco, o volante de 20 anos figura na pr\u00e9-lista de convocados de Carlo Ancelotti para a pr\u00f3xima Data FIFA. O nome do meio-campista volta a ser cogitado ap\u00f3s uma temporada de destaque no [&hellip;]\" \/>\n<meta property=\"og:url\" content=\"https:\/\/www.gaveanews.com\/index.php\/2025\/05\/20\/cria-do-vasco-entra-no-radar-de-ancelotti-para-a-selecao\/\" \/>\n<meta property=\"og:site_name\" content=\"G\u00e1vea News\" \/>\n<meta property=\"article:publisher\" content=\"https:\/\/facebook.com\/gaveaNews\/\" \/>\n<meta property=\"article:published_time\" content=\"2025-05-21T01:15:00+00:00\" \/>\n<meta property=\"og:image\" content=\"https:\/\/www.gaveanews.com\/wp-content\/uploads\/2023-04-29t184531z-1598421574-up1ej4t1g3tth-rtrmadp-3-soccer-spain-mad-uda-report.webp\" \/>\n\t<meta property=\"og:image:width\" content=\"984\" \/>\n\t<meta property=\"og:image:height\" content=\"678\" \/>\n\t<meta property=\"og:image:type\" content=\"image\/webp\" \/>\n<meta name=\"author\" content=\"Matheus Felipe\" \/>\n<meta name=\"twitter:card\" content=\"summary_large_image\" \/>\n<meta name=\"twitter:label1\" content=\"Escrito por\" \/>\n\t<meta name=\"twitter:data1\" content=\"Matheus Felipe\" \/>\n\t<meta name=\"twitter:label2\" content=\"Est. tempo de leitura\" \/>\n\t<meta name=\"twitter:data2\" content=\"3 minutos\" \/>\n<script type=\"application\/ld+json\" class=\"yoast-schema-graph\">{\"@context\":\"https:\/\/schema.org\",\"@graph\":[{\"@type\":\"NewsArticle\",\"@id\":\"https:\/\/www.gaveanews.com\/index.php\/2025\/05\/20\/cria-do-vasco-entra-no-radar-de-ancelotti-para-a-selecao\/#article\",\"isPartOf\":{\"@id\":\"https:\/\/www.gaveanews.com\/index.php\/2025\/05\/20\/cria-do-vasco-entra-no-radar-de-ancelotti-para-a-selecao\/\"},\"author\":{\"name\":\"Matheus Felipe\",\"@id\":\"https:\/\/www.gaveanews.com\/#\/schema\/person\/8207cd4627f56151707418bfc835b2fb\"},\"headline\":\"Cria do Vasco entra no radar de Ancelotti para a Sele\u00e7\u00e3o\",\"datePublished\":\"2025-05-21T01:15:00+00:00\",\"mainEntityOfPage\":{\"@id\":\"https:\/\/www.gaveanews.com\/index.php\/2025\/05\/20\/cria-do-vasco-entra-no-radar-de-ancelotti-para-a-selecao\/\"},\"wordCount\":403,\"commentCount\":0,\"image\":{\"@id\":\"https:\/\/www.gaveanews.com\/index.php\/2025\/05\/20\/cria-do-vasco-entra-no-radar-de-ancelotti-para-a-selecao\/#primaryimage\"},\"thumbnailUrl\":\"https:\/\/www.gaveanews.com\/wp-content\/uploads\/2023-04-29t184531z-1598421574-up1ej4t1g3tth-rtrmadp-3-soccer-spain-mad-uda-report.webp\",\"articleSection\":[\"Brasil\",\"Vasco\"],\"inLanguage\":\"pt-BR\",\"potentialAction\":[{\"@type\":\"CommentAction\",\"name\":\"Comment\",\"target\":[\"https:\/\/www.gaveanews.com\/index.php\/2025\/05\/20\/cria-do-vasco-entra-no-radar-de-ancelotti-para-a-selecao\/#respond\"]}],\"copyrightYear\":\"2025\",\"copyrightHolder\":{\"@id\":\"https:\/\/www.gaveanews.com\/#organization\"}},{\"@type\":\"WebPage\",\"@id\":\"https:\/\/www.gaveanews.com\/index.php\/2025\/05\/20\/cria-do-vasco-entra-no-radar-de-ancelotti-para-a-selecao\/\",\"url\":\"https:\/\/www.gaveanews.com\/index.php\/2025\/05\/20\/cria-do-vasco-entra-no-radar-de-ancelotti-para-a-selecao\/\",\"name\":\"Cria do Vasco entra no radar de Ancelotti para a Sele\u00e7\u00e3o\",\"isPartOf\":{\"@id\":\"https:\/\/www.gaveanews.com\/#website\"},\"primaryImageOfPage\":{\"@id\":\"https:\/\/www.gaveanews.com\/index.php\/2025\/05\/20\/cria-do-vasco-entra-no-radar-de-ancelotti-para-a-selecao\/#primaryimage\"},\"image\":{\"@id\":\"https:\/\/www.gaveanews.com\/index.php\/2025\/05\/20\/cria-do-vasco-entra-no-radar-de-ancelotti-para-a-selecao\/#primaryimage\"},\"thumbnailUrl\":\"https:\/\/www.gaveanews.com\/wp-content\/uploads\/2023-04-29t184531z-1598421574-up1ej4t1g3tth-rtrmadp-3-soccer-spain-mad-uda-report.webp\",\"datePublished\":\"2025-05-21T01:15:00+00:00\",\"author\":{\"@id\":\"https:\/\/www.gaveanews.com\/#\/schema\/person\/8207cd4627f56151707418bfc835b2fb\"},\"breadcrumb\":{\"@id\":\"https:\/\/www.gaveanews.com\/index.php\/2025\/05\/20\/cria-do-vasco-entra-no-radar-de-ancelotti-para-a-selecao\/#breadcrumb\"},\"inLanguage\":\"pt-BR\",\"potentialAction\":[{\"@type\":\"ReadAction\",\"target\":[\"https:\/\/www.gaveanews.com\/index.php\/2025\/05\/20\/cria-do-vasco-entra-no-radar-de-ancelotti-para-a-selecao\/\"]}]},{\"@type\":\"ImageObject\",\"inLanguage\":\"pt-BR\",\"@id\":\"https:\/\/www.gaveanews.com\/index.php\/2025\/05\/20\/cria-do-vasco-entra-no-radar-de-ancelotti-para-a-selecao\/#primaryimage\",\"url\":\"https:\/\/www.gaveanews.com\/wp-content\/uploads\/2023-04-29t184531z-1598421574-up1ej4t1g3tth-rtrmadp-3-soccer-spain-mad-uda-report.webp\",\"contentUrl\":\"https:\/\/www.gaveanews.com\/wp-content\/uploads\/2023-04-29t184531z-1598421574-up1ej4t1g3tth-rtrmadp-3-soccer-spain-mad-uda-report.webp\",\"width\":984,\"height\":678,\"caption\":\"Carlo Ancelotti, t\u00e9cnico do Real Madrid (Foto: Reuters)\"},{\"@type\":\"BreadcrumbList\",\"@id\":\"https:\/\/www.gaveanews.com\/index.php\/2025\/05\/20\/cria-do-vasco-entra-no-radar-de-ancelotti-para-a-selecao\/#breadcrumb\",\"itemListElement\":[{\"@type\":\"ListItem\",\"position\":1,\"name\":\"Home\",\"item\":\"https:\/\/www.gaveanews.com\/\"},{\"@type\":\"ListItem\",\"position\":2,\"name\":\"Cria do Vasco entra no radar de Ancelotti para a Sele\u00e7\u00e3o\"}]},{\"@type\":\"WebSite\",\"@id\":\"https:\/\/www.gaveanews.com\/#website\",\"url\":\"https:\/\/www.gaveanews.com\/\",\"name\":\"G\u00e1vea News\",\"description\":\"Veja todas as not\u00edcias sobre o Flamengo: Contrata\u00e7\u00f5es, categorias de base, resultados das partidas, tabela de classifica\u00e7\u00e3o, pr\u00f3ximos jogos!\",\"potentialAction\":[{\"@type\":\"SearchAction\",\"target\":{\"@type\":\"EntryPoint\",\"urlTemplate\":\"https:\/\/www.gaveanews.com\/?s={search_term_string}\"},\"query-input\":{\"@type\":\"PropertyValueSpecification\",\"valueRequired\":true,\"valueName\":\"search_term_string\"}}],\"inLanguage\":\"pt-BR\"},{\"@type\":\"Person\",\"@id\":\"https:\/\/www.gaveanews.com\/#\/schema\/person\/8207cd4627f56151707418bfc835b2fb\",\"name\":\"Matheus Felipe\",\"image\":{\"@type\":\"ImageObject\",\"inLanguage\":\"pt-BR\",\"@id\":\"https:\/\/www.gaveanews.com\/#\/schema\/person\/image\/\",\"url\":\"https:\/\/secure.gravatar.com\/avatar\/a452ffbed9130f726358b298bb3a99ce4bd3c5338411f8440e87e14d74c7c087?s=96&d=mm&r=g\",\"contentUrl\":\"https:\/\/secure.gravatar.com\/avatar\/a452ffbed9130f726358b298bb3a99ce4bd3c5338411f8440e87e14d74c7c087?s=96&d=mm&r=g\",\"caption\":\"Matheus Felipe\"}}]}<\/script>\n<!-- \/ Yoast SEO Premium plugin. -->","yoast_head_json":{"title":"Cria do Vasco entra no radar de Ancelotti para a Sele\u00e7\u00e3o","robots":{"index":"index","follow":"follow","max-snippet":"max-snippet:-1","max-image-preview":"max-image-preview:large","max-video-preview":"max-video-preview:-1"},"canonical":"https:\/\/www.gaveanews.com\/index.php\/2025\/05\/20\/cria-do-vasco-entra-no-radar-de-ancelotti-para-a-selecao\/","og_locale":"pt_BR","og_type":"article","og_title":"Cria do Vasco entra no radar de Ancelotti para a Sele\u00e7\u00e3o","og_description":"A trajet\u00f3ria de Andrey Santos ganha novos contornos com a possibilidade de retorno \u00e0 Sele\u00e7\u00e3o Brasileira. Revelado pelas categorias de base do Vasco, o volante de 20 anos figura na pr\u00e9-lista de convocados de Carlo Ancelotti para a pr\u00f3xima Data FIFA. O nome do meio-campista volta a ser cogitado ap\u00f3s uma temporada de destaque no [&hellip;]","og_url":"https:\/\/www.gaveanews.com\/index.php\/2025\/05\/20\/cria-do-vasco-entra-no-radar-de-ancelotti-para-a-selecao\/","og_site_name":"G\u00e1vea News","article_publisher":"https:\/\/facebook.com\/gaveaNews\/","article_published_time":"2025-05-21T01:15:00+00:00","og_image":[{"width":984,"height":678,"url":"https:\/\/www.gaveanews.com\/wp-content\/uploads\/2023-04-29t184531z-1598421574-up1ej4t1g3tth-rtrmadp-3-soccer-spain-mad-uda-report.webp","type":"image\/webp"}],"author":"Matheus Felipe","twitter_card":"summary_large_image","twitter_misc":{"Escrito por":"Matheus Felipe","Est. tempo de leitura":"3 minutos"},"schema":{"@context":"https:\/\/schema.org","@graph":[{"@type":"NewsArticle","@id":"https:\/\/www.gaveanews.com\/index.php\/2025\/05\/20\/cria-do-vasco-entra-no-radar-de-ancelotti-para-a-selecao\/#article","isPartOf":{"@id":"https:\/\/www.gaveanews.com\/index.php\/2025\/05\/20\/cria-do-vasco-entra-no-radar-de-ancelotti-para-a-selecao\/"},"author":{"name":"Matheus Felipe","@id":"https:\/\/www.gaveanews.com\/#\/schema\/person\/8207cd4627f56151707418bfc835b2fb"},"headline":"Cria do Vasco entra no radar de Ancelotti para a Sele\u00e7\u00e3o","datePublished":"2025-05-21T01:15:00+00:00","mainEntityOfPage":{"@id":"https:\/\/www.gaveanews.com\/index.php\/2025\/05\/20\/cria-do-vasco-entra-no-radar-de-ancelotti-para-a-selecao\/"},"wordCount":403,"commentCount":0,"image":{"@id":"https:\/\/www.gaveanews.com\/index.php\/2025\/05\/20\/cria-do-vasco-entra-no-radar-de-ancelotti-para-a-selecao\/#primaryimage"},"thumbnailUrl":"https:\/\/www.gaveanews.com\/wp-content\/uploads\/2023-04-29t184531z-1598421574-up1ej4t1g3tth-rtrmadp-3-soccer-spain-mad-uda-report.webp","articleSection":["Brasil","Vasco"],"inLanguage":"pt-BR","potentialAction":[{"@type":"CommentAction","name":"Comment","target":["https:\/\/www.gaveanews.com\/index.php\/2025\/05\/20\/cria-do-vasco-entra-no-radar-de-ancelotti-para-a-selecao\/#respond"]}],"copyrightYear":"2025","copyrightHolder":{"@id":"https:\/\/www.gaveanews.com\/#organization"}},{"@type":"WebPage","@id":"https:\/\/www.gaveanews.com\/index.php\/2025\/05\/20\/cria-do-vasco-entra-no-radar-de-ancelotti-para-a-selecao\/","url":"https:\/\/www.gaveanews.com\/index.php\/2025\/05\/20\/cria-do-vasco-entra-no-radar-de-ancelotti-para-a-selecao\/","name":"Cria do Vasco entra no radar de Ancelotti para a Sele\u00e7\u00e3o","isPartOf":{"@id":"https:\/\/www.gaveanews.com\/#website"},"primaryImageOfPage":{"@id":"https:\/\/www.gaveanews.com\/index.php\/2025\/05\/20\/cria-do-vasco-entra-no-radar-de-ancelotti-para-a-selecao\/#primaryimage"},"image":{"@id":"https:\/\/www.gaveanews.com\/index.php\/2025\/05\/20\/cria-do-vasco-entra-no-radar-de-ancelotti-para-a-selecao\/#primaryimage"},"thumbnailUrl":"https:\/\/www.gaveanews.com\/wp-content\/uploads\/2023-04-29t184531z-1598421574-up1ej4t1g3tth-rtrmadp-3-soccer-spain-mad-uda-report.webp","datePublished":"2025-05-21T01:15:00+00:00","author":{"@id":"https:\/\/www.gaveanews.com\/#\/schema\/person\/8207cd4627f56151707418bfc835b2fb"},"breadcrumb":{"@id":"https:\/\/www.gaveanews.com\/index.php\/2025\/05\/20\/cria-do-vasco-entra-no-radar-de-ancelotti-para-a-selecao\/#breadcrumb"},"inLanguage":"pt-BR","potentialAction":[{"@type":"ReadAction","target":["https:\/\/www.gaveanews.com\/index.php\/2025\/05\/20\/cria-do-vasco-entra-no-radar-de-ancelotti-para-a-selecao\/"]}]},{"@type":"ImageObject","inLanguage":"pt-BR","@id":"https:\/\/www.gaveanews.com\/index.php\/2025\/05\/20\/cria-do-vasco-entra-no-radar-de-ancelotti-para-a-selecao\/#primaryimage","url":"https:\/\/www.gaveanews.com\/wp-content\/uploads\/2023-04-29t184531z-1598421574-up1ej4t1g3tth-rtrmadp-3-soccer-spain-mad-uda-report.webp","contentUrl":"https:\/\/www.gaveanews.com\/wp-content\/uploads\/2023-04-29t184531z-1598421574-up1ej4t1g3tth-rtrmadp-3-soccer-spain-mad-uda-report.webp","width":984,"height":678,"caption":"Carlo Ancelotti, t\u00e9cnico do Real Madrid (Foto: Reuters)"},{"@type":"BreadcrumbList","@id":"https:\/\/www.gaveanews.com\/index.php\/2025\/05\/20\/cria-do-vasco-entra-no-radar-de-ancelotti-para-a-selecao\/#breadcrumb","itemListElement":[{"@type":"ListItem","position":1,"name":"Home","item":"https:\/\/www.gaveanews.com\/"},{"@type":"ListItem","position":2,"name":"Cria do Vasco entra no radar de Ancelotti para a Sele\u00e7\u00e3o"}]},{"@type":"WebSite","@id":"https:\/\/www.gaveanews.com\/#website","url":"https:\/\/www.gaveanews.com\/","name":"G\u00e1vea News","description":"Veja todas as not\u00edcias sobre o Flamengo: Contrata\u00e7\u00f5es, categorias de base, resultados das partidas, tabela de classifica\u00e7\u00e3o, pr\u00f3ximos jogos!","potentialAction":[{"@type":"SearchAction","target":{"@type":"EntryPoint","urlTemplate":"https:\/\/www.gaveanews.com\/?s={search_term_string}"},"query-input":{"@type":"PropertyValueSpecification","valueRequired":true,"valueName":"search_term_string"}}],"inLanguage":"pt-BR"},{"@type":"Person","@id":"https:\/\/www.gaveanews.com\/#\/schema\/person\/8207cd4627f56151707418bfc835b2fb","name":"Matheus Felipe","image":{"@type":"ImageObject","inLanguage":"pt-BR","@id":"https:\/\/www.gaveanews.com\/#\/schema\/person\/image\/","url":"https:\/\/secure.gravatar.com\/avatar\/a452ffbed9130f726358b298bb3a99ce4bd3c5338411f8440e87e14d74c7c087?s=96&d=mm&r=g","contentUrl":"https:\/\/secure.gravatar.com\/avatar\/a452ffbed9130f726358b298bb3a99ce4bd3c5338411f8440e87e14d74c7c087?s=96&d=mm&r=g","caption":"Matheus Felipe"}}]}},"_links":{"self":[{"href":"https:\/\/www.gaveanews.com\/index.php\/wp-json\/wp\/v2\/posts\/265489","targetHints":{"allow":["GET"]}}],"collection":[{"href":"https:\/\/www.gaveanews.com\/index.php\/wp-json\/wp\/v2\/posts"}],"about":[{"href":"https:\/\/www.gaveanews.com\/index.php\/wp-json\/wp\/v2\/types\/post"}],"author":[{"embeddable":true,"href":"https:\/\/www.gaveanews.com\/index.php\/wp-json\/wp\/v2\/users\/27"}],"replies":[{"embeddable":true,"href":"https:\/\/www.gaveanews.com\/index.php\/wp-json\/wp\/v2\/comments?post=265489"}],"version-history":[{"count":1,"href":"https:\/\/www.gaveanews.com\/index.php\/wp-json\/wp\/v2\/posts\/265489\/revisions"}],"predecessor-version":[{"id":265501,"href":"https:\/\/www.gaveanews.com\/index.php\/wp-json\/wp\/v2\/posts\/265489\/revisions\/265501"}],"wp:featuredmedia":[{"embeddable":true,"href":"https:\/\/www.gaveanews.com\/index.php\/wp-json\/wp\/v2\/media\/119629"}],"wp:attachment":[{"href":"https:\/\/www.gaveanews.com\/index.php\/wp-json\/wp\/v2\/media?parent=265489"}],"wp:term":[{"taxonomy":"category","embeddable":true,"href":"https:\/\/www.gaveanews.com\/index.php\/wp-json\/wp\/v2\/categories?post=265489"},{"taxonomy":"post_tag","embeddable":true,"href":"https:\/\/www.gaveanews.com\/index.php\/wp-json\/wp\/v2\/tags?post=265489"}],"curies":[{"name":"wp","href":"https:\/\/api.w.org\/{rel}","templated":true}]}}