{"id":265511,"date":"2025-05-20T22:35:00","date_gmt":"2025-05-21T01:35:00","guid":{"rendered":"https:\/\/www.gaveanews.com\/?p=265511"},"modified":"2025-05-20T18:23:51","modified_gmt":"2025-05-20T21:23:51","slug":"imprensa-estrangeira-repercute-declaracao-de-kaka-sobre-ancelotti","status":"publish","type":"post","link":"https:\/\/www.gaveanews.com\/index.php\/2025\/05\/20\/imprensa-estrangeira-repercute-declaracao-de-kaka-sobre-ancelotti\/","title":{"rendered":"Imprensa estrangeira repercute declara\u00e7\u00e3o de Kak\u00e1 sobre Ancelotti"},"content":{"rendered":"\n<p>Durante a final da Kings League Brazil, realizada no Allianz Parque no domingo (18), o ex-jogador Kak\u00e1 falou abertamente sobre a possibilidade de trabalhar novamente com Carlo Ancelotti, agora em um contexto diferente: na comiss\u00e3o t\u00e9cnica da sele\u00e7\u00e3o brasileira. A possibilidade, inclusive, movimentou a pauta esportiva mundial.<\/p>\n\n\n\n<p>Em entrevista \u00e0 Caz\u00e9 TV, Kak\u00e1 foi direto ao ponto ao dizer: \u201cSe a sele\u00e7\u00e3o achar que eu posso ajudar de alguma forma, eu acho que estou pronto. Estou preparado. Tenho experi\u00eancia em sele\u00e7\u00e3o, em Copas do Mundo, e me preparei desde que parei de jogar\u201d, disse.<\/p>\n\n\n\n<p>A repercuss\u00e3o das declara\u00e7\u00f5es de Kak\u00e1 n\u00e3o se restringiu ao Brasil. O tradicional di\u00e1rio esportivo &#8216;Marca&#8217;, da Espanha, destacou em manchete a disposi\u00e7\u00e3o do brasileiro em assumir um posto na equipe de apoio de Ancelotti.<\/p>\n\n\n\n<p>O jornal espanhol enfatizou que a parceria entre ambos, firmada inicialmente no Milan \u2014 onde conquistaram a Liga dos Campe\u00f5es e o Mundial de Clubes \u2014 pode ser retomada na CBF.<\/p>\n\n\n\n<p>Ali\u00e1s, a publica\u00e7\u00e3o espanhola relembrou que Kak\u00e1 e Ancelotti tamb\u00e9m estiveram juntos no Real Madrid e, portanto, possuem uma conex\u00e3o consolidada em contextos de alto rendimento. O texto do Marca ressaltou a prepara\u00e7\u00e3o acad\u00eamica e profissional do ex-jogador como um fator que o qualifica para contribuir tecnicamente com a sele\u00e7\u00e3o.<\/p>\n\n\n\n<p>Conforme apontado por ve\u00edculos internacionais, essa uni\u00e3o entre um t\u00e9cnico multicampe\u00e3o e um ex-atleta de prest\u00edgio poderia agregar valores t\u00e9cnicos e simb\u00f3licos ao novo ciclo da equipe nacional.<\/p>\n\n\n\n<p>A poss\u00edvel colabora\u00e7\u00e3o entre Kak\u00e1 e Ancelotti, caso se concretize, adicionaria ao ambiente da sele\u00e7\u00e3o uma figura com forte identifica\u00e7\u00e3o junto ao p\u00fablico e experi\u00eancia internacional relevante. Afinal, al\u00e9m de conquistas expressivas como atleta, o ex-jogador demonstrou disposi\u00e7\u00e3o em servir novamente ao futebol brasileiro em outra fun\u00e7\u00e3o.<\/p>\n\n\n\n<h2 class=\"wp-block-heading\" id=\"h-incertezas-nos-bastidores-da-cbf\">Incertezas nos bastidores da CBF<\/h2>\n\n\n\n<p>Embora o nome de Kak\u00e1 venha sendo especulado, o novo cen\u00e1rio administrativo da Confedera\u00e7\u00e3o Brasileira de Futebol ainda apresenta indefini\u00e7\u00f5es. Samir Xaud, cotado como futuro presidente da entidade, foi cauteloso ao comentar a eventual participa\u00e7\u00e3o de Kak\u00e1 ou Cafu na nova comiss\u00e3o.<\/p>\n\n\n\n<p>\u201cAinda n\u00e3o tenho esse conhecimento para te contar, mas poderei revelar quando souber\u201d, limitou-se a declarar em entrevista \u00e0 CNN Esportes.<\/p>\n\n\n\n<p>Enquanto isso, a estreia de Ancelotti \u00e0 frente da sele\u00e7\u00e3o est\u00e1 agendada para o dia 05 de junho, contra o Equador, no Est\u00e1dio Monumental, em Guayaquil. J\u00e1 na segunda-feira seguinte (10 de junho), o Brasil enfrenta o Paraguai na Neo Qu\u00edmica Arena, em S\u00e3o Paulo, em mais um compromisso pelas Eliminat\u00f3rias da Copa do Mundo de 2026.<\/p>\n","protected":false},"excerpt":{"rendered":"<p>Durante a final da Kings League Brazil, realizada no Allianz Parque no domingo (18), o ex-jogador Kak\u00e1 falou abertamente sobre a possibilidade de trabalhar novamente com Carlo Ancelotti, agora em um contexto diferente: na comiss\u00e3o t\u00e9cnica da sele\u00e7\u00e3o brasileira. A possibilidade, inclusive, movimentou a pauta esportiva mundial. Em entrevista \u00e0 Caz\u00e9 TV, Kak\u00e1 foi direto [&hellip;]<\/p>\n","protected":false},"author":18,"featured_media":132313,"comment_status":"open","ping_status":"closed","sticky":false,"template":"","format":"standard","meta":{"footnotes":""},"categories":[478,477],"tags":[],"class_list":["post-265511","post","type-post","status-publish","format-standard","has-post-thumbnail","hentry","category-brasil","category-selecoes"],"yoast_head":"<!-- This site is optimized with the Yoast SEO Premium plugin v24.2 (Yoast SEO v26.9) - https:\/\/yoast.com\/product\/yoast-seo-premium-wordpress\/ -->\n<title>Imprensa estrangeira repercute declara\u00e7\u00e3o de Kak\u00e1 sobre Ancelotti<\/title>\n<meta name=\"robots\" content=\"index, follow, max-snippet:-1, max-image-preview:large, max-video-preview:-1\" \/>\n<link rel=\"canonical\" href=\"https:\/\/www.gaveanews.com\/index.php\/2025\/05\/20\/imprensa-estrangeira-repercute-declaracao-de-kaka-sobre-ancelotti\/\" \/>\n<meta property=\"og:locale\" content=\"pt_BR\" \/>\n<meta property=\"og:type\" content=\"article\" \/>\n<meta property=\"og:title\" content=\"Imprensa estrangeira repercute declara\u00e7\u00e3o de Kak\u00e1 sobre Ancelotti\" \/>\n<meta property=\"og:description\" content=\"Durante a final da Kings League Brazil, realizada no Allianz Parque no domingo (18), o ex-jogador Kak\u00e1 falou abertamente sobre a possibilidade de trabalhar novamente com Carlo Ancelotti, agora em um contexto diferente: na comiss\u00e3o t\u00e9cnica da sele\u00e7\u00e3o brasileira. A possibilidade, inclusive, movimentou a pauta esportiva mundial. Em entrevista \u00e0 Caz\u00e9 TV, Kak\u00e1 foi direto [&hellip;]\" \/>\n<meta property=\"og:url\" content=\"https:\/\/www.gaveanews.com\/index.php\/2025\/05\/20\/imprensa-estrangeira-repercute-declaracao-de-kaka-sobre-ancelotti\/\" \/>\n<meta property=\"og:site_name\" content=\"G\u00e1vea News\" \/>\n<meta property=\"article:publisher\" content=\"https:\/\/facebook.com\/gaveaNews\/\" \/>\n<meta property=\"article:published_time\" content=\"2025-05-21T01:35:00+00:00\" \/>\n<meta property=\"og:image\" content=\"https:\/\/www.gaveanews.com\/wp-content\/uploads\/Kaka-ex-jogador-de-futebol.webp\" \/>\n\t<meta property=\"og:image:width\" content=\"600\" \/>\n\t<meta property=\"og:image:height\" content=\"425\" \/>\n\t<meta property=\"og:image:type\" content=\"image\/jpeg\" \/>\n<meta name=\"author\" content=\"Paula Silva\" \/>\n<meta name=\"twitter:card\" content=\"summary_large_image\" \/>\n<meta name=\"twitter:label1\" content=\"Escrito por\" \/>\n\t<meta name=\"twitter:data1\" content=\"Paula Silva\" \/>\n\t<meta name=\"twitter:label2\" content=\"Est. tempo de leitura\" \/>\n\t<meta name=\"twitter:data2\" content=\"3 minutos\" \/>\n<script type=\"application\/ld+json\" class=\"yoast-schema-graph\">{\"@context\":\"https:\/\/schema.org\",\"@graph\":[{\"@type\":\"NewsArticle\",\"@id\":\"https:\/\/www.gaveanews.com\/index.php\/2025\/05\/20\/imprensa-estrangeira-repercute-declaracao-de-kaka-sobre-ancelotti\/#article\",\"isPartOf\":{\"@id\":\"https:\/\/www.gaveanews.com\/index.php\/2025\/05\/20\/imprensa-estrangeira-repercute-declaracao-de-kaka-sobre-ancelotti\/\"},\"author\":{\"name\":\"Paula Silva\",\"@id\":\"https:\/\/www.gaveanews.com\/#\/schema\/person\/daf63eec72e1164eb13dc35096c2b8da\"},\"headline\":\"Imprensa estrangeira repercute declara\u00e7\u00e3o de Kak\u00e1 sobre Ancelotti\",\"datePublished\":\"2025-05-21T01:35:00+00:00\",\"mainEntityOfPage\":{\"@id\":\"https:\/\/www.gaveanews.com\/index.php\/2025\/05\/20\/imprensa-estrangeira-repercute-declaracao-de-kaka-sobre-ancelotti\/\"},\"wordCount\":456,\"commentCount\":0,\"image\":{\"@id\":\"https:\/\/www.gaveanews.com\/index.php\/2025\/05\/20\/imprensa-estrangeira-repercute-declaracao-de-kaka-sobre-ancelotti\/#primaryimage\"},\"thumbnailUrl\":\"https:\/\/www.gaveanews.com\/wp-content\/uploads\/Kaka-ex-jogador-de-futebol.webp\",\"articleSection\":[\"Brasil\",\"Sele\u00e7\u00f5es\"],\"inLanguage\":\"pt-BR\",\"potentialAction\":[{\"@type\":\"CommentAction\",\"name\":\"Comment\",\"target\":[\"https:\/\/www.gaveanews.com\/index.php\/2025\/05\/20\/imprensa-estrangeira-repercute-declaracao-de-kaka-sobre-ancelotti\/#respond\"]}],\"copyrightYear\":\"2025\",\"copyrightHolder\":{\"@id\":\"https:\/\/www.gaveanews.com\/#organization\"}},{\"@type\":\"WebPage\",\"@id\":\"https:\/\/www.gaveanews.com\/index.php\/2025\/05\/20\/imprensa-estrangeira-repercute-declaracao-de-kaka-sobre-ancelotti\/\",\"url\":\"https:\/\/www.gaveanews.com\/index.php\/2025\/05\/20\/imprensa-estrangeira-repercute-declaracao-de-kaka-sobre-ancelotti\/\",\"name\":\"Imprensa estrangeira repercute declara\u00e7\u00e3o de Kak\u00e1 sobre Ancelotti\",\"isPartOf\":{\"@id\":\"https:\/\/www.gaveanews.com\/#website\"},\"primaryImageOfPage\":{\"@id\":\"https:\/\/www.gaveanews.com\/index.php\/2025\/05\/20\/imprensa-estrangeira-repercute-declaracao-de-kaka-sobre-ancelotti\/#primaryimage\"},\"image\":{\"@id\":\"https:\/\/www.gaveanews.com\/index.php\/2025\/05\/20\/imprensa-estrangeira-repercute-declaracao-de-kaka-sobre-ancelotti\/#primaryimage\"},\"thumbnailUrl\":\"https:\/\/www.gaveanews.com\/wp-content\/uploads\/Kaka-ex-jogador-de-futebol.webp\",\"datePublished\":\"2025-05-21T01:35:00+00:00\",\"author\":{\"@id\":\"https:\/\/www.gaveanews.com\/#\/schema\/person\/daf63eec72e1164eb13dc35096c2b8da\"},\"breadcrumb\":{\"@id\":\"https:\/\/www.gaveanews.com\/index.php\/2025\/05\/20\/imprensa-estrangeira-repercute-declaracao-de-kaka-sobre-ancelotti\/#breadcrumb\"},\"inLanguage\":\"pt-BR\",\"potentialAction\":[{\"@type\":\"ReadAction\",\"target\":[\"https:\/\/www.gaveanews.com\/index.php\/2025\/05\/20\/imprensa-estrangeira-repercute-declaracao-de-kaka-sobre-ancelotti\/\"]}]},{\"@type\":\"ImageObject\",\"inLanguage\":\"pt-BR\",\"@id\":\"https:\/\/www.gaveanews.com\/index.php\/2025\/05\/20\/imprensa-estrangeira-repercute-declaracao-de-kaka-sobre-ancelotti\/#primaryimage\",\"url\":\"https:\/\/www.gaveanews.com\/wp-content\/uploads\/Kaka-ex-jogador-de-futebol.webp\",\"contentUrl\":\"https:\/\/www.gaveanews.com\/wp-content\/uploads\/Kaka-ex-jogador-de-futebol.webp\",\"width\":600,\"height\":425},{\"@type\":\"BreadcrumbList\",\"@id\":\"https:\/\/www.gaveanews.com\/index.php\/2025\/05\/20\/imprensa-estrangeira-repercute-declaracao-de-kaka-sobre-ancelotti\/#breadcrumb\",\"itemListElement\":[{\"@type\":\"ListItem\",\"position\":1,\"name\":\"Home\",\"item\":\"https:\/\/www.gaveanews.com\/\"},{\"@type\":\"ListItem\",\"position\":2,\"name\":\"Imprensa estrangeira repercute declara\u00e7\u00e3o de Kak\u00e1 sobre Ancelotti\"}]},{\"@type\":\"WebSite\",\"@id\":\"https:\/\/www.gaveanews.com\/#website\",\"url\":\"https:\/\/www.gaveanews.com\/\",\"name\":\"G\u00e1vea News\",\"description\":\"Veja todas as not\u00edcias sobre o Flamengo: Contrata\u00e7\u00f5es, categorias de base, resultados das partidas, tabela de classifica\u00e7\u00e3o, pr\u00f3ximos jogos!\",\"potentialAction\":[{\"@type\":\"SearchAction\",\"target\":{\"@type\":\"EntryPoint\",\"urlTemplate\":\"https:\/\/www.gaveanews.com\/?s={search_term_string}\"},\"query-input\":{\"@type\":\"PropertyValueSpecification\",\"valueRequired\":true,\"valueName\":\"search_term_string\"}}],\"inLanguage\":\"pt-BR\"},{\"@type\":\"Person\",\"@id\":\"https:\/\/www.gaveanews.com\/#\/schema\/person\/daf63eec72e1164eb13dc35096c2b8da\",\"name\":\"Paula Silva\",\"image\":{\"@type\":\"ImageObject\",\"inLanguage\":\"pt-BR\",\"@id\":\"https:\/\/www.gaveanews.com\/#\/schema\/person\/image\/\",\"url\":\"https:\/\/secure.gravatar.com\/avatar\/eda381c845527cc5d64c13b901833cda29d97500ba040d3e6461f76f51d163bb?s=96&d=mm&r=g\",\"contentUrl\":\"https:\/\/secure.gravatar.com\/avatar\/eda381c845527cc5d64c13b901833cda29d97500ba040d3e6461f76f51d163bb?s=96&d=mm&r=g\",\"caption\":\"Paula Silva\"}}]}<\/script>\n<!-- \/ Yoast SEO Premium plugin. -->","yoast_head_json":{"title":"Imprensa estrangeira repercute declara\u00e7\u00e3o de Kak\u00e1 sobre Ancelotti","robots":{"index":"index","follow":"follow","max-snippet":"max-snippet:-1","max-image-preview":"max-image-preview:large","max-video-preview":"max-video-preview:-1"},"canonical":"https:\/\/www.gaveanews.com\/index.php\/2025\/05\/20\/imprensa-estrangeira-repercute-declaracao-de-kaka-sobre-ancelotti\/","og_locale":"pt_BR","og_type":"article","og_title":"Imprensa estrangeira repercute declara\u00e7\u00e3o de Kak\u00e1 sobre Ancelotti","og_description":"Durante a final da Kings League Brazil, realizada no Allianz Parque no domingo (18), o ex-jogador Kak\u00e1 falou abertamente sobre a possibilidade de trabalhar novamente com Carlo Ancelotti, agora em um contexto diferente: na comiss\u00e3o t\u00e9cnica da sele\u00e7\u00e3o brasileira. A possibilidade, inclusive, movimentou a pauta esportiva mundial. Em entrevista \u00e0 Caz\u00e9 TV, Kak\u00e1 foi direto [&hellip;]","og_url":"https:\/\/www.gaveanews.com\/index.php\/2025\/05\/20\/imprensa-estrangeira-repercute-declaracao-de-kaka-sobre-ancelotti\/","og_site_name":"G\u00e1vea News","article_publisher":"https:\/\/facebook.com\/gaveaNews\/","article_published_time":"2025-05-21T01:35:00+00:00","og_image":[{"width":600,"height":425,"url":"https:\/\/www.gaveanews.com\/wp-content\/uploads\/Kaka-ex-jogador-de-futebol.webp","type":"image\/jpeg"}],"author":"Paula Silva","twitter_card":"summary_large_image","twitter_misc":{"Escrito por":"Paula Silva","Est. tempo de leitura":"3 minutos"},"schema":{"@context":"https:\/\/schema.org","@graph":[{"@type":"NewsArticle","@id":"https:\/\/www.gaveanews.com\/index.php\/2025\/05\/20\/imprensa-estrangeira-repercute-declaracao-de-kaka-sobre-ancelotti\/#article","isPartOf":{"@id":"https:\/\/www.gaveanews.com\/index.php\/2025\/05\/20\/imprensa-estrangeira-repercute-declaracao-de-kaka-sobre-ancelotti\/"},"author":{"name":"Paula Silva","@id":"https:\/\/www.gaveanews.com\/#\/schema\/person\/daf63eec72e1164eb13dc35096c2b8da"},"headline":"Imprensa estrangeira repercute declara\u00e7\u00e3o de Kak\u00e1 sobre Ancelotti","datePublished":"2025-05-21T01:35:00+00:00","mainEntityOfPage":{"@id":"https:\/\/www.gaveanews.com\/index.php\/2025\/05\/20\/imprensa-estrangeira-repercute-declaracao-de-kaka-sobre-ancelotti\/"},"wordCount":456,"commentCount":0,"image":{"@id":"https:\/\/www.gaveanews.com\/index.php\/2025\/05\/20\/imprensa-estrangeira-repercute-declaracao-de-kaka-sobre-ancelotti\/#primaryimage"},"thumbnailUrl":"https:\/\/www.gaveanews.com\/wp-content\/uploads\/Kaka-ex-jogador-de-futebol.webp","articleSection":["Brasil","Sele\u00e7\u00f5es"],"inLanguage":"pt-BR","potentialAction":[{"@type":"CommentAction","name":"Comment","target":["https:\/\/www.gaveanews.com\/index.php\/2025\/05\/20\/imprensa-estrangeira-repercute-declaracao-de-kaka-sobre-ancelotti\/#respond"]}],"copyrightYear":"2025","copyrightHolder":{"@id":"https:\/\/www.gaveanews.com\/#organization"}},{"@type":"WebPage","@id":"https:\/\/www.gaveanews.com\/index.php\/2025\/05\/20\/imprensa-estrangeira-repercute-declaracao-de-kaka-sobre-ancelotti\/","url":"https:\/\/www.gaveanews.com\/index.php\/2025\/05\/20\/imprensa-estrangeira-repercute-declaracao-de-kaka-sobre-ancelotti\/","name":"Imprensa estrangeira repercute declara\u00e7\u00e3o de Kak\u00e1 sobre Ancelotti","isPartOf":{"@id":"https:\/\/www.gaveanews.com\/#website"},"primaryImageOfPage":{"@id":"https:\/\/www.gaveanews.com\/index.php\/2025\/05\/20\/imprensa-estrangeira-repercute-declaracao-de-kaka-sobre-ancelotti\/#primaryimage"},"image":{"@id":"https:\/\/www.gaveanews.com\/index.php\/2025\/05\/20\/imprensa-estrangeira-repercute-declaracao-de-kaka-sobre-ancelotti\/#primaryimage"},"thumbnailUrl":"https:\/\/www.gaveanews.com\/wp-content\/uploads\/Kaka-ex-jogador-de-futebol.webp","datePublished":"2025-05-21T01:35:00+00:00","author":{"@id":"https:\/\/www.gaveanews.com\/#\/schema\/person\/daf63eec72e1164eb13dc35096c2b8da"},"breadcrumb":{"@id":"https:\/\/www.gaveanews.com\/index.php\/2025\/05\/20\/imprensa-estrangeira-repercute-declaracao-de-kaka-sobre-ancelotti\/#breadcrumb"},"inLanguage":"pt-BR","potentialAction":[{"@type":"ReadAction","target":["https:\/\/www.gaveanews.com\/index.php\/2025\/05\/20\/imprensa-estrangeira-repercute-declaracao-de-kaka-sobre-ancelotti\/"]}]},{"@type":"ImageObject","inLanguage":"pt-BR","@id":"https:\/\/www.gaveanews.com\/index.php\/2025\/05\/20\/imprensa-estrangeira-repercute-declaracao-de-kaka-sobre-ancelotti\/#primaryimage","url":"https:\/\/www.gaveanews.com\/wp-content\/uploads\/Kaka-ex-jogador-de-futebol.webp","contentUrl":"https:\/\/www.gaveanews.com\/wp-content\/uploads\/Kaka-ex-jogador-de-futebol.webp","width":600,"height":425},{"@type":"BreadcrumbList","@id":"https:\/\/www.gaveanews.com\/index.php\/2025\/05\/20\/imprensa-estrangeira-repercute-declaracao-de-kaka-sobre-ancelotti\/#breadcrumb","itemListElement":[{"@type":"ListItem","position":1,"name":"Home","item":"https:\/\/www.gaveanews.com\/"},{"@type":"ListItem","position":2,"name":"Imprensa estrangeira repercute declara\u00e7\u00e3o de Kak\u00e1 sobre Ancelotti"}]},{"@type":"WebSite","@id":"https:\/\/www.gaveanews.com\/#website","url":"https:\/\/www.gaveanews.com\/","name":"G\u00e1vea News","description":"Veja todas as not\u00edcias sobre o Flamengo: Contrata\u00e7\u00f5es, categorias de base, resultados das partidas, tabela de classifica\u00e7\u00e3o, pr\u00f3ximos jogos!","potentialAction":[{"@type":"SearchAction","target":{"@type":"EntryPoint","urlTemplate":"https:\/\/www.gaveanews.com\/?s={search_term_string}"},"query-input":{"@type":"PropertyValueSpecification","valueRequired":true,"valueName":"search_term_string"}}],"inLanguage":"pt-BR"},{"@type":"Person","@id":"https:\/\/www.gaveanews.com\/#\/schema\/person\/daf63eec72e1164eb13dc35096c2b8da","name":"Paula Silva","image":{"@type":"ImageObject","inLanguage":"pt-BR","@id":"https:\/\/www.gaveanews.com\/#\/schema\/person\/image\/","url":"https:\/\/secure.gravatar.com\/avatar\/eda381c845527cc5d64c13b901833cda29d97500ba040d3e6461f76f51d163bb?s=96&d=mm&r=g","contentUrl":"https:\/\/secure.gravatar.com\/avatar\/eda381c845527cc5d64c13b901833cda29d97500ba040d3e6461f76f51d163bb?s=96&d=mm&r=g","caption":"Paula Silva"}}]}},"_links":{"self":[{"href":"https:\/\/www.gaveanews.com\/index.php\/wp-json\/wp\/v2\/posts\/265511","targetHints":{"allow":["GET"]}}],"collection":[{"href":"https:\/\/www.gaveanews.com\/index.php\/wp-json\/wp\/v2\/posts"}],"about":[{"href":"https:\/\/www.gaveanews.com\/index.php\/wp-json\/wp\/v2\/types\/post"}],"author":[{"embeddable":true,"href":"https:\/\/www.gaveanews.com\/index.php\/wp-json\/wp\/v2\/users\/18"}],"replies":[{"embeddable":true,"href":"https:\/\/www.gaveanews.com\/index.php\/wp-json\/wp\/v2\/comments?post=265511"}],"version-history":[{"count":1,"href":"https:\/\/www.gaveanews.com\/index.php\/wp-json\/wp\/v2\/posts\/265511\/revisions"}],"predecessor-version":[{"id":265515,"href":"https:\/\/www.gaveanews.com\/index.php\/wp-json\/wp\/v2\/posts\/265511\/revisions\/265515"}],"wp:featuredmedia":[{"embeddable":true,"href":"https:\/\/www.gaveanews.com\/index.php\/wp-json\/wp\/v2\/media\/132313"}],"wp:attachment":[{"href":"https:\/\/www.gaveanews.com\/index.php\/wp-json\/wp\/v2\/media?parent=265511"}],"wp:term":[{"taxonomy":"category","embeddable":true,"href":"https:\/\/www.gaveanews.com\/index.php\/wp-json\/wp\/v2\/categories?post=265511"},{"taxonomy":"post_tag","embeddable":true,"href":"https:\/\/www.gaveanews.com\/index.php\/wp-json\/wp\/v2\/tags?post=265511"}],"curies":[{"name":"wp","href":"https:\/\/api.w.org\/{rel}","templated":true}]}}