{"id":265512,"date":"2025-05-20T23:20:00","date_gmt":"2025-05-21T02:20:00","guid":{"rendered":"https:\/\/www.gaveanews.com\/?p=265512"},"modified":"2025-05-20T18:33:18","modified_gmt":"2025-05-20T21:33:18","slug":"atacante-se-lesiona-e-vira-desfalque-no-santos","status":"publish","type":"post","link":"https:\/\/www.gaveanews.com\/index.php\/2025\/05\/20\/atacante-se-lesiona-e-vira-desfalque-no-santos\/","title":{"rendered":"Atacante se lesiona e vira desfalque no Santos"},"content":{"rendered":"\n<p>O Santos ter\u00e1 um importante desfalque para o confronto contra o CRB, marcado para quinta-feira (22), pela partida de volta da terceira fase da Copa do Brasil. O atacante Soteldo, uma das principais pe\u00e7as do setor ofensivo da equipe, est\u00e1 fora do jogo. O jogador sentiu dores na coxa esquerda durante o segundo tempo do cl\u00e1ssico contra o Corinthians e, ap\u00f3s ser reavaliado pelo departamento m\u00e9dico, teve confirmada uma les\u00e3o no m\u00fasculo posterior da coxa.<\/p>\n\n\n\n<p>A aus\u00eancia do venezuelano foi confirmada nesta segunda-feira (19), na reapresenta\u00e7\u00e3o do elenco. Embora j\u00e1 tenha iniciado o tratamento, Soteldo n\u00e3o viajar\u00e1 com o grupo para a partida em Macei\u00f3. O clube n\u00e3o detalhou o tempo estimado de recupera\u00e7\u00e3o, mas informou que ele tamb\u00e9m ser\u00e1 desfalque no duelo diante do Vit\u00f3ria, pelo Campeonato Brasileiro.<\/p>\n\n\n\n<figure class=\"wp-block-image size-full\"><img loading=\"lazy\" decoding=\"async\" width=\"602\" height=\"552\" src=\"http:\/\/www.gaveanews.com\/wp-content\/uploads\/Soteldo-pelo-Santos.webp\" alt=\"\" class=\"wp-image-217773\" srcset=\"https:\/\/www.gaveanews.com\/wp-content\/uploads\/Soteldo-pelo-Santos.webp 602w, https:\/\/www.gaveanews.com\/wp-content\/uploads\/Soteldo-pelo-Santos-300x275.webp 300w, https:\/\/www.gaveanews.com\/wp-content\/uploads\/Soteldo-pelo-Santos-458x420.webp 458w, https:\/\/www.gaveanews.com\/wp-content\/uploads\/Soteldo-pelo-Santos-100x92.webp 100w\" sizes=\"auto, (max-width: 602px) 100vw, 602px\" \/><figcaption class=\"wp-element-caption\">Soteldo pelo Santos (Foto: Instagram\/Soteldo)<\/figcaption><\/figure>\n\n\n\n<p>Al\u00e9m de Soteldo, o t\u00e9cnico Cl\u00e9ber Xavier tamb\u00e9m n\u00e3o poder\u00e1 contar com o lateral esquerdo Escobar. O jogador est\u00e1 suspenso e desfalcar\u00e1 o time tanto na Copa do Brasil quanto no Brasileiro. Com isso, a equipe ter\u00e1 que se reorganizar para enfrentar a sequ\u00eancia fora de casa, em um momento decisivo da temporada.<\/p>\n\n\n\n<p>Conforme os desfalques, o treinador do Alvinegro pode promover mudan\u00e7as pontuais no time titular. No ataque, Thaciano e Matheus Xavier surgem como op\u00e7\u00f5es vi\u00e1veis para suprir a aus\u00eancia de Soteldo. J\u00e1 para a lateral esquerda, a tend\u00eancia \u00e9 que Souza assuma a titularidade no lugar de Escobar.<\/p>\n\n\n\n<p>O momento do clube \u00e9 de aten\u00e7\u00e3o redobrada, sobretudo pelo impacto das aus\u00eancias em partidas de car\u00e1ter eliminat\u00f3rio e de pontua\u00e7\u00e3o importante. Ali\u00e1s, o foco est\u00e1 dividido entre manter o desempenho nas competi\u00e7\u00f5es e lidar com quest\u00f5es m\u00e9dicas e disciplinares que afetam a escala\u00e7\u00e3o.<\/p>\n\n\n\n<p>Por fim, ainda paira sobre a Vila Belmiro a expectativa pelo poss\u00edvel retorno de Neymar, revelado pelas categorias de base do clube. Apesar disso, o time segue concentrado no confronto em Macei\u00f3, com a necessidade de avan\u00e7ar na Copa do Brasil mesmo diante dos desfalques.<\/p>\n","protected":false},"excerpt":{"rendered":"<p>O Santos ter\u00e1 um importante desfalque para o confronto contra o CRB, marcado para quinta-feira (22), pela partida de volta da terceira fase da Copa do Brasil. O atacante Soteldo, uma das principais pe\u00e7as do setor ofensivo da equipe, est\u00e1 fora do jogo. O jogador sentiu dores na coxa esquerda durante o segundo tempo do [&hellip;]<\/p>\n","protected":false},"author":27,"featured_media":165619,"comment_status":"open","ping_status":"closed","sticky":false,"template":"","format":"standard","meta":{"footnotes":""},"categories":[139],"tags":[],"class_list":["post-265512","post","type-post","status-publish","format-standard","has-post-thumbnail","hentry","category-santos"],"yoast_head":"<!-- This site is optimized with the Yoast SEO Premium plugin v24.2 (Yoast SEO v26.9) - https:\/\/yoast.com\/product\/yoast-seo-premium-wordpress\/ -->\n<title>Atacante se lesiona e vira desfalque no Santos<\/title>\n<meta name=\"robots\" content=\"index, follow, max-snippet:-1, max-image-preview:large, max-video-preview:-1\" \/>\n<link rel=\"canonical\" href=\"https:\/\/www.gaveanews.com\/index.php\/2025\/05\/20\/atacante-se-lesiona-e-vira-desfalque-no-santos\/\" \/>\n<meta property=\"og:locale\" content=\"pt_BR\" \/>\n<meta property=\"og:type\" content=\"article\" \/>\n<meta property=\"og:title\" content=\"Atacante se lesiona e vira desfalque no Santos\" \/>\n<meta property=\"og:description\" content=\"O Santos ter\u00e1 um importante desfalque para o confronto contra o CRB, marcado para quinta-feira (22), pela partida de volta da terceira fase da Copa do Brasil. O atacante Soteldo, uma das principais pe\u00e7as do setor ofensivo da equipe, est\u00e1 fora do jogo. O jogador sentiu dores na coxa esquerda durante o segundo tempo do [&hellip;]\" \/>\n<meta property=\"og:url\" content=\"https:\/\/www.gaveanews.com\/index.php\/2025\/05\/20\/atacante-se-lesiona-e-vira-desfalque-no-santos\/\" \/>\n<meta property=\"og:site_name\" content=\"G\u00e1vea News\" \/>\n<meta property=\"article:publisher\" content=\"https:\/\/facebook.com\/gaveaNews\/\" \/>\n<meta property=\"article:published_time\" content=\"2025-05-21T02:20:00+00:00\" \/>\n<meta property=\"og:image\" content=\"https:\/\/www.gaveanews.com\/wp-content\/uploads\/Escudo-do-Santos-2.webp\" \/>\n\t<meta property=\"og:image:width\" content=\"1424\" \/>\n\t<meta property=\"og:image:height\" content=\"949\" \/>\n\t<meta property=\"og:image:type\" content=\"image\/webp\" \/>\n<meta name=\"author\" content=\"Matheus Felipe\" \/>\n<meta name=\"twitter:card\" content=\"summary_large_image\" \/>\n<meta name=\"twitter:label1\" content=\"Escrito por\" \/>\n\t<meta name=\"twitter:data1\" content=\"Matheus Felipe\" \/>\n\t<meta name=\"twitter:label2\" content=\"Est. tempo de leitura\" \/>\n\t<meta name=\"twitter:data2\" content=\"3 minutos\" \/>\n<script type=\"application\/ld+json\" class=\"yoast-schema-graph\">{\"@context\":\"https:\/\/schema.org\",\"@graph\":[{\"@type\":\"NewsArticle\",\"@id\":\"https:\/\/www.gaveanews.com\/index.php\/2025\/05\/20\/atacante-se-lesiona-e-vira-desfalque-no-santos\/#article\",\"isPartOf\":{\"@id\":\"https:\/\/www.gaveanews.com\/index.php\/2025\/05\/20\/atacante-se-lesiona-e-vira-desfalque-no-santos\/\"},\"author\":{\"name\":\"Matheus Felipe\",\"@id\":\"https:\/\/www.gaveanews.com\/#\/schema\/person\/8207cd4627f56151707418bfc835b2fb\"},\"headline\":\"Atacante se lesiona e vira desfalque no Santos\",\"datePublished\":\"2025-05-21T02:20:00+00:00\",\"mainEntityOfPage\":{\"@id\":\"https:\/\/www.gaveanews.com\/index.php\/2025\/05\/20\/atacante-se-lesiona-e-vira-desfalque-no-santos\/\"},\"wordCount\":364,\"commentCount\":0,\"image\":{\"@id\":\"https:\/\/www.gaveanews.com\/index.php\/2025\/05\/20\/atacante-se-lesiona-e-vira-desfalque-no-santos\/#primaryimage\"},\"thumbnailUrl\":\"https:\/\/www.gaveanews.com\/wp-content\/uploads\/Escudo-do-Santos-2.webp\",\"articleSection\":[\"Santos\"],\"inLanguage\":\"pt-BR\",\"potentialAction\":[{\"@type\":\"CommentAction\",\"name\":\"Comment\",\"target\":[\"https:\/\/www.gaveanews.com\/index.php\/2025\/05\/20\/atacante-se-lesiona-e-vira-desfalque-no-santos\/#respond\"]}],\"copyrightYear\":\"2025\",\"copyrightHolder\":{\"@id\":\"https:\/\/www.gaveanews.com\/#organization\"}},{\"@type\":\"WebPage\",\"@id\":\"https:\/\/www.gaveanews.com\/index.php\/2025\/05\/20\/atacante-se-lesiona-e-vira-desfalque-no-santos\/\",\"url\":\"https:\/\/www.gaveanews.com\/index.php\/2025\/05\/20\/atacante-se-lesiona-e-vira-desfalque-no-santos\/\",\"name\":\"Atacante se lesiona e vira desfalque no Santos\",\"isPartOf\":{\"@id\":\"https:\/\/www.gaveanews.com\/#website\"},\"primaryImageOfPage\":{\"@id\":\"https:\/\/www.gaveanews.com\/index.php\/2025\/05\/20\/atacante-se-lesiona-e-vira-desfalque-no-santos\/#primaryimage\"},\"image\":{\"@id\":\"https:\/\/www.gaveanews.com\/index.php\/2025\/05\/20\/atacante-se-lesiona-e-vira-desfalque-no-santos\/#primaryimage\"},\"thumbnailUrl\":\"https:\/\/www.gaveanews.com\/wp-content\/uploads\/Escudo-do-Santos-2.webp\",\"datePublished\":\"2025-05-21T02:20:00+00:00\",\"author\":{\"@id\":\"https:\/\/www.gaveanews.com\/#\/schema\/person\/8207cd4627f56151707418bfc835b2fb\"},\"breadcrumb\":{\"@id\":\"https:\/\/www.gaveanews.com\/index.php\/2025\/05\/20\/atacante-se-lesiona-e-vira-desfalque-no-santos\/#breadcrumb\"},\"inLanguage\":\"pt-BR\",\"potentialAction\":[{\"@type\":\"ReadAction\",\"target\":[\"https:\/\/www.gaveanews.com\/index.php\/2025\/05\/20\/atacante-se-lesiona-e-vira-desfalque-no-santos\/\"]}]},{\"@type\":\"ImageObject\",\"inLanguage\":\"pt-BR\",\"@id\":\"https:\/\/www.gaveanews.com\/index.php\/2025\/05\/20\/atacante-se-lesiona-e-vira-desfalque-no-santos\/#primaryimage\",\"url\":\"https:\/\/www.gaveanews.com\/wp-content\/uploads\/Escudo-do-Santos-2.webp\",\"contentUrl\":\"https:\/\/www.gaveanews.com\/wp-content\/uploads\/Escudo-do-Santos-2.webp\",\"width\":1424,\"height\":949,\"caption\":\"Escudo do Santos (Foto: Raul Baretta\/Santos FC)\"},{\"@type\":\"BreadcrumbList\",\"@id\":\"https:\/\/www.gaveanews.com\/index.php\/2025\/05\/20\/atacante-se-lesiona-e-vira-desfalque-no-santos\/#breadcrumb\",\"itemListElement\":[{\"@type\":\"ListItem\",\"position\":1,\"name\":\"Home\",\"item\":\"https:\/\/www.gaveanews.com\/\"},{\"@type\":\"ListItem\",\"position\":2,\"name\":\"Atacante se lesiona e vira desfalque no Santos\"}]},{\"@type\":\"WebSite\",\"@id\":\"https:\/\/www.gaveanews.com\/#website\",\"url\":\"https:\/\/www.gaveanews.com\/\",\"name\":\"G\u00e1vea News\",\"description\":\"Veja todas as not\u00edcias sobre o Flamengo: Contrata\u00e7\u00f5es, categorias de base, resultados das partidas, tabela de classifica\u00e7\u00e3o, pr\u00f3ximos jogos!\",\"potentialAction\":[{\"@type\":\"SearchAction\",\"target\":{\"@type\":\"EntryPoint\",\"urlTemplate\":\"https:\/\/www.gaveanews.com\/?s={search_term_string}\"},\"query-input\":{\"@type\":\"PropertyValueSpecification\",\"valueRequired\":true,\"valueName\":\"search_term_string\"}}],\"inLanguage\":\"pt-BR\"},{\"@type\":\"Person\",\"@id\":\"https:\/\/www.gaveanews.com\/#\/schema\/person\/8207cd4627f56151707418bfc835b2fb\",\"name\":\"Matheus Felipe\",\"image\":{\"@type\":\"ImageObject\",\"inLanguage\":\"pt-BR\",\"@id\":\"https:\/\/www.gaveanews.com\/#\/schema\/person\/image\/\",\"url\":\"https:\/\/secure.gravatar.com\/avatar\/a452ffbed9130f726358b298bb3a99ce4bd3c5338411f8440e87e14d74c7c087?s=96&d=mm&r=g\",\"contentUrl\":\"https:\/\/secure.gravatar.com\/avatar\/a452ffbed9130f726358b298bb3a99ce4bd3c5338411f8440e87e14d74c7c087?s=96&d=mm&r=g\",\"caption\":\"Matheus Felipe\"}}]}<\/script>\n<!-- \/ Yoast SEO Premium plugin. -->","yoast_head_json":{"title":"Atacante se lesiona e vira desfalque no Santos","robots":{"index":"index","follow":"follow","max-snippet":"max-snippet:-1","max-image-preview":"max-image-preview:large","max-video-preview":"max-video-preview:-1"},"canonical":"https:\/\/www.gaveanews.com\/index.php\/2025\/05\/20\/atacante-se-lesiona-e-vira-desfalque-no-santos\/","og_locale":"pt_BR","og_type":"article","og_title":"Atacante se lesiona e vira desfalque no Santos","og_description":"O Santos ter\u00e1 um importante desfalque para o confronto contra o CRB, marcado para quinta-feira (22), pela partida de volta da terceira fase da Copa do Brasil. O atacante Soteldo, uma das principais pe\u00e7as do setor ofensivo da equipe, est\u00e1 fora do jogo. O jogador sentiu dores na coxa esquerda durante o segundo tempo do [&hellip;]","og_url":"https:\/\/www.gaveanews.com\/index.php\/2025\/05\/20\/atacante-se-lesiona-e-vira-desfalque-no-santos\/","og_site_name":"G\u00e1vea News","article_publisher":"https:\/\/facebook.com\/gaveaNews\/","article_published_time":"2025-05-21T02:20:00+00:00","og_image":[{"width":1424,"height":949,"url":"https:\/\/www.gaveanews.com\/wp-content\/uploads\/Escudo-do-Santos-2.webp","type":"image\/webp"}],"author":"Matheus Felipe","twitter_card":"summary_large_image","twitter_misc":{"Escrito por":"Matheus Felipe","Est. tempo de leitura":"3 minutos"},"schema":{"@context":"https:\/\/schema.org","@graph":[{"@type":"NewsArticle","@id":"https:\/\/www.gaveanews.com\/index.php\/2025\/05\/20\/atacante-se-lesiona-e-vira-desfalque-no-santos\/#article","isPartOf":{"@id":"https:\/\/www.gaveanews.com\/index.php\/2025\/05\/20\/atacante-se-lesiona-e-vira-desfalque-no-santos\/"},"author":{"name":"Matheus Felipe","@id":"https:\/\/www.gaveanews.com\/#\/schema\/person\/8207cd4627f56151707418bfc835b2fb"},"headline":"Atacante se lesiona e vira desfalque no Santos","datePublished":"2025-05-21T02:20:00+00:00","mainEntityOfPage":{"@id":"https:\/\/www.gaveanews.com\/index.php\/2025\/05\/20\/atacante-se-lesiona-e-vira-desfalque-no-santos\/"},"wordCount":364,"commentCount":0,"image":{"@id":"https:\/\/www.gaveanews.com\/index.php\/2025\/05\/20\/atacante-se-lesiona-e-vira-desfalque-no-santos\/#primaryimage"},"thumbnailUrl":"https:\/\/www.gaveanews.com\/wp-content\/uploads\/Escudo-do-Santos-2.webp","articleSection":["Santos"],"inLanguage":"pt-BR","potentialAction":[{"@type":"CommentAction","name":"Comment","target":["https:\/\/www.gaveanews.com\/index.php\/2025\/05\/20\/atacante-se-lesiona-e-vira-desfalque-no-santos\/#respond"]}],"copyrightYear":"2025","copyrightHolder":{"@id":"https:\/\/www.gaveanews.com\/#organization"}},{"@type":"WebPage","@id":"https:\/\/www.gaveanews.com\/index.php\/2025\/05\/20\/atacante-se-lesiona-e-vira-desfalque-no-santos\/","url":"https:\/\/www.gaveanews.com\/index.php\/2025\/05\/20\/atacante-se-lesiona-e-vira-desfalque-no-santos\/","name":"Atacante se lesiona e vira desfalque no Santos","isPartOf":{"@id":"https:\/\/www.gaveanews.com\/#website"},"primaryImageOfPage":{"@id":"https:\/\/www.gaveanews.com\/index.php\/2025\/05\/20\/atacante-se-lesiona-e-vira-desfalque-no-santos\/#primaryimage"},"image":{"@id":"https:\/\/www.gaveanews.com\/index.php\/2025\/05\/20\/atacante-se-lesiona-e-vira-desfalque-no-santos\/#primaryimage"},"thumbnailUrl":"https:\/\/www.gaveanews.com\/wp-content\/uploads\/Escudo-do-Santos-2.webp","datePublished":"2025-05-21T02:20:00+00:00","author":{"@id":"https:\/\/www.gaveanews.com\/#\/schema\/person\/8207cd4627f56151707418bfc835b2fb"},"breadcrumb":{"@id":"https:\/\/www.gaveanews.com\/index.php\/2025\/05\/20\/atacante-se-lesiona-e-vira-desfalque-no-santos\/#breadcrumb"},"inLanguage":"pt-BR","potentialAction":[{"@type":"ReadAction","target":["https:\/\/www.gaveanews.com\/index.php\/2025\/05\/20\/atacante-se-lesiona-e-vira-desfalque-no-santos\/"]}]},{"@type":"ImageObject","inLanguage":"pt-BR","@id":"https:\/\/www.gaveanews.com\/index.php\/2025\/05\/20\/atacante-se-lesiona-e-vira-desfalque-no-santos\/#primaryimage","url":"https:\/\/www.gaveanews.com\/wp-content\/uploads\/Escudo-do-Santos-2.webp","contentUrl":"https:\/\/www.gaveanews.com\/wp-content\/uploads\/Escudo-do-Santos-2.webp","width":1424,"height":949,"caption":"Escudo do Santos (Foto: Raul Baretta\/Santos FC)"},{"@type":"BreadcrumbList","@id":"https:\/\/www.gaveanews.com\/index.php\/2025\/05\/20\/atacante-se-lesiona-e-vira-desfalque-no-santos\/#breadcrumb","itemListElement":[{"@type":"ListItem","position":1,"name":"Home","item":"https:\/\/www.gaveanews.com\/"},{"@type":"ListItem","position":2,"name":"Atacante se lesiona e vira desfalque no Santos"}]},{"@type":"WebSite","@id":"https:\/\/www.gaveanews.com\/#website","url":"https:\/\/www.gaveanews.com\/","name":"G\u00e1vea News","description":"Veja todas as not\u00edcias sobre o Flamengo: Contrata\u00e7\u00f5es, categorias de base, resultados das partidas, tabela de classifica\u00e7\u00e3o, pr\u00f3ximos jogos!","potentialAction":[{"@type":"SearchAction","target":{"@type":"EntryPoint","urlTemplate":"https:\/\/www.gaveanews.com\/?s={search_term_string}"},"query-input":{"@type":"PropertyValueSpecification","valueRequired":true,"valueName":"search_term_string"}}],"inLanguage":"pt-BR"},{"@type":"Person","@id":"https:\/\/www.gaveanews.com\/#\/schema\/person\/8207cd4627f56151707418bfc835b2fb","name":"Matheus Felipe","image":{"@type":"ImageObject","inLanguage":"pt-BR","@id":"https:\/\/www.gaveanews.com\/#\/schema\/person\/image\/","url":"https:\/\/secure.gravatar.com\/avatar\/a452ffbed9130f726358b298bb3a99ce4bd3c5338411f8440e87e14d74c7c087?s=96&d=mm&r=g","contentUrl":"https:\/\/secure.gravatar.com\/avatar\/a452ffbed9130f726358b298bb3a99ce4bd3c5338411f8440e87e14d74c7c087?s=96&d=mm&r=g","caption":"Matheus Felipe"}}]}},"_links":{"self":[{"href":"https:\/\/www.gaveanews.com\/index.php\/wp-json\/wp\/v2\/posts\/265512","targetHints":{"allow":["GET"]}}],"collection":[{"href":"https:\/\/www.gaveanews.com\/index.php\/wp-json\/wp\/v2\/posts"}],"about":[{"href":"https:\/\/www.gaveanews.com\/index.php\/wp-json\/wp\/v2\/types\/post"}],"author":[{"embeddable":true,"href":"https:\/\/www.gaveanews.com\/index.php\/wp-json\/wp\/v2\/users\/27"}],"replies":[{"embeddable":true,"href":"https:\/\/www.gaveanews.com\/index.php\/wp-json\/wp\/v2\/comments?post=265512"}],"version-history":[{"count":1,"href":"https:\/\/www.gaveanews.com\/index.php\/wp-json\/wp\/v2\/posts\/265512\/revisions"}],"predecessor-version":[{"id":265525,"href":"https:\/\/www.gaveanews.com\/index.php\/wp-json\/wp\/v2\/posts\/265512\/revisions\/265525"}],"wp:featuredmedia":[{"embeddable":true,"href":"https:\/\/www.gaveanews.com\/index.php\/wp-json\/wp\/v2\/media\/165619"}],"wp:attachment":[{"href":"https:\/\/www.gaveanews.com\/index.php\/wp-json\/wp\/v2\/media?parent=265512"}],"wp:term":[{"taxonomy":"category","embeddable":true,"href":"https:\/\/www.gaveanews.com\/index.php\/wp-json\/wp\/v2\/categories?post=265512"},{"taxonomy":"post_tag","embeddable":true,"href":"https:\/\/www.gaveanews.com\/index.php\/wp-json\/wp\/v2\/tags?post=265512"}],"curies":[{"name":"wp","href":"https:\/\/api.w.org\/{rel}","templated":true}]}}