{"id":265527,"date":"2025-05-20T23:25:00","date_gmt":"2025-05-21T02:25:00","guid":{"rendered":"https:\/\/www.gaveanews.com\/?p=265527"},"modified":"2025-05-20T18:42:58","modified_gmt":"2025-05-20T21:42:58","slug":"promotores-tomam-atitude-importante-sobre-julgamento-de-maradona","status":"publish","type":"post","link":"https:\/\/www.gaveanews.com\/index.php\/2025\/05\/20\/promotores-tomam-atitude-importante-sobre-julgamento-de-maradona\/","title":{"rendered":"Promotores tomam atitude importante sobre julgamento de Maradona"},"content":{"rendered":"\n<p>O julgamento que apura as responsabilidades pela morte de Diego Maradona foi temporariamente interrompido ap\u00f3s uma solicita\u00e7\u00e3o do Minist\u00e9rio P\u00fablico argentino. O promotor Patricio Ferrari formalizou um pedido de suspens\u00e3o de dez dias, apresentado nesta ter\u00e7a-feira (20), sob alega\u00e7\u00e3o de poss\u00edvel conduta inadequada da ju\u00edza Julieta Makintach.<\/p>\n\n\n\n<p>O objetivo da interrup\u00e7\u00e3o \u00e9 investigar den\u00fancias que apontam envolvimento da magistrada em um document\u00e1rio supostamente autorizado sem os tr\u00e2mites legais.<\/p>\n\n\n\n<p>Ferrari afirmou que \u201ca situa\u00e7\u00e3o compromete o prest\u00edgio do Judici\u00e1rio\u201d e defendeu que \u00e9 \u201caconselh\u00e1vel e extremamente prudente saber o que deve acontecer com o resultado do debate e com as a\u00e7\u00f5es do juiz acusado e impugnado\u201d .<\/p>\n\n\n\n<p>A solicita\u00e7\u00e3o foi apresentada ao tribunal localizado na regi\u00e3o metropolitana de Buenos Aires, respons\u00e1vel por conduzir o processo desde mar\u00e7o. As suspeitas que motivaram o pedido de suspens\u00e3o dizem respeito \u00e0 entrada irregular de cinegrafistas em sess\u00f5es do julgamento. Segundo apura\u00e7\u00f5es iniciais, a permiss\u00e3o teria partido da pr\u00f3pria Makintach, o que levantou suspeitas de v\u00ednculo com uma produtora audiovisual. H\u00e1 alega\u00e7\u00f5es de que essa empresa teria liga\u00e7\u00f5es com Juan Makintach, irm\u00e3o da ju\u00edza, e que estaria produzindo um conte\u00fado sobre o processo judicial.<\/p>\n\n\n\n<p>Julio Rivas, defensor do m\u00e9dico Leopoldo Luque, um dos acusados, afirmou que recebeu contato de membros da BBC solicitando entrevista, e que foi informado sobre a participa\u00e7\u00e3o da produtora associada \u00e0 fam\u00edlia da magistrada. Em paralelo ao julgamento, o advogado Fernando Burlando, que representa duas filhas de Maradona, ingressou com uma a\u00e7\u00e3o criminal para apurar a exist\u00eancia e legalidade do suposto document\u00e1rio.<\/p>\n\n\n\n<h2 class=\"wp-block-heading\" id=\"h-o-caso\">O caso<\/h2>\n\n\n\n<p>O caso julga sete profissionais da sa\u00fade pelo crime de homic\u00eddio simples com dolo eventual, cuja pena pode chegar a 25 anos de pris\u00e3o. A acusa\u00e7\u00e3o sustenta que houve neglig\u00eancia durante o tratamento do ex-jogador, que se recuperava de uma cirurgia cerebral em uma resid\u00eancia alugada quando faleceu em 25 de novembro de 2020.<\/p>\n\n\n\n<p>O pedido de suspens\u00e3o n\u00e3o partiu apenas do Minist\u00e9rio P\u00fablico. Al\u00e9m dos promotores, os advogados das filhas do ex-camisa 10 da Argentina e cinco das sete defesas envolvidas no processo tamb\u00e9m manifestaram apoio \u00e0 paralisa\u00e7\u00e3o tempor\u00e1ria. Burlando defendeu a medida afirmando que ela garantiria &#8220;serenidade, rigor e a continuidade do processo&#8221;.<\/p>\n\n\n\n<p>Enquanto a decis\u00e3o do tribunal n\u00e3o \u00e9 anunciada, cresce a expectativa sobre os pr\u00f3ximos passos e a eventual substitui\u00e7\u00e3o da ju\u00edza Makintach. Dias antes do pedido oficial, a defesa de Luque j\u00e1 havia solicitado o afastamento da magistrada alegando parcialidade, mas a mo\u00e7\u00e3o inicial foi rejeitada pelos tr\u00eas integrantes da corte.<\/p>\n\n\n\n<p>Contudo, a nova den\u00fancia, somada \u00e0 possibilidade de influ\u00eancia externa na condu\u00e7\u00e3o das sess\u00f5es, trouxe \u00e0 tona preocupa\u00e7\u00f5es institucionais mais amplas. &#8220;O que aconteceu nos \u00faltimos dias implica gravidade institucional&#8221;, reiterou Ferrari durante a audi\u00eancia.<\/p>\n","protected":false},"excerpt":{"rendered":"<p>O julgamento que apura as responsabilidades pela morte de Diego Maradona foi temporariamente interrompido ap\u00f3s uma solicita\u00e7\u00e3o do Minist\u00e9rio P\u00fablico argentino. O promotor Patricio Ferrari formalizou um pedido de suspens\u00e3o de dez dias, apresentado nesta ter\u00e7a-feira (20), sob alega\u00e7\u00e3o de poss\u00edvel conduta inadequada da ju\u00edza Julieta Makintach. O objetivo da interrup\u00e7\u00e3o \u00e9 investigar den\u00fancias que [&hellip;]<\/p>\n","protected":false},"author":18,"featured_media":265536,"comment_status":"open","ping_status":"closed","sticky":false,"template":"","format":"standard","meta":{"footnotes":""},"categories":[78,438],"tags":[],"class_list":["post-265527","post","type-post","status-publish","format-standard","has-post-thumbnail","hentry","category-futebol-internacional","category-liga-profissional-da-argentina"],"yoast_head":"<!-- This site is optimized with the Yoast SEO Premium plugin v24.2 (Yoast SEO v26.9) - https:\/\/yoast.com\/product\/yoast-seo-premium-wordpress\/ -->\n<title>Promotores tomam atitude importante sobre julgamento de Maradona<\/title>\n<meta name=\"robots\" content=\"index, follow, max-snippet:-1, max-image-preview:large, max-video-preview:-1\" \/>\n<link rel=\"canonical\" href=\"https:\/\/www.gaveanews.com\/index.php\/2025\/05\/20\/promotores-tomam-atitude-importante-sobre-julgamento-de-maradona\/\" \/>\n<meta property=\"og:locale\" content=\"pt_BR\" \/>\n<meta property=\"og:type\" content=\"article\" \/>\n<meta property=\"og:title\" content=\"Promotores tomam atitude importante sobre julgamento de Maradona\" \/>\n<meta property=\"og:description\" content=\"O julgamento que apura as responsabilidades pela morte de Diego Maradona foi temporariamente interrompido ap\u00f3s uma solicita\u00e7\u00e3o do Minist\u00e9rio P\u00fablico argentino. O promotor Patricio Ferrari formalizou um pedido de suspens\u00e3o de dez dias, apresentado nesta ter\u00e7a-feira (20), sob alega\u00e7\u00e3o de poss\u00edvel conduta inadequada da ju\u00edza Julieta Makintach. O objetivo da interrup\u00e7\u00e3o \u00e9 investigar den\u00fancias que [&hellip;]\" \/>\n<meta property=\"og:url\" content=\"https:\/\/www.gaveanews.com\/index.php\/2025\/05\/20\/promotores-tomam-atitude-importante-sobre-julgamento-de-maradona\/\" \/>\n<meta property=\"og:site_name\" content=\"G\u00e1vea News\" \/>\n<meta property=\"article:publisher\" content=\"https:\/\/facebook.com\/gaveaNews\/\" \/>\n<meta property=\"article:published_time\" content=\"2025-05-21T02:25:00+00:00\" \/>\n<meta property=\"og:image\" content=\"https:\/\/www.gaveanews.com\/wp-content\/uploads\/Maradona.webp\" \/>\n\t<meta property=\"og:image:width\" content=\"1200\" \/>\n\t<meta property=\"og:image:height\" content=\"900\" \/>\n\t<meta property=\"og:image:type\" content=\"image\/webp\" \/>\n<meta name=\"author\" content=\"Paula Silva\" \/>\n<meta name=\"twitter:card\" content=\"summary_large_image\" \/>\n<meta name=\"twitter:label1\" content=\"Escrito por\" \/>\n\t<meta name=\"twitter:data1\" content=\"Paula Silva\" \/>\n\t<meta name=\"twitter:label2\" content=\"Est. tempo de leitura\" \/>\n\t<meta name=\"twitter:data2\" content=\"3 minutos\" \/>\n<script type=\"application\/ld+json\" class=\"yoast-schema-graph\">{\"@context\":\"https:\/\/schema.org\",\"@graph\":[{\"@type\":\"NewsArticle\",\"@id\":\"https:\/\/www.gaveanews.com\/index.php\/2025\/05\/20\/promotores-tomam-atitude-importante-sobre-julgamento-de-maradona\/#article\",\"isPartOf\":{\"@id\":\"https:\/\/www.gaveanews.com\/index.php\/2025\/05\/20\/promotores-tomam-atitude-importante-sobre-julgamento-de-maradona\/\"},\"author\":{\"name\":\"Paula Silva\",\"@id\":\"https:\/\/www.gaveanews.com\/#\/schema\/person\/daf63eec72e1164eb13dc35096c2b8da\"},\"headline\":\"Promotores tomam atitude importante sobre julgamento de Maradona\",\"datePublished\":\"2025-05-21T02:25:00+00:00\",\"mainEntityOfPage\":{\"@id\":\"https:\/\/www.gaveanews.com\/index.php\/2025\/05\/20\/promotores-tomam-atitude-importante-sobre-julgamento-de-maradona\/\"},\"wordCount\":504,\"commentCount\":0,\"image\":{\"@id\":\"https:\/\/www.gaveanews.com\/index.php\/2025\/05\/20\/promotores-tomam-atitude-importante-sobre-julgamento-de-maradona\/#primaryimage\"},\"thumbnailUrl\":\"https:\/\/www.gaveanews.com\/wp-content\/uploads\/Maradona.webp\",\"articleSection\":[\"Futebol Internacional\",\"Liga Profissional da Argentina\"],\"inLanguage\":\"pt-BR\",\"potentialAction\":[{\"@type\":\"CommentAction\",\"name\":\"Comment\",\"target\":[\"https:\/\/www.gaveanews.com\/index.php\/2025\/05\/20\/promotores-tomam-atitude-importante-sobre-julgamento-de-maradona\/#respond\"]}],\"copyrightYear\":\"2025\",\"copyrightHolder\":{\"@id\":\"https:\/\/www.gaveanews.com\/#organization\"}},{\"@type\":\"WebPage\",\"@id\":\"https:\/\/www.gaveanews.com\/index.php\/2025\/05\/20\/promotores-tomam-atitude-importante-sobre-julgamento-de-maradona\/\",\"url\":\"https:\/\/www.gaveanews.com\/index.php\/2025\/05\/20\/promotores-tomam-atitude-importante-sobre-julgamento-de-maradona\/\",\"name\":\"Promotores tomam atitude importante sobre julgamento de Maradona\",\"isPartOf\":{\"@id\":\"https:\/\/www.gaveanews.com\/#website\"},\"primaryImageOfPage\":{\"@id\":\"https:\/\/www.gaveanews.com\/index.php\/2025\/05\/20\/promotores-tomam-atitude-importante-sobre-julgamento-de-maradona\/#primaryimage\"},\"image\":{\"@id\":\"https:\/\/www.gaveanews.com\/index.php\/2025\/05\/20\/promotores-tomam-atitude-importante-sobre-julgamento-de-maradona\/#primaryimage\"},\"thumbnailUrl\":\"https:\/\/www.gaveanews.com\/wp-content\/uploads\/Maradona.webp\",\"datePublished\":\"2025-05-21T02:25:00+00:00\",\"author\":{\"@id\":\"https:\/\/www.gaveanews.com\/#\/schema\/person\/daf63eec72e1164eb13dc35096c2b8da\"},\"breadcrumb\":{\"@id\":\"https:\/\/www.gaveanews.com\/index.php\/2025\/05\/20\/promotores-tomam-atitude-importante-sobre-julgamento-de-maradona\/#breadcrumb\"},\"inLanguage\":\"pt-BR\",\"potentialAction\":[{\"@type\":\"ReadAction\",\"target\":[\"https:\/\/www.gaveanews.com\/index.php\/2025\/05\/20\/promotores-tomam-atitude-importante-sobre-julgamento-de-maradona\/\"]}]},{\"@type\":\"ImageObject\",\"inLanguage\":\"pt-BR\",\"@id\":\"https:\/\/www.gaveanews.com\/index.php\/2025\/05\/20\/promotores-tomam-atitude-importante-sobre-julgamento-de-maradona\/#primaryimage\",\"url\":\"https:\/\/www.gaveanews.com\/wp-content\/uploads\/Maradona.webp\",\"contentUrl\":\"https:\/\/www.gaveanews.com\/wp-content\/uploads\/Maradona.webp\",\"width\":1200,\"height\":900,\"caption\":\"Maradona (Foto: Site oficial de Maradona)\"},{\"@type\":\"BreadcrumbList\",\"@id\":\"https:\/\/www.gaveanews.com\/index.php\/2025\/05\/20\/promotores-tomam-atitude-importante-sobre-julgamento-de-maradona\/#breadcrumb\",\"itemListElement\":[{\"@type\":\"ListItem\",\"position\":1,\"name\":\"Home\",\"item\":\"https:\/\/www.gaveanews.com\/\"},{\"@type\":\"ListItem\",\"position\":2,\"name\":\"Promotores tomam atitude importante sobre julgamento de Maradona\"}]},{\"@type\":\"WebSite\",\"@id\":\"https:\/\/www.gaveanews.com\/#website\",\"url\":\"https:\/\/www.gaveanews.com\/\",\"name\":\"G\u00e1vea News\",\"description\":\"Veja todas as not\u00edcias sobre o Flamengo: Contrata\u00e7\u00f5es, categorias de base, resultados das partidas, tabela de classifica\u00e7\u00e3o, pr\u00f3ximos jogos!\",\"potentialAction\":[{\"@type\":\"SearchAction\",\"target\":{\"@type\":\"EntryPoint\",\"urlTemplate\":\"https:\/\/www.gaveanews.com\/?s={search_term_string}\"},\"query-input\":{\"@type\":\"PropertyValueSpecification\",\"valueRequired\":true,\"valueName\":\"search_term_string\"}}],\"inLanguage\":\"pt-BR\"},{\"@type\":\"Person\",\"@id\":\"https:\/\/www.gaveanews.com\/#\/schema\/person\/daf63eec72e1164eb13dc35096c2b8da\",\"name\":\"Paula Silva\",\"image\":{\"@type\":\"ImageObject\",\"inLanguage\":\"pt-BR\",\"@id\":\"https:\/\/www.gaveanews.com\/#\/schema\/person\/image\/\",\"url\":\"https:\/\/secure.gravatar.com\/avatar\/eda381c845527cc5d64c13b901833cda29d97500ba040d3e6461f76f51d163bb?s=96&d=mm&r=g\",\"contentUrl\":\"https:\/\/secure.gravatar.com\/avatar\/eda381c845527cc5d64c13b901833cda29d97500ba040d3e6461f76f51d163bb?s=96&d=mm&r=g\",\"caption\":\"Paula Silva\"}}]}<\/script>\n<!-- \/ Yoast SEO Premium plugin. -->","yoast_head_json":{"title":"Promotores tomam atitude importante sobre julgamento de Maradona","robots":{"index":"index","follow":"follow","max-snippet":"max-snippet:-1","max-image-preview":"max-image-preview:large","max-video-preview":"max-video-preview:-1"},"canonical":"https:\/\/www.gaveanews.com\/index.php\/2025\/05\/20\/promotores-tomam-atitude-importante-sobre-julgamento-de-maradona\/","og_locale":"pt_BR","og_type":"article","og_title":"Promotores tomam atitude importante sobre julgamento de Maradona","og_description":"O julgamento que apura as responsabilidades pela morte de Diego Maradona foi temporariamente interrompido ap\u00f3s uma solicita\u00e7\u00e3o do Minist\u00e9rio P\u00fablico argentino. O promotor Patricio Ferrari formalizou um pedido de suspens\u00e3o de dez dias, apresentado nesta ter\u00e7a-feira (20), sob alega\u00e7\u00e3o de poss\u00edvel conduta inadequada da ju\u00edza Julieta Makintach. O objetivo da interrup\u00e7\u00e3o \u00e9 investigar den\u00fancias que [&hellip;]","og_url":"https:\/\/www.gaveanews.com\/index.php\/2025\/05\/20\/promotores-tomam-atitude-importante-sobre-julgamento-de-maradona\/","og_site_name":"G\u00e1vea News","article_publisher":"https:\/\/facebook.com\/gaveaNews\/","article_published_time":"2025-05-21T02:25:00+00:00","og_image":[{"width":1200,"height":900,"url":"https:\/\/www.gaveanews.com\/wp-content\/uploads\/Maradona.webp","type":"image\/webp"}],"author":"Paula Silva","twitter_card":"summary_large_image","twitter_misc":{"Escrito por":"Paula Silva","Est. tempo de leitura":"3 minutos"},"schema":{"@context":"https:\/\/schema.org","@graph":[{"@type":"NewsArticle","@id":"https:\/\/www.gaveanews.com\/index.php\/2025\/05\/20\/promotores-tomam-atitude-importante-sobre-julgamento-de-maradona\/#article","isPartOf":{"@id":"https:\/\/www.gaveanews.com\/index.php\/2025\/05\/20\/promotores-tomam-atitude-importante-sobre-julgamento-de-maradona\/"},"author":{"name":"Paula Silva","@id":"https:\/\/www.gaveanews.com\/#\/schema\/person\/daf63eec72e1164eb13dc35096c2b8da"},"headline":"Promotores tomam atitude importante sobre julgamento de Maradona","datePublished":"2025-05-21T02:25:00+00:00","mainEntityOfPage":{"@id":"https:\/\/www.gaveanews.com\/index.php\/2025\/05\/20\/promotores-tomam-atitude-importante-sobre-julgamento-de-maradona\/"},"wordCount":504,"commentCount":0,"image":{"@id":"https:\/\/www.gaveanews.com\/index.php\/2025\/05\/20\/promotores-tomam-atitude-importante-sobre-julgamento-de-maradona\/#primaryimage"},"thumbnailUrl":"https:\/\/www.gaveanews.com\/wp-content\/uploads\/Maradona.webp","articleSection":["Futebol Internacional","Liga Profissional da Argentina"],"inLanguage":"pt-BR","potentialAction":[{"@type":"CommentAction","name":"Comment","target":["https:\/\/www.gaveanews.com\/index.php\/2025\/05\/20\/promotores-tomam-atitude-importante-sobre-julgamento-de-maradona\/#respond"]}],"copyrightYear":"2025","copyrightHolder":{"@id":"https:\/\/www.gaveanews.com\/#organization"}},{"@type":"WebPage","@id":"https:\/\/www.gaveanews.com\/index.php\/2025\/05\/20\/promotores-tomam-atitude-importante-sobre-julgamento-de-maradona\/","url":"https:\/\/www.gaveanews.com\/index.php\/2025\/05\/20\/promotores-tomam-atitude-importante-sobre-julgamento-de-maradona\/","name":"Promotores tomam atitude importante sobre julgamento de Maradona","isPartOf":{"@id":"https:\/\/www.gaveanews.com\/#website"},"primaryImageOfPage":{"@id":"https:\/\/www.gaveanews.com\/index.php\/2025\/05\/20\/promotores-tomam-atitude-importante-sobre-julgamento-de-maradona\/#primaryimage"},"image":{"@id":"https:\/\/www.gaveanews.com\/index.php\/2025\/05\/20\/promotores-tomam-atitude-importante-sobre-julgamento-de-maradona\/#primaryimage"},"thumbnailUrl":"https:\/\/www.gaveanews.com\/wp-content\/uploads\/Maradona.webp","datePublished":"2025-05-21T02:25:00+00:00","author":{"@id":"https:\/\/www.gaveanews.com\/#\/schema\/person\/daf63eec72e1164eb13dc35096c2b8da"},"breadcrumb":{"@id":"https:\/\/www.gaveanews.com\/index.php\/2025\/05\/20\/promotores-tomam-atitude-importante-sobre-julgamento-de-maradona\/#breadcrumb"},"inLanguage":"pt-BR","potentialAction":[{"@type":"ReadAction","target":["https:\/\/www.gaveanews.com\/index.php\/2025\/05\/20\/promotores-tomam-atitude-importante-sobre-julgamento-de-maradona\/"]}]},{"@type":"ImageObject","inLanguage":"pt-BR","@id":"https:\/\/www.gaveanews.com\/index.php\/2025\/05\/20\/promotores-tomam-atitude-importante-sobre-julgamento-de-maradona\/#primaryimage","url":"https:\/\/www.gaveanews.com\/wp-content\/uploads\/Maradona.webp","contentUrl":"https:\/\/www.gaveanews.com\/wp-content\/uploads\/Maradona.webp","width":1200,"height":900,"caption":"Maradona (Foto: Site oficial de Maradona)"},{"@type":"BreadcrumbList","@id":"https:\/\/www.gaveanews.com\/index.php\/2025\/05\/20\/promotores-tomam-atitude-importante-sobre-julgamento-de-maradona\/#breadcrumb","itemListElement":[{"@type":"ListItem","position":1,"name":"Home","item":"https:\/\/www.gaveanews.com\/"},{"@type":"ListItem","position":2,"name":"Promotores tomam atitude importante sobre julgamento de Maradona"}]},{"@type":"WebSite","@id":"https:\/\/www.gaveanews.com\/#website","url":"https:\/\/www.gaveanews.com\/","name":"G\u00e1vea News","description":"Veja todas as not\u00edcias sobre o Flamengo: Contrata\u00e7\u00f5es, categorias de base, resultados das partidas, tabela de classifica\u00e7\u00e3o, pr\u00f3ximos jogos!","potentialAction":[{"@type":"SearchAction","target":{"@type":"EntryPoint","urlTemplate":"https:\/\/www.gaveanews.com\/?s={search_term_string}"},"query-input":{"@type":"PropertyValueSpecification","valueRequired":true,"valueName":"search_term_string"}}],"inLanguage":"pt-BR"},{"@type":"Person","@id":"https:\/\/www.gaveanews.com\/#\/schema\/person\/daf63eec72e1164eb13dc35096c2b8da","name":"Paula Silva","image":{"@type":"ImageObject","inLanguage":"pt-BR","@id":"https:\/\/www.gaveanews.com\/#\/schema\/person\/image\/","url":"https:\/\/secure.gravatar.com\/avatar\/eda381c845527cc5d64c13b901833cda29d97500ba040d3e6461f76f51d163bb?s=96&d=mm&r=g","contentUrl":"https:\/\/secure.gravatar.com\/avatar\/eda381c845527cc5d64c13b901833cda29d97500ba040d3e6461f76f51d163bb?s=96&d=mm&r=g","caption":"Paula Silva"}}]}},"_links":{"self":[{"href":"https:\/\/www.gaveanews.com\/index.php\/wp-json\/wp\/v2\/posts\/265527","targetHints":{"allow":["GET"]}}],"collection":[{"href":"https:\/\/www.gaveanews.com\/index.php\/wp-json\/wp\/v2\/posts"}],"about":[{"href":"https:\/\/www.gaveanews.com\/index.php\/wp-json\/wp\/v2\/types\/post"}],"author":[{"embeddable":true,"href":"https:\/\/www.gaveanews.com\/index.php\/wp-json\/wp\/v2\/users\/18"}],"replies":[{"embeddable":true,"href":"https:\/\/www.gaveanews.com\/index.php\/wp-json\/wp\/v2\/comments?post=265527"}],"version-history":[{"count":1,"href":"https:\/\/www.gaveanews.com\/index.php\/wp-json\/wp\/v2\/posts\/265527\/revisions"}],"predecessor-version":[{"id":265538,"href":"https:\/\/www.gaveanews.com\/index.php\/wp-json\/wp\/v2\/posts\/265527\/revisions\/265538"}],"wp:featuredmedia":[{"embeddable":true,"href":"https:\/\/www.gaveanews.com\/index.php\/wp-json\/wp\/v2\/media\/265536"}],"wp:attachment":[{"href":"https:\/\/www.gaveanews.com\/index.php\/wp-json\/wp\/v2\/media?parent=265527"}],"wp:term":[{"taxonomy":"category","embeddable":true,"href":"https:\/\/www.gaveanews.com\/index.php\/wp-json\/wp\/v2\/categories?post=265527"},{"taxonomy":"post_tag","embeddable":true,"href":"https:\/\/www.gaveanews.com\/index.php\/wp-json\/wp\/v2\/tags?post=265527"}],"curies":[{"name":"wp","href":"https:\/\/api.w.org\/{rel}","templated":true}]}}