{"id":265530,"date":"2025-05-20T23:15:00","date_gmt":"2025-05-21T02:15:00","guid":{"rendered":"https:\/\/www.gaveanews.com\/?p=265530"},"modified":"2025-05-20T18:39:49","modified_gmt":"2025-05-20T21:39:49","slug":"flamengo-x-palmeiras-a-declaracao-de-luighi","status":"publish","type":"post","link":"https:\/\/www.gaveanews.com\/index.php\/2025\/05\/20\/flamengo-x-palmeiras-a-declaracao-de-luighi\/","title":{"rendered":"Flamengo x Palmeiras: a declara\u00e7\u00e3o de Luighi"},"content":{"rendered":"\n<p>Vivendo um momento de ascens\u00e3o no elenco principal do Palmeiras, o atacante Luighi tem aproveitado as oportunidades recebidas pela comiss\u00e3o t\u00e9cnica. Em destaque na vit\u00f3ria sobre o Bragantino pelo Campeonato Brasileiro, o jogador comemorou sua fase atual com a camisa alviverde e revelou seu entusiasmo em campo. \u201cSempre que entro em campo, tento ajudar o time da melhor maneira poss\u00edvel\u201d, afirmou.<\/p>\n\n\n\n<p>Luighi, que foi revelado pelas categorias de base do clube paulista, destacou a import\u00e2ncia do ambiente interno do grupo palmeirense para seu crescimento. Segundo ele, a presen\u00e7a de atletas mais experientes tem sido essencial para que os mais jovens se sintam confiantes. \u201cNosso elenco \u00e9 muito qualificado, com jogadores experientes. Quando entramos, eles nos deixam \u00e0 vontade, e isso faz muita diferen\u00e7a\u201d, completou.<\/p>\n\n\n\n<figure class=\"wp-block-image size-full\"><img loading=\"lazy\" decoding=\"async\" width=\"800\" height=\"800\" src=\"http:\/\/www.gaveanews.com\/wp-content\/uploads\/Agustin-Giay-e-Luiz-Araujo-durante-o-jogo-entre-Flamengo-x-Palmeiras-pela-Copa-do-Brasil-2024-no-Maracana.webp\" alt=\"\" class=\"wp-image-155833\" srcset=\"https:\/\/www.gaveanews.com\/wp-content\/uploads\/Agustin-Giay-e-Luiz-Araujo-durante-o-jogo-entre-Flamengo-x-Palmeiras-pela-Copa-do-Brasil-2024-no-Maracana.webp 800w, https:\/\/www.gaveanews.com\/wp-content\/uploads\/Agustin-Giay-e-Luiz-Araujo-durante-o-jogo-entre-Flamengo-x-Palmeiras-pela-Copa-do-Brasil-2024-no-Maracana-300x300.webp 300w, https:\/\/www.gaveanews.com\/wp-content\/uploads\/Agustin-Giay-e-Luiz-Araujo-durante-o-jogo-entre-Flamengo-x-Palmeiras-pela-Copa-do-Brasil-2024-no-Maracana-150x150.webp 150w, https:\/\/www.gaveanews.com\/wp-content\/uploads\/Agustin-Giay-e-Luiz-Araujo-durante-o-jogo-entre-Flamengo-x-Palmeiras-pela-Copa-do-Brasil-2024-no-Maracana-768x768.webp 768w, https:\/\/www.gaveanews.com\/wp-content\/uploads\/Agustin-Giay-e-Luiz-Araujo-durante-o-jogo-entre-Flamengo-x-Palmeiras-pela-Copa-do-Brasil-2024-no-Maracana-420x420.webp 420w, https:\/\/www.gaveanews.com\/wp-content\/uploads\/Agustin-Giay-e-Luiz-Araujo-durante-o-jogo-entre-Flamengo-x-Palmeiras-pela-Copa-do-Brasil-2024-no-Maracana-640x640.webp 640w, https:\/\/www.gaveanews.com\/wp-content\/uploads\/Agustin-Giay-e-Luiz-Araujo-durante-o-jogo-entre-Flamengo-x-Palmeiras-pela-Copa-do-Brasil-2024-no-Maracana-681x681.webp 681w, https:\/\/www.gaveanews.com\/wp-content\/uploads\/Agustin-Giay-e-Luiz-Araujo-durante-o-jogo-entre-Flamengo-x-Palmeiras-pela-Copa-do-Brasil-2024-no-Maracana-100x100.webp 100w\" sizes=\"auto, (max-width: 800px) 100vw, 800px\" \/><figcaption class=\"wp-element-caption\">Agust\u00edn Giay e Luiz Ara\u00fajo durante o jogo entre Flamengo x Palmeiras pela Copa do Brasil 2024 no Maracan\u00e3 (Foto: Cesar Greco\/Palmeiras)<\/figcaption><\/figure>\n\n\n\n<p>Ali\u00e1s, a boa fase do jovem atacante n\u00e3o se restringe apenas ao clube. Na \u00faltima sexta-feira (16 de maio), ele foi convocado para a Sele\u00e7\u00e3o Brasileira Sub-20, juntamente com os companheiros Aranha e Benedetti. O trio participar\u00e1 de amistosos entre os dias 4 e 10 de junho contra Egito, Ar\u00e1bia Saudita e Coreia do Sul. Luighi comentou sobre a convoca\u00e7\u00e3o com emo\u00e7\u00e3o: \u201cCada vez que sou convocado \u00e9 como se fosse a primeira vez\u201d.<\/p>\n\n\n\n<p>Enquanto isso, o Palmeiras segue embalado na temporada. A equipe lidera o Campeonato Brasileiro Betano com 22 pontos, acumulando sete vit\u00f3rias, um empate e apenas uma derrota. Al\u00e9m disso, na Copa Libertadores, o time comandado por Abel Ferreira mant\u00e9m 100% de aproveitamento na fase de grupos, com cinco vit\u00f3rias em cinco jogos.<\/p>\n\n\n\n<p>Em meio ao bom momento, Luighi tamb\u00e9m falou sobre o pr\u00f3ximo desafio do Verd\u00e3o: o confronto contra o Flamengo. O atacante projetou uma partida equilibrada e elogiou o elenco advers\u00e1rio. \u201cVai ser um jogo muito disputado. Eles t\u00eam uma equipe forte, vai ser um jog\u00e3o. Espero que a gente consiga sair com a vit\u00f3ria\u201d, disse o jovem.<\/p>\n\n\n\n<p>Portanto, a presen\u00e7a de Luighi tanto na Sele\u00e7\u00e3o quanto no time principal do Palmeiras evidencia o impacto do seu desempenho. A fase promissora do atleta refor\u00e7a o planejamento do clube em valorizar seus talentos formados internamente e manter o alto n\u00edvel competitivo nas duas principais frentes da temporada: Campeonato Brasileiro e Copa Libertadores.<\/p>\n","protected":false},"excerpt":{"rendered":"<p>Vivendo um momento de ascens\u00e3o no elenco principal do Palmeiras, o atacante Luighi tem aproveitado as oportunidades recebidas pela comiss\u00e3o t\u00e9cnica. Em destaque na vit\u00f3ria sobre o Bragantino pelo Campeonato Brasileiro, o jogador comemorou sua fase atual com a camisa alviverde e revelou seu entusiasmo em campo. \u201cSempre que entro em campo, tento ajudar o [&hellip;]<\/p>\n","protected":false},"author":27,"featured_media":177997,"comment_status":"open","ping_status":"closed","sticky":false,"template":"","format":"standard","meta":{"footnotes":""},"categories":[1,150],"tags":[],"class_list":["post-265530","post","type-post","status-publish","format-standard","has-post-thumbnail","hentry","category-flamengo","category-palmeiras"],"yoast_head":"<!-- This site is optimized with the Yoast SEO Premium plugin v24.2 (Yoast SEO v26.9) - https:\/\/yoast.com\/product\/yoast-seo-premium-wordpress\/ -->\n<title>Flamengo x Palmeiras: a declara\u00e7\u00e3o de Luighi<\/title>\n<meta name=\"robots\" content=\"index, follow, max-snippet:-1, max-image-preview:large, max-video-preview:-1\" \/>\n<link rel=\"canonical\" href=\"https:\/\/www.gaveanews.com\/index.php\/2025\/05\/20\/flamengo-x-palmeiras-a-declaracao-de-luighi\/\" \/>\n<meta property=\"og:locale\" content=\"pt_BR\" \/>\n<meta property=\"og:type\" content=\"article\" \/>\n<meta property=\"og:title\" content=\"Flamengo x Palmeiras: a declara\u00e7\u00e3o de Luighi\" \/>\n<meta property=\"og:description\" content=\"Vivendo um momento de ascens\u00e3o no elenco principal do Palmeiras, o atacante Luighi tem aproveitado as oportunidades recebidas pela comiss\u00e3o t\u00e9cnica. Em destaque na vit\u00f3ria sobre o Bragantino pelo Campeonato Brasileiro, o jogador comemorou sua fase atual com a camisa alviverde e revelou seu entusiasmo em campo. \u201cSempre que entro em campo, tento ajudar o [&hellip;]\" \/>\n<meta property=\"og:url\" content=\"https:\/\/www.gaveanews.com\/index.php\/2025\/05\/20\/flamengo-x-palmeiras-a-declaracao-de-luighi\/\" \/>\n<meta property=\"og:site_name\" content=\"G\u00e1vea News\" \/>\n<meta property=\"article:publisher\" content=\"https:\/\/facebook.com\/gaveaNews\/\" \/>\n<meta property=\"article:published_time\" content=\"2025-05-21T02:15:00+00:00\" \/>\n<meta property=\"og:image\" content=\"https:\/\/www.gaveanews.com\/wp-content\/uploads\/Luighi-em-acao-pelo-Palmeiras.webp\" \/>\n\t<meta property=\"og:image:width\" content=\"740\" \/>\n\t<meta property=\"og:image:height\" content=\"416\" \/>\n\t<meta property=\"og:image:type\" content=\"image\/webp\" \/>\n<meta name=\"author\" content=\"Matheus Felipe\" \/>\n<meta name=\"twitter:card\" content=\"summary_large_image\" \/>\n<meta name=\"twitter:label1\" content=\"Escrito por\" \/>\n\t<meta name=\"twitter:data1\" content=\"Matheus Felipe\" \/>\n\t<meta name=\"twitter:label2\" content=\"Est. tempo de leitura\" \/>\n\t<meta name=\"twitter:data2\" content=\"3 minutos\" \/>\n<script type=\"application\/ld+json\" class=\"yoast-schema-graph\">{\"@context\":\"https:\/\/schema.org\",\"@graph\":[{\"@type\":\"NewsArticle\",\"@id\":\"https:\/\/www.gaveanews.com\/index.php\/2025\/05\/20\/flamengo-x-palmeiras-a-declaracao-de-luighi\/#article\",\"isPartOf\":{\"@id\":\"https:\/\/www.gaveanews.com\/index.php\/2025\/05\/20\/flamengo-x-palmeiras-a-declaracao-de-luighi\/\"},\"author\":{\"name\":\"Matheus Felipe\",\"@id\":\"https:\/\/www.gaveanews.com\/#\/schema\/person\/8207cd4627f56151707418bfc835b2fb\"},\"headline\":\"Flamengo x Palmeiras: a declara\u00e7\u00e3o de Luighi\",\"datePublished\":\"2025-05-21T02:15:00+00:00\",\"mainEntityOfPage\":{\"@id\":\"https:\/\/www.gaveanews.com\/index.php\/2025\/05\/20\/flamengo-x-palmeiras-a-declaracao-de-luighi\/\"},\"wordCount\":413,\"commentCount\":0,\"image\":{\"@id\":\"https:\/\/www.gaveanews.com\/index.php\/2025\/05\/20\/flamengo-x-palmeiras-a-declaracao-de-luighi\/#primaryimage\"},\"thumbnailUrl\":\"https:\/\/www.gaveanews.com\/wp-content\/uploads\/Luighi-em-acao-pelo-Palmeiras.webp\",\"articleSection\":[\"Flamengo\",\"Palmeiras\"],\"inLanguage\":\"pt-BR\",\"potentialAction\":[{\"@type\":\"CommentAction\",\"name\":\"Comment\",\"target\":[\"https:\/\/www.gaveanews.com\/index.php\/2025\/05\/20\/flamengo-x-palmeiras-a-declaracao-de-luighi\/#respond\"]}],\"copyrightYear\":\"2025\",\"copyrightHolder\":{\"@id\":\"https:\/\/www.gaveanews.com\/#organization\"}},{\"@type\":\"WebPage\",\"@id\":\"https:\/\/www.gaveanews.com\/index.php\/2025\/05\/20\/flamengo-x-palmeiras-a-declaracao-de-luighi\/\",\"url\":\"https:\/\/www.gaveanews.com\/index.php\/2025\/05\/20\/flamengo-x-palmeiras-a-declaracao-de-luighi\/\",\"name\":\"Flamengo x Palmeiras: a declara\u00e7\u00e3o de Luighi\",\"isPartOf\":{\"@id\":\"https:\/\/www.gaveanews.com\/#website\"},\"primaryImageOfPage\":{\"@id\":\"https:\/\/www.gaveanews.com\/index.php\/2025\/05\/20\/flamengo-x-palmeiras-a-declaracao-de-luighi\/#primaryimage\"},\"image\":{\"@id\":\"https:\/\/www.gaveanews.com\/index.php\/2025\/05\/20\/flamengo-x-palmeiras-a-declaracao-de-luighi\/#primaryimage\"},\"thumbnailUrl\":\"https:\/\/www.gaveanews.com\/wp-content\/uploads\/Luighi-em-acao-pelo-Palmeiras.webp\",\"datePublished\":\"2025-05-21T02:15:00+00:00\",\"author\":{\"@id\":\"https:\/\/www.gaveanews.com\/#\/schema\/person\/8207cd4627f56151707418bfc835b2fb\"},\"breadcrumb\":{\"@id\":\"https:\/\/www.gaveanews.com\/index.php\/2025\/05\/20\/flamengo-x-palmeiras-a-declaracao-de-luighi\/#breadcrumb\"},\"inLanguage\":\"pt-BR\",\"potentialAction\":[{\"@type\":\"ReadAction\",\"target\":[\"https:\/\/www.gaveanews.com\/index.php\/2025\/05\/20\/flamengo-x-palmeiras-a-declaracao-de-luighi\/\"]}]},{\"@type\":\"ImageObject\",\"inLanguage\":\"pt-BR\",\"@id\":\"https:\/\/www.gaveanews.com\/index.php\/2025\/05\/20\/flamengo-x-palmeiras-a-declaracao-de-luighi\/#primaryimage\",\"url\":\"https:\/\/www.gaveanews.com\/wp-content\/uploads\/Luighi-em-acao-pelo-Palmeiras.webp\",\"contentUrl\":\"https:\/\/www.gaveanews.com\/wp-content\/uploads\/Luighi-em-acao-pelo-Palmeiras.webp\",\"width\":740,\"height\":416,\"caption\":\"Luighi em a\u00e7\u00e3o pelo Palmeiras (Foto: Divulga\u00e7\u00e3o\/Palmeiras)\"},{\"@type\":\"BreadcrumbList\",\"@id\":\"https:\/\/www.gaveanews.com\/index.php\/2025\/05\/20\/flamengo-x-palmeiras-a-declaracao-de-luighi\/#breadcrumb\",\"itemListElement\":[{\"@type\":\"ListItem\",\"position\":1,\"name\":\"Home\",\"item\":\"https:\/\/www.gaveanews.com\/\"},{\"@type\":\"ListItem\",\"position\":2,\"name\":\"Flamengo x Palmeiras: a declara\u00e7\u00e3o de Luighi\"}]},{\"@type\":\"WebSite\",\"@id\":\"https:\/\/www.gaveanews.com\/#website\",\"url\":\"https:\/\/www.gaveanews.com\/\",\"name\":\"G\u00e1vea News\",\"description\":\"Veja todas as not\u00edcias sobre o Flamengo: Contrata\u00e7\u00f5es, categorias de base, resultados das partidas, tabela de classifica\u00e7\u00e3o, pr\u00f3ximos jogos!\",\"potentialAction\":[{\"@type\":\"SearchAction\",\"target\":{\"@type\":\"EntryPoint\",\"urlTemplate\":\"https:\/\/www.gaveanews.com\/?s={search_term_string}\"},\"query-input\":{\"@type\":\"PropertyValueSpecification\",\"valueRequired\":true,\"valueName\":\"search_term_string\"}}],\"inLanguage\":\"pt-BR\"},{\"@type\":\"Person\",\"@id\":\"https:\/\/www.gaveanews.com\/#\/schema\/person\/8207cd4627f56151707418bfc835b2fb\",\"name\":\"Matheus Felipe\",\"image\":{\"@type\":\"ImageObject\",\"inLanguage\":\"pt-BR\",\"@id\":\"https:\/\/www.gaveanews.com\/#\/schema\/person\/image\/\",\"url\":\"https:\/\/secure.gravatar.com\/avatar\/a452ffbed9130f726358b298bb3a99ce4bd3c5338411f8440e87e14d74c7c087?s=96&d=mm&r=g\",\"contentUrl\":\"https:\/\/secure.gravatar.com\/avatar\/a452ffbed9130f726358b298bb3a99ce4bd3c5338411f8440e87e14d74c7c087?s=96&d=mm&r=g\",\"caption\":\"Matheus Felipe\"}}]}<\/script>\n<!-- \/ Yoast SEO Premium plugin. -->","yoast_head_json":{"title":"Flamengo x Palmeiras: a declara\u00e7\u00e3o de Luighi","robots":{"index":"index","follow":"follow","max-snippet":"max-snippet:-1","max-image-preview":"max-image-preview:large","max-video-preview":"max-video-preview:-1"},"canonical":"https:\/\/www.gaveanews.com\/index.php\/2025\/05\/20\/flamengo-x-palmeiras-a-declaracao-de-luighi\/","og_locale":"pt_BR","og_type":"article","og_title":"Flamengo x Palmeiras: a declara\u00e7\u00e3o de Luighi","og_description":"Vivendo um momento de ascens\u00e3o no elenco principal do Palmeiras, o atacante Luighi tem aproveitado as oportunidades recebidas pela comiss\u00e3o t\u00e9cnica. Em destaque na vit\u00f3ria sobre o Bragantino pelo Campeonato Brasileiro, o jogador comemorou sua fase atual com a camisa alviverde e revelou seu entusiasmo em campo. \u201cSempre que entro em campo, tento ajudar o [&hellip;]","og_url":"https:\/\/www.gaveanews.com\/index.php\/2025\/05\/20\/flamengo-x-palmeiras-a-declaracao-de-luighi\/","og_site_name":"G\u00e1vea News","article_publisher":"https:\/\/facebook.com\/gaveaNews\/","article_published_time":"2025-05-21T02:15:00+00:00","og_image":[{"width":740,"height":416,"url":"https:\/\/www.gaveanews.com\/wp-content\/uploads\/Luighi-em-acao-pelo-Palmeiras.webp","type":"image\/webp"}],"author":"Matheus Felipe","twitter_card":"summary_large_image","twitter_misc":{"Escrito por":"Matheus Felipe","Est. tempo de leitura":"3 minutos"},"schema":{"@context":"https:\/\/schema.org","@graph":[{"@type":"NewsArticle","@id":"https:\/\/www.gaveanews.com\/index.php\/2025\/05\/20\/flamengo-x-palmeiras-a-declaracao-de-luighi\/#article","isPartOf":{"@id":"https:\/\/www.gaveanews.com\/index.php\/2025\/05\/20\/flamengo-x-palmeiras-a-declaracao-de-luighi\/"},"author":{"name":"Matheus Felipe","@id":"https:\/\/www.gaveanews.com\/#\/schema\/person\/8207cd4627f56151707418bfc835b2fb"},"headline":"Flamengo x Palmeiras: a declara\u00e7\u00e3o de Luighi","datePublished":"2025-05-21T02:15:00+00:00","mainEntityOfPage":{"@id":"https:\/\/www.gaveanews.com\/index.php\/2025\/05\/20\/flamengo-x-palmeiras-a-declaracao-de-luighi\/"},"wordCount":413,"commentCount":0,"image":{"@id":"https:\/\/www.gaveanews.com\/index.php\/2025\/05\/20\/flamengo-x-palmeiras-a-declaracao-de-luighi\/#primaryimage"},"thumbnailUrl":"https:\/\/www.gaveanews.com\/wp-content\/uploads\/Luighi-em-acao-pelo-Palmeiras.webp","articleSection":["Flamengo","Palmeiras"],"inLanguage":"pt-BR","potentialAction":[{"@type":"CommentAction","name":"Comment","target":["https:\/\/www.gaveanews.com\/index.php\/2025\/05\/20\/flamengo-x-palmeiras-a-declaracao-de-luighi\/#respond"]}],"copyrightYear":"2025","copyrightHolder":{"@id":"https:\/\/www.gaveanews.com\/#organization"}},{"@type":"WebPage","@id":"https:\/\/www.gaveanews.com\/index.php\/2025\/05\/20\/flamengo-x-palmeiras-a-declaracao-de-luighi\/","url":"https:\/\/www.gaveanews.com\/index.php\/2025\/05\/20\/flamengo-x-palmeiras-a-declaracao-de-luighi\/","name":"Flamengo x Palmeiras: a declara\u00e7\u00e3o de Luighi","isPartOf":{"@id":"https:\/\/www.gaveanews.com\/#website"},"primaryImageOfPage":{"@id":"https:\/\/www.gaveanews.com\/index.php\/2025\/05\/20\/flamengo-x-palmeiras-a-declaracao-de-luighi\/#primaryimage"},"image":{"@id":"https:\/\/www.gaveanews.com\/index.php\/2025\/05\/20\/flamengo-x-palmeiras-a-declaracao-de-luighi\/#primaryimage"},"thumbnailUrl":"https:\/\/www.gaveanews.com\/wp-content\/uploads\/Luighi-em-acao-pelo-Palmeiras.webp","datePublished":"2025-05-21T02:15:00+00:00","author":{"@id":"https:\/\/www.gaveanews.com\/#\/schema\/person\/8207cd4627f56151707418bfc835b2fb"},"breadcrumb":{"@id":"https:\/\/www.gaveanews.com\/index.php\/2025\/05\/20\/flamengo-x-palmeiras-a-declaracao-de-luighi\/#breadcrumb"},"inLanguage":"pt-BR","potentialAction":[{"@type":"ReadAction","target":["https:\/\/www.gaveanews.com\/index.php\/2025\/05\/20\/flamengo-x-palmeiras-a-declaracao-de-luighi\/"]}]},{"@type":"ImageObject","inLanguage":"pt-BR","@id":"https:\/\/www.gaveanews.com\/index.php\/2025\/05\/20\/flamengo-x-palmeiras-a-declaracao-de-luighi\/#primaryimage","url":"https:\/\/www.gaveanews.com\/wp-content\/uploads\/Luighi-em-acao-pelo-Palmeiras.webp","contentUrl":"https:\/\/www.gaveanews.com\/wp-content\/uploads\/Luighi-em-acao-pelo-Palmeiras.webp","width":740,"height":416,"caption":"Luighi em a\u00e7\u00e3o pelo Palmeiras (Foto: Divulga\u00e7\u00e3o\/Palmeiras)"},{"@type":"BreadcrumbList","@id":"https:\/\/www.gaveanews.com\/index.php\/2025\/05\/20\/flamengo-x-palmeiras-a-declaracao-de-luighi\/#breadcrumb","itemListElement":[{"@type":"ListItem","position":1,"name":"Home","item":"https:\/\/www.gaveanews.com\/"},{"@type":"ListItem","position":2,"name":"Flamengo x Palmeiras: a declara\u00e7\u00e3o de Luighi"}]},{"@type":"WebSite","@id":"https:\/\/www.gaveanews.com\/#website","url":"https:\/\/www.gaveanews.com\/","name":"G\u00e1vea News","description":"Veja todas as not\u00edcias sobre o Flamengo: Contrata\u00e7\u00f5es, categorias de base, resultados das partidas, tabela de classifica\u00e7\u00e3o, pr\u00f3ximos jogos!","potentialAction":[{"@type":"SearchAction","target":{"@type":"EntryPoint","urlTemplate":"https:\/\/www.gaveanews.com\/?s={search_term_string}"},"query-input":{"@type":"PropertyValueSpecification","valueRequired":true,"valueName":"search_term_string"}}],"inLanguage":"pt-BR"},{"@type":"Person","@id":"https:\/\/www.gaveanews.com\/#\/schema\/person\/8207cd4627f56151707418bfc835b2fb","name":"Matheus Felipe","image":{"@type":"ImageObject","inLanguage":"pt-BR","@id":"https:\/\/www.gaveanews.com\/#\/schema\/person\/image\/","url":"https:\/\/secure.gravatar.com\/avatar\/a452ffbed9130f726358b298bb3a99ce4bd3c5338411f8440e87e14d74c7c087?s=96&d=mm&r=g","contentUrl":"https:\/\/secure.gravatar.com\/avatar\/a452ffbed9130f726358b298bb3a99ce4bd3c5338411f8440e87e14d74c7c087?s=96&d=mm&r=g","caption":"Matheus Felipe"}}]}},"_links":{"self":[{"href":"https:\/\/www.gaveanews.com\/index.php\/wp-json\/wp\/v2\/posts\/265530","targetHints":{"allow":["GET"]}}],"collection":[{"href":"https:\/\/www.gaveanews.com\/index.php\/wp-json\/wp\/v2\/posts"}],"about":[{"href":"https:\/\/www.gaveanews.com\/index.php\/wp-json\/wp\/v2\/types\/post"}],"author":[{"embeddable":true,"href":"https:\/\/www.gaveanews.com\/index.php\/wp-json\/wp\/v2\/users\/27"}],"replies":[{"embeddable":true,"href":"https:\/\/www.gaveanews.com\/index.php\/wp-json\/wp\/v2\/comments?post=265530"}],"version-history":[{"count":1,"href":"https:\/\/www.gaveanews.com\/index.php\/wp-json\/wp\/v2\/posts\/265530\/revisions"}],"predecessor-version":[{"id":265533,"href":"https:\/\/www.gaveanews.com\/index.php\/wp-json\/wp\/v2\/posts\/265530\/revisions\/265533"}],"wp:featuredmedia":[{"embeddable":true,"href":"https:\/\/www.gaveanews.com\/index.php\/wp-json\/wp\/v2\/media\/177997"}],"wp:attachment":[{"href":"https:\/\/www.gaveanews.com\/index.php\/wp-json\/wp\/v2\/media?parent=265530"}],"wp:term":[{"taxonomy":"category","embeddable":true,"href":"https:\/\/www.gaveanews.com\/index.php\/wp-json\/wp\/v2\/categories?post=265530"},{"taxonomy":"post_tag","embeddable":true,"href":"https:\/\/www.gaveanews.com\/index.php\/wp-json\/wp\/v2\/tags?post=265530"}],"curies":[{"name":"wp","href":"https:\/\/api.w.org\/{rel}","templated":true}]}}