{"id":265535,"date":"2025-05-23T13:40:00","date_gmt":"2025-05-23T16:40:00","guid":{"rendered":"https:\/\/www.gaveanews.com\/?p=265535"},"modified":"2025-05-23T12:40:23","modified_gmt":"2025-05-23T15:40:23","slug":"ele-vem-ganhando-destaque-no-sao-paulo-e-atrai-interesse-de-ancelotti","status":"publish","type":"post","link":"https:\/\/www.gaveanews.com\/index.php\/2025\/05\/23\/ele-vem-ganhando-destaque-no-sao-paulo-e-atrai-interesse-de-ancelotti\/","title":{"rendered":"Ele vem ganhando destaque no S\u00e3o Paulo e atrai interesse de Ancelotti"},"content":{"rendered":"\n<p>Recuperado de les\u00e3o muscular, o meia Oscar retomou espa\u00e7o no elenco do S\u00e3o Paulo e voltou a ser pe\u00e7a-chave no planejamento da equipe. Revelado pelas categorias de base do clube, o jogador n\u00e3o apenas reafirmou seu protagonismo em campo, como tamb\u00e9m passou a atuar em diferentes fun\u00e7\u00f5es, fato que tem repercutido positivamente dentro e fora do pa\u00eds.<\/p>\n\n\n\n<p>Ali\u00e1s, sua recente sequ\u00eancia de quatro partidas consecutivas marca o retorno ap\u00f3s cerca de um m\u00eas afastado por quest\u00f5es f\u00edsicas. O cl\u00e1ssico diante do Palmeiras, no s\u00e1bado (11 de maio), foi o ponto de partida dessa retomada. Desde ent\u00e3o, Oscar tem sido utilizado com frequ\u00eancia e apresentou bom desempenho nas partidas seguintes, especialmente contra o Libertad, do Paraguai, e diante do N\u00e1utico.<\/p>\n\n\n\n<figure class=\"wp-block-image size-full\"><img loading=\"lazy\" decoding=\"async\" width=\"762\" height=\"530\" src=\"http:\/\/www.gaveanews.com\/wp-content\/uploads\/Oscar-pelo-Sao-Paulo.webp\" alt=\"\" class=\"wp-image-213569\" srcset=\"https:\/\/www.gaveanews.com\/wp-content\/uploads\/Oscar-pelo-Sao-Paulo.webp 762w, https:\/\/www.gaveanews.com\/wp-content\/uploads\/Oscar-pelo-Sao-Paulo-300x209.webp 300w, https:\/\/www.gaveanews.com\/wp-content\/uploads\/Oscar-pelo-Sao-Paulo-604x420.webp 604w, https:\/\/www.gaveanews.com\/wp-content\/uploads\/Oscar-pelo-Sao-Paulo-640x445.webp 640w, https:\/\/www.gaveanews.com\/wp-content\/uploads\/Oscar-pelo-Sao-Paulo-681x474.webp 681w, https:\/\/www.gaveanews.com\/wp-content\/uploads\/Oscar-pelo-Sao-Paulo-100x70.webp 100w\" sizes=\"auto, (max-width: 762px) 100vw, 762px\" \/><figcaption class=\"wp-element-caption\">Oscar pelo S\u00e3o Paulo (Cr\u00e9dito: Rubens Chiri \/ S\u00e3o Paulo FC)\n\n<\/figcaption><\/figure>\n\n\n\n<p>Embora seja tradicionalmente um meia ofensivo, Oscar tem sido escalado tamb\u00e9m como volante. Essa mudan\u00e7a de posicionamento ocorreu principalmente ap\u00f3s a expuls\u00e3o de Alisson, quando o t\u00e9cnico optou por reorganizar o meio-campo com o camisa 11 mais recuado. O resultado foi positivo: contra o N\u00e1utico, por exemplo, Oscar deu assist\u00eancia para o gol de Luciano e construiu a jogada que quase resultou no terceiro gol tricolor, com Rodriguinho parando na finaliza\u00e7\u00e3o.<\/p>\n\n\n\n<p>Essa capacidade de atuar em diferentes setores do campo colocou Oscar novamente em evid\u00eancia. Conforme informa\u00e7\u00f5es divulgadas, ele est\u00e1 presente na pr\u00e9-lista de convocados da Sele\u00e7\u00e3o Brasileira elaborada por Carlo Ancelotti. A convoca\u00e7\u00e3o oficial ser\u00e1 anunciada na segunda-feira (26 de maio), na sede da CBF, no Rio de Janeiro. Oscar \u00e9, at\u00e9 o momento, o \u00fanico representante do S\u00e3o Paulo relacionado na pr\u00e9via.<\/p>\n\n\n\n<p>Na atual temporada, Oscar acumula 17 partidas, dois gols e cinco assist\u00eancias. N\u00fameros que, embora n\u00e3o sejam expressivos em volume, demonstram sua import\u00e2ncia na constru\u00e7\u00e3o das jogadas e na fluidez do meio-campo. Al\u00e9m disso, evidenciam sua boa adapta\u00e7\u00e3o ao ritmo da equipe e sua utilidade t\u00e1tica para o t\u00e9cnico.<\/p>\n\n\n\n<p>Por fim, a expectativa em torno do nome de Oscar para um poss\u00edvel retorno \u00e0 Sele\u00e7\u00e3o reflete sua capacidade de reinven\u00e7\u00e3o dentro do futebol nacional. Primordialmente, sua polival\u00eancia, desempenho consistente e lideran\u00e7a silenciosa parecem ter recolocado o jogador em um lugar de destaque que j\u00e1 havia ocupado em outros momentos da carreira.<\/p>\n","protected":false},"excerpt":{"rendered":"<p>Recuperado de les\u00e3o muscular, o meia Oscar retomou espa\u00e7o no elenco do S\u00e3o Paulo e voltou a ser pe\u00e7a-chave no planejamento da equipe. Revelado pelas categorias de base do clube, o jogador n\u00e3o apenas reafirmou seu protagonismo em campo, como tamb\u00e9m passou a atuar em diferentes fun\u00e7\u00f5es, fato que tem repercutido positivamente dentro e fora [&hellip;]<\/p>\n","protected":false},"author":27,"featured_media":94020,"comment_status":"open","ping_status":"closed","sticky":false,"template":"","format":"standard","meta":{"footnotes":""},"categories":[151],"tags":[],"class_list":["post-265535","post","type-post","status-publish","format-standard","has-post-thumbnail","hentry","category-sao-paulo"],"yoast_head":"<!-- This site is optimized with the Yoast SEO Premium plugin v24.2 (Yoast SEO v26.9) - https:\/\/yoast.com\/product\/yoast-seo-premium-wordpress\/ -->\n<title>Ele vem ganhando destaque no S\u00e3o Paulo e atrai interesse de Ancelotti<\/title>\n<meta name=\"robots\" content=\"index, follow, max-snippet:-1, max-image-preview:large, max-video-preview:-1\" \/>\n<link rel=\"canonical\" href=\"https:\/\/www.gaveanews.com\/index.php\/2025\/05\/23\/ele-vem-ganhando-destaque-no-sao-paulo-e-atrai-interesse-de-ancelotti\/\" \/>\n<meta property=\"og:locale\" content=\"pt_BR\" \/>\n<meta property=\"og:type\" content=\"article\" \/>\n<meta property=\"og:title\" content=\"Ele vem ganhando destaque no S\u00e3o Paulo e atrai interesse de Ancelotti\" \/>\n<meta property=\"og:description\" content=\"Recuperado de les\u00e3o muscular, o meia Oscar retomou espa\u00e7o no elenco do S\u00e3o Paulo e voltou a ser pe\u00e7a-chave no planejamento da equipe. Revelado pelas categorias de base do clube, o jogador n\u00e3o apenas reafirmou seu protagonismo em campo, como tamb\u00e9m passou a atuar em diferentes fun\u00e7\u00f5es, fato que tem repercutido positivamente dentro e fora [&hellip;]\" \/>\n<meta property=\"og:url\" content=\"https:\/\/www.gaveanews.com\/index.php\/2025\/05\/23\/ele-vem-ganhando-destaque-no-sao-paulo-e-atrai-interesse-de-ancelotti\/\" \/>\n<meta property=\"og:site_name\" content=\"G\u00e1vea News\" \/>\n<meta property=\"article:publisher\" content=\"https:\/\/facebook.com\/gaveaNews\/\" \/>\n<meta property=\"article:published_time\" content=\"2025-05-23T16:40:00+00:00\" \/>\n<meta property=\"og:image\" content=\"https:\/\/www.gaveanews.com\/wp-content\/uploads\/carlo-ancelotti-real-madrid.webp\" \/>\n\t<meta property=\"og:image:width\" content=\"984\" \/>\n\t<meta property=\"og:image:height\" content=\"737\" \/>\n\t<meta property=\"og:image:type\" content=\"image\/webp\" \/>\n<meta name=\"author\" content=\"Matheus Felipe\" \/>\n<meta name=\"twitter:card\" content=\"summary_large_image\" \/>\n<meta name=\"twitter:label1\" content=\"Escrito por\" \/>\n\t<meta name=\"twitter:data1\" content=\"Matheus Felipe\" \/>\n\t<meta name=\"twitter:label2\" content=\"Est. tempo de leitura\" \/>\n\t<meta name=\"twitter:data2\" content=\"2 minutos\" \/>\n<script type=\"application\/ld+json\" class=\"yoast-schema-graph\">{\"@context\":\"https:\/\/schema.org\",\"@graph\":[{\"@type\":\"NewsArticle\",\"@id\":\"https:\/\/www.gaveanews.com\/index.php\/2025\/05\/23\/ele-vem-ganhando-destaque-no-sao-paulo-e-atrai-interesse-de-ancelotti\/#article\",\"isPartOf\":{\"@id\":\"https:\/\/www.gaveanews.com\/index.php\/2025\/05\/23\/ele-vem-ganhando-destaque-no-sao-paulo-e-atrai-interesse-de-ancelotti\/\"},\"author\":{\"name\":\"Matheus Felipe\",\"@id\":\"https:\/\/www.gaveanews.com\/#\/schema\/person\/8207cd4627f56151707418bfc835b2fb\"},\"headline\":\"Ele vem ganhando destaque no S\u00e3o Paulo e atrai interesse de Ancelotti\",\"datePublished\":\"2025-05-23T16:40:00+00:00\",\"mainEntityOfPage\":{\"@id\":\"https:\/\/www.gaveanews.com\/index.php\/2025\/05\/23\/ele-vem-ganhando-destaque-no-sao-paulo-e-atrai-interesse-de-ancelotti\/\"},\"wordCount\":422,\"commentCount\":0,\"image\":{\"@id\":\"https:\/\/www.gaveanews.com\/index.php\/2025\/05\/23\/ele-vem-ganhando-destaque-no-sao-paulo-e-atrai-interesse-de-ancelotti\/#primaryimage\"},\"thumbnailUrl\":\"https:\/\/www.gaveanews.com\/wp-content\/uploads\/carlo-ancelotti-real-madrid.webp\",\"articleSection\":[\"S\u00e3o Paulo\"],\"inLanguage\":\"pt-BR\",\"potentialAction\":[{\"@type\":\"CommentAction\",\"name\":\"Comment\",\"target\":[\"https:\/\/www.gaveanews.com\/index.php\/2025\/05\/23\/ele-vem-ganhando-destaque-no-sao-paulo-e-atrai-interesse-de-ancelotti\/#respond\"]}],\"copyrightYear\":\"2025\",\"copyrightHolder\":{\"@id\":\"https:\/\/www.gaveanews.com\/#organization\"}},{\"@type\":\"WebPage\",\"@id\":\"https:\/\/www.gaveanews.com\/index.php\/2025\/05\/23\/ele-vem-ganhando-destaque-no-sao-paulo-e-atrai-interesse-de-ancelotti\/\",\"url\":\"https:\/\/www.gaveanews.com\/index.php\/2025\/05\/23\/ele-vem-ganhando-destaque-no-sao-paulo-e-atrai-interesse-de-ancelotti\/\",\"name\":\"Ele vem ganhando destaque no S\u00e3o Paulo e atrai interesse de Ancelotti\",\"isPartOf\":{\"@id\":\"https:\/\/www.gaveanews.com\/#website\"},\"primaryImageOfPage\":{\"@id\":\"https:\/\/www.gaveanews.com\/index.php\/2025\/05\/23\/ele-vem-ganhando-destaque-no-sao-paulo-e-atrai-interesse-de-ancelotti\/#primaryimage\"},\"image\":{\"@id\":\"https:\/\/www.gaveanews.com\/index.php\/2025\/05\/23\/ele-vem-ganhando-destaque-no-sao-paulo-e-atrai-interesse-de-ancelotti\/#primaryimage\"},\"thumbnailUrl\":\"https:\/\/www.gaveanews.com\/wp-content\/uploads\/carlo-ancelotti-real-madrid.webp\",\"datePublished\":\"2025-05-23T16:40:00+00:00\",\"author\":{\"@id\":\"https:\/\/www.gaveanews.com\/#\/schema\/person\/8207cd4627f56151707418bfc835b2fb\"},\"breadcrumb\":{\"@id\":\"https:\/\/www.gaveanews.com\/index.php\/2025\/05\/23\/ele-vem-ganhando-destaque-no-sao-paulo-e-atrai-interesse-de-ancelotti\/#breadcrumb\"},\"inLanguage\":\"pt-BR\",\"potentialAction\":[{\"@type\":\"ReadAction\",\"target\":[\"https:\/\/www.gaveanews.com\/index.php\/2025\/05\/23\/ele-vem-ganhando-destaque-no-sao-paulo-e-atrai-interesse-de-ancelotti\/\"]}]},{\"@type\":\"ImageObject\",\"inLanguage\":\"pt-BR\",\"@id\":\"https:\/\/www.gaveanews.com\/index.php\/2025\/05\/23\/ele-vem-ganhando-destaque-no-sao-paulo-e-atrai-interesse-de-ancelotti\/#primaryimage\",\"url\":\"https:\/\/www.gaveanews.com\/wp-content\/uploads\/carlo-ancelotti-real-madrid.webp\",\"contentUrl\":\"https:\/\/www.gaveanews.com\/wp-content\/uploads\/carlo-ancelotti-real-madrid.webp\",\"width\":984,\"height\":737,\"caption\":\"Carlo Ancelotti, t\u00e9cnico do Real Madrid (Foto: Susana Vera\/Reuters)\"},{\"@type\":\"BreadcrumbList\",\"@id\":\"https:\/\/www.gaveanews.com\/index.php\/2025\/05\/23\/ele-vem-ganhando-destaque-no-sao-paulo-e-atrai-interesse-de-ancelotti\/#breadcrumb\",\"itemListElement\":[{\"@type\":\"ListItem\",\"position\":1,\"name\":\"Home\",\"item\":\"https:\/\/www.gaveanews.com\/\"},{\"@type\":\"ListItem\",\"position\":2,\"name\":\"Ele vem ganhando destaque no S\u00e3o Paulo e atrai interesse de Ancelotti\"}]},{\"@type\":\"WebSite\",\"@id\":\"https:\/\/www.gaveanews.com\/#website\",\"url\":\"https:\/\/www.gaveanews.com\/\",\"name\":\"G\u00e1vea News\",\"description\":\"Veja todas as not\u00edcias sobre o Flamengo: Contrata\u00e7\u00f5es, categorias de base, resultados das partidas, tabela de classifica\u00e7\u00e3o, pr\u00f3ximos jogos!\",\"potentialAction\":[{\"@type\":\"SearchAction\",\"target\":{\"@type\":\"EntryPoint\",\"urlTemplate\":\"https:\/\/www.gaveanews.com\/?s={search_term_string}\"},\"query-input\":{\"@type\":\"PropertyValueSpecification\",\"valueRequired\":true,\"valueName\":\"search_term_string\"}}],\"inLanguage\":\"pt-BR\"},{\"@type\":\"Person\",\"@id\":\"https:\/\/www.gaveanews.com\/#\/schema\/person\/8207cd4627f56151707418bfc835b2fb\",\"name\":\"Matheus Felipe\",\"image\":{\"@type\":\"ImageObject\",\"inLanguage\":\"pt-BR\",\"@id\":\"https:\/\/www.gaveanews.com\/#\/schema\/person\/image\/\",\"url\":\"https:\/\/secure.gravatar.com\/avatar\/a452ffbed9130f726358b298bb3a99ce4bd3c5338411f8440e87e14d74c7c087?s=96&d=mm&r=g\",\"contentUrl\":\"https:\/\/secure.gravatar.com\/avatar\/a452ffbed9130f726358b298bb3a99ce4bd3c5338411f8440e87e14d74c7c087?s=96&d=mm&r=g\",\"caption\":\"Matheus Felipe\"}}]}<\/script>\n<!-- \/ Yoast SEO Premium plugin. -->","yoast_head_json":{"title":"Ele vem ganhando destaque no S\u00e3o Paulo e atrai interesse de Ancelotti","robots":{"index":"index","follow":"follow","max-snippet":"max-snippet:-1","max-image-preview":"max-image-preview:large","max-video-preview":"max-video-preview:-1"},"canonical":"https:\/\/www.gaveanews.com\/index.php\/2025\/05\/23\/ele-vem-ganhando-destaque-no-sao-paulo-e-atrai-interesse-de-ancelotti\/","og_locale":"pt_BR","og_type":"article","og_title":"Ele vem ganhando destaque no S\u00e3o Paulo e atrai interesse de Ancelotti","og_description":"Recuperado de les\u00e3o muscular, o meia Oscar retomou espa\u00e7o no elenco do S\u00e3o Paulo e voltou a ser pe\u00e7a-chave no planejamento da equipe. Revelado pelas categorias de base do clube, o jogador n\u00e3o apenas reafirmou seu protagonismo em campo, como tamb\u00e9m passou a atuar em diferentes fun\u00e7\u00f5es, fato que tem repercutido positivamente dentro e fora [&hellip;]","og_url":"https:\/\/www.gaveanews.com\/index.php\/2025\/05\/23\/ele-vem-ganhando-destaque-no-sao-paulo-e-atrai-interesse-de-ancelotti\/","og_site_name":"G\u00e1vea News","article_publisher":"https:\/\/facebook.com\/gaveaNews\/","article_published_time":"2025-05-23T16:40:00+00:00","og_image":[{"width":984,"height":737,"url":"https:\/\/www.gaveanews.com\/wp-content\/uploads\/carlo-ancelotti-real-madrid.webp","type":"image\/webp"}],"author":"Matheus Felipe","twitter_card":"summary_large_image","twitter_misc":{"Escrito por":"Matheus Felipe","Est. tempo de leitura":"2 minutos"},"schema":{"@context":"https:\/\/schema.org","@graph":[{"@type":"NewsArticle","@id":"https:\/\/www.gaveanews.com\/index.php\/2025\/05\/23\/ele-vem-ganhando-destaque-no-sao-paulo-e-atrai-interesse-de-ancelotti\/#article","isPartOf":{"@id":"https:\/\/www.gaveanews.com\/index.php\/2025\/05\/23\/ele-vem-ganhando-destaque-no-sao-paulo-e-atrai-interesse-de-ancelotti\/"},"author":{"name":"Matheus Felipe","@id":"https:\/\/www.gaveanews.com\/#\/schema\/person\/8207cd4627f56151707418bfc835b2fb"},"headline":"Ele vem ganhando destaque no S\u00e3o Paulo e atrai interesse de Ancelotti","datePublished":"2025-05-23T16:40:00+00:00","mainEntityOfPage":{"@id":"https:\/\/www.gaveanews.com\/index.php\/2025\/05\/23\/ele-vem-ganhando-destaque-no-sao-paulo-e-atrai-interesse-de-ancelotti\/"},"wordCount":422,"commentCount":0,"image":{"@id":"https:\/\/www.gaveanews.com\/index.php\/2025\/05\/23\/ele-vem-ganhando-destaque-no-sao-paulo-e-atrai-interesse-de-ancelotti\/#primaryimage"},"thumbnailUrl":"https:\/\/www.gaveanews.com\/wp-content\/uploads\/carlo-ancelotti-real-madrid.webp","articleSection":["S\u00e3o Paulo"],"inLanguage":"pt-BR","potentialAction":[{"@type":"CommentAction","name":"Comment","target":["https:\/\/www.gaveanews.com\/index.php\/2025\/05\/23\/ele-vem-ganhando-destaque-no-sao-paulo-e-atrai-interesse-de-ancelotti\/#respond"]}],"copyrightYear":"2025","copyrightHolder":{"@id":"https:\/\/www.gaveanews.com\/#organization"}},{"@type":"WebPage","@id":"https:\/\/www.gaveanews.com\/index.php\/2025\/05\/23\/ele-vem-ganhando-destaque-no-sao-paulo-e-atrai-interesse-de-ancelotti\/","url":"https:\/\/www.gaveanews.com\/index.php\/2025\/05\/23\/ele-vem-ganhando-destaque-no-sao-paulo-e-atrai-interesse-de-ancelotti\/","name":"Ele vem ganhando destaque no S\u00e3o Paulo e atrai interesse de Ancelotti","isPartOf":{"@id":"https:\/\/www.gaveanews.com\/#website"},"primaryImageOfPage":{"@id":"https:\/\/www.gaveanews.com\/index.php\/2025\/05\/23\/ele-vem-ganhando-destaque-no-sao-paulo-e-atrai-interesse-de-ancelotti\/#primaryimage"},"image":{"@id":"https:\/\/www.gaveanews.com\/index.php\/2025\/05\/23\/ele-vem-ganhando-destaque-no-sao-paulo-e-atrai-interesse-de-ancelotti\/#primaryimage"},"thumbnailUrl":"https:\/\/www.gaveanews.com\/wp-content\/uploads\/carlo-ancelotti-real-madrid.webp","datePublished":"2025-05-23T16:40:00+00:00","author":{"@id":"https:\/\/www.gaveanews.com\/#\/schema\/person\/8207cd4627f56151707418bfc835b2fb"},"breadcrumb":{"@id":"https:\/\/www.gaveanews.com\/index.php\/2025\/05\/23\/ele-vem-ganhando-destaque-no-sao-paulo-e-atrai-interesse-de-ancelotti\/#breadcrumb"},"inLanguage":"pt-BR","potentialAction":[{"@type":"ReadAction","target":["https:\/\/www.gaveanews.com\/index.php\/2025\/05\/23\/ele-vem-ganhando-destaque-no-sao-paulo-e-atrai-interesse-de-ancelotti\/"]}]},{"@type":"ImageObject","inLanguage":"pt-BR","@id":"https:\/\/www.gaveanews.com\/index.php\/2025\/05\/23\/ele-vem-ganhando-destaque-no-sao-paulo-e-atrai-interesse-de-ancelotti\/#primaryimage","url":"https:\/\/www.gaveanews.com\/wp-content\/uploads\/carlo-ancelotti-real-madrid.webp","contentUrl":"https:\/\/www.gaveanews.com\/wp-content\/uploads\/carlo-ancelotti-real-madrid.webp","width":984,"height":737,"caption":"Carlo Ancelotti, t\u00e9cnico do Real Madrid (Foto: Susana Vera\/Reuters)"},{"@type":"BreadcrumbList","@id":"https:\/\/www.gaveanews.com\/index.php\/2025\/05\/23\/ele-vem-ganhando-destaque-no-sao-paulo-e-atrai-interesse-de-ancelotti\/#breadcrumb","itemListElement":[{"@type":"ListItem","position":1,"name":"Home","item":"https:\/\/www.gaveanews.com\/"},{"@type":"ListItem","position":2,"name":"Ele vem ganhando destaque no S\u00e3o Paulo e atrai interesse de Ancelotti"}]},{"@type":"WebSite","@id":"https:\/\/www.gaveanews.com\/#website","url":"https:\/\/www.gaveanews.com\/","name":"G\u00e1vea News","description":"Veja todas as not\u00edcias sobre o Flamengo: Contrata\u00e7\u00f5es, categorias de base, resultados das partidas, tabela de classifica\u00e7\u00e3o, pr\u00f3ximos jogos!","potentialAction":[{"@type":"SearchAction","target":{"@type":"EntryPoint","urlTemplate":"https:\/\/www.gaveanews.com\/?s={search_term_string}"},"query-input":{"@type":"PropertyValueSpecification","valueRequired":true,"valueName":"search_term_string"}}],"inLanguage":"pt-BR"},{"@type":"Person","@id":"https:\/\/www.gaveanews.com\/#\/schema\/person\/8207cd4627f56151707418bfc835b2fb","name":"Matheus Felipe","image":{"@type":"ImageObject","inLanguage":"pt-BR","@id":"https:\/\/www.gaveanews.com\/#\/schema\/person\/image\/","url":"https:\/\/secure.gravatar.com\/avatar\/a452ffbed9130f726358b298bb3a99ce4bd3c5338411f8440e87e14d74c7c087?s=96&d=mm&r=g","contentUrl":"https:\/\/secure.gravatar.com\/avatar\/a452ffbed9130f726358b298bb3a99ce4bd3c5338411f8440e87e14d74c7c087?s=96&d=mm&r=g","caption":"Matheus Felipe"}}]}},"_links":{"self":[{"href":"https:\/\/www.gaveanews.com\/index.php\/wp-json\/wp\/v2\/posts\/265535","targetHints":{"allow":["GET"]}}],"collection":[{"href":"https:\/\/www.gaveanews.com\/index.php\/wp-json\/wp\/v2\/posts"}],"about":[{"href":"https:\/\/www.gaveanews.com\/index.php\/wp-json\/wp\/v2\/types\/post"}],"author":[{"embeddable":true,"href":"https:\/\/www.gaveanews.com\/index.php\/wp-json\/wp\/v2\/users\/27"}],"replies":[{"embeddable":true,"href":"https:\/\/www.gaveanews.com\/index.php\/wp-json\/wp\/v2\/comments?post=265535"}],"version-history":[{"count":1,"href":"https:\/\/www.gaveanews.com\/index.php\/wp-json\/wp\/v2\/posts\/265535\/revisions"}],"predecessor-version":[{"id":266397,"href":"https:\/\/www.gaveanews.com\/index.php\/wp-json\/wp\/v2\/posts\/265535\/revisions\/266397"}],"wp:featuredmedia":[{"embeddable":true,"href":"https:\/\/www.gaveanews.com\/index.php\/wp-json\/wp\/v2\/media\/94020"}],"wp:attachment":[{"href":"https:\/\/www.gaveanews.com\/index.php\/wp-json\/wp\/v2\/media?parent=265535"}],"wp:term":[{"taxonomy":"category","embeddable":true,"href":"https:\/\/www.gaveanews.com\/index.php\/wp-json\/wp\/v2\/categories?post=265535"},{"taxonomy":"post_tag","embeddable":true,"href":"https:\/\/www.gaveanews.com\/index.php\/wp-json\/wp\/v2\/tags?post=265535"}],"curies":[{"name":"wp","href":"https:\/\/api.w.org\/{rel}","templated":true}]}}