{"id":265547,"date":"2025-05-20T23:55:00","date_gmt":"2025-05-21T02:55:00","guid":{"rendered":"https:\/\/www.gaveanews.com\/?p=265547"},"modified":"2025-05-20T19:10:03","modified_gmt":"2025-05-20T22:10:03","slug":"a-declaracao-de-pvc-direcionada-a-leila-do-palmeiras-clubes-olham-torto","status":"publish","type":"post","link":"https:\/\/www.gaveanews.com\/index.php\/2025\/05\/20\/a-declaracao-de-pvc-direcionada-a-leila-do-palmeiras-clubes-olham-torto\/","title":{"rendered":"A declara\u00e7\u00e3o de PVC direcionada a Leila, do Palmeiras: &#8220;Clubes olham torto\u2026&#8221;"},"content":{"rendered":"\n<p>A aus\u00eancia do Palmeiras no manifesto que solicita mudan\u00e7as na Confedera\u00e7\u00e3o Brasileira de Futebol (CBF) gerou desconforto entre dirigentes de outras agremia\u00e7\u00f5es da S\u00e9rie A. Conforme publicado na coluna de Paulo Vin\u00edcius Coelho, do UOL, o clube paulista foi o \u00fanico da elite nacional a n\u00e3o endossar o documento que clama por reformas estruturais na entidade m\u00e1xima do futebol brasileiro.<\/p>\n\n\n\n<p>De acordo com o jornalista, a presidente Leila Pereira, que anteriormente teve papel de lideran\u00e7a na forma\u00e7\u00e3o da Libra, agora enfrenta olhares desconfiados. \u201cEla n\u00e3o tem obriga\u00e7\u00e3o nenhuma de seguir a maioria, como o manifesto do Palmeiras deixou claro\u201d, relatou PVC.<\/p>\n\n\n\n<p>Contudo, o colunista ressaltou que a atitude foi mal recebida: \u201cTem gente que vai olhar pra ela e falar: voc\u00ea n\u00e3o est\u00e1 com a gente?\u201d.<\/p>\n\n\n\n<p>O desconforto entre os pares se intensifica porque o documento reflete pautas historicamente defendidas pela pr\u00f3pria dirigente, como a profissionaliza\u00e7\u00e3o da arbitragem e a ado\u00e7\u00e3o de regras de fair play financeiro. Mesmo assim, o clube optou por se abster dessa articula\u00e7\u00e3o coletiva, sendo acompanhado apenas pelo Remo, da S\u00e9rie B.<\/p>\n\n\n\n<p>A decis\u00e3o do Palmeiras evidencia uma posi\u00e7\u00e3o de independ\u00eancia, mas igualmente o coloca em rota de colis\u00e3o com outros protagonistas do futebol brasileiro. Conforme destacou PVC, \u201cpegou mal\u201d entre os pares o fato de um clube t\u00e3o influente se isentar de um movimento com ampla ades\u00e3o e pautas de interesse comum.<\/p>\n\n\n\n<p>Embora n\u00e3o haja obrigatoriedade de ades\u00e3o un\u00e2nime, a expectativa era de coes\u00e3o m\u00ednima entre os clubes da elite nacional, principalmente por se tratar de temas que atingem diretamente a gest\u00e3o do esporte no pa\u00eds. A a\u00e7\u00e3o, ou a falta dela, poder\u00e1 ter implica\u00e7\u00f5es nos bastidores das ligas e negocia\u00e7\u00f5es futuras.<\/p>\n\n\n\n<h2 class=\"wp-block-heading\" id=\"h-o-que-diz-o-palmeiras\">O que diz o Palmeiras<\/h2>\n\n\n\n<p>A decis\u00e3o do Palmeiras foi fundamentada por um argumento de cautela institucional. Segundo nota divulgada pelo clube e repercutida pela ESPN, o momento seria mais adequado \u00e0 &#8220;tranquilidade e uni\u00e3o&#8221;, visando permitir que o futuro presidente da CBF atue com liberdade para cumprir seus compromissos de gest\u00e3o.<\/p>\n\n\n\n<p>Essa postura n\u00e3o se apresenta de forma isolada. Leila Pereira e mais nove clubes manifestaram apoio direto \u00e0 candidatura de Samir Xaud para o comando da CBF. O dirigente, inclusive, conta com o suporte de 25 federa\u00e7\u00f5es estaduais, o que o coloca em condi\u00e7\u00e3o praticamente garantida para assumir a presid\u00eancia da entidade na vaga deixada por Ednaldo Rodrigues.<\/p>\n\n\n\n<h2 class=\"wp-block-heading\" id=\"h-o-manifesto-assinado-pelos-clubes\">O manifesto assinado pelos clubes<\/h2>\n\n\n\n<p>O manifesto assinado por 38 clubes \u2014 incluindo membros da Libra e da LFU \u2014 prop\u00f5e, entre outros t\u00f3picos, a reformula\u00e7\u00e3o do processo eleitoral da CBF, a cria\u00e7\u00e3o de uma liga nacional independente e a participa\u00e7\u00e3o obrigat\u00f3ria das equipes nas assembleias da entidade.<\/p>\n\n\n\n<p>Tamb\u00e9m pede que as propriedades comerciais das S\u00e9ries A e B sejam reconhecidas como pertencentes aos clubes, al\u00e9m de exigir maior representatividade da Comiss\u00e3o Nacional de Clubes.<\/p>\n\n\n\n<p>Outro ponto sens\u00edvel \u00e9 o pedido de reformula\u00e7\u00e3o do calend\u00e1rio entre 2026 e 2030, que deve ser aprovado em conjunto por todas as partes envolvidas, e a destina\u00e7\u00e3o de recursos \u00e0s divis\u00f5es inferiores e ao futebol feminino. A aus\u00eancia do Palmeiras, portanto, contrap\u00f5e-se \u00e0 converg\u00eancia de demandas que vinham sendo debatidas publicamente por sua pr\u00f3pria lideran\u00e7a nos \u00faltimos anos.<\/p>\n","protected":false},"excerpt":{"rendered":"<p>A aus\u00eancia do Palmeiras no manifesto que solicita mudan\u00e7as na Confedera\u00e7\u00e3o Brasileira de Futebol (CBF) gerou desconforto entre dirigentes de outras agremia\u00e7\u00f5es da S\u00e9rie A. Conforme publicado na coluna de Paulo Vin\u00edcius Coelho, do UOL, o clube paulista foi o \u00fanico da elite nacional a n\u00e3o endossar o documento que clama por reformas estruturais na [&hellip;]<\/p>\n","protected":false},"author":18,"featured_media":118615,"comment_status":"open","ping_status":"closed","sticky":false,"template":"","format":"standard","meta":{"footnotes":""},"categories":[150],"tags":[],"class_list":["post-265547","post","type-post","status-publish","format-standard","has-post-thumbnail","hentry","category-palmeiras"],"yoast_head":"<!-- This site is optimized with the Yoast SEO Premium plugin v24.2 (Yoast SEO v26.9) - https:\/\/yoast.com\/product\/yoast-seo-premium-wordpress\/ -->\n<title>A declara\u00e7\u00e3o de PVC direcionada a Leila, do Palmeiras: &quot;Clubes olham torto\u2026&quot;<\/title>\n<meta name=\"robots\" content=\"index, follow, max-snippet:-1, max-image-preview:large, max-video-preview:-1\" \/>\n<link rel=\"canonical\" href=\"https:\/\/www.gaveanews.com\/index.php\/2025\/05\/20\/a-declaracao-de-pvc-direcionada-a-leila-do-palmeiras-clubes-olham-torto\/\" \/>\n<meta property=\"og:locale\" content=\"pt_BR\" \/>\n<meta property=\"og:type\" content=\"article\" \/>\n<meta property=\"og:title\" content=\"A declara\u00e7\u00e3o de PVC direcionada a Leila, do Palmeiras: &quot;Clubes olham torto\u2026&quot;\" \/>\n<meta property=\"og:description\" content=\"A aus\u00eancia do Palmeiras no manifesto que solicita mudan\u00e7as na Confedera\u00e7\u00e3o Brasileira de Futebol (CBF) gerou desconforto entre dirigentes de outras agremia\u00e7\u00f5es da S\u00e9rie A. Conforme publicado na coluna de Paulo Vin\u00edcius Coelho, do UOL, o clube paulista foi o \u00fanico da elite nacional a n\u00e3o endossar o documento que clama por reformas estruturais na [&hellip;]\" \/>\n<meta property=\"og:url\" content=\"https:\/\/www.gaveanews.com\/index.php\/2025\/05\/20\/a-declaracao-de-pvc-direcionada-a-leila-do-palmeiras-clubes-olham-torto\/\" \/>\n<meta property=\"og:site_name\" content=\"G\u00e1vea News\" \/>\n<meta property=\"article:publisher\" content=\"https:\/\/facebook.com\/gaveaNews\/\" \/>\n<meta property=\"article:published_time\" content=\"2025-05-21T02:55:00+00:00\" \/>\n<meta property=\"og:image\" content=\"https:\/\/www.gaveanews.com\/wp-content\/uploads\/pvc-paulo-vinicius-coelho-saiu-da-globo-foto-reproducao-sportv_fixed_large.webp\" \/>\n\t<meta property=\"og:image:width\" content=\"990\" \/>\n\t<meta property=\"og:image:height\" content=\"619\" \/>\n\t<meta property=\"og:image:type\" content=\"image\/webp\" \/>\n<meta name=\"author\" content=\"Paula Silva\" \/>\n<meta name=\"twitter:card\" content=\"summary_large_image\" \/>\n<meta name=\"twitter:label1\" content=\"Escrito por\" \/>\n\t<meta name=\"twitter:data1\" content=\"Paula Silva\" \/>\n\t<meta name=\"twitter:label2\" content=\"Est. tempo de leitura\" \/>\n\t<meta name=\"twitter:data2\" content=\"4 minutos\" \/>\n<script type=\"application\/ld+json\" class=\"yoast-schema-graph\">{\"@context\":\"https:\/\/schema.org\",\"@graph\":[{\"@type\":\"NewsArticle\",\"@id\":\"https:\/\/www.gaveanews.com\/index.php\/2025\/05\/20\/a-declaracao-de-pvc-direcionada-a-leila-do-palmeiras-clubes-olham-torto\/#article\",\"isPartOf\":{\"@id\":\"https:\/\/www.gaveanews.com\/index.php\/2025\/05\/20\/a-declaracao-de-pvc-direcionada-a-leila-do-palmeiras-clubes-olham-torto\/\"},\"author\":{\"name\":\"Paula Silva\",\"@id\":\"https:\/\/www.gaveanews.com\/#\/schema\/person\/daf63eec72e1164eb13dc35096c2b8da\"},\"headline\":\"A declara\u00e7\u00e3o de PVC direcionada a Leila, do Palmeiras: &#8220;Clubes olham torto\u2026&#8221;\",\"datePublished\":\"2025-05-21T02:55:00+00:00\",\"mainEntityOfPage\":{\"@id\":\"https:\/\/www.gaveanews.com\/index.php\/2025\/05\/20\/a-declaracao-de-pvc-direcionada-a-leila-do-palmeiras-clubes-olham-torto\/\"},\"wordCount\":585,\"commentCount\":0,\"image\":{\"@id\":\"https:\/\/www.gaveanews.com\/index.php\/2025\/05\/20\/a-declaracao-de-pvc-direcionada-a-leila-do-palmeiras-clubes-olham-torto\/#primaryimage\"},\"thumbnailUrl\":\"https:\/\/www.gaveanews.com\/wp-content\/uploads\/pvc-paulo-vinicius-coelho-saiu-da-globo-foto-reproducao-sportv_fixed_large.webp\",\"articleSection\":[\"Palmeiras\"],\"inLanguage\":\"pt-BR\",\"potentialAction\":[{\"@type\":\"CommentAction\",\"name\":\"Comment\",\"target\":[\"https:\/\/www.gaveanews.com\/index.php\/2025\/05\/20\/a-declaracao-de-pvc-direcionada-a-leila-do-palmeiras-clubes-olham-torto\/#respond\"]}],\"copyrightYear\":\"2025\",\"copyrightHolder\":{\"@id\":\"https:\/\/www.gaveanews.com\/#organization\"}},{\"@type\":\"WebPage\",\"@id\":\"https:\/\/www.gaveanews.com\/index.php\/2025\/05\/20\/a-declaracao-de-pvc-direcionada-a-leila-do-palmeiras-clubes-olham-torto\/\",\"url\":\"https:\/\/www.gaveanews.com\/index.php\/2025\/05\/20\/a-declaracao-de-pvc-direcionada-a-leila-do-palmeiras-clubes-olham-torto\/\",\"name\":\"A declara\u00e7\u00e3o de PVC direcionada a Leila, do Palmeiras: \\\"Clubes olham torto\u2026\\\"\",\"isPartOf\":{\"@id\":\"https:\/\/www.gaveanews.com\/#website\"},\"primaryImageOfPage\":{\"@id\":\"https:\/\/www.gaveanews.com\/index.php\/2025\/05\/20\/a-declaracao-de-pvc-direcionada-a-leila-do-palmeiras-clubes-olham-torto\/#primaryimage\"},\"image\":{\"@id\":\"https:\/\/www.gaveanews.com\/index.php\/2025\/05\/20\/a-declaracao-de-pvc-direcionada-a-leila-do-palmeiras-clubes-olham-torto\/#primaryimage\"},\"thumbnailUrl\":\"https:\/\/www.gaveanews.com\/wp-content\/uploads\/pvc-paulo-vinicius-coelho-saiu-da-globo-foto-reproducao-sportv_fixed_large.webp\",\"datePublished\":\"2025-05-21T02:55:00+00:00\",\"author\":{\"@id\":\"https:\/\/www.gaveanews.com\/#\/schema\/person\/daf63eec72e1164eb13dc35096c2b8da\"},\"breadcrumb\":{\"@id\":\"https:\/\/www.gaveanews.com\/index.php\/2025\/05\/20\/a-declaracao-de-pvc-direcionada-a-leila-do-palmeiras-clubes-olham-torto\/#breadcrumb\"},\"inLanguage\":\"pt-BR\",\"potentialAction\":[{\"@type\":\"ReadAction\",\"target\":[\"https:\/\/www.gaveanews.com\/index.php\/2025\/05\/20\/a-declaracao-de-pvc-direcionada-a-leila-do-palmeiras-clubes-olham-torto\/\"]}]},{\"@type\":\"ImageObject\",\"inLanguage\":\"pt-BR\",\"@id\":\"https:\/\/www.gaveanews.com\/index.php\/2025\/05\/20\/a-declaracao-de-pvc-direcionada-a-leila-do-palmeiras-clubes-olham-torto\/#primaryimage\",\"url\":\"https:\/\/www.gaveanews.com\/wp-content\/uploads\/pvc-paulo-vinicius-coelho-saiu-da-globo-foto-reproducao-sportv_fixed_large.webp\",\"contentUrl\":\"https:\/\/www.gaveanews.com\/wp-content\/uploads\/pvc-paulo-vinicius-coelho-saiu-da-globo-foto-reproducao-sportv_fixed_large.webp\",\"width\":990,\"height\":619,\"caption\":\"Paulo Vinicius Coelho em programa do Sportv - Foto: reprodu\u00e7\u00e3o\"},{\"@type\":\"BreadcrumbList\",\"@id\":\"https:\/\/www.gaveanews.com\/index.php\/2025\/05\/20\/a-declaracao-de-pvc-direcionada-a-leila-do-palmeiras-clubes-olham-torto\/#breadcrumb\",\"itemListElement\":[{\"@type\":\"ListItem\",\"position\":1,\"name\":\"Home\",\"item\":\"https:\/\/www.gaveanews.com\/\"},{\"@type\":\"ListItem\",\"position\":2,\"name\":\"A declara\u00e7\u00e3o de PVC direcionada a Leila, do Palmeiras: &#8220;Clubes olham torto\u2026&#8221;\"}]},{\"@type\":\"WebSite\",\"@id\":\"https:\/\/www.gaveanews.com\/#website\",\"url\":\"https:\/\/www.gaveanews.com\/\",\"name\":\"G\u00e1vea News\",\"description\":\"Veja todas as not\u00edcias sobre o Flamengo: Contrata\u00e7\u00f5es, categorias de base, resultados das partidas, tabela de classifica\u00e7\u00e3o, pr\u00f3ximos jogos!\",\"potentialAction\":[{\"@type\":\"SearchAction\",\"target\":{\"@type\":\"EntryPoint\",\"urlTemplate\":\"https:\/\/www.gaveanews.com\/?s={search_term_string}\"},\"query-input\":{\"@type\":\"PropertyValueSpecification\",\"valueRequired\":true,\"valueName\":\"search_term_string\"}}],\"inLanguage\":\"pt-BR\"},{\"@type\":\"Person\",\"@id\":\"https:\/\/www.gaveanews.com\/#\/schema\/person\/daf63eec72e1164eb13dc35096c2b8da\",\"name\":\"Paula Silva\",\"image\":{\"@type\":\"ImageObject\",\"inLanguage\":\"pt-BR\",\"@id\":\"https:\/\/www.gaveanews.com\/#\/schema\/person\/image\/\",\"url\":\"https:\/\/secure.gravatar.com\/avatar\/eda381c845527cc5d64c13b901833cda29d97500ba040d3e6461f76f51d163bb?s=96&d=mm&r=g\",\"contentUrl\":\"https:\/\/secure.gravatar.com\/avatar\/eda381c845527cc5d64c13b901833cda29d97500ba040d3e6461f76f51d163bb?s=96&d=mm&r=g\",\"caption\":\"Paula Silva\"}}]}<\/script>\n<!-- \/ Yoast SEO Premium plugin. -->","yoast_head_json":{"title":"A declara\u00e7\u00e3o de PVC direcionada a Leila, do Palmeiras: \"Clubes olham torto\u2026\"","robots":{"index":"index","follow":"follow","max-snippet":"max-snippet:-1","max-image-preview":"max-image-preview:large","max-video-preview":"max-video-preview:-1"},"canonical":"https:\/\/www.gaveanews.com\/index.php\/2025\/05\/20\/a-declaracao-de-pvc-direcionada-a-leila-do-palmeiras-clubes-olham-torto\/","og_locale":"pt_BR","og_type":"article","og_title":"A declara\u00e7\u00e3o de PVC direcionada a Leila, do Palmeiras: \"Clubes olham torto\u2026\"","og_description":"A aus\u00eancia do Palmeiras no manifesto que solicita mudan\u00e7as na Confedera\u00e7\u00e3o Brasileira de Futebol (CBF) gerou desconforto entre dirigentes de outras agremia\u00e7\u00f5es da S\u00e9rie A. Conforme publicado na coluna de Paulo Vin\u00edcius Coelho, do UOL, o clube paulista foi o \u00fanico da elite nacional a n\u00e3o endossar o documento que clama por reformas estruturais na [&hellip;]","og_url":"https:\/\/www.gaveanews.com\/index.php\/2025\/05\/20\/a-declaracao-de-pvc-direcionada-a-leila-do-palmeiras-clubes-olham-torto\/","og_site_name":"G\u00e1vea News","article_publisher":"https:\/\/facebook.com\/gaveaNews\/","article_published_time":"2025-05-21T02:55:00+00:00","og_image":[{"width":990,"height":619,"url":"https:\/\/www.gaveanews.com\/wp-content\/uploads\/pvc-paulo-vinicius-coelho-saiu-da-globo-foto-reproducao-sportv_fixed_large.webp","type":"image\/webp"}],"author":"Paula Silva","twitter_card":"summary_large_image","twitter_misc":{"Escrito por":"Paula Silva","Est. tempo de leitura":"4 minutos"},"schema":{"@context":"https:\/\/schema.org","@graph":[{"@type":"NewsArticle","@id":"https:\/\/www.gaveanews.com\/index.php\/2025\/05\/20\/a-declaracao-de-pvc-direcionada-a-leila-do-palmeiras-clubes-olham-torto\/#article","isPartOf":{"@id":"https:\/\/www.gaveanews.com\/index.php\/2025\/05\/20\/a-declaracao-de-pvc-direcionada-a-leila-do-palmeiras-clubes-olham-torto\/"},"author":{"name":"Paula Silva","@id":"https:\/\/www.gaveanews.com\/#\/schema\/person\/daf63eec72e1164eb13dc35096c2b8da"},"headline":"A declara\u00e7\u00e3o de PVC direcionada a Leila, do Palmeiras: &#8220;Clubes olham torto\u2026&#8221;","datePublished":"2025-05-21T02:55:00+00:00","mainEntityOfPage":{"@id":"https:\/\/www.gaveanews.com\/index.php\/2025\/05\/20\/a-declaracao-de-pvc-direcionada-a-leila-do-palmeiras-clubes-olham-torto\/"},"wordCount":585,"commentCount":0,"image":{"@id":"https:\/\/www.gaveanews.com\/index.php\/2025\/05\/20\/a-declaracao-de-pvc-direcionada-a-leila-do-palmeiras-clubes-olham-torto\/#primaryimage"},"thumbnailUrl":"https:\/\/www.gaveanews.com\/wp-content\/uploads\/pvc-paulo-vinicius-coelho-saiu-da-globo-foto-reproducao-sportv_fixed_large.webp","articleSection":["Palmeiras"],"inLanguage":"pt-BR","potentialAction":[{"@type":"CommentAction","name":"Comment","target":["https:\/\/www.gaveanews.com\/index.php\/2025\/05\/20\/a-declaracao-de-pvc-direcionada-a-leila-do-palmeiras-clubes-olham-torto\/#respond"]}],"copyrightYear":"2025","copyrightHolder":{"@id":"https:\/\/www.gaveanews.com\/#organization"}},{"@type":"WebPage","@id":"https:\/\/www.gaveanews.com\/index.php\/2025\/05\/20\/a-declaracao-de-pvc-direcionada-a-leila-do-palmeiras-clubes-olham-torto\/","url":"https:\/\/www.gaveanews.com\/index.php\/2025\/05\/20\/a-declaracao-de-pvc-direcionada-a-leila-do-palmeiras-clubes-olham-torto\/","name":"A declara\u00e7\u00e3o de PVC direcionada a Leila, do Palmeiras: \"Clubes olham torto\u2026\"","isPartOf":{"@id":"https:\/\/www.gaveanews.com\/#website"},"primaryImageOfPage":{"@id":"https:\/\/www.gaveanews.com\/index.php\/2025\/05\/20\/a-declaracao-de-pvc-direcionada-a-leila-do-palmeiras-clubes-olham-torto\/#primaryimage"},"image":{"@id":"https:\/\/www.gaveanews.com\/index.php\/2025\/05\/20\/a-declaracao-de-pvc-direcionada-a-leila-do-palmeiras-clubes-olham-torto\/#primaryimage"},"thumbnailUrl":"https:\/\/www.gaveanews.com\/wp-content\/uploads\/pvc-paulo-vinicius-coelho-saiu-da-globo-foto-reproducao-sportv_fixed_large.webp","datePublished":"2025-05-21T02:55:00+00:00","author":{"@id":"https:\/\/www.gaveanews.com\/#\/schema\/person\/daf63eec72e1164eb13dc35096c2b8da"},"breadcrumb":{"@id":"https:\/\/www.gaveanews.com\/index.php\/2025\/05\/20\/a-declaracao-de-pvc-direcionada-a-leila-do-palmeiras-clubes-olham-torto\/#breadcrumb"},"inLanguage":"pt-BR","potentialAction":[{"@type":"ReadAction","target":["https:\/\/www.gaveanews.com\/index.php\/2025\/05\/20\/a-declaracao-de-pvc-direcionada-a-leila-do-palmeiras-clubes-olham-torto\/"]}]},{"@type":"ImageObject","inLanguage":"pt-BR","@id":"https:\/\/www.gaveanews.com\/index.php\/2025\/05\/20\/a-declaracao-de-pvc-direcionada-a-leila-do-palmeiras-clubes-olham-torto\/#primaryimage","url":"https:\/\/www.gaveanews.com\/wp-content\/uploads\/pvc-paulo-vinicius-coelho-saiu-da-globo-foto-reproducao-sportv_fixed_large.webp","contentUrl":"https:\/\/www.gaveanews.com\/wp-content\/uploads\/pvc-paulo-vinicius-coelho-saiu-da-globo-foto-reproducao-sportv_fixed_large.webp","width":990,"height":619,"caption":"Paulo Vinicius Coelho em programa do Sportv - Foto: reprodu\u00e7\u00e3o"},{"@type":"BreadcrumbList","@id":"https:\/\/www.gaveanews.com\/index.php\/2025\/05\/20\/a-declaracao-de-pvc-direcionada-a-leila-do-palmeiras-clubes-olham-torto\/#breadcrumb","itemListElement":[{"@type":"ListItem","position":1,"name":"Home","item":"https:\/\/www.gaveanews.com\/"},{"@type":"ListItem","position":2,"name":"A declara\u00e7\u00e3o de PVC direcionada a Leila, do Palmeiras: &#8220;Clubes olham torto\u2026&#8221;"}]},{"@type":"WebSite","@id":"https:\/\/www.gaveanews.com\/#website","url":"https:\/\/www.gaveanews.com\/","name":"G\u00e1vea News","description":"Veja todas as not\u00edcias sobre o Flamengo: Contrata\u00e7\u00f5es, categorias de base, resultados das partidas, tabela de classifica\u00e7\u00e3o, pr\u00f3ximos jogos!","potentialAction":[{"@type":"SearchAction","target":{"@type":"EntryPoint","urlTemplate":"https:\/\/www.gaveanews.com\/?s={search_term_string}"},"query-input":{"@type":"PropertyValueSpecification","valueRequired":true,"valueName":"search_term_string"}}],"inLanguage":"pt-BR"},{"@type":"Person","@id":"https:\/\/www.gaveanews.com\/#\/schema\/person\/daf63eec72e1164eb13dc35096c2b8da","name":"Paula Silva","image":{"@type":"ImageObject","inLanguage":"pt-BR","@id":"https:\/\/www.gaveanews.com\/#\/schema\/person\/image\/","url":"https:\/\/secure.gravatar.com\/avatar\/eda381c845527cc5d64c13b901833cda29d97500ba040d3e6461f76f51d163bb?s=96&d=mm&r=g","contentUrl":"https:\/\/secure.gravatar.com\/avatar\/eda381c845527cc5d64c13b901833cda29d97500ba040d3e6461f76f51d163bb?s=96&d=mm&r=g","caption":"Paula Silva"}}]}},"_links":{"self":[{"href":"https:\/\/www.gaveanews.com\/index.php\/wp-json\/wp\/v2\/posts\/265547","targetHints":{"allow":["GET"]}}],"collection":[{"href":"https:\/\/www.gaveanews.com\/index.php\/wp-json\/wp\/v2\/posts"}],"about":[{"href":"https:\/\/www.gaveanews.com\/index.php\/wp-json\/wp\/v2\/types\/post"}],"author":[{"embeddable":true,"href":"https:\/\/www.gaveanews.com\/index.php\/wp-json\/wp\/v2\/users\/18"}],"replies":[{"embeddable":true,"href":"https:\/\/www.gaveanews.com\/index.php\/wp-json\/wp\/v2\/comments?post=265547"}],"version-history":[{"count":1,"href":"https:\/\/www.gaveanews.com\/index.php\/wp-json\/wp\/v2\/posts\/265547\/revisions"}],"predecessor-version":[{"id":265549,"href":"https:\/\/www.gaveanews.com\/index.php\/wp-json\/wp\/v2\/posts\/265547\/revisions\/265549"}],"wp:featuredmedia":[{"embeddable":true,"href":"https:\/\/www.gaveanews.com\/index.php\/wp-json\/wp\/v2\/media\/118615"}],"wp:attachment":[{"href":"https:\/\/www.gaveanews.com\/index.php\/wp-json\/wp\/v2\/media?parent=265547"}],"wp:term":[{"taxonomy":"category","embeddable":true,"href":"https:\/\/www.gaveanews.com\/index.php\/wp-json\/wp\/v2\/categories?post=265547"},{"taxonomy":"post_tag","embeddable":true,"href":"https:\/\/www.gaveanews.com\/index.php\/wp-json\/wp\/v2\/tags?post=265547"}],"curies":[{"name":"wp","href":"https:\/\/api.w.org\/{rel}","templated":true}]}}