{"id":265563,"date":"2025-05-21T00:20:00","date_gmt":"2025-05-21T03:20:00","guid":{"rendered":"https:\/\/www.gaveanews.com\/?p=265563"},"modified":"2025-05-20T19:35:42","modified_gmt":"2025-05-20T22:35:42","slug":"globo-irrita-torcedores-do-vasco-entenda","status":"publish","type":"post","link":"https:\/\/www.gaveanews.com\/index.php\/2025\/05\/21\/globo-irrita-torcedores-do-vasco-entenda\/","title":{"rendered":"Globo irrita torcedores do Vasco; entenda"},"content":{"rendered":"\n<p>A manh\u00e3 de segunda-feira (19) foi marcada por uma mudan\u00e7a inesperada na programa\u00e7\u00e3o da TV aberta. A Rede Globo decidiu interromper a edi\u00e7\u00e3o do programa \u201cGlobo Esporte\u201d para dar prioridade \u00e0 cobertura de uma opera\u00e7\u00e3o policial na Cidade de Deus, zona oeste do Rio de Janeiro. A decis\u00e3o causou frustra\u00e7\u00e3o em parte da torcida do Vasco, que aguardava para rever os melhores momentos da vit\u00f3ria sobre o Fortaleza, pelo Campeonato Brasileiro.<\/p>\n\n\n\n<p>O confronto, realizado no s\u00e1bado anterior, terminou com uma vit\u00f3ria contundente do Vasco por 3 a 0. A partida marcou a estreia de Fernando Diniz no comando da equipe na atual edi\u00e7\u00e3o do Brasileir\u00e3o. A atua\u00e7\u00e3o segura e dominante elevou o \u00e2nimo dos torcedores, que ansiavam por reviver os lances decisivos no tradicional programa esportivo da emissora carioca.<\/p>\n\n\n\n<p>Contudo, a altera\u00e7\u00e3o na programa\u00e7\u00e3o levou vasca\u00ednos \u00e0s redes sociais para expressar seu descontentamento. Em tom bem-humorado, muitos internautas comentaram que o clube sofre at\u00e9 quando vence. \u201cO Vasco \u00e9 t\u00e3o azarado que quando ele ganha e joga bem, tem tiroteio no Rio e n\u00e3o tem Globo Esporte\u201d, ironizou um perfil..<\/p>\n\n\n\n<p>Similarmente, outros usu\u00e1rios relataram sua expectativa frustrada diante da TV. \u201cContando os minutos pro Globo Esporte&#8230; e adivinha? N\u00e3o teve por causa de uma opera\u00e7\u00e3o da PM\u201d. Outro torcedor destacou que o Vasco foi o \u00fanico clube carioca a vencer na rodada, mas foi tamb\u00e9m o \u00fanico a n\u00e3o ter os lances exibidos.<\/p>\n\n\n\n<p>A equipe cruzmaltina, atualmente na 13\u00aa posi\u00e7\u00e3o do campeonato, soma 10 pontos em nove partidas. O pr\u00f3ximo compromisso ser\u00e1 diante do Fluminense, no s\u00e1bado (24), \u00e0s 18h30 (hor\u00e1rio de Bras\u00edlia), no Maracan\u00e3.<\/p>\n\n\n\n<p>A situa\u00e7\u00e3o, embora compreens\u00edvel pela gravidade do notici\u00e1rio policial, evidenciou a frustra\u00e7\u00e3o dos torcedores com a aus\u00eancia de visibilidade midi\u00e1tica mesmo ap\u00f3s um resultado expressivo.<\/p>\n","protected":false},"excerpt":{"rendered":"<p>A manh\u00e3 de segunda-feira (19) foi marcada por uma mudan\u00e7a inesperada na programa\u00e7\u00e3o da TV aberta. A Rede Globo decidiu interromper a edi\u00e7\u00e3o do programa \u201cGlobo Esporte\u201d para dar prioridade \u00e0 cobertura de uma opera\u00e7\u00e3o policial na Cidade de Deus, zona oeste do Rio de Janeiro. A decis\u00e3o causou frustra\u00e7\u00e3o em parte da torcida do [&hellip;]<\/p>\n","protected":false},"author":18,"featured_media":252976,"comment_status":"open","ping_status":"closed","sticky":false,"template":"","format":"standard","meta":{"footnotes":""},"categories":[152],"tags":[],"class_list":["post-265563","post","type-post","status-publish","format-standard","has-post-thumbnail","hentry","category-vasco"],"yoast_head":"<!-- This site is optimized with the Yoast SEO Premium plugin v24.2 (Yoast SEO v26.9) - https:\/\/yoast.com\/product\/yoast-seo-premium-wordpress\/ -->\n<title>Globo irrita torcedores do Vasco; entenda<\/title>\n<meta name=\"robots\" content=\"index, follow, max-snippet:-1, max-image-preview:large, max-video-preview:-1\" \/>\n<link rel=\"canonical\" href=\"https:\/\/www.gaveanews.com\/index.php\/2025\/05\/21\/globo-irrita-torcedores-do-vasco-entenda\/\" \/>\n<meta property=\"og:locale\" content=\"pt_BR\" \/>\n<meta property=\"og:type\" content=\"article\" \/>\n<meta property=\"og:title\" content=\"Globo irrita torcedores do Vasco; entenda\" \/>\n<meta property=\"og:description\" content=\"A manh\u00e3 de segunda-feira (19) foi marcada por uma mudan\u00e7a inesperada na programa\u00e7\u00e3o da TV aberta. A Rede Globo decidiu interromper a edi\u00e7\u00e3o do programa \u201cGlobo Esporte\u201d para dar prioridade \u00e0 cobertura de uma opera\u00e7\u00e3o policial na Cidade de Deus, zona oeste do Rio de Janeiro. A decis\u00e3o causou frustra\u00e7\u00e3o em parte da torcida do [&hellip;]\" \/>\n<meta property=\"og:url\" content=\"https:\/\/www.gaveanews.com\/index.php\/2025\/05\/21\/globo-irrita-torcedores-do-vasco-entenda\/\" \/>\n<meta property=\"og:site_name\" content=\"G\u00e1vea News\" \/>\n<meta property=\"article:publisher\" content=\"https:\/\/facebook.com\/gaveaNews\/\" \/>\n<meta property=\"article:published_time\" content=\"2025-05-21T03:20:00+00:00\" \/>\n<meta property=\"og:image\" content=\"https:\/\/www.gaveanews.com\/wp-content\/uploads\/Torcida-do-Vasco-em-Sao-Januario.webp\" \/>\n\t<meta property=\"og:image:width\" content=\"1600\" \/>\n\t<meta property=\"og:image:height\" content=\"994\" \/>\n\t<meta property=\"og:image:type\" content=\"image\/jpeg\" \/>\n<meta name=\"author\" content=\"Paula Silva\" \/>\n<meta name=\"twitter:card\" content=\"summary_large_image\" \/>\n<meta name=\"twitter:label1\" content=\"Escrito por\" \/>\n\t<meta name=\"twitter:data1\" content=\"Paula Silva\" \/>\n\t<meta name=\"twitter:label2\" content=\"Est. tempo de leitura\" \/>\n\t<meta name=\"twitter:data2\" content=\"2 minutos\" \/>\n<script type=\"application\/ld+json\" class=\"yoast-schema-graph\">{\"@context\":\"https:\/\/schema.org\",\"@graph\":[{\"@type\":\"NewsArticle\",\"@id\":\"https:\/\/www.gaveanews.com\/index.php\/2025\/05\/21\/globo-irrita-torcedores-do-vasco-entenda\/#article\",\"isPartOf\":{\"@id\":\"https:\/\/www.gaveanews.com\/index.php\/2025\/05\/21\/globo-irrita-torcedores-do-vasco-entenda\/\"},\"author\":{\"name\":\"Paula Silva\",\"@id\":\"https:\/\/www.gaveanews.com\/#\/schema\/person\/daf63eec72e1164eb13dc35096c2b8da\"},\"headline\":\"Globo irrita torcedores do Vasco; entenda\",\"datePublished\":\"2025-05-21T03:20:00+00:00\",\"mainEntityOfPage\":{\"@id\":\"https:\/\/www.gaveanews.com\/index.php\/2025\/05\/21\/globo-irrita-torcedores-do-vasco-entenda\/\"},\"wordCount\":322,\"commentCount\":0,\"image\":{\"@id\":\"https:\/\/www.gaveanews.com\/index.php\/2025\/05\/21\/globo-irrita-torcedores-do-vasco-entenda\/#primaryimage\"},\"thumbnailUrl\":\"https:\/\/www.gaveanews.com\/wp-content\/uploads\/Torcida-do-Vasco-em-Sao-Januario.webp\",\"articleSection\":[\"Vasco\"],\"inLanguage\":\"pt-BR\",\"potentialAction\":[{\"@type\":\"CommentAction\",\"name\":\"Comment\",\"target\":[\"https:\/\/www.gaveanews.com\/index.php\/2025\/05\/21\/globo-irrita-torcedores-do-vasco-entenda\/#respond\"]}],\"copyrightYear\":\"2025\",\"copyrightHolder\":{\"@id\":\"https:\/\/www.gaveanews.com\/#organization\"}},{\"@type\":\"WebPage\",\"@id\":\"https:\/\/www.gaveanews.com\/index.php\/2025\/05\/21\/globo-irrita-torcedores-do-vasco-entenda\/\",\"url\":\"https:\/\/www.gaveanews.com\/index.php\/2025\/05\/21\/globo-irrita-torcedores-do-vasco-entenda\/\",\"name\":\"Globo irrita torcedores do Vasco; entenda\",\"isPartOf\":{\"@id\":\"https:\/\/www.gaveanews.com\/#website\"},\"primaryImageOfPage\":{\"@id\":\"https:\/\/www.gaveanews.com\/index.php\/2025\/05\/21\/globo-irrita-torcedores-do-vasco-entenda\/#primaryimage\"},\"image\":{\"@id\":\"https:\/\/www.gaveanews.com\/index.php\/2025\/05\/21\/globo-irrita-torcedores-do-vasco-entenda\/#primaryimage\"},\"thumbnailUrl\":\"https:\/\/www.gaveanews.com\/wp-content\/uploads\/Torcida-do-Vasco-em-Sao-Januario.webp\",\"datePublished\":\"2025-05-21T03:20:00+00:00\",\"author\":{\"@id\":\"https:\/\/www.gaveanews.com\/#\/schema\/person\/daf63eec72e1164eb13dc35096c2b8da\"},\"breadcrumb\":{\"@id\":\"https:\/\/www.gaveanews.com\/index.php\/2025\/05\/21\/globo-irrita-torcedores-do-vasco-entenda\/#breadcrumb\"},\"inLanguage\":\"pt-BR\",\"potentialAction\":[{\"@type\":\"ReadAction\",\"target\":[\"https:\/\/www.gaveanews.com\/index.php\/2025\/05\/21\/globo-irrita-torcedores-do-vasco-entenda\/\"]}]},{\"@type\":\"ImageObject\",\"inLanguage\":\"pt-BR\",\"@id\":\"https:\/\/www.gaveanews.com\/index.php\/2025\/05\/21\/globo-irrita-torcedores-do-vasco-entenda\/#primaryimage\",\"url\":\"https:\/\/www.gaveanews.com\/wp-content\/uploads\/Torcida-do-Vasco-em-Sao-Januario.webp\",\"contentUrl\":\"https:\/\/www.gaveanews.com\/wp-content\/uploads\/Torcida-do-Vasco-em-Sao-Januario.webp\",\"width\":1600,\"height\":994,\"caption\":\"Torcida do Vasco em S\u00e3o Janu\u00e1rio (Foto: Reprodu\u00e7\u00e3o\/Vasco)\"},{\"@type\":\"BreadcrumbList\",\"@id\":\"https:\/\/www.gaveanews.com\/index.php\/2025\/05\/21\/globo-irrita-torcedores-do-vasco-entenda\/#breadcrumb\",\"itemListElement\":[{\"@type\":\"ListItem\",\"position\":1,\"name\":\"Home\",\"item\":\"https:\/\/www.gaveanews.com\/\"},{\"@type\":\"ListItem\",\"position\":2,\"name\":\"Globo irrita torcedores do Vasco; entenda\"}]},{\"@type\":\"WebSite\",\"@id\":\"https:\/\/www.gaveanews.com\/#website\",\"url\":\"https:\/\/www.gaveanews.com\/\",\"name\":\"G\u00e1vea News\",\"description\":\"Veja todas as not\u00edcias sobre o Flamengo: Contrata\u00e7\u00f5es, categorias de base, resultados das partidas, tabela de classifica\u00e7\u00e3o, pr\u00f3ximos jogos!\",\"potentialAction\":[{\"@type\":\"SearchAction\",\"target\":{\"@type\":\"EntryPoint\",\"urlTemplate\":\"https:\/\/www.gaveanews.com\/?s={search_term_string}\"},\"query-input\":{\"@type\":\"PropertyValueSpecification\",\"valueRequired\":true,\"valueName\":\"search_term_string\"}}],\"inLanguage\":\"pt-BR\"},{\"@type\":\"Person\",\"@id\":\"https:\/\/www.gaveanews.com\/#\/schema\/person\/daf63eec72e1164eb13dc35096c2b8da\",\"name\":\"Paula Silva\",\"image\":{\"@type\":\"ImageObject\",\"inLanguage\":\"pt-BR\",\"@id\":\"https:\/\/www.gaveanews.com\/#\/schema\/person\/image\/\",\"url\":\"https:\/\/secure.gravatar.com\/avatar\/eda381c845527cc5d64c13b901833cda29d97500ba040d3e6461f76f51d163bb?s=96&d=mm&r=g\",\"contentUrl\":\"https:\/\/secure.gravatar.com\/avatar\/eda381c845527cc5d64c13b901833cda29d97500ba040d3e6461f76f51d163bb?s=96&d=mm&r=g\",\"caption\":\"Paula Silva\"}}]}<\/script>\n<!-- \/ Yoast SEO Premium plugin. -->","yoast_head_json":{"title":"Globo irrita torcedores do Vasco; entenda","robots":{"index":"index","follow":"follow","max-snippet":"max-snippet:-1","max-image-preview":"max-image-preview:large","max-video-preview":"max-video-preview:-1"},"canonical":"https:\/\/www.gaveanews.com\/index.php\/2025\/05\/21\/globo-irrita-torcedores-do-vasco-entenda\/","og_locale":"pt_BR","og_type":"article","og_title":"Globo irrita torcedores do Vasco; entenda","og_description":"A manh\u00e3 de segunda-feira (19) foi marcada por uma mudan\u00e7a inesperada na programa\u00e7\u00e3o da TV aberta. A Rede Globo decidiu interromper a edi\u00e7\u00e3o do programa \u201cGlobo Esporte\u201d para dar prioridade \u00e0 cobertura de uma opera\u00e7\u00e3o policial na Cidade de Deus, zona oeste do Rio de Janeiro. A decis\u00e3o causou frustra\u00e7\u00e3o em parte da torcida do [&hellip;]","og_url":"https:\/\/www.gaveanews.com\/index.php\/2025\/05\/21\/globo-irrita-torcedores-do-vasco-entenda\/","og_site_name":"G\u00e1vea News","article_publisher":"https:\/\/facebook.com\/gaveaNews\/","article_published_time":"2025-05-21T03:20:00+00:00","og_image":[{"width":1600,"height":994,"url":"https:\/\/www.gaveanews.com\/wp-content\/uploads\/Torcida-do-Vasco-em-Sao-Januario.webp","type":"image\/jpeg"}],"author":"Paula Silva","twitter_card":"summary_large_image","twitter_misc":{"Escrito por":"Paula Silva","Est. tempo de leitura":"2 minutos"},"schema":{"@context":"https:\/\/schema.org","@graph":[{"@type":"NewsArticle","@id":"https:\/\/www.gaveanews.com\/index.php\/2025\/05\/21\/globo-irrita-torcedores-do-vasco-entenda\/#article","isPartOf":{"@id":"https:\/\/www.gaveanews.com\/index.php\/2025\/05\/21\/globo-irrita-torcedores-do-vasco-entenda\/"},"author":{"name":"Paula Silva","@id":"https:\/\/www.gaveanews.com\/#\/schema\/person\/daf63eec72e1164eb13dc35096c2b8da"},"headline":"Globo irrita torcedores do Vasco; entenda","datePublished":"2025-05-21T03:20:00+00:00","mainEntityOfPage":{"@id":"https:\/\/www.gaveanews.com\/index.php\/2025\/05\/21\/globo-irrita-torcedores-do-vasco-entenda\/"},"wordCount":322,"commentCount":0,"image":{"@id":"https:\/\/www.gaveanews.com\/index.php\/2025\/05\/21\/globo-irrita-torcedores-do-vasco-entenda\/#primaryimage"},"thumbnailUrl":"https:\/\/www.gaveanews.com\/wp-content\/uploads\/Torcida-do-Vasco-em-Sao-Januario.webp","articleSection":["Vasco"],"inLanguage":"pt-BR","potentialAction":[{"@type":"CommentAction","name":"Comment","target":["https:\/\/www.gaveanews.com\/index.php\/2025\/05\/21\/globo-irrita-torcedores-do-vasco-entenda\/#respond"]}],"copyrightYear":"2025","copyrightHolder":{"@id":"https:\/\/www.gaveanews.com\/#organization"}},{"@type":"WebPage","@id":"https:\/\/www.gaveanews.com\/index.php\/2025\/05\/21\/globo-irrita-torcedores-do-vasco-entenda\/","url":"https:\/\/www.gaveanews.com\/index.php\/2025\/05\/21\/globo-irrita-torcedores-do-vasco-entenda\/","name":"Globo irrita torcedores do Vasco; entenda","isPartOf":{"@id":"https:\/\/www.gaveanews.com\/#website"},"primaryImageOfPage":{"@id":"https:\/\/www.gaveanews.com\/index.php\/2025\/05\/21\/globo-irrita-torcedores-do-vasco-entenda\/#primaryimage"},"image":{"@id":"https:\/\/www.gaveanews.com\/index.php\/2025\/05\/21\/globo-irrita-torcedores-do-vasco-entenda\/#primaryimage"},"thumbnailUrl":"https:\/\/www.gaveanews.com\/wp-content\/uploads\/Torcida-do-Vasco-em-Sao-Januario.webp","datePublished":"2025-05-21T03:20:00+00:00","author":{"@id":"https:\/\/www.gaveanews.com\/#\/schema\/person\/daf63eec72e1164eb13dc35096c2b8da"},"breadcrumb":{"@id":"https:\/\/www.gaveanews.com\/index.php\/2025\/05\/21\/globo-irrita-torcedores-do-vasco-entenda\/#breadcrumb"},"inLanguage":"pt-BR","potentialAction":[{"@type":"ReadAction","target":["https:\/\/www.gaveanews.com\/index.php\/2025\/05\/21\/globo-irrita-torcedores-do-vasco-entenda\/"]}]},{"@type":"ImageObject","inLanguage":"pt-BR","@id":"https:\/\/www.gaveanews.com\/index.php\/2025\/05\/21\/globo-irrita-torcedores-do-vasco-entenda\/#primaryimage","url":"https:\/\/www.gaveanews.com\/wp-content\/uploads\/Torcida-do-Vasco-em-Sao-Januario.webp","contentUrl":"https:\/\/www.gaveanews.com\/wp-content\/uploads\/Torcida-do-Vasco-em-Sao-Januario.webp","width":1600,"height":994,"caption":"Torcida do Vasco em S\u00e3o Janu\u00e1rio (Foto: Reprodu\u00e7\u00e3o\/Vasco)"},{"@type":"BreadcrumbList","@id":"https:\/\/www.gaveanews.com\/index.php\/2025\/05\/21\/globo-irrita-torcedores-do-vasco-entenda\/#breadcrumb","itemListElement":[{"@type":"ListItem","position":1,"name":"Home","item":"https:\/\/www.gaveanews.com\/"},{"@type":"ListItem","position":2,"name":"Globo irrita torcedores do Vasco; entenda"}]},{"@type":"WebSite","@id":"https:\/\/www.gaveanews.com\/#website","url":"https:\/\/www.gaveanews.com\/","name":"G\u00e1vea News","description":"Veja todas as not\u00edcias sobre o Flamengo: Contrata\u00e7\u00f5es, categorias de base, resultados das partidas, tabela de classifica\u00e7\u00e3o, pr\u00f3ximos jogos!","potentialAction":[{"@type":"SearchAction","target":{"@type":"EntryPoint","urlTemplate":"https:\/\/www.gaveanews.com\/?s={search_term_string}"},"query-input":{"@type":"PropertyValueSpecification","valueRequired":true,"valueName":"search_term_string"}}],"inLanguage":"pt-BR"},{"@type":"Person","@id":"https:\/\/www.gaveanews.com\/#\/schema\/person\/daf63eec72e1164eb13dc35096c2b8da","name":"Paula Silva","image":{"@type":"ImageObject","inLanguage":"pt-BR","@id":"https:\/\/www.gaveanews.com\/#\/schema\/person\/image\/","url":"https:\/\/secure.gravatar.com\/avatar\/eda381c845527cc5d64c13b901833cda29d97500ba040d3e6461f76f51d163bb?s=96&d=mm&r=g","contentUrl":"https:\/\/secure.gravatar.com\/avatar\/eda381c845527cc5d64c13b901833cda29d97500ba040d3e6461f76f51d163bb?s=96&d=mm&r=g","caption":"Paula Silva"}}]}},"_links":{"self":[{"href":"https:\/\/www.gaveanews.com\/index.php\/wp-json\/wp\/v2\/posts\/265563","targetHints":{"allow":["GET"]}}],"collection":[{"href":"https:\/\/www.gaveanews.com\/index.php\/wp-json\/wp\/v2\/posts"}],"about":[{"href":"https:\/\/www.gaveanews.com\/index.php\/wp-json\/wp\/v2\/types\/post"}],"author":[{"embeddable":true,"href":"https:\/\/www.gaveanews.com\/index.php\/wp-json\/wp\/v2\/users\/18"}],"replies":[{"embeddable":true,"href":"https:\/\/www.gaveanews.com\/index.php\/wp-json\/wp\/v2\/comments?post=265563"}],"version-history":[{"count":1,"href":"https:\/\/www.gaveanews.com\/index.php\/wp-json\/wp\/v2\/posts\/265563\/revisions"}],"predecessor-version":[{"id":265570,"href":"https:\/\/www.gaveanews.com\/index.php\/wp-json\/wp\/v2\/posts\/265563\/revisions\/265570"}],"wp:featuredmedia":[{"embeddable":true,"href":"https:\/\/www.gaveanews.com\/index.php\/wp-json\/wp\/v2\/media\/252976"}],"wp:attachment":[{"href":"https:\/\/www.gaveanews.com\/index.php\/wp-json\/wp\/v2\/media?parent=265563"}],"wp:term":[{"taxonomy":"category","embeddable":true,"href":"https:\/\/www.gaveanews.com\/index.php\/wp-json\/wp\/v2\/categories?post=265563"},{"taxonomy":"post_tag","embeddable":true,"href":"https:\/\/www.gaveanews.com\/index.php\/wp-json\/wp\/v2\/tags?post=265563"}],"curies":[{"name":"wp","href":"https:\/\/api.w.org\/{rel}","templated":true}]}}