{"id":265567,"date":"2025-05-21T00:30:00","date_gmt":"2025-05-21T03:30:00","guid":{"rendered":"https:\/\/www.gaveanews.com\/?p=265567"},"modified":"2025-05-20T19:40:06","modified_gmt":"2025-05-20T22:40:06","slug":"felipe-melo-aponta-favorito-ao-titulo-do-brasileirao","status":"publish","type":"post","link":"https:\/\/www.gaveanews.com\/index.php\/2025\/05\/21\/felipe-melo-aponta-favorito-ao-titulo-do-brasileirao\/","title":{"rendered":"Felipe Melo aponta favorito ao t\u00edtulo do Brasileir\u00e3o"},"content":{"rendered":"\n<p>Ap\u00f3s a virada sobre o Bragantino no \u00faltimo domingo (18), o Palmeiras manteve-se na lideran\u00e7a do Campeonato Brasileiro, ampliando sua vantagem sobre o Flamengo para quatro pontos (22 a 18 pontos). O resultado foi interpretado como mais uma demonstra\u00e7\u00e3o da solidez do time comandado por Abel Ferreira, principalmente diante da press\u00e3o moment\u00e2nea sofrida durante a partida.<\/p>\n\n\n\n<p>Durante sua participa\u00e7\u00e3o no programa &#8216;Fechamento SporTV&#8217;, o ex-volante e atual comentarista Felipe Melo n\u00e3o poupou elogios ao elenco palmeirense. \u201cO Palmeiras \u00e9 um ca\u00e7ador profissional. Se o advers\u00e1rio n\u00e3o aproveitar o momento certo, o time volta ainda mais forte\u201d, declarou, destacando a mentalidade vencedora do grupo.<\/p>\n\n\n\n<p>Felipe tamb\u00e9m enalteceu o crescimento t\u00e1tico da equipe, salientando a capacidade de Abel Ferreira em se reinventar. \u201cAchava que o time dependia demais de bolas longas. Hoje, o Palmeiras consegue jogar mais por dentro, alternando estrat\u00e9gias com intelig\u00eancia\u201d, apontou. Segundo ele, a leitura de jogo e a resposta r\u00e1pida \u00e0s adversidades t\u00eam sido determinantes para a campanha s\u00f3lida at\u00e9 o momento.<\/p>\n\n\n\n<p>Um dos pontos altos da an\u00e1lise foi a entrada de Maur\u00edcio, que marcou o gol da virada. Para Felipe, o n\u00edvel t\u00e9cnico foi mantido mesmo com altera\u00e7\u00f5es na equipe, evidenciando a profundidade do elenco. \u201cAs mudan\u00e7as deixam o Palmeiras mais forte. \u00c9 um time que aprende jogo ap\u00f3s jogo\u201d, afirmou o comentarista.<\/p>\n\n\n\n<p>O apresentador Andr\u00e9 Rizek questionou se o Palmeiras atualmente possui o melhor elenco do pa\u00eds. A resposta foi complementada por Eric Faria, que destacou a \u00faltima janela de transfer\u00eancias como um momento decisivo para o clube. \u201cRejuvenesceu, ficou mais potente. \u00c9 um elenco t\u00e9cnico e saud\u00e1vel\u201d, avaliou.<\/p>\n\n\n\n<p>Certamente, o desempenho atual do Palmeiras e o reconhecimento de comentaristas experientes apontam para um planejamento eficiente, sustentado por consist\u00eancia t\u00e9cnica e for\u00e7a mental ineg\u00e1vel. <\/p>\n\n\n\n<p>Al\u00e9m do bom desempenho no Brasileir\u00e3o, o Palmeiras disputa outras competi\u00e7\u00f5es, entre elas, a Copa do Brasil. O Alviverde volta a campo na quinta-feira (22), para enfrentar o Cear\u00e1, pelo segundo jogo da terceira fase do torneio. A partida ser\u00e1 disputada no Allianz Parque, \u00e0s 19h30 (de Bras\u00edlia). <\/p>\n","protected":false},"excerpt":{"rendered":"<p>Ap\u00f3s a virada sobre o Bragantino no \u00faltimo domingo (18), o Palmeiras manteve-se na lideran\u00e7a do Campeonato Brasileiro, ampliando sua vantagem sobre o Flamengo para quatro pontos (22 a 18 pontos). O resultado foi interpretado como mais uma demonstra\u00e7\u00e3o da solidez do time comandado por Abel Ferreira, principalmente diante da press\u00e3o moment\u00e2nea sofrida durante a [&hellip;]<\/p>\n","protected":false},"author":18,"featured_media":244418,"comment_status":"open","ping_status":"closed","sticky":false,"template":"","format":"standard","meta":{"footnotes":""},"categories":[478,150],"tags":[],"class_list":["post-265567","post","type-post","status-publish","format-standard","has-post-thumbnail","hentry","category-brasil","category-palmeiras"],"yoast_head":"<!-- This site is optimized with the Yoast SEO Premium plugin v24.2 (Yoast SEO v26.9) - https:\/\/yoast.com\/product\/yoast-seo-premium-wordpress\/ -->\n<title>Felipe Melo aponta favorito ao t\u00edtulo do Brasileir\u00e3o<\/title>\n<meta name=\"robots\" content=\"index, follow, max-snippet:-1, max-image-preview:large, max-video-preview:-1\" \/>\n<link rel=\"canonical\" href=\"https:\/\/www.gaveanews.com\/index.php\/2025\/05\/21\/felipe-melo-aponta-favorito-ao-titulo-do-brasileirao\/\" \/>\n<meta property=\"og:locale\" content=\"pt_BR\" \/>\n<meta property=\"og:type\" content=\"article\" \/>\n<meta property=\"og:title\" content=\"Felipe Melo aponta favorito ao t\u00edtulo do Brasileir\u00e3o\" \/>\n<meta property=\"og:description\" content=\"Ap\u00f3s a virada sobre o Bragantino no \u00faltimo domingo (18), o Palmeiras manteve-se na lideran\u00e7a do Campeonato Brasileiro, ampliando sua vantagem sobre o Flamengo para quatro pontos (22 a 18 pontos). O resultado foi interpretado como mais uma demonstra\u00e7\u00e3o da solidez do time comandado por Abel Ferreira, principalmente diante da press\u00e3o moment\u00e2nea sofrida durante a [&hellip;]\" \/>\n<meta property=\"og:url\" content=\"https:\/\/www.gaveanews.com\/index.php\/2025\/05\/21\/felipe-melo-aponta-favorito-ao-titulo-do-brasileirao\/\" \/>\n<meta property=\"og:site_name\" content=\"G\u00e1vea News\" \/>\n<meta property=\"article:publisher\" content=\"https:\/\/facebook.com\/gaveaNews\/\" \/>\n<meta property=\"article:published_time\" content=\"2025-05-21T03:30:00+00:00\" \/>\n<meta property=\"og:image\" content=\"https:\/\/www.gaveanews.com\/wp-content\/uploads\/Felipe-Melo-comentarista-da-Rede-Globo.webp\" \/>\n\t<meta property=\"og:image:width\" content=\"900\" \/>\n\t<meta property=\"og:image:height\" content=\"600\" \/>\n\t<meta property=\"og:image:type\" content=\"image\/jpeg\" \/>\n<meta name=\"author\" content=\"Paula Silva\" \/>\n<meta name=\"twitter:card\" content=\"summary_large_image\" \/>\n<meta name=\"twitter:label1\" content=\"Escrito por\" \/>\n\t<meta name=\"twitter:data1\" content=\"Paula Silva\" \/>\n\t<meta name=\"twitter:label2\" content=\"Est. tempo de leitura\" \/>\n\t<meta name=\"twitter:data2\" content=\"3 minutos\" \/>\n<script type=\"application\/ld+json\" class=\"yoast-schema-graph\">{\"@context\":\"https:\/\/schema.org\",\"@graph\":[{\"@type\":\"NewsArticle\",\"@id\":\"https:\/\/www.gaveanews.com\/index.php\/2025\/05\/21\/felipe-melo-aponta-favorito-ao-titulo-do-brasileirao\/#article\",\"isPartOf\":{\"@id\":\"https:\/\/www.gaveanews.com\/index.php\/2025\/05\/21\/felipe-melo-aponta-favorito-ao-titulo-do-brasileirao\/\"},\"author\":{\"name\":\"Paula Silva\",\"@id\":\"https:\/\/www.gaveanews.com\/#\/schema\/person\/daf63eec72e1164eb13dc35096c2b8da\"},\"headline\":\"Felipe Melo aponta favorito ao t\u00edtulo do Brasileir\u00e3o\",\"datePublished\":\"2025-05-21T03:30:00+00:00\",\"mainEntityOfPage\":{\"@id\":\"https:\/\/www.gaveanews.com\/index.php\/2025\/05\/21\/felipe-melo-aponta-favorito-ao-titulo-do-brasileirao\/\"},\"wordCount\":375,\"commentCount\":0,\"image\":{\"@id\":\"https:\/\/www.gaveanews.com\/index.php\/2025\/05\/21\/felipe-melo-aponta-favorito-ao-titulo-do-brasileirao\/#primaryimage\"},\"thumbnailUrl\":\"https:\/\/www.gaveanews.com\/wp-content\/uploads\/Felipe-Melo-comentarista-da-Rede-Globo.webp\",\"articleSection\":[\"Brasil\",\"Palmeiras\"],\"inLanguage\":\"pt-BR\",\"potentialAction\":[{\"@type\":\"CommentAction\",\"name\":\"Comment\",\"target\":[\"https:\/\/www.gaveanews.com\/index.php\/2025\/05\/21\/felipe-melo-aponta-favorito-ao-titulo-do-brasileirao\/#respond\"]}],\"copyrightYear\":\"2025\",\"copyrightHolder\":{\"@id\":\"https:\/\/www.gaveanews.com\/#organization\"}},{\"@type\":\"WebPage\",\"@id\":\"https:\/\/www.gaveanews.com\/index.php\/2025\/05\/21\/felipe-melo-aponta-favorito-ao-titulo-do-brasileirao\/\",\"url\":\"https:\/\/www.gaveanews.com\/index.php\/2025\/05\/21\/felipe-melo-aponta-favorito-ao-titulo-do-brasileirao\/\",\"name\":\"Felipe Melo aponta favorito ao t\u00edtulo do Brasileir\u00e3o\",\"isPartOf\":{\"@id\":\"https:\/\/www.gaveanews.com\/#website\"},\"primaryImageOfPage\":{\"@id\":\"https:\/\/www.gaveanews.com\/index.php\/2025\/05\/21\/felipe-melo-aponta-favorito-ao-titulo-do-brasileirao\/#primaryimage\"},\"image\":{\"@id\":\"https:\/\/www.gaveanews.com\/index.php\/2025\/05\/21\/felipe-melo-aponta-favorito-ao-titulo-do-brasileirao\/#primaryimage\"},\"thumbnailUrl\":\"https:\/\/www.gaveanews.com\/wp-content\/uploads\/Felipe-Melo-comentarista-da-Rede-Globo.webp\",\"datePublished\":\"2025-05-21T03:30:00+00:00\",\"author\":{\"@id\":\"https:\/\/www.gaveanews.com\/#\/schema\/person\/daf63eec72e1164eb13dc35096c2b8da\"},\"breadcrumb\":{\"@id\":\"https:\/\/www.gaveanews.com\/index.php\/2025\/05\/21\/felipe-melo-aponta-favorito-ao-titulo-do-brasileirao\/#breadcrumb\"},\"inLanguage\":\"pt-BR\",\"potentialAction\":[{\"@type\":\"ReadAction\",\"target\":[\"https:\/\/www.gaveanews.com\/index.php\/2025\/05\/21\/felipe-melo-aponta-favorito-ao-titulo-do-brasileirao\/\"]}]},{\"@type\":\"ImageObject\",\"inLanguage\":\"pt-BR\",\"@id\":\"https:\/\/www.gaveanews.com\/index.php\/2025\/05\/21\/felipe-melo-aponta-favorito-ao-titulo-do-brasileirao\/#primaryimage\",\"url\":\"https:\/\/www.gaveanews.com\/wp-content\/uploads\/Felipe-Melo-comentarista-da-Rede-Globo.webp\",\"contentUrl\":\"https:\/\/www.gaveanews.com\/wp-content\/uploads\/Felipe-Melo-comentarista-da-Rede-Globo.webp\",\"width\":900,\"height\":600,\"caption\":\"Felipe Melo, comentarista da Rede Globo (Foto: Marcelo de Jesus)\"},{\"@type\":\"BreadcrumbList\",\"@id\":\"https:\/\/www.gaveanews.com\/index.php\/2025\/05\/21\/felipe-melo-aponta-favorito-ao-titulo-do-brasileirao\/#breadcrumb\",\"itemListElement\":[{\"@type\":\"ListItem\",\"position\":1,\"name\":\"Home\",\"item\":\"https:\/\/www.gaveanews.com\/\"},{\"@type\":\"ListItem\",\"position\":2,\"name\":\"Felipe Melo aponta favorito ao t\u00edtulo do Brasileir\u00e3o\"}]},{\"@type\":\"WebSite\",\"@id\":\"https:\/\/www.gaveanews.com\/#website\",\"url\":\"https:\/\/www.gaveanews.com\/\",\"name\":\"G\u00e1vea News\",\"description\":\"Veja todas as not\u00edcias sobre o Flamengo: Contrata\u00e7\u00f5es, categorias de base, resultados das partidas, tabela de classifica\u00e7\u00e3o, pr\u00f3ximos jogos!\",\"potentialAction\":[{\"@type\":\"SearchAction\",\"target\":{\"@type\":\"EntryPoint\",\"urlTemplate\":\"https:\/\/www.gaveanews.com\/?s={search_term_string}\"},\"query-input\":{\"@type\":\"PropertyValueSpecification\",\"valueRequired\":true,\"valueName\":\"search_term_string\"}}],\"inLanguage\":\"pt-BR\"},{\"@type\":\"Person\",\"@id\":\"https:\/\/www.gaveanews.com\/#\/schema\/person\/daf63eec72e1164eb13dc35096c2b8da\",\"name\":\"Paula Silva\",\"image\":{\"@type\":\"ImageObject\",\"inLanguage\":\"pt-BR\",\"@id\":\"https:\/\/www.gaveanews.com\/#\/schema\/person\/image\/\",\"url\":\"https:\/\/secure.gravatar.com\/avatar\/eda381c845527cc5d64c13b901833cda29d97500ba040d3e6461f76f51d163bb?s=96&d=mm&r=g\",\"contentUrl\":\"https:\/\/secure.gravatar.com\/avatar\/eda381c845527cc5d64c13b901833cda29d97500ba040d3e6461f76f51d163bb?s=96&d=mm&r=g\",\"caption\":\"Paula Silva\"}}]}<\/script>\n<!-- \/ Yoast SEO Premium plugin. -->","yoast_head_json":{"title":"Felipe Melo aponta favorito ao t\u00edtulo do Brasileir\u00e3o","robots":{"index":"index","follow":"follow","max-snippet":"max-snippet:-1","max-image-preview":"max-image-preview:large","max-video-preview":"max-video-preview:-1"},"canonical":"https:\/\/www.gaveanews.com\/index.php\/2025\/05\/21\/felipe-melo-aponta-favorito-ao-titulo-do-brasileirao\/","og_locale":"pt_BR","og_type":"article","og_title":"Felipe Melo aponta favorito ao t\u00edtulo do Brasileir\u00e3o","og_description":"Ap\u00f3s a virada sobre o Bragantino no \u00faltimo domingo (18), o Palmeiras manteve-se na lideran\u00e7a do Campeonato Brasileiro, ampliando sua vantagem sobre o Flamengo para quatro pontos (22 a 18 pontos). O resultado foi interpretado como mais uma demonstra\u00e7\u00e3o da solidez do time comandado por Abel Ferreira, principalmente diante da press\u00e3o moment\u00e2nea sofrida durante a [&hellip;]","og_url":"https:\/\/www.gaveanews.com\/index.php\/2025\/05\/21\/felipe-melo-aponta-favorito-ao-titulo-do-brasileirao\/","og_site_name":"G\u00e1vea News","article_publisher":"https:\/\/facebook.com\/gaveaNews\/","article_published_time":"2025-05-21T03:30:00+00:00","og_image":[{"width":900,"height":600,"url":"https:\/\/www.gaveanews.com\/wp-content\/uploads\/Felipe-Melo-comentarista-da-Rede-Globo.webp","type":"image\/jpeg"}],"author":"Paula Silva","twitter_card":"summary_large_image","twitter_misc":{"Escrito por":"Paula Silva","Est. tempo de leitura":"3 minutos"},"schema":{"@context":"https:\/\/schema.org","@graph":[{"@type":"NewsArticle","@id":"https:\/\/www.gaveanews.com\/index.php\/2025\/05\/21\/felipe-melo-aponta-favorito-ao-titulo-do-brasileirao\/#article","isPartOf":{"@id":"https:\/\/www.gaveanews.com\/index.php\/2025\/05\/21\/felipe-melo-aponta-favorito-ao-titulo-do-brasileirao\/"},"author":{"name":"Paula Silva","@id":"https:\/\/www.gaveanews.com\/#\/schema\/person\/daf63eec72e1164eb13dc35096c2b8da"},"headline":"Felipe Melo aponta favorito ao t\u00edtulo do Brasileir\u00e3o","datePublished":"2025-05-21T03:30:00+00:00","mainEntityOfPage":{"@id":"https:\/\/www.gaveanews.com\/index.php\/2025\/05\/21\/felipe-melo-aponta-favorito-ao-titulo-do-brasileirao\/"},"wordCount":375,"commentCount":0,"image":{"@id":"https:\/\/www.gaveanews.com\/index.php\/2025\/05\/21\/felipe-melo-aponta-favorito-ao-titulo-do-brasileirao\/#primaryimage"},"thumbnailUrl":"https:\/\/www.gaveanews.com\/wp-content\/uploads\/Felipe-Melo-comentarista-da-Rede-Globo.webp","articleSection":["Brasil","Palmeiras"],"inLanguage":"pt-BR","potentialAction":[{"@type":"CommentAction","name":"Comment","target":["https:\/\/www.gaveanews.com\/index.php\/2025\/05\/21\/felipe-melo-aponta-favorito-ao-titulo-do-brasileirao\/#respond"]}],"copyrightYear":"2025","copyrightHolder":{"@id":"https:\/\/www.gaveanews.com\/#organization"}},{"@type":"WebPage","@id":"https:\/\/www.gaveanews.com\/index.php\/2025\/05\/21\/felipe-melo-aponta-favorito-ao-titulo-do-brasileirao\/","url":"https:\/\/www.gaveanews.com\/index.php\/2025\/05\/21\/felipe-melo-aponta-favorito-ao-titulo-do-brasileirao\/","name":"Felipe Melo aponta favorito ao t\u00edtulo do Brasileir\u00e3o","isPartOf":{"@id":"https:\/\/www.gaveanews.com\/#website"},"primaryImageOfPage":{"@id":"https:\/\/www.gaveanews.com\/index.php\/2025\/05\/21\/felipe-melo-aponta-favorito-ao-titulo-do-brasileirao\/#primaryimage"},"image":{"@id":"https:\/\/www.gaveanews.com\/index.php\/2025\/05\/21\/felipe-melo-aponta-favorito-ao-titulo-do-brasileirao\/#primaryimage"},"thumbnailUrl":"https:\/\/www.gaveanews.com\/wp-content\/uploads\/Felipe-Melo-comentarista-da-Rede-Globo.webp","datePublished":"2025-05-21T03:30:00+00:00","author":{"@id":"https:\/\/www.gaveanews.com\/#\/schema\/person\/daf63eec72e1164eb13dc35096c2b8da"},"breadcrumb":{"@id":"https:\/\/www.gaveanews.com\/index.php\/2025\/05\/21\/felipe-melo-aponta-favorito-ao-titulo-do-brasileirao\/#breadcrumb"},"inLanguage":"pt-BR","potentialAction":[{"@type":"ReadAction","target":["https:\/\/www.gaveanews.com\/index.php\/2025\/05\/21\/felipe-melo-aponta-favorito-ao-titulo-do-brasileirao\/"]}]},{"@type":"ImageObject","inLanguage":"pt-BR","@id":"https:\/\/www.gaveanews.com\/index.php\/2025\/05\/21\/felipe-melo-aponta-favorito-ao-titulo-do-brasileirao\/#primaryimage","url":"https:\/\/www.gaveanews.com\/wp-content\/uploads\/Felipe-Melo-comentarista-da-Rede-Globo.webp","contentUrl":"https:\/\/www.gaveanews.com\/wp-content\/uploads\/Felipe-Melo-comentarista-da-Rede-Globo.webp","width":900,"height":600,"caption":"Felipe Melo, comentarista da Rede Globo (Foto: Marcelo de Jesus)"},{"@type":"BreadcrumbList","@id":"https:\/\/www.gaveanews.com\/index.php\/2025\/05\/21\/felipe-melo-aponta-favorito-ao-titulo-do-brasileirao\/#breadcrumb","itemListElement":[{"@type":"ListItem","position":1,"name":"Home","item":"https:\/\/www.gaveanews.com\/"},{"@type":"ListItem","position":2,"name":"Felipe Melo aponta favorito ao t\u00edtulo do Brasileir\u00e3o"}]},{"@type":"WebSite","@id":"https:\/\/www.gaveanews.com\/#website","url":"https:\/\/www.gaveanews.com\/","name":"G\u00e1vea News","description":"Veja todas as not\u00edcias sobre o Flamengo: Contrata\u00e7\u00f5es, categorias de base, resultados das partidas, tabela de classifica\u00e7\u00e3o, pr\u00f3ximos jogos!","potentialAction":[{"@type":"SearchAction","target":{"@type":"EntryPoint","urlTemplate":"https:\/\/www.gaveanews.com\/?s={search_term_string}"},"query-input":{"@type":"PropertyValueSpecification","valueRequired":true,"valueName":"search_term_string"}}],"inLanguage":"pt-BR"},{"@type":"Person","@id":"https:\/\/www.gaveanews.com\/#\/schema\/person\/daf63eec72e1164eb13dc35096c2b8da","name":"Paula Silva","image":{"@type":"ImageObject","inLanguage":"pt-BR","@id":"https:\/\/www.gaveanews.com\/#\/schema\/person\/image\/","url":"https:\/\/secure.gravatar.com\/avatar\/eda381c845527cc5d64c13b901833cda29d97500ba040d3e6461f76f51d163bb?s=96&d=mm&r=g","contentUrl":"https:\/\/secure.gravatar.com\/avatar\/eda381c845527cc5d64c13b901833cda29d97500ba040d3e6461f76f51d163bb?s=96&d=mm&r=g","caption":"Paula Silva"}}]}},"_links":{"self":[{"href":"https:\/\/www.gaveanews.com\/index.php\/wp-json\/wp\/v2\/posts\/265567","targetHints":{"allow":["GET"]}}],"collection":[{"href":"https:\/\/www.gaveanews.com\/index.php\/wp-json\/wp\/v2\/posts"}],"about":[{"href":"https:\/\/www.gaveanews.com\/index.php\/wp-json\/wp\/v2\/types\/post"}],"author":[{"embeddable":true,"href":"https:\/\/www.gaveanews.com\/index.php\/wp-json\/wp\/v2\/users\/18"}],"replies":[{"embeddable":true,"href":"https:\/\/www.gaveanews.com\/index.php\/wp-json\/wp\/v2\/comments?post=265567"}],"version-history":[{"count":1,"href":"https:\/\/www.gaveanews.com\/index.php\/wp-json\/wp\/v2\/posts\/265567\/revisions"}],"predecessor-version":[{"id":265572,"href":"https:\/\/www.gaveanews.com\/index.php\/wp-json\/wp\/v2\/posts\/265567\/revisions\/265572"}],"wp:featuredmedia":[{"embeddable":true,"href":"https:\/\/www.gaveanews.com\/index.php\/wp-json\/wp\/v2\/media\/244418"}],"wp:attachment":[{"href":"https:\/\/www.gaveanews.com\/index.php\/wp-json\/wp\/v2\/media?parent=265567"}],"wp:term":[{"taxonomy":"category","embeddable":true,"href":"https:\/\/www.gaveanews.com\/index.php\/wp-json\/wp\/v2\/categories?post=265567"},{"taxonomy":"post_tag","embeddable":true,"href":"https:\/\/www.gaveanews.com\/index.php\/wp-json\/wp\/v2\/tags?post=265567"}],"curies":[{"name":"wp","href":"https:\/\/api.w.org\/{rel}","templated":true}]}}