{"id":265598,"date":"2025-05-20T22:33:01","date_gmt":"2025-05-21T01:33:01","guid":{"rendered":"https:\/\/www.gaveanews.com\/?p=265598"},"modified":"2025-05-20T22:33:05","modified_gmt":"2025-05-21T01:33:05","slug":"a-declaracao-de-leo-jardim-apos-classificacao-do-vasco-na-copa-do-brasil","status":"publish","type":"post","link":"https:\/\/www.gaveanews.com\/index.php\/2025\/05\/20\/a-declaracao-de-leo-jardim-apos-classificacao-do-vasco-na-copa-do-brasil\/","title":{"rendered":"A declara\u00e7\u00e3o de L\u00e9o Jardim ap\u00f3s classifica\u00e7\u00e3o do Vasco na Copa do Brasil"},"content":{"rendered":"\n<p>O Vasco garantiu vaga nas oitavas de final da Copa do Brasil ap\u00f3s superar o Oper\u00e1rio-PR nos p\u00eanaltis, em partida disputada na noite de ter\u00e7a-feira (20), em S\u00e3o Janu\u00e1rio. Ap\u00f3s o empate por 1 a 1 no tempo regulamentar, o time carioca venceu por 7 a 6 nas penalidades, gra\u00e7as \u00e0 atua\u00e7\u00e3o decisiva do goleiro L\u00e9o Jardim, que defendeu tr\u00eas cobran\u00e7as.<\/p>\n\n\n\n<p>Apesar da classifica\u00e7\u00e3o, o clima n\u00e3o foi de total al\u00edvio. L\u00e9o Jardim celebrou o resultado e a atua\u00e7\u00e3o decisiva. <\/p>\n\n\n\n<p>&#8220;Eu fico feliz de poder ajudar. \u00c9 claro que eu gosto quando o time faz 3 a 0, quando ganha bem eu trabalho menos. \u00c9 importante tamb\u00e9m, quando a equipe precisa, eu poder estar ali para ajudar. \u00c9 para isso que eu me dedico todos os dias&#8221;, disse.<\/p>\n\n\n\n<p>Durante a disputa por p\u00eanaltis, o goleiro foi visto recebendo instru\u00e7\u00f5es da equipe de an\u00e1lise do clube, respons\u00e1vel por fornecer dados sobre os cobradores advers\u00e1rios. L\u00e9o valorizou o trabalho coletivo do setor. \u201c\u00c9 um trabalho do departamento de an\u00e1lise, que me d\u00e1 as informa\u00e7\u00f5es mais precisas poss\u00edveis\u201d, explicou.<\/p>\n\n\n\n<p>Apesar da comemora\u00e7\u00e3o geral, L\u00e9o Jardim falou sobre a perpara\u00e7\u00e3o para o jogo, mas n\u00e3o deixou a preocupa\u00e7\u00e3o passar em branco e criticou o gol sofrido nos acr\u00e9scimos do segundo tempo, que for\u00e7ou a defini\u00e7\u00e3o da vaga nas penalidades.<\/p>\n\n\n\n<p>&#8220;A gente sabia que ia ser um jogo muito dif\u00edcil, uma proposta de jogo diferente do advers\u00e1rio. Mas, apesar de todas as dificuldades, a equipe conseguiu se portar muito bem. Tivemos um vacilo praticamente no \u00faltimo lance do jogo que poderia ter custado muito cara para a gente. S\u00e3o coisas que n\u00e3o podem acontecer no alto n\u00edvel. \u00c9 comemorar, mas ter a consci\u00eancia que tem muita coisa pela frente ainda para trabalhar e evoluir&#8221;, pontuou.<\/p>\n\n\n\n<p>Ali\u00e1s, a prepara\u00e7\u00e3o mental foi um dos pontos destacados por ele como diferencial para lidar com a press\u00e3o dos momentos decisivos. O goleiro, inclusive, pontuou que o assunto \u00e9 bastante cobrado pelo t\u00e9cnico Fernando Diniz.<\/p>\n\n\n\n<p>&#8220;O maior desafio \u00e9, sempre depois de uma vit\u00f3ria como foi no s\u00e1bado (contra o Fortaleza, pelo Brasileiro), a gente n\u00e3o relaxar, n\u00e3o achar que as coisas v\u00e3o acontecer naturalmente. O professor Diniz bateu muito nessa tecla, para que a gente continuasse motivado, n\u00e3o achar que as coisas iam acontecer sem o nosso esfor\u00e7o, sem o nosso trabalho&#8221;.<\/p>\n\n\n\n<p>\u201cJogador de alto rendimento n\u00e3o tem tempo para lamentar. Quando acontece algo fora do esperado, tem que levantar a cabe\u00e7a r\u00e1pido\u201d.<\/p>\n\n\n\n<p>Com a vit\u00f3ria, o Vasco faturou R$ 2,3 milh\u00f5es em premia\u00e7\u00e3o. Somando \u00e0s fases anteriores, o clube j\u00e1 acumulou mais de R$ 5 milh\u00f5es na competi\u00e7\u00e3o.<\/p>\n","protected":false},"excerpt":{"rendered":"<p>O Vasco garantiu vaga nas oitavas de final da Copa do Brasil ap\u00f3s superar o Oper\u00e1rio-PR nos p\u00eanaltis, em partida disputada na noite de ter\u00e7a-feira (20), em S\u00e3o Janu\u00e1rio. Ap\u00f3s o empate por 1 a 1 no tempo regulamentar, o time carioca venceu por 7 a 6 nas penalidades, gra\u00e7as \u00e0 atua\u00e7\u00e3o decisiva do goleiro [&hellip;]<\/p>\n","protected":false},"author":18,"featured_media":265599,"comment_status":"open","ping_status":"closed","sticky":false,"template":"","format":"standard","meta":{"footnotes":""},"categories":[152],"tags":[],"class_list":["post-265598","post","type-post","status-publish","format-standard","has-post-thumbnail","hentry","category-vasco"],"yoast_head":"<!-- This site is optimized with the Yoast SEO Premium plugin v24.2 (Yoast SEO v26.9) - https:\/\/yoast.com\/product\/yoast-seo-premium-wordpress\/ -->\n<title>A declara\u00e7\u00e3o de L\u00e9o Jardim ap\u00f3s classifica\u00e7\u00e3o do Vasco na Copa do Brasil<\/title>\n<meta name=\"robots\" content=\"index, follow, max-snippet:-1, max-image-preview:large, max-video-preview:-1\" \/>\n<link rel=\"canonical\" href=\"https:\/\/www.gaveanews.com\/index.php\/2025\/05\/20\/a-declaracao-de-leo-jardim-apos-classificacao-do-vasco-na-copa-do-brasil\/\" \/>\n<meta property=\"og:locale\" content=\"pt_BR\" \/>\n<meta property=\"og:type\" content=\"article\" \/>\n<meta property=\"og:title\" content=\"A declara\u00e7\u00e3o de L\u00e9o Jardim ap\u00f3s classifica\u00e7\u00e3o do Vasco na Copa do Brasil\" \/>\n<meta property=\"og:description\" content=\"O Vasco garantiu vaga nas oitavas de final da Copa do Brasil ap\u00f3s superar o Oper\u00e1rio-PR nos p\u00eanaltis, em partida disputada na noite de ter\u00e7a-feira (20), em S\u00e3o Janu\u00e1rio. Ap\u00f3s o empate por 1 a 1 no tempo regulamentar, o time carioca venceu por 7 a 6 nas penalidades, gra\u00e7as \u00e0 atua\u00e7\u00e3o decisiva do goleiro [&hellip;]\" \/>\n<meta property=\"og:url\" content=\"https:\/\/www.gaveanews.com\/index.php\/2025\/05\/20\/a-declaracao-de-leo-jardim-apos-classificacao-do-vasco-na-copa-do-brasil\/\" \/>\n<meta property=\"og:site_name\" content=\"G\u00e1vea News\" \/>\n<meta property=\"article:publisher\" content=\"https:\/\/facebook.com\/gaveaNews\/\" \/>\n<meta property=\"article:published_time\" content=\"2025-05-21T01:33:01+00:00\" \/>\n<meta property=\"article:modified_time\" content=\"2025-05-21T01:33:05+00:00\" \/>\n<meta property=\"og:image\" content=\"http:\/\/www.gaveanews.com\/wp-content\/uploads\/Leo-Jardim-comemorando-pelo-Vasco.webp\" \/>\n\t<meta property=\"og:image:width\" content=\"1200\" \/>\n\t<meta property=\"og:image:height\" content=\"900\" \/>\n\t<meta property=\"og:image:type\" content=\"image\/webp\" \/>\n<meta name=\"author\" content=\"Paula Silva\" \/>\n<meta name=\"twitter:card\" content=\"summary_large_image\" \/>\n<meta name=\"twitter:label1\" content=\"Escrito por\" \/>\n\t<meta name=\"twitter:data1\" content=\"Paula Silva\" \/>\n\t<meta name=\"twitter:label2\" content=\"Est. tempo de leitura\" \/>\n\t<meta name=\"twitter:data2\" content=\"2 minutos\" \/>\n<script type=\"application\/ld+json\" class=\"yoast-schema-graph\">{\"@context\":\"https:\/\/schema.org\",\"@graph\":[{\"@type\":\"NewsArticle\",\"@id\":\"https:\/\/www.gaveanews.com\/index.php\/2025\/05\/20\/a-declaracao-de-leo-jardim-apos-classificacao-do-vasco-na-copa-do-brasil\/#article\",\"isPartOf\":{\"@id\":\"https:\/\/www.gaveanews.com\/index.php\/2025\/05\/20\/a-declaracao-de-leo-jardim-apos-classificacao-do-vasco-na-copa-do-brasil\/\"},\"author\":{\"name\":\"Paula Silva\",\"@id\":\"https:\/\/www.gaveanews.com\/#\/schema\/person\/daf63eec72e1164eb13dc35096c2b8da\"},\"headline\":\"A declara\u00e7\u00e3o de L\u00e9o Jardim ap\u00f3s classifica\u00e7\u00e3o do Vasco na Copa do Brasil\",\"datePublished\":\"2025-05-21T01:33:01+00:00\",\"dateModified\":\"2025-05-21T01:33:05+00:00\",\"mainEntityOfPage\":{\"@id\":\"https:\/\/www.gaveanews.com\/index.php\/2025\/05\/20\/a-declaracao-de-leo-jardim-apos-classificacao-do-vasco-na-copa-do-brasil\/\"},\"wordCount\":490,\"commentCount\":0,\"image\":{\"@id\":\"https:\/\/www.gaveanews.com\/index.php\/2025\/05\/20\/a-declaracao-de-leo-jardim-apos-classificacao-do-vasco-na-copa-do-brasil\/#primaryimage\"},\"thumbnailUrl\":\"https:\/\/www.gaveanews.com\/wp-content\/uploads\/Leo-Jardim-comemorando-pelo-Vasco.webp\",\"articleSection\":[\"Vasco\"],\"inLanguage\":\"pt-BR\",\"potentialAction\":[{\"@type\":\"CommentAction\",\"name\":\"Comment\",\"target\":[\"https:\/\/www.gaveanews.com\/index.php\/2025\/05\/20\/a-declaracao-de-leo-jardim-apos-classificacao-do-vasco-na-copa-do-brasil\/#respond\"]}],\"copyrightYear\":\"2025\",\"copyrightHolder\":{\"@id\":\"https:\/\/www.gaveanews.com\/#organization\"}},{\"@type\":\"WebPage\",\"@id\":\"https:\/\/www.gaveanews.com\/index.php\/2025\/05\/20\/a-declaracao-de-leo-jardim-apos-classificacao-do-vasco-na-copa-do-brasil\/\",\"url\":\"https:\/\/www.gaveanews.com\/index.php\/2025\/05\/20\/a-declaracao-de-leo-jardim-apos-classificacao-do-vasco-na-copa-do-brasil\/\",\"name\":\"A declara\u00e7\u00e3o de L\u00e9o Jardim ap\u00f3s classifica\u00e7\u00e3o do Vasco na Copa do Brasil\",\"isPartOf\":{\"@id\":\"https:\/\/www.gaveanews.com\/#website\"},\"primaryImageOfPage\":{\"@id\":\"https:\/\/www.gaveanews.com\/index.php\/2025\/05\/20\/a-declaracao-de-leo-jardim-apos-classificacao-do-vasco-na-copa-do-brasil\/#primaryimage\"},\"image\":{\"@id\":\"https:\/\/www.gaveanews.com\/index.php\/2025\/05\/20\/a-declaracao-de-leo-jardim-apos-classificacao-do-vasco-na-copa-do-brasil\/#primaryimage\"},\"thumbnailUrl\":\"https:\/\/www.gaveanews.com\/wp-content\/uploads\/Leo-Jardim-comemorando-pelo-Vasco.webp\",\"datePublished\":\"2025-05-21T01:33:01+00:00\",\"dateModified\":\"2025-05-21T01:33:05+00:00\",\"author\":{\"@id\":\"https:\/\/www.gaveanews.com\/#\/schema\/person\/daf63eec72e1164eb13dc35096c2b8da\"},\"breadcrumb\":{\"@id\":\"https:\/\/www.gaveanews.com\/index.php\/2025\/05\/20\/a-declaracao-de-leo-jardim-apos-classificacao-do-vasco-na-copa-do-brasil\/#breadcrumb\"},\"inLanguage\":\"pt-BR\",\"potentialAction\":[{\"@type\":\"ReadAction\",\"target\":[\"https:\/\/www.gaveanews.com\/index.php\/2025\/05\/20\/a-declaracao-de-leo-jardim-apos-classificacao-do-vasco-na-copa-do-brasil\/\"]}]},{\"@type\":\"ImageObject\",\"inLanguage\":\"pt-BR\",\"@id\":\"https:\/\/www.gaveanews.com\/index.php\/2025\/05\/20\/a-declaracao-de-leo-jardim-apos-classificacao-do-vasco-na-copa-do-brasil\/#primaryimage\",\"url\":\"https:\/\/www.gaveanews.com\/wp-content\/uploads\/Leo-Jardim-comemorando-pelo-Vasco.webp\",\"contentUrl\":\"https:\/\/www.gaveanews.com\/wp-content\/uploads\/Leo-Jardim-comemorando-pelo-Vasco.webp\",\"width\":1200,\"height\":900,\"caption\":\"L\u00e9o Jardim comemorando pelo Vasco (Fotos: Matheus Lima\/Vasco).\"},{\"@type\":\"BreadcrumbList\",\"@id\":\"https:\/\/www.gaveanews.com\/index.php\/2025\/05\/20\/a-declaracao-de-leo-jardim-apos-classificacao-do-vasco-na-copa-do-brasil\/#breadcrumb\",\"itemListElement\":[{\"@type\":\"ListItem\",\"position\":1,\"name\":\"Home\",\"item\":\"https:\/\/www.gaveanews.com\/\"},{\"@type\":\"ListItem\",\"position\":2,\"name\":\"A declara\u00e7\u00e3o de L\u00e9o Jardim ap\u00f3s classifica\u00e7\u00e3o do Vasco na Copa do Brasil\"}]},{\"@type\":\"WebSite\",\"@id\":\"https:\/\/www.gaveanews.com\/#website\",\"url\":\"https:\/\/www.gaveanews.com\/\",\"name\":\"G\u00e1vea News\",\"description\":\"Veja todas as not\u00edcias sobre o Flamengo: Contrata\u00e7\u00f5es, categorias de base, resultados das partidas, tabela de classifica\u00e7\u00e3o, pr\u00f3ximos jogos!\",\"potentialAction\":[{\"@type\":\"SearchAction\",\"target\":{\"@type\":\"EntryPoint\",\"urlTemplate\":\"https:\/\/www.gaveanews.com\/?s={search_term_string}\"},\"query-input\":{\"@type\":\"PropertyValueSpecification\",\"valueRequired\":true,\"valueName\":\"search_term_string\"}}],\"inLanguage\":\"pt-BR\"},{\"@type\":\"Person\",\"@id\":\"https:\/\/www.gaveanews.com\/#\/schema\/person\/daf63eec72e1164eb13dc35096c2b8da\",\"name\":\"Paula Silva\",\"image\":{\"@type\":\"ImageObject\",\"inLanguage\":\"pt-BR\",\"@id\":\"https:\/\/www.gaveanews.com\/#\/schema\/person\/image\/\",\"url\":\"https:\/\/secure.gravatar.com\/avatar\/eda381c845527cc5d64c13b901833cda29d97500ba040d3e6461f76f51d163bb?s=96&d=mm&r=g\",\"contentUrl\":\"https:\/\/secure.gravatar.com\/avatar\/eda381c845527cc5d64c13b901833cda29d97500ba040d3e6461f76f51d163bb?s=96&d=mm&r=g\",\"caption\":\"Paula Silva\"}}]}<\/script>\n<!-- \/ Yoast SEO Premium plugin. -->","yoast_head_json":{"title":"A declara\u00e7\u00e3o de L\u00e9o Jardim ap\u00f3s classifica\u00e7\u00e3o do Vasco na Copa do Brasil","robots":{"index":"index","follow":"follow","max-snippet":"max-snippet:-1","max-image-preview":"max-image-preview:large","max-video-preview":"max-video-preview:-1"},"canonical":"https:\/\/www.gaveanews.com\/index.php\/2025\/05\/20\/a-declaracao-de-leo-jardim-apos-classificacao-do-vasco-na-copa-do-brasil\/","og_locale":"pt_BR","og_type":"article","og_title":"A declara\u00e7\u00e3o de L\u00e9o Jardim ap\u00f3s classifica\u00e7\u00e3o do Vasco na Copa do Brasil","og_description":"O Vasco garantiu vaga nas oitavas de final da Copa do Brasil ap\u00f3s superar o Oper\u00e1rio-PR nos p\u00eanaltis, em partida disputada na noite de ter\u00e7a-feira (20), em S\u00e3o Janu\u00e1rio. Ap\u00f3s o empate por 1 a 1 no tempo regulamentar, o time carioca venceu por 7 a 6 nas penalidades, gra\u00e7as \u00e0 atua\u00e7\u00e3o decisiva do goleiro [&hellip;]","og_url":"https:\/\/www.gaveanews.com\/index.php\/2025\/05\/20\/a-declaracao-de-leo-jardim-apos-classificacao-do-vasco-na-copa-do-brasil\/","og_site_name":"G\u00e1vea News","article_publisher":"https:\/\/facebook.com\/gaveaNews\/","article_published_time":"2025-05-21T01:33:01+00:00","article_modified_time":"2025-05-21T01:33:05+00:00","og_image":[{"width":1200,"height":900,"url":"http:\/\/www.gaveanews.com\/wp-content\/uploads\/Leo-Jardim-comemorando-pelo-Vasco.webp","type":"image\/webp"}],"author":"Paula Silva","twitter_card":"summary_large_image","twitter_misc":{"Escrito por":"Paula Silva","Est. tempo de leitura":"2 minutos"},"schema":{"@context":"https:\/\/schema.org","@graph":[{"@type":"NewsArticle","@id":"https:\/\/www.gaveanews.com\/index.php\/2025\/05\/20\/a-declaracao-de-leo-jardim-apos-classificacao-do-vasco-na-copa-do-brasil\/#article","isPartOf":{"@id":"https:\/\/www.gaveanews.com\/index.php\/2025\/05\/20\/a-declaracao-de-leo-jardim-apos-classificacao-do-vasco-na-copa-do-brasil\/"},"author":{"name":"Paula Silva","@id":"https:\/\/www.gaveanews.com\/#\/schema\/person\/daf63eec72e1164eb13dc35096c2b8da"},"headline":"A declara\u00e7\u00e3o de L\u00e9o Jardim ap\u00f3s classifica\u00e7\u00e3o do Vasco na Copa do Brasil","datePublished":"2025-05-21T01:33:01+00:00","dateModified":"2025-05-21T01:33:05+00:00","mainEntityOfPage":{"@id":"https:\/\/www.gaveanews.com\/index.php\/2025\/05\/20\/a-declaracao-de-leo-jardim-apos-classificacao-do-vasco-na-copa-do-brasil\/"},"wordCount":490,"commentCount":0,"image":{"@id":"https:\/\/www.gaveanews.com\/index.php\/2025\/05\/20\/a-declaracao-de-leo-jardim-apos-classificacao-do-vasco-na-copa-do-brasil\/#primaryimage"},"thumbnailUrl":"https:\/\/www.gaveanews.com\/wp-content\/uploads\/Leo-Jardim-comemorando-pelo-Vasco.webp","articleSection":["Vasco"],"inLanguage":"pt-BR","potentialAction":[{"@type":"CommentAction","name":"Comment","target":["https:\/\/www.gaveanews.com\/index.php\/2025\/05\/20\/a-declaracao-de-leo-jardim-apos-classificacao-do-vasco-na-copa-do-brasil\/#respond"]}],"copyrightYear":"2025","copyrightHolder":{"@id":"https:\/\/www.gaveanews.com\/#organization"}},{"@type":"WebPage","@id":"https:\/\/www.gaveanews.com\/index.php\/2025\/05\/20\/a-declaracao-de-leo-jardim-apos-classificacao-do-vasco-na-copa-do-brasil\/","url":"https:\/\/www.gaveanews.com\/index.php\/2025\/05\/20\/a-declaracao-de-leo-jardim-apos-classificacao-do-vasco-na-copa-do-brasil\/","name":"A declara\u00e7\u00e3o de L\u00e9o Jardim ap\u00f3s classifica\u00e7\u00e3o do Vasco na Copa do Brasil","isPartOf":{"@id":"https:\/\/www.gaveanews.com\/#website"},"primaryImageOfPage":{"@id":"https:\/\/www.gaveanews.com\/index.php\/2025\/05\/20\/a-declaracao-de-leo-jardim-apos-classificacao-do-vasco-na-copa-do-brasil\/#primaryimage"},"image":{"@id":"https:\/\/www.gaveanews.com\/index.php\/2025\/05\/20\/a-declaracao-de-leo-jardim-apos-classificacao-do-vasco-na-copa-do-brasil\/#primaryimage"},"thumbnailUrl":"https:\/\/www.gaveanews.com\/wp-content\/uploads\/Leo-Jardim-comemorando-pelo-Vasco.webp","datePublished":"2025-05-21T01:33:01+00:00","dateModified":"2025-05-21T01:33:05+00:00","author":{"@id":"https:\/\/www.gaveanews.com\/#\/schema\/person\/daf63eec72e1164eb13dc35096c2b8da"},"breadcrumb":{"@id":"https:\/\/www.gaveanews.com\/index.php\/2025\/05\/20\/a-declaracao-de-leo-jardim-apos-classificacao-do-vasco-na-copa-do-brasil\/#breadcrumb"},"inLanguage":"pt-BR","potentialAction":[{"@type":"ReadAction","target":["https:\/\/www.gaveanews.com\/index.php\/2025\/05\/20\/a-declaracao-de-leo-jardim-apos-classificacao-do-vasco-na-copa-do-brasil\/"]}]},{"@type":"ImageObject","inLanguage":"pt-BR","@id":"https:\/\/www.gaveanews.com\/index.php\/2025\/05\/20\/a-declaracao-de-leo-jardim-apos-classificacao-do-vasco-na-copa-do-brasil\/#primaryimage","url":"https:\/\/www.gaveanews.com\/wp-content\/uploads\/Leo-Jardim-comemorando-pelo-Vasco.webp","contentUrl":"https:\/\/www.gaveanews.com\/wp-content\/uploads\/Leo-Jardim-comemorando-pelo-Vasco.webp","width":1200,"height":900,"caption":"L\u00e9o Jardim comemorando pelo Vasco (Fotos: Matheus Lima\/Vasco)."},{"@type":"BreadcrumbList","@id":"https:\/\/www.gaveanews.com\/index.php\/2025\/05\/20\/a-declaracao-de-leo-jardim-apos-classificacao-do-vasco-na-copa-do-brasil\/#breadcrumb","itemListElement":[{"@type":"ListItem","position":1,"name":"Home","item":"https:\/\/www.gaveanews.com\/"},{"@type":"ListItem","position":2,"name":"A declara\u00e7\u00e3o de L\u00e9o Jardim ap\u00f3s classifica\u00e7\u00e3o do Vasco na Copa do Brasil"}]},{"@type":"WebSite","@id":"https:\/\/www.gaveanews.com\/#website","url":"https:\/\/www.gaveanews.com\/","name":"G\u00e1vea News","description":"Veja todas as not\u00edcias sobre o Flamengo: Contrata\u00e7\u00f5es, categorias de base, resultados das partidas, tabela de classifica\u00e7\u00e3o, pr\u00f3ximos jogos!","potentialAction":[{"@type":"SearchAction","target":{"@type":"EntryPoint","urlTemplate":"https:\/\/www.gaveanews.com\/?s={search_term_string}"},"query-input":{"@type":"PropertyValueSpecification","valueRequired":true,"valueName":"search_term_string"}}],"inLanguage":"pt-BR"},{"@type":"Person","@id":"https:\/\/www.gaveanews.com\/#\/schema\/person\/daf63eec72e1164eb13dc35096c2b8da","name":"Paula Silva","image":{"@type":"ImageObject","inLanguage":"pt-BR","@id":"https:\/\/www.gaveanews.com\/#\/schema\/person\/image\/","url":"https:\/\/secure.gravatar.com\/avatar\/eda381c845527cc5d64c13b901833cda29d97500ba040d3e6461f76f51d163bb?s=96&d=mm&r=g","contentUrl":"https:\/\/secure.gravatar.com\/avatar\/eda381c845527cc5d64c13b901833cda29d97500ba040d3e6461f76f51d163bb?s=96&d=mm&r=g","caption":"Paula Silva"}}]}},"_links":{"self":[{"href":"https:\/\/www.gaveanews.com\/index.php\/wp-json\/wp\/v2\/posts\/265598","targetHints":{"allow":["GET"]}}],"collection":[{"href":"https:\/\/www.gaveanews.com\/index.php\/wp-json\/wp\/v2\/posts"}],"about":[{"href":"https:\/\/www.gaveanews.com\/index.php\/wp-json\/wp\/v2\/types\/post"}],"author":[{"embeddable":true,"href":"https:\/\/www.gaveanews.com\/index.php\/wp-json\/wp\/v2\/users\/18"}],"replies":[{"embeddable":true,"href":"https:\/\/www.gaveanews.com\/index.php\/wp-json\/wp\/v2\/comments?post=265598"}],"version-history":[{"count":1,"href":"https:\/\/www.gaveanews.com\/index.php\/wp-json\/wp\/v2\/posts\/265598\/revisions"}],"predecessor-version":[{"id":265600,"href":"https:\/\/www.gaveanews.com\/index.php\/wp-json\/wp\/v2\/posts\/265598\/revisions\/265600"}],"wp:featuredmedia":[{"embeddable":true,"href":"https:\/\/www.gaveanews.com\/index.php\/wp-json\/wp\/v2\/media\/265599"}],"wp:attachment":[{"href":"https:\/\/www.gaveanews.com\/index.php\/wp-json\/wp\/v2\/media?parent=265598"}],"wp:term":[{"taxonomy":"category","embeddable":true,"href":"https:\/\/www.gaveanews.com\/index.php\/wp-json\/wp\/v2\/categories?post=265598"},{"taxonomy":"post_tag","embeddable":true,"href":"https:\/\/www.gaveanews.com\/index.php\/wp-json\/wp\/v2\/tags?post=265598"}],"curies":[{"name":"wp","href":"https:\/\/api.w.org\/{rel}","templated":true}]}}