{"id":265602,"date":"2025-05-21T01:10:00","date_gmt":"2025-05-21T04:10:00","guid":{"rendered":"https:\/\/www.gaveanews.com\/?p=265602"},"modified":"2025-05-20T23:40:52","modified_gmt":"2025-05-21T02:40:52","slug":"a-declaracao-de-craque-neto-direcionada-a-alan-patrick-do-internacional","status":"publish","type":"post","link":"https:\/\/www.gaveanews.com\/index.php\/2025\/05\/21\/a-declaracao-de-craque-neto-direcionada-a-alan-patrick-do-internacional\/","title":{"rendered":"A declara\u00e7\u00e3o de Craque Neto direcionada a Alan Patrick, do Internacional"},"content":{"rendered":"\n<p>Em meio a uma temporada de desempenho irregular do Internacional, Alan Patrick tem sido o principal ponto de equil\u00edbrio da equipe. O camisa 10 colorado, que j\u00e1 soma 10 gols e nove assist\u00eancias em 21 partidas, \u00e9 considerado um dos jogadores mais influentes do futebol brasileiro atualmente.<\/p>\n\n\n\n<p>A boa fase do meio-campista, ali\u00e1s, lhe rendeu reconhecimento nacional. Conforme divulgado, o atleta foi inclu\u00eddo na pr\u00e9-lista da Sele\u00e7\u00e3o Brasileira montada por Carlo Ancelotti. A convoca\u00e7\u00e3o final ser\u00e1 anunciada no domingo (26 de maio), e a presen\u00e7a do jogador na rela\u00e7\u00e3o definitiva \u00e9 aguardada com expectativa por parte da torcida do Inter.<\/p>\n\n\n\n<figure class=\"wp-block-image size-full\"><img loading=\"lazy\" decoding=\"async\" width=\"900\" height=\"506\" src=\"http:\/\/www.gaveanews.com\/wp-content\/uploads\/Alan-Patrick-pelo-Internacional.webp\" alt=\"\" class=\"wp-image-167606\" srcset=\"https:\/\/www.gaveanews.com\/wp-content\/uploads\/Alan-Patrick-pelo-Internacional.webp 900w, https:\/\/www.gaveanews.com\/wp-content\/uploads\/Alan-Patrick-pelo-Internacional-300x169.webp 300w, https:\/\/www.gaveanews.com\/wp-content\/uploads\/Alan-Patrick-pelo-Internacional-768x432.webp 768w, https:\/\/www.gaveanews.com\/wp-content\/uploads\/Alan-Patrick-pelo-Internacional-747x420.webp 747w, https:\/\/www.gaveanews.com\/wp-content\/uploads\/Alan-Patrick-pelo-Internacional-640x360.webp 640w, https:\/\/www.gaveanews.com\/wp-content\/uploads\/Alan-Patrick-pelo-Internacional-681x383.webp 681w, https:\/\/www.gaveanews.com\/wp-content\/uploads\/Alan-Patrick-pelo-Internacional-100x56.webp 100w\" sizes=\"auto, (max-width: 900px) 100vw, 900px\" \/><figcaption class=\"wp-element-caption\">Alan Patrick pelo Internacional (Foto: Reprodu\u00e7\u00e3o\/Instagram)<\/figcaption><\/figure>\n\n\n\n<p>O desempenho de Alan Patrick n\u00e3o passou despercebido por personalidades do meio esportivo. Durante seu programa na TV Bandeirantes, o ex-jogador e comentarista Neto destacou o talento do meia. \u201cEle joga muita bola, \u00e9 craque de bola. \u00c9 um dos \u00fanicos camisas 10 do pa\u00eds que joga o futebol do jeito que gosto de ver\u201d, declarou, ao comentar sobre a fase do atleta.<\/p>\n\n\n\n<p>Ainda durante o programa, Neto fez uma compara\u00e7\u00e3o direta entre Alan Patrick e Oscar, do S\u00e3o Paulo, refor\u00e7ando sua prefer\u00eancia pelo jogador colorado. \u201cMuito mais o Alan Patrick do que o Oscar, muito mais\u201d, afirmou, deixando clara sua opini\u00e3o sobre a disputa por espa\u00e7o na sele\u00e7\u00e3o.<\/p>\n\n\n\n<p>Enquanto isso, o Internacional tenta se reorganizar na temporada. Mesmo com oscila\u00e7\u00f5es nos resultados, o clube aparece na segunda posi\u00e7\u00e3o em um importante ranking de vit\u00f3rias, o que mostra certa competitividade. O protagonismo de Alan Patrick, portanto, tem sido crucial para manter o time entre os mais destacados do pa\u00eds.<\/p>\n\n\n\n<p>No cen\u00e1rio da Sele\u00e7\u00e3o, outros nomes tamb\u00e9m chamam aten\u00e7\u00e3o. Igor Jesus e Alex Telles, ambos do Botafogo, figuram na mesma pr\u00e9-lista. Al\u00e9m disso, nos bastidores da CBF, Galv\u00e3o Bueno sugeriu nomes para integrar a comiss\u00e3o de Ancelotti, o que revela que o planejamento da equipe nacional est\u00e1 em plena atividade. Enfim, enquanto os bastidores da sele\u00e7\u00e3o movimentam o notici\u00e1rio, Alan Patrick segue sendo um dos principais destaques do futebol nacional.<\/p>\n","protected":false},"excerpt":{"rendered":"<p>Em meio a uma temporada de desempenho irregular do Internacional, Alan Patrick tem sido o principal ponto de equil\u00edbrio da equipe. O camisa 10 colorado, que j\u00e1 soma 10 gols e nove assist\u00eancias em 21 partidas, \u00e9 considerado um dos jogadores mais influentes do futebol brasileiro atualmente. A boa fase do meio-campista, ali\u00e1s, lhe rendeu [&hellip;]<\/p>\n","protected":false},"author":33,"featured_media":244433,"comment_status":"open","ping_status":"closed","sticky":false,"template":"","format":"standard","meta":{"footnotes":""},"categories":[148],"tags":[],"class_list":["post-265602","post","type-post","status-publish","format-standard","has-post-thumbnail","hentry","category-internacional"],"yoast_head":"<!-- This site is optimized with the Yoast SEO Premium plugin v24.2 (Yoast SEO v26.9) - https:\/\/yoast.com\/product\/yoast-seo-premium-wordpress\/ -->\n<title>A declara\u00e7\u00e3o de Craque Neto direcionada a Alan Patrick, do Internacional<\/title>\n<meta name=\"robots\" content=\"index, follow, max-snippet:-1, max-image-preview:large, max-video-preview:-1\" \/>\n<link rel=\"canonical\" href=\"https:\/\/www.gaveanews.com\/index.php\/2025\/05\/21\/a-declaracao-de-craque-neto-direcionada-a-alan-patrick-do-internacional\/\" \/>\n<meta property=\"og:locale\" content=\"pt_BR\" \/>\n<meta property=\"og:type\" content=\"article\" \/>\n<meta property=\"og:title\" content=\"A declara\u00e7\u00e3o de Craque Neto direcionada a Alan Patrick, do Internacional\" \/>\n<meta property=\"og:description\" content=\"Em meio a uma temporada de desempenho irregular do Internacional, Alan Patrick tem sido o principal ponto de equil\u00edbrio da equipe. O camisa 10 colorado, que j\u00e1 soma 10 gols e nove assist\u00eancias em 21 partidas, \u00e9 considerado um dos jogadores mais influentes do futebol brasileiro atualmente. A boa fase do meio-campista, ali\u00e1s, lhe rendeu [&hellip;]\" \/>\n<meta property=\"og:url\" content=\"https:\/\/www.gaveanews.com\/index.php\/2025\/05\/21\/a-declaracao-de-craque-neto-direcionada-a-alan-patrick-do-internacional\/\" \/>\n<meta property=\"og:site_name\" content=\"G\u00e1vea News\" \/>\n<meta property=\"article:publisher\" content=\"https:\/\/facebook.com\/gaveaNews\/\" \/>\n<meta property=\"article:published_time\" content=\"2025-05-21T04:10:00+00:00\" \/>\n<meta property=\"og:image\" content=\"https:\/\/www.gaveanews.com\/wp-content\/uploads\/Craque-Neto-apresentador-da-Band.webp\" \/>\n\t<meta property=\"og:image:width\" content=\"900\" \/>\n\t<meta property=\"og:image:height\" content=\"600\" \/>\n\t<meta property=\"og:image:type\" content=\"image\/jpeg\" \/>\n<meta name=\"author\" content=\"Brenda Cezillo\" \/>\n<meta name=\"twitter:card\" content=\"summary_large_image\" \/>\n<meta name=\"twitter:label1\" content=\"Escrito por\" \/>\n\t<meta name=\"twitter:data1\" content=\"Brenda Cezillo\" \/>\n\t<meta name=\"twitter:label2\" content=\"Est. tempo de leitura\" \/>\n\t<meta name=\"twitter:data2\" content=\"3 minutos\" \/>\n<script type=\"application\/ld+json\" class=\"yoast-schema-graph\">{\"@context\":\"https:\/\/schema.org\",\"@graph\":[{\"@type\":\"NewsArticle\",\"@id\":\"https:\/\/www.gaveanews.com\/index.php\/2025\/05\/21\/a-declaracao-de-craque-neto-direcionada-a-alan-patrick-do-internacional\/#article\",\"isPartOf\":{\"@id\":\"https:\/\/www.gaveanews.com\/index.php\/2025\/05\/21\/a-declaracao-de-craque-neto-direcionada-a-alan-patrick-do-internacional\/\"},\"author\":{\"name\":\"Brenda Cezillo\",\"@id\":\"https:\/\/www.gaveanews.com\/#\/schema\/person\/c79759ca337c40791ae8d08e2923d403\"},\"headline\":\"A declara\u00e7\u00e3o de Craque Neto direcionada a Alan Patrick, do Internacional\",\"datePublished\":\"2025-05-21T04:10:00+00:00\",\"mainEntityOfPage\":{\"@id\":\"https:\/\/www.gaveanews.com\/index.php\/2025\/05\/21\/a-declaracao-de-craque-neto-direcionada-a-alan-patrick-do-internacional\/\"},\"wordCount\":372,\"commentCount\":0,\"image\":{\"@id\":\"https:\/\/www.gaveanews.com\/index.php\/2025\/05\/21\/a-declaracao-de-craque-neto-direcionada-a-alan-patrick-do-internacional\/#primaryimage\"},\"thumbnailUrl\":\"https:\/\/www.gaveanews.com\/wp-content\/uploads\/Craque-Neto-apresentador-da-Band.webp\",\"articleSection\":[\"Internacional\"],\"inLanguage\":\"pt-BR\",\"potentialAction\":[{\"@type\":\"CommentAction\",\"name\":\"Comment\",\"target\":[\"https:\/\/www.gaveanews.com\/index.php\/2025\/05\/21\/a-declaracao-de-craque-neto-direcionada-a-alan-patrick-do-internacional\/#respond\"]}],\"copyrightYear\":\"2025\",\"copyrightHolder\":{\"@id\":\"https:\/\/www.gaveanews.com\/#organization\"}},{\"@type\":\"WebPage\",\"@id\":\"https:\/\/www.gaveanews.com\/index.php\/2025\/05\/21\/a-declaracao-de-craque-neto-direcionada-a-alan-patrick-do-internacional\/\",\"url\":\"https:\/\/www.gaveanews.com\/index.php\/2025\/05\/21\/a-declaracao-de-craque-neto-direcionada-a-alan-patrick-do-internacional\/\",\"name\":\"A declara\u00e7\u00e3o de Craque Neto direcionada a Alan Patrick, do Internacional\",\"isPartOf\":{\"@id\":\"https:\/\/www.gaveanews.com\/#website\"},\"primaryImageOfPage\":{\"@id\":\"https:\/\/www.gaveanews.com\/index.php\/2025\/05\/21\/a-declaracao-de-craque-neto-direcionada-a-alan-patrick-do-internacional\/#primaryimage\"},\"image\":{\"@id\":\"https:\/\/www.gaveanews.com\/index.php\/2025\/05\/21\/a-declaracao-de-craque-neto-direcionada-a-alan-patrick-do-internacional\/#primaryimage\"},\"thumbnailUrl\":\"https:\/\/www.gaveanews.com\/wp-content\/uploads\/Craque-Neto-apresentador-da-Band.webp\",\"datePublished\":\"2025-05-21T04:10:00+00:00\",\"author\":{\"@id\":\"https:\/\/www.gaveanews.com\/#\/schema\/person\/c79759ca337c40791ae8d08e2923d403\"},\"breadcrumb\":{\"@id\":\"https:\/\/www.gaveanews.com\/index.php\/2025\/05\/21\/a-declaracao-de-craque-neto-direcionada-a-alan-patrick-do-internacional\/#breadcrumb\"},\"inLanguage\":\"pt-BR\",\"potentialAction\":[{\"@type\":\"ReadAction\",\"target\":[\"https:\/\/www.gaveanews.com\/index.php\/2025\/05\/21\/a-declaracao-de-craque-neto-direcionada-a-alan-patrick-do-internacional\/\"]}]},{\"@type\":\"ImageObject\",\"inLanguage\":\"pt-BR\",\"@id\":\"https:\/\/www.gaveanews.com\/index.php\/2025\/05\/21\/a-declaracao-de-craque-neto-direcionada-a-alan-patrick-do-internacional\/#primaryimage\",\"url\":\"https:\/\/www.gaveanews.com\/wp-content\/uploads\/Craque-Neto-apresentador-da-Band.webp\",\"contentUrl\":\"https:\/\/www.gaveanews.com\/wp-content\/uploads\/Craque-Neto-apresentador-da-Band.webp\",\"width\":900,\"height\":600,\"caption\":\"Craque Neto, apresentador da Band (Foto: Kelly Fuzaro\/Band)\"},{\"@type\":\"BreadcrumbList\",\"@id\":\"https:\/\/www.gaveanews.com\/index.php\/2025\/05\/21\/a-declaracao-de-craque-neto-direcionada-a-alan-patrick-do-internacional\/#breadcrumb\",\"itemListElement\":[{\"@type\":\"ListItem\",\"position\":1,\"name\":\"Home\",\"item\":\"https:\/\/www.gaveanews.com\/\"},{\"@type\":\"ListItem\",\"position\":2,\"name\":\"A declara\u00e7\u00e3o de Craque Neto direcionada a Alan Patrick, do Internacional\"}]},{\"@type\":\"WebSite\",\"@id\":\"https:\/\/www.gaveanews.com\/#website\",\"url\":\"https:\/\/www.gaveanews.com\/\",\"name\":\"G\u00e1vea News\",\"description\":\"Veja todas as not\u00edcias sobre o Flamengo: Contrata\u00e7\u00f5es, categorias de base, resultados das partidas, tabela de classifica\u00e7\u00e3o, pr\u00f3ximos jogos!\",\"potentialAction\":[{\"@type\":\"SearchAction\",\"target\":{\"@type\":\"EntryPoint\",\"urlTemplate\":\"https:\/\/www.gaveanews.com\/?s={search_term_string}\"},\"query-input\":{\"@type\":\"PropertyValueSpecification\",\"valueRequired\":true,\"valueName\":\"search_term_string\"}}],\"inLanguage\":\"pt-BR\"},{\"@type\":\"Person\",\"@id\":\"https:\/\/www.gaveanews.com\/#\/schema\/person\/c79759ca337c40791ae8d08e2923d403\",\"name\":\"Brenda Cezillo\",\"image\":{\"@type\":\"ImageObject\",\"inLanguage\":\"pt-BR\",\"@id\":\"https:\/\/www.gaveanews.com\/#\/schema\/person\/image\/\",\"url\":\"https:\/\/secure.gravatar.com\/avatar\/1738d75cee7317f9c29ae61dd67620c5883d80a92e42a6fff88ae5d527af217a?s=96&d=mm&r=g\",\"contentUrl\":\"https:\/\/secure.gravatar.com\/avatar\/1738d75cee7317f9c29ae61dd67620c5883d80a92e42a6fff88ae5d527af217a?s=96&d=mm&r=g\",\"caption\":\"Brenda Cezillo\"}}]}<\/script>\n<!-- \/ Yoast SEO Premium plugin. -->","yoast_head_json":{"title":"A declara\u00e7\u00e3o de Craque Neto direcionada a Alan Patrick, do Internacional","robots":{"index":"index","follow":"follow","max-snippet":"max-snippet:-1","max-image-preview":"max-image-preview:large","max-video-preview":"max-video-preview:-1"},"canonical":"https:\/\/www.gaveanews.com\/index.php\/2025\/05\/21\/a-declaracao-de-craque-neto-direcionada-a-alan-patrick-do-internacional\/","og_locale":"pt_BR","og_type":"article","og_title":"A declara\u00e7\u00e3o de Craque Neto direcionada a Alan Patrick, do Internacional","og_description":"Em meio a uma temporada de desempenho irregular do Internacional, Alan Patrick tem sido o principal ponto de equil\u00edbrio da equipe. O camisa 10 colorado, que j\u00e1 soma 10 gols e nove assist\u00eancias em 21 partidas, \u00e9 considerado um dos jogadores mais influentes do futebol brasileiro atualmente. A boa fase do meio-campista, ali\u00e1s, lhe rendeu [&hellip;]","og_url":"https:\/\/www.gaveanews.com\/index.php\/2025\/05\/21\/a-declaracao-de-craque-neto-direcionada-a-alan-patrick-do-internacional\/","og_site_name":"G\u00e1vea News","article_publisher":"https:\/\/facebook.com\/gaveaNews\/","article_published_time":"2025-05-21T04:10:00+00:00","og_image":[{"width":900,"height":600,"url":"https:\/\/www.gaveanews.com\/wp-content\/uploads\/Craque-Neto-apresentador-da-Band.webp","type":"image\/jpeg"}],"author":"Brenda Cezillo","twitter_card":"summary_large_image","twitter_misc":{"Escrito por":"Brenda Cezillo","Est. tempo de leitura":"3 minutos"},"schema":{"@context":"https:\/\/schema.org","@graph":[{"@type":"NewsArticle","@id":"https:\/\/www.gaveanews.com\/index.php\/2025\/05\/21\/a-declaracao-de-craque-neto-direcionada-a-alan-patrick-do-internacional\/#article","isPartOf":{"@id":"https:\/\/www.gaveanews.com\/index.php\/2025\/05\/21\/a-declaracao-de-craque-neto-direcionada-a-alan-patrick-do-internacional\/"},"author":{"name":"Brenda Cezillo","@id":"https:\/\/www.gaveanews.com\/#\/schema\/person\/c79759ca337c40791ae8d08e2923d403"},"headline":"A declara\u00e7\u00e3o de Craque Neto direcionada a Alan Patrick, do Internacional","datePublished":"2025-05-21T04:10:00+00:00","mainEntityOfPage":{"@id":"https:\/\/www.gaveanews.com\/index.php\/2025\/05\/21\/a-declaracao-de-craque-neto-direcionada-a-alan-patrick-do-internacional\/"},"wordCount":372,"commentCount":0,"image":{"@id":"https:\/\/www.gaveanews.com\/index.php\/2025\/05\/21\/a-declaracao-de-craque-neto-direcionada-a-alan-patrick-do-internacional\/#primaryimage"},"thumbnailUrl":"https:\/\/www.gaveanews.com\/wp-content\/uploads\/Craque-Neto-apresentador-da-Band.webp","articleSection":["Internacional"],"inLanguage":"pt-BR","potentialAction":[{"@type":"CommentAction","name":"Comment","target":["https:\/\/www.gaveanews.com\/index.php\/2025\/05\/21\/a-declaracao-de-craque-neto-direcionada-a-alan-patrick-do-internacional\/#respond"]}],"copyrightYear":"2025","copyrightHolder":{"@id":"https:\/\/www.gaveanews.com\/#organization"}},{"@type":"WebPage","@id":"https:\/\/www.gaveanews.com\/index.php\/2025\/05\/21\/a-declaracao-de-craque-neto-direcionada-a-alan-patrick-do-internacional\/","url":"https:\/\/www.gaveanews.com\/index.php\/2025\/05\/21\/a-declaracao-de-craque-neto-direcionada-a-alan-patrick-do-internacional\/","name":"A declara\u00e7\u00e3o de Craque Neto direcionada a Alan Patrick, do Internacional","isPartOf":{"@id":"https:\/\/www.gaveanews.com\/#website"},"primaryImageOfPage":{"@id":"https:\/\/www.gaveanews.com\/index.php\/2025\/05\/21\/a-declaracao-de-craque-neto-direcionada-a-alan-patrick-do-internacional\/#primaryimage"},"image":{"@id":"https:\/\/www.gaveanews.com\/index.php\/2025\/05\/21\/a-declaracao-de-craque-neto-direcionada-a-alan-patrick-do-internacional\/#primaryimage"},"thumbnailUrl":"https:\/\/www.gaveanews.com\/wp-content\/uploads\/Craque-Neto-apresentador-da-Band.webp","datePublished":"2025-05-21T04:10:00+00:00","author":{"@id":"https:\/\/www.gaveanews.com\/#\/schema\/person\/c79759ca337c40791ae8d08e2923d403"},"breadcrumb":{"@id":"https:\/\/www.gaveanews.com\/index.php\/2025\/05\/21\/a-declaracao-de-craque-neto-direcionada-a-alan-patrick-do-internacional\/#breadcrumb"},"inLanguage":"pt-BR","potentialAction":[{"@type":"ReadAction","target":["https:\/\/www.gaveanews.com\/index.php\/2025\/05\/21\/a-declaracao-de-craque-neto-direcionada-a-alan-patrick-do-internacional\/"]}]},{"@type":"ImageObject","inLanguage":"pt-BR","@id":"https:\/\/www.gaveanews.com\/index.php\/2025\/05\/21\/a-declaracao-de-craque-neto-direcionada-a-alan-patrick-do-internacional\/#primaryimage","url":"https:\/\/www.gaveanews.com\/wp-content\/uploads\/Craque-Neto-apresentador-da-Band.webp","contentUrl":"https:\/\/www.gaveanews.com\/wp-content\/uploads\/Craque-Neto-apresentador-da-Band.webp","width":900,"height":600,"caption":"Craque Neto, apresentador da Band (Foto: Kelly Fuzaro\/Band)"},{"@type":"BreadcrumbList","@id":"https:\/\/www.gaveanews.com\/index.php\/2025\/05\/21\/a-declaracao-de-craque-neto-direcionada-a-alan-patrick-do-internacional\/#breadcrumb","itemListElement":[{"@type":"ListItem","position":1,"name":"Home","item":"https:\/\/www.gaveanews.com\/"},{"@type":"ListItem","position":2,"name":"A declara\u00e7\u00e3o de Craque Neto direcionada a Alan Patrick, do Internacional"}]},{"@type":"WebSite","@id":"https:\/\/www.gaveanews.com\/#website","url":"https:\/\/www.gaveanews.com\/","name":"G\u00e1vea News","description":"Veja todas as not\u00edcias sobre o Flamengo: Contrata\u00e7\u00f5es, categorias de base, resultados das partidas, tabela de classifica\u00e7\u00e3o, pr\u00f3ximos jogos!","potentialAction":[{"@type":"SearchAction","target":{"@type":"EntryPoint","urlTemplate":"https:\/\/www.gaveanews.com\/?s={search_term_string}"},"query-input":{"@type":"PropertyValueSpecification","valueRequired":true,"valueName":"search_term_string"}}],"inLanguage":"pt-BR"},{"@type":"Person","@id":"https:\/\/www.gaveanews.com\/#\/schema\/person\/c79759ca337c40791ae8d08e2923d403","name":"Brenda Cezillo","image":{"@type":"ImageObject","inLanguage":"pt-BR","@id":"https:\/\/www.gaveanews.com\/#\/schema\/person\/image\/","url":"https:\/\/secure.gravatar.com\/avatar\/1738d75cee7317f9c29ae61dd67620c5883d80a92e42a6fff88ae5d527af217a?s=96&d=mm&r=g","contentUrl":"https:\/\/secure.gravatar.com\/avatar\/1738d75cee7317f9c29ae61dd67620c5883d80a92e42a6fff88ae5d527af217a?s=96&d=mm&r=g","caption":"Brenda Cezillo"}}]}},"_links":{"self":[{"href":"https:\/\/www.gaveanews.com\/index.php\/wp-json\/wp\/v2\/posts\/265602","targetHints":{"allow":["GET"]}}],"collection":[{"href":"https:\/\/www.gaveanews.com\/index.php\/wp-json\/wp\/v2\/posts"}],"about":[{"href":"https:\/\/www.gaveanews.com\/index.php\/wp-json\/wp\/v2\/types\/post"}],"author":[{"embeddable":true,"href":"https:\/\/www.gaveanews.com\/index.php\/wp-json\/wp\/v2\/users\/33"}],"replies":[{"embeddable":true,"href":"https:\/\/www.gaveanews.com\/index.php\/wp-json\/wp\/v2\/comments?post=265602"}],"version-history":[{"count":1,"href":"https:\/\/www.gaveanews.com\/index.php\/wp-json\/wp\/v2\/posts\/265602\/revisions"}],"predecessor-version":[{"id":265604,"href":"https:\/\/www.gaveanews.com\/index.php\/wp-json\/wp\/v2\/posts\/265602\/revisions\/265604"}],"wp:featuredmedia":[{"embeddable":true,"href":"https:\/\/www.gaveanews.com\/index.php\/wp-json\/wp\/v2\/media\/244433"}],"wp:attachment":[{"href":"https:\/\/www.gaveanews.com\/index.php\/wp-json\/wp\/v2\/media?parent=265602"}],"wp:term":[{"taxonomy":"category","embeddable":true,"href":"https:\/\/www.gaveanews.com\/index.php\/wp-json\/wp\/v2\/categories?post=265602"},{"taxonomy":"post_tag","embeddable":true,"href":"https:\/\/www.gaveanews.com\/index.php\/wp-json\/wp\/v2\/tags?post=265602"}],"curies":[{"name":"wp","href":"https:\/\/api.w.org\/{rel}","templated":true}]}}