{"id":265606,"date":"2025-05-21T01:20:00","date_gmt":"2025-05-21T04:20:00","guid":{"rendered":"https:\/\/www.gaveanews.com\/?p=265606"},"modified":"2025-05-20T23:45:33","modified_gmt":"2025-05-21T02:45:33","slug":"a-declaracao-de-craque-neto-direcionada-a-estevao-do-palmeiras-2","status":"publish","type":"post","link":"https:\/\/www.gaveanews.com\/index.php\/2025\/05\/21\/a-declaracao-de-craque-neto-direcionada-a-estevao-do-palmeiras-2\/","title":{"rendered":"A declara\u00e7\u00e3o de Craque Neto direcionada a Est\u00eav\u00e3o, do Palmeiras"},"content":{"rendered":"\n<p>O ex-jogador e comentarista Craque Neto demonstrou forte insatisfa\u00e7\u00e3o com a aus\u00eancia do atacante Est\u00eav\u00e3o, do Palmeiras, na pr\u00e9-lista da Sele\u00e7\u00e3o Brasileira para os compromissos das Eliminat\u00f3rias. A convoca\u00e7\u00e3o, que marca o in\u00edcio da era Carlo Ancelotti no comando da equipe, vem sendo alvo de cr\u00edticas por parte do apresentador, principalmente pela exclus\u00e3o do jovem atleta revelado pelas categorias de base do clube paulista.<\/p>\n\n\n\n<p>&#8220;Os caras n\u00e3o convocaram o Est\u00eav\u00e3o. N\u00e3o est\u00e1 entre os 50. N\u00e3o \u00e9 poss\u00edvel isso&#8221;, disparou Neto durante seu programa. Para ele, a aus\u00eancia do jogador \u00e9 uma decis\u00e3o equivocada, principalmente por considerar que Est\u00eav\u00e3o vive um desempenho superior em compara\u00e7\u00e3o a outros nomes que foram selecionados. O comentarista destacou ainda que o atleta &#8220;est\u00e1 arrega\u00e7ando&#8221; desde a \u00faltima temporada.<\/p>\n\n\n\n<figure class=\"wp-block-image size-full\"><img loading=\"lazy\" decoding=\"async\" width=\"593\" height=\"401\" src=\"http:\/\/www.gaveanews.com\/wp-content\/uploads\/Estevao-pelo-Palmeiras.webp\" alt=\"\" class=\"wp-image-248749\"\/><figcaption class=\"wp-element-caption\">Est\u00eav\u00e3o pelo Palmeiras (Foto: Reprodu\u00e7\u00e3o\/Conmebol)<\/figcaption><\/figure>\n\n\n\n<p>Conforme o pr\u00f3prio Neto, os respons\u00e1veis pela montagem da lista, como Rodrigo Caetano e Juan, al\u00e9m do presidente da CBF, Ednaldo Rodrigues, deveriam ser substitu\u00eddos. O ex-jogador isentou o t\u00e9cnico Ancelotti de responsabilidade direta, mas n\u00e3o poupou cr\u00edticas \u00e0 condu\u00e7\u00e3o do processo de convoca\u00e7\u00e3o. &#8220;Foi o Rodrigo Caetano e o Juan, que deveriam ir embora junto com o Ednaldo&#8221;, completou.<\/p>\n\n\n\n<p>Outra cr\u00edtica feita por Craque Neto foi em rela\u00e7\u00e3o \u00e0 presen\u00e7a de Neymar na pr\u00e9-lista. Segundo ele, o jogador do Santos n\u00e3o atua em alto n\u00edvel h\u00e1 um longo per\u00edodo. &#8220;J\u00e1 \u00e9 um absurdo n\u00e3o levar o Weverton. A\u00ed eu levo o Neymar, que n\u00e3o est\u00e1 jogando, que n\u00e3o joga h\u00e1 mais de tr\u00eas anos&#8221;, pontuou.<\/p>\n\n\n\n<p>Al\u00e9m disso, Neto questionou a escolha de Oscar, do S\u00e3o Paulo, na rela\u00e7\u00e3o dos pr\u00e9-convocados. O comentarista sugeriu que Alan Patrick, do Internacional, vive momento t\u00e9cnico superior e mereceria a oportunidade. &#8220;Oscar \u00e9 uma mentira&#8221;, disse, argumentando que o meia colorado oferece um futebol mais vistoso atualmente.<\/p>\n\n\n\n<p>A CBF, por sua vez, optou por n\u00e3o divulgar oficialmente a pr\u00e9-lista com cerca de 50 jogadores, como havia feito em convoca\u00e7\u00f5es anteriores. No entanto, alguns nomes acabaram vazando na imprensa, entre eles os de Danilo, L\u00e9o Ortiz, Wesley, Alex Sandro, Gerson e Pedro, todos do Flamengo. Tamb\u00e9m figuram na rela\u00e7\u00e3o Neymar (Santos), Oscar (SPFC), Hugo Souza (Corinthians) e Fabr\u00edcio Bruno (Cruzeiro).<\/p>\n","protected":false},"excerpt":{"rendered":"<p>O ex-jogador e comentarista Craque Neto demonstrou forte insatisfa\u00e7\u00e3o com a aus\u00eancia do atacante Est\u00eav\u00e3o, do Palmeiras, na pr\u00e9-lista da Sele\u00e7\u00e3o Brasileira para os compromissos das Eliminat\u00f3rias. A convoca\u00e7\u00e3o, que marca o in\u00edcio da era Carlo Ancelotti no comando da equipe, vem sendo alvo de cr\u00edticas por parte do apresentador, principalmente pela exclus\u00e3o do jovem [&hellip;]<\/p>\n","protected":false},"author":33,"featured_media":244433,"comment_status":"open","ping_status":"closed","sticky":false,"template":"","format":"standard","meta":{"footnotes":""},"categories":[150],"tags":[],"class_list":["post-265606","post","type-post","status-publish","format-standard","has-post-thumbnail","hentry","category-palmeiras"],"yoast_head":"<!-- This site is optimized with the Yoast SEO Premium plugin v24.2 (Yoast SEO v26.9) - https:\/\/yoast.com\/product\/yoast-seo-premium-wordpress\/ -->\n<title>A declara\u00e7\u00e3o de Craque Neto direcionada a Est\u00eav\u00e3o, do Palmeiras<\/title>\n<meta name=\"robots\" content=\"index, follow, max-snippet:-1, max-image-preview:large, max-video-preview:-1\" \/>\n<link rel=\"canonical\" href=\"https:\/\/www.gaveanews.com\/index.php\/2025\/05\/21\/a-declaracao-de-craque-neto-direcionada-a-estevao-do-palmeiras-2\/\" \/>\n<meta property=\"og:locale\" content=\"pt_BR\" \/>\n<meta property=\"og:type\" content=\"article\" \/>\n<meta property=\"og:title\" content=\"A declara\u00e7\u00e3o de Craque Neto direcionada a Est\u00eav\u00e3o, do Palmeiras\" \/>\n<meta property=\"og:description\" content=\"O ex-jogador e comentarista Craque Neto demonstrou forte insatisfa\u00e7\u00e3o com a aus\u00eancia do atacante Est\u00eav\u00e3o, do Palmeiras, na pr\u00e9-lista da Sele\u00e7\u00e3o Brasileira para os compromissos das Eliminat\u00f3rias. A convoca\u00e7\u00e3o, que marca o in\u00edcio da era Carlo Ancelotti no comando da equipe, vem sendo alvo de cr\u00edticas por parte do apresentador, principalmente pela exclus\u00e3o do jovem [&hellip;]\" \/>\n<meta property=\"og:url\" content=\"https:\/\/www.gaveanews.com\/index.php\/2025\/05\/21\/a-declaracao-de-craque-neto-direcionada-a-estevao-do-palmeiras-2\/\" \/>\n<meta property=\"og:site_name\" content=\"G\u00e1vea News\" \/>\n<meta property=\"article:publisher\" content=\"https:\/\/facebook.com\/gaveaNews\/\" \/>\n<meta property=\"article:published_time\" content=\"2025-05-21T04:20:00+00:00\" \/>\n<meta property=\"og:image\" content=\"https:\/\/www.gaveanews.com\/wp-content\/uploads\/Craque-Neto-apresentador-da-Band.webp\" \/>\n\t<meta property=\"og:image:width\" content=\"900\" \/>\n\t<meta property=\"og:image:height\" content=\"600\" \/>\n\t<meta property=\"og:image:type\" content=\"image\/jpeg\" \/>\n<meta name=\"author\" content=\"Brenda Cezillo\" \/>\n<meta name=\"twitter:card\" content=\"summary_large_image\" \/>\n<meta name=\"twitter:label1\" content=\"Escrito por\" \/>\n\t<meta name=\"twitter:data1\" content=\"Brenda Cezillo\" \/>\n\t<meta name=\"twitter:label2\" content=\"Est. tempo de leitura\" \/>\n\t<meta name=\"twitter:data2\" content=\"3 minutos\" \/>\n<script type=\"application\/ld+json\" class=\"yoast-schema-graph\">{\"@context\":\"https:\/\/schema.org\",\"@graph\":[{\"@type\":\"NewsArticle\",\"@id\":\"https:\/\/www.gaveanews.com\/index.php\/2025\/05\/21\/a-declaracao-de-craque-neto-direcionada-a-estevao-do-palmeiras-2\/#article\",\"isPartOf\":{\"@id\":\"https:\/\/www.gaveanews.com\/index.php\/2025\/05\/21\/a-declaracao-de-craque-neto-direcionada-a-estevao-do-palmeiras-2\/\"},\"author\":{\"name\":\"Brenda Cezillo\",\"@id\":\"https:\/\/www.gaveanews.com\/#\/schema\/person\/c79759ca337c40791ae8d08e2923d403\"},\"headline\":\"A declara\u00e7\u00e3o de Craque Neto direcionada a Est\u00eav\u00e3o, do Palmeiras\",\"datePublished\":\"2025-05-21T04:20:00+00:00\",\"mainEntityOfPage\":{\"@id\":\"https:\/\/www.gaveanews.com\/index.php\/2025\/05\/21\/a-declaracao-de-craque-neto-direcionada-a-estevao-do-palmeiras-2\/\"},\"wordCount\":418,\"commentCount\":0,\"image\":{\"@id\":\"https:\/\/www.gaveanews.com\/index.php\/2025\/05\/21\/a-declaracao-de-craque-neto-direcionada-a-estevao-do-palmeiras-2\/#primaryimage\"},\"thumbnailUrl\":\"https:\/\/www.gaveanews.com\/wp-content\/uploads\/Craque-Neto-apresentador-da-Band.webp\",\"articleSection\":[\"Palmeiras\"],\"inLanguage\":\"pt-BR\",\"potentialAction\":[{\"@type\":\"CommentAction\",\"name\":\"Comment\",\"target\":[\"https:\/\/www.gaveanews.com\/index.php\/2025\/05\/21\/a-declaracao-de-craque-neto-direcionada-a-estevao-do-palmeiras-2\/#respond\"]}],\"copyrightYear\":\"2025\",\"copyrightHolder\":{\"@id\":\"https:\/\/www.gaveanews.com\/#organization\"}},{\"@type\":\"WebPage\",\"@id\":\"https:\/\/www.gaveanews.com\/index.php\/2025\/05\/21\/a-declaracao-de-craque-neto-direcionada-a-estevao-do-palmeiras-2\/\",\"url\":\"https:\/\/www.gaveanews.com\/index.php\/2025\/05\/21\/a-declaracao-de-craque-neto-direcionada-a-estevao-do-palmeiras-2\/\",\"name\":\"A declara\u00e7\u00e3o de Craque Neto direcionada a Est\u00eav\u00e3o, do Palmeiras\",\"isPartOf\":{\"@id\":\"https:\/\/www.gaveanews.com\/#website\"},\"primaryImageOfPage\":{\"@id\":\"https:\/\/www.gaveanews.com\/index.php\/2025\/05\/21\/a-declaracao-de-craque-neto-direcionada-a-estevao-do-palmeiras-2\/#primaryimage\"},\"image\":{\"@id\":\"https:\/\/www.gaveanews.com\/index.php\/2025\/05\/21\/a-declaracao-de-craque-neto-direcionada-a-estevao-do-palmeiras-2\/#primaryimage\"},\"thumbnailUrl\":\"https:\/\/www.gaveanews.com\/wp-content\/uploads\/Craque-Neto-apresentador-da-Band.webp\",\"datePublished\":\"2025-05-21T04:20:00+00:00\",\"author\":{\"@id\":\"https:\/\/www.gaveanews.com\/#\/schema\/person\/c79759ca337c40791ae8d08e2923d403\"},\"breadcrumb\":{\"@id\":\"https:\/\/www.gaveanews.com\/index.php\/2025\/05\/21\/a-declaracao-de-craque-neto-direcionada-a-estevao-do-palmeiras-2\/#breadcrumb\"},\"inLanguage\":\"pt-BR\",\"potentialAction\":[{\"@type\":\"ReadAction\",\"target\":[\"https:\/\/www.gaveanews.com\/index.php\/2025\/05\/21\/a-declaracao-de-craque-neto-direcionada-a-estevao-do-palmeiras-2\/\"]}]},{\"@type\":\"ImageObject\",\"inLanguage\":\"pt-BR\",\"@id\":\"https:\/\/www.gaveanews.com\/index.php\/2025\/05\/21\/a-declaracao-de-craque-neto-direcionada-a-estevao-do-palmeiras-2\/#primaryimage\",\"url\":\"https:\/\/www.gaveanews.com\/wp-content\/uploads\/Craque-Neto-apresentador-da-Band.webp\",\"contentUrl\":\"https:\/\/www.gaveanews.com\/wp-content\/uploads\/Craque-Neto-apresentador-da-Band.webp\",\"width\":900,\"height\":600,\"caption\":\"Craque Neto, apresentador da Band (Foto: Kelly Fuzaro\/Band)\"},{\"@type\":\"BreadcrumbList\",\"@id\":\"https:\/\/www.gaveanews.com\/index.php\/2025\/05\/21\/a-declaracao-de-craque-neto-direcionada-a-estevao-do-palmeiras-2\/#breadcrumb\",\"itemListElement\":[{\"@type\":\"ListItem\",\"position\":1,\"name\":\"Home\",\"item\":\"https:\/\/www.gaveanews.com\/\"},{\"@type\":\"ListItem\",\"position\":2,\"name\":\"A declara\u00e7\u00e3o de Craque Neto direcionada a Est\u00eav\u00e3o, do Palmeiras\"}]},{\"@type\":\"WebSite\",\"@id\":\"https:\/\/www.gaveanews.com\/#website\",\"url\":\"https:\/\/www.gaveanews.com\/\",\"name\":\"G\u00e1vea News\",\"description\":\"Veja todas as not\u00edcias sobre o Flamengo: Contrata\u00e7\u00f5es, categorias de base, resultados das partidas, tabela de classifica\u00e7\u00e3o, pr\u00f3ximos jogos!\",\"potentialAction\":[{\"@type\":\"SearchAction\",\"target\":{\"@type\":\"EntryPoint\",\"urlTemplate\":\"https:\/\/www.gaveanews.com\/?s={search_term_string}\"},\"query-input\":{\"@type\":\"PropertyValueSpecification\",\"valueRequired\":true,\"valueName\":\"search_term_string\"}}],\"inLanguage\":\"pt-BR\"},{\"@type\":\"Person\",\"@id\":\"https:\/\/www.gaveanews.com\/#\/schema\/person\/c79759ca337c40791ae8d08e2923d403\",\"name\":\"Brenda Cezillo\",\"image\":{\"@type\":\"ImageObject\",\"inLanguage\":\"pt-BR\",\"@id\":\"https:\/\/www.gaveanews.com\/#\/schema\/person\/image\/\",\"url\":\"https:\/\/secure.gravatar.com\/avatar\/1738d75cee7317f9c29ae61dd67620c5883d80a92e42a6fff88ae5d527af217a?s=96&d=mm&r=g\",\"contentUrl\":\"https:\/\/secure.gravatar.com\/avatar\/1738d75cee7317f9c29ae61dd67620c5883d80a92e42a6fff88ae5d527af217a?s=96&d=mm&r=g\",\"caption\":\"Brenda Cezillo\"}}]}<\/script>\n<!-- \/ Yoast SEO Premium plugin. -->","yoast_head_json":{"title":"A declara\u00e7\u00e3o de Craque Neto direcionada a Est\u00eav\u00e3o, do Palmeiras","robots":{"index":"index","follow":"follow","max-snippet":"max-snippet:-1","max-image-preview":"max-image-preview:large","max-video-preview":"max-video-preview:-1"},"canonical":"https:\/\/www.gaveanews.com\/index.php\/2025\/05\/21\/a-declaracao-de-craque-neto-direcionada-a-estevao-do-palmeiras-2\/","og_locale":"pt_BR","og_type":"article","og_title":"A declara\u00e7\u00e3o de Craque Neto direcionada a Est\u00eav\u00e3o, do Palmeiras","og_description":"O ex-jogador e comentarista Craque Neto demonstrou forte insatisfa\u00e7\u00e3o com a aus\u00eancia do atacante Est\u00eav\u00e3o, do Palmeiras, na pr\u00e9-lista da Sele\u00e7\u00e3o Brasileira para os compromissos das Eliminat\u00f3rias. A convoca\u00e7\u00e3o, que marca o in\u00edcio da era Carlo Ancelotti no comando da equipe, vem sendo alvo de cr\u00edticas por parte do apresentador, principalmente pela exclus\u00e3o do jovem [&hellip;]","og_url":"https:\/\/www.gaveanews.com\/index.php\/2025\/05\/21\/a-declaracao-de-craque-neto-direcionada-a-estevao-do-palmeiras-2\/","og_site_name":"G\u00e1vea News","article_publisher":"https:\/\/facebook.com\/gaveaNews\/","article_published_time":"2025-05-21T04:20:00+00:00","og_image":[{"width":900,"height":600,"url":"https:\/\/www.gaveanews.com\/wp-content\/uploads\/Craque-Neto-apresentador-da-Band.webp","type":"image\/jpeg"}],"author":"Brenda Cezillo","twitter_card":"summary_large_image","twitter_misc":{"Escrito por":"Brenda Cezillo","Est. tempo de leitura":"3 minutos"},"schema":{"@context":"https:\/\/schema.org","@graph":[{"@type":"NewsArticle","@id":"https:\/\/www.gaveanews.com\/index.php\/2025\/05\/21\/a-declaracao-de-craque-neto-direcionada-a-estevao-do-palmeiras-2\/#article","isPartOf":{"@id":"https:\/\/www.gaveanews.com\/index.php\/2025\/05\/21\/a-declaracao-de-craque-neto-direcionada-a-estevao-do-palmeiras-2\/"},"author":{"name":"Brenda Cezillo","@id":"https:\/\/www.gaveanews.com\/#\/schema\/person\/c79759ca337c40791ae8d08e2923d403"},"headline":"A declara\u00e7\u00e3o de Craque Neto direcionada a Est\u00eav\u00e3o, do Palmeiras","datePublished":"2025-05-21T04:20:00+00:00","mainEntityOfPage":{"@id":"https:\/\/www.gaveanews.com\/index.php\/2025\/05\/21\/a-declaracao-de-craque-neto-direcionada-a-estevao-do-palmeiras-2\/"},"wordCount":418,"commentCount":0,"image":{"@id":"https:\/\/www.gaveanews.com\/index.php\/2025\/05\/21\/a-declaracao-de-craque-neto-direcionada-a-estevao-do-palmeiras-2\/#primaryimage"},"thumbnailUrl":"https:\/\/www.gaveanews.com\/wp-content\/uploads\/Craque-Neto-apresentador-da-Band.webp","articleSection":["Palmeiras"],"inLanguage":"pt-BR","potentialAction":[{"@type":"CommentAction","name":"Comment","target":["https:\/\/www.gaveanews.com\/index.php\/2025\/05\/21\/a-declaracao-de-craque-neto-direcionada-a-estevao-do-palmeiras-2\/#respond"]}],"copyrightYear":"2025","copyrightHolder":{"@id":"https:\/\/www.gaveanews.com\/#organization"}},{"@type":"WebPage","@id":"https:\/\/www.gaveanews.com\/index.php\/2025\/05\/21\/a-declaracao-de-craque-neto-direcionada-a-estevao-do-palmeiras-2\/","url":"https:\/\/www.gaveanews.com\/index.php\/2025\/05\/21\/a-declaracao-de-craque-neto-direcionada-a-estevao-do-palmeiras-2\/","name":"A declara\u00e7\u00e3o de Craque Neto direcionada a Est\u00eav\u00e3o, do Palmeiras","isPartOf":{"@id":"https:\/\/www.gaveanews.com\/#website"},"primaryImageOfPage":{"@id":"https:\/\/www.gaveanews.com\/index.php\/2025\/05\/21\/a-declaracao-de-craque-neto-direcionada-a-estevao-do-palmeiras-2\/#primaryimage"},"image":{"@id":"https:\/\/www.gaveanews.com\/index.php\/2025\/05\/21\/a-declaracao-de-craque-neto-direcionada-a-estevao-do-palmeiras-2\/#primaryimage"},"thumbnailUrl":"https:\/\/www.gaveanews.com\/wp-content\/uploads\/Craque-Neto-apresentador-da-Band.webp","datePublished":"2025-05-21T04:20:00+00:00","author":{"@id":"https:\/\/www.gaveanews.com\/#\/schema\/person\/c79759ca337c40791ae8d08e2923d403"},"breadcrumb":{"@id":"https:\/\/www.gaveanews.com\/index.php\/2025\/05\/21\/a-declaracao-de-craque-neto-direcionada-a-estevao-do-palmeiras-2\/#breadcrumb"},"inLanguage":"pt-BR","potentialAction":[{"@type":"ReadAction","target":["https:\/\/www.gaveanews.com\/index.php\/2025\/05\/21\/a-declaracao-de-craque-neto-direcionada-a-estevao-do-palmeiras-2\/"]}]},{"@type":"ImageObject","inLanguage":"pt-BR","@id":"https:\/\/www.gaveanews.com\/index.php\/2025\/05\/21\/a-declaracao-de-craque-neto-direcionada-a-estevao-do-palmeiras-2\/#primaryimage","url":"https:\/\/www.gaveanews.com\/wp-content\/uploads\/Craque-Neto-apresentador-da-Band.webp","contentUrl":"https:\/\/www.gaveanews.com\/wp-content\/uploads\/Craque-Neto-apresentador-da-Band.webp","width":900,"height":600,"caption":"Craque Neto, apresentador da Band (Foto: Kelly Fuzaro\/Band)"},{"@type":"BreadcrumbList","@id":"https:\/\/www.gaveanews.com\/index.php\/2025\/05\/21\/a-declaracao-de-craque-neto-direcionada-a-estevao-do-palmeiras-2\/#breadcrumb","itemListElement":[{"@type":"ListItem","position":1,"name":"Home","item":"https:\/\/www.gaveanews.com\/"},{"@type":"ListItem","position":2,"name":"A declara\u00e7\u00e3o de Craque Neto direcionada a Est\u00eav\u00e3o, do Palmeiras"}]},{"@type":"WebSite","@id":"https:\/\/www.gaveanews.com\/#website","url":"https:\/\/www.gaveanews.com\/","name":"G\u00e1vea News","description":"Veja todas as not\u00edcias sobre o Flamengo: Contrata\u00e7\u00f5es, categorias de base, resultados das partidas, tabela de classifica\u00e7\u00e3o, pr\u00f3ximos jogos!","potentialAction":[{"@type":"SearchAction","target":{"@type":"EntryPoint","urlTemplate":"https:\/\/www.gaveanews.com\/?s={search_term_string}"},"query-input":{"@type":"PropertyValueSpecification","valueRequired":true,"valueName":"search_term_string"}}],"inLanguage":"pt-BR"},{"@type":"Person","@id":"https:\/\/www.gaveanews.com\/#\/schema\/person\/c79759ca337c40791ae8d08e2923d403","name":"Brenda Cezillo","image":{"@type":"ImageObject","inLanguage":"pt-BR","@id":"https:\/\/www.gaveanews.com\/#\/schema\/person\/image\/","url":"https:\/\/secure.gravatar.com\/avatar\/1738d75cee7317f9c29ae61dd67620c5883d80a92e42a6fff88ae5d527af217a?s=96&d=mm&r=g","contentUrl":"https:\/\/secure.gravatar.com\/avatar\/1738d75cee7317f9c29ae61dd67620c5883d80a92e42a6fff88ae5d527af217a?s=96&d=mm&r=g","caption":"Brenda Cezillo"}}]}},"_links":{"self":[{"href":"https:\/\/www.gaveanews.com\/index.php\/wp-json\/wp\/v2\/posts\/265606","targetHints":{"allow":["GET"]}}],"collection":[{"href":"https:\/\/www.gaveanews.com\/index.php\/wp-json\/wp\/v2\/posts"}],"about":[{"href":"https:\/\/www.gaveanews.com\/index.php\/wp-json\/wp\/v2\/types\/post"}],"author":[{"embeddable":true,"href":"https:\/\/www.gaveanews.com\/index.php\/wp-json\/wp\/v2\/users\/33"}],"replies":[{"embeddable":true,"href":"https:\/\/www.gaveanews.com\/index.php\/wp-json\/wp\/v2\/comments?post=265606"}],"version-history":[{"count":1,"href":"https:\/\/www.gaveanews.com\/index.php\/wp-json\/wp\/v2\/posts\/265606\/revisions"}],"predecessor-version":[{"id":265608,"href":"https:\/\/www.gaveanews.com\/index.php\/wp-json\/wp\/v2\/posts\/265606\/revisions\/265608"}],"wp:featuredmedia":[{"embeddable":true,"href":"https:\/\/www.gaveanews.com\/index.php\/wp-json\/wp\/v2\/media\/244433"}],"wp:attachment":[{"href":"https:\/\/www.gaveanews.com\/index.php\/wp-json\/wp\/v2\/media?parent=265606"}],"wp:term":[{"taxonomy":"category","embeddable":true,"href":"https:\/\/www.gaveanews.com\/index.php\/wp-json\/wp\/v2\/categories?post=265606"},{"taxonomy":"post_tag","embeddable":true,"href":"https:\/\/www.gaveanews.com\/index.php\/wp-json\/wp\/v2\/tags?post=265606"}],"curies":[{"name":"wp","href":"https:\/\/api.w.org\/{rel}","templated":true}]}}