{"id":265613,"date":"2025-05-21T01:40:00","date_gmt":"2025-05-21T04:40:00","guid":{"rendered":"https:\/\/www.gaveanews.com\/?p=265613"},"modified":"2025-05-21T00:09:13","modified_gmt":"2025-05-21T03:09:13","slug":"rizek-aponta-time-quase-imbativel-no-futebol-brasileiro","status":"publish","type":"post","link":"https:\/\/www.gaveanews.com\/index.php\/2025\/05\/21\/rizek-aponta-time-quase-imbativel-no-futebol-brasileiro\/","title":{"rendered":"Rizek aponta time quase imbat\u00edvel no futebol brasileiro"},"content":{"rendered":"\n<p>A reta final antes da pausa para o Mundial de Clubes tem sido marcada por um dom\u00ednio ineg\u00e1vel do Palmeiras. Sob o comando de Abel Ferreira, o time paulista tem se consolidado como a equipe mais eficiente do cen\u00e1rio nacional, tanto pelos resultados quanto pelo desempenho apresentado em campo, sobretudo fora de casa.<\/p>\n\n\n\n<p>Durante o programa <em>Sele\u00e7\u00e3o Sportv<\/em>, o jornalista Andr\u00e9 Rizek foi enf\u00e1tico ao elogiar a consist\u00eancia alviverde. \u201cPalmeiras n\u00e3o \u00e9 um time encantador, mas ele \u00e9 de uma efici\u00eancia absurda, for\u00e7a mental e dif\u00edcil de ser parado\u201d, analisou. O comentarista ainda destacou o desempenho da equipe como visitante. \u201cFora de casa, ele praticamente est\u00e1 passando o carro. Derrotou o Sport, Internacional, Fortaleza, o Vasco, em Bras\u00edlia, e agora o Red Bull Bragantino\u201d, acrescentou.<\/p>\n\n\n\n<figure class=\"wp-block-image size-full\"><img loading=\"lazy\" decoding=\"async\" width=\"870\" height=\"458\" src=\"http:\/\/www.gaveanews.com\/wp-content\/uploads\/Abel-Ferreira-tecnico-do-Palmeiras.webp\" alt=\"\" class=\"wp-image-141983\" srcset=\"https:\/\/www.gaveanews.com\/wp-content\/uploads\/Abel-Ferreira-tecnico-do-Palmeiras.webp 870w, https:\/\/www.gaveanews.com\/wp-content\/uploads\/Abel-Ferreira-tecnico-do-Palmeiras-300x158.webp 300w, https:\/\/www.gaveanews.com\/wp-content\/uploads\/Abel-Ferreira-tecnico-do-Palmeiras-768x404.webp 768w, https:\/\/www.gaveanews.com\/wp-content\/uploads\/Abel-Ferreira-tecnico-do-Palmeiras-798x420.webp 798w, https:\/\/www.gaveanews.com\/wp-content\/uploads\/Abel-Ferreira-tecnico-do-Palmeiras-640x337.webp 640w, https:\/\/www.gaveanews.com\/wp-content\/uploads\/Abel-Ferreira-tecnico-do-Palmeiras-681x359.webp 681w, https:\/\/www.gaveanews.com\/wp-content\/uploads\/Abel-Ferreira-tecnico-do-Palmeiras-100x53.webp 100w\" sizes=\"auto, (max-width: 870px) 100vw, 870px\" \/><figcaption class=\"wp-element-caption\">Abel Ferreira &#8211; Foto: C\u00e9sar Greco \/ Palmeiras<\/figcaption><\/figure>\n\n\n\n<p>Atualmente, o clube lidera o Campeonato Brasileiro com 22 pontos, quatro a mais que o Flamengo. A campanha na Libertadores tamb\u00e9m chama aten\u00e7\u00e3o: o Palmeiras tem o melhor desempenho da fase de grupos at\u00e9 agora, mostrando regularidade em diferentes frentes. Essa superioridade n\u00e3o est\u00e1 apenas nas estat\u00edsticas, mas tamb\u00e9m na maneira como o time consegue manter seu padr\u00e3o competitivo, mesmo com altera\u00e7\u00f5es frequentes na escala\u00e7\u00e3o.<\/p>\n\n\n\n<p>No programa <em>Mesa Redonda<\/em>, o ex-jogador Muller seguiu a mesma linha de an\u00e1lise. Segundo ele, Abel Ferreira conta hoje com um elenco mais robusto do que nos anos anteriores. \u201cHoje, o Palmeiras n\u00e3o tem s\u00f3 o Flaco L\u00f3pez, Vitor Roque, Paulinho, Est\u00eav\u00e3o\u2026 \u00e9 um coletivo muito forte\u201d, afirmou. Para Muller, o diferencial est\u00e1 na capacidade do grupo em se superar como um conjunto, mesmo quando as individualidades n\u00e3o aparecem.<\/p>\n\n\n\n<p>Ali\u00e1s, os recentes exemplos disso foram Murilo e Maur\u00edcio, que se destacaram em partidas importantes. Essa versatilidade t\u00e1tica tem sido um trunfo para Abel, que consegue manter a competitividade da equipe mesmo diante das aus\u00eancias pontuais. Enquanto isso, rivais como o Flamengo enfrentam dificuldades, especialmente com as aus\u00eancias de Gerson e Arrascaeta, que t\u00eam impactado o rendimento rubro-negro.<\/p>\n\n\n\n<p>O pr\u00f3ximo compromisso do Palmeiras ser\u00e1 na quinta-feira (22 de maio), quando decide, contra o Cear\u00e1, uma vaga nas oitavas de final da Copa do Brasil. Com vantagem no confronto, o time paulista pode empatar para garantir sua classifica\u00e7\u00e3o. Assim, o clube segue firme em seu planejamento, equilibrando o desempenho nas principais competi\u00e7\u00f5es do calend\u00e1rio nacional e continental.<\/p>\n","protected":false},"excerpt":{"rendered":"<p>A reta final antes da pausa para o Mundial de Clubes tem sido marcada por um dom\u00ednio ineg\u00e1vel do Palmeiras. Sob o comando de Abel Ferreira, o time paulista tem se consolidado como a equipe mais eficiente do cen\u00e1rio nacional, tanto pelos resultados quanto pelo desempenho apresentado em campo, sobretudo fora de casa. Durante o [&hellip;]<\/p>\n","protected":false},"author":33,"featured_media":101875,"comment_status":"open","ping_status":"closed","sticky":false,"template":"","format":"standard","meta":{"footnotes":""},"categories":[150],"tags":[],"class_list":["post-265613","post","type-post","status-publish","format-standard","has-post-thumbnail","hentry","category-palmeiras"],"yoast_head":"<!-- This site is optimized with the Yoast SEO Premium plugin v24.2 (Yoast SEO v26.9) - https:\/\/yoast.com\/product\/yoast-seo-premium-wordpress\/ -->\n<title>Rizek aponta time quase imbat\u00edvel no futebol brasileiro<\/title>\n<meta name=\"robots\" content=\"index, follow, max-snippet:-1, max-image-preview:large, max-video-preview:-1\" \/>\n<link rel=\"canonical\" href=\"https:\/\/www.gaveanews.com\/index.php\/2025\/05\/21\/rizek-aponta-time-quase-imbativel-no-futebol-brasileiro\/\" \/>\n<meta property=\"og:locale\" content=\"pt_BR\" \/>\n<meta property=\"og:type\" content=\"article\" \/>\n<meta property=\"og:title\" content=\"Rizek aponta time quase imbat\u00edvel no futebol brasileiro\" \/>\n<meta property=\"og:description\" content=\"A reta final antes da pausa para o Mundial de Clubes tem sido marcada por um dom\u00ednio ineg\u00e1vel do Palmeiras. Sob o comando de Abel Ferreira, o time paulista tem se consolidado como a equipe mais eficiente do cen\u00e1rio nacional, tanto pelos resultados quanto pelo desempenho apresentado em campo, sobretudo fora de casa. Durante o [&hellip;]\" \/>\n<meta property=\"og:url\" content=\"https:\/\/www.gaveanews.com\/index.php\/2025\/05\/21\/rizek-aponta-time-quase-imbativel-no-futebol-brasileiro\/\" \/>\n<meta property=\"og:site_name\" content=\"G\u00e1vea News\" \/>\n<meta property=\"article:publisher\" content=\"https:\/\/facebook.com\/gaveaNews\/\" \/>\n<meta property=\"article:published_time\" content=\"2025-05-21T04:40:00+00:00\" \/>\n<meta property=\"og:image\" content=\"https:\/\/www.gaveanews.com\/wp-content\/uploads\/Andre-Rizek-durante-um-programa-do-SporTV.webp\" \/>\n\t<meta property=\"og:image:width\" content=\"795\" \/>\n\t<meta property=\"og:image:height\" content=\"448\" \/>\n\t<meta property=\"og:image:type\" content=\"image\/jpeg\" \/>\n<meta name=\"author\" content=\"Brenda Cezillo\" \/>\n<meta name=\"twitter:card\" content=\"summary_large_image\" \/>\n<meta name=\"twitter:label1\" content=\"Escrito por\" \/>\n\t<meta name=\"twitter:data1\" content=\"Brenda Cezillo\" \/>\n\t<meta name=\"twitter:label2\" content=\"Est. tempo de leitura\" \/>\n\t<meta name=\"twitter:data2\" content=\"3 minutos\" \/>\n<script type=\"application\/ld+json\" class=\"yoast-schema-graph\">{\"@context\":\"https:\/\/schema.org\",\"@graph\":[{\"@type\":\"NewsArticle\",\"@id\":\"https:\/\/www.gaveanews.com\/index.php\/2025\/05\/21\/rizek-aponta-time-quase-imbativel-no-futebol-brasileiro\/#article\",\"isPartOf\":{\"@id\":\"https:\/\/www.gaveanews.com\/index.php\/2025\/05\/21\/rizek-aponta-time-quase-imbativel-no-futebol-brasileiro\/\"},\"author\":{\"name\":\"Brenda Cezillo\",\"@id\":\"https:\/\/www.gaveanews.com\/#\/schema\/person\/c79759ca337c40791ae8d08e2923d403\"},\"headline\":\"Rizek aponta time quase imbat\u00edvel no futebol brasileiro\",\"datePublished\":\"2025-05-21T04:40:00+00:00\",\"mainEntityOfPage\":{\"@id\":\"https:\/\/www.gaveanews.com\/index.php\/2025\/05\/21\/rizek-aponta-time-quase-imbativel-no-futebol-brasileiro\/\"},\"wordCount\":422,\"commentCount\":0,\"image\":{\"@id\":\"https:\/\/www.gaveanews.com\/index.php\/2025\/05\/21\/rizek-aponta-time-quase-imbativel-no-futebol-brasileiro\/#primaryimage\"},\"thumbnailUrl\":\"https:\/\/www.gaveanews.com\/wp-content\/uploads\/Andre-Rizek-durante-um-programa-do-SporTV.webp\",\"articleSection\":[\"Palmeiras\"],\"inLanguage\":\"pt-BR\",\"potentialAction\":[{\"@type\":\"CommentAction\",\"name\":\"Comment\",\"target\":[\"https:\/\/www.gaveanews.com\/index.php\/2025\/05\/21\/rizek-aponta-time-quase-imbativel-no-futebol-brasileiro\/#respond\"]}],\"copyrightYear\":\"2025\",\"copyrightHolder\":{\"@id\":\"https:\/\/www.gaveanews.com\/#organization\"}},{\"@type\":\"WebPage\",\"@id\":\"https:\/\/www.gaveanews.com\/index.php\/2025\/05\/21\/rizek-aponta-time-quase-imbativel-no-futebol-brasileiro\/\",\"url\":\"https:\/\/www.gaveanews.com\/index.php\/2025\/05\/21\/rizek-aponta-time-quase-imbativel-no-futebol-brasileiro\/\",\"name\":\"Rizek aponta time quase imbat\u00edvel no futebol brasileiro\",\"isPartOf\":{\"@id\":\"https:\/\/www.gaveanews.com\/#website\"},\"primaryImageOfPage\":{\"@id\":\"https:\/\/www.gaveanews.com\/index.php\/2025\/05\/21\/rizek-aponta-time-quase-imbativel-no-futebol-brasileiro\/#primaryimage\"},\"image\":{\"@id\":\"https:\/\/www.gaveanews.com\/index.php\/2025\/05\/21\/rizek-aponta-time-quase-imbativel-no-futebol-brasileiro\/#primaryimage\"},\"thumbnailUrl\":\"https:\/\/www.gaveanews.com\/wp-content\/uploads\/Andre-Rizek-durante-um-programa-do-SporTV.webp\",\"datePublished\":\"2025-05-21T04:40:00+00:00\",\"author\":{\"@id\":\"https:\/\/www.gaveanews.com\/#\/schema\/person\/c79759ca337c40791ae8d08e2923d403\"},\"breadcrumb\":{\"@id\":\"https:\/\/www.gaveanews.com\/index.php\/2025\/05\/21\/rizek-aponta-time-quase-imbativel-no-futebol-brasileiro\/#breadcrumb\"},\"inLanguage\":\"pt-BR\",\"potentialAction\":[{\"@type\":\"ReadAction\",\"target\":[\"https:\/\/www.gaveanews.com\/index.php\/2025\/05\/21\/rizek-aponta-time-quase-imbativel-no-futebol-brasileiro\/\"]}]},{\"@type\":\"ImageObject\",\"inLanguage\":\"pt-BR\",\"@id\":\"https:\/\/www.gaveanews.com\/index.php\/2025\/05\/21\/rizek-aponta-time-quase-imbativel-no-futebol-brasileiro\/#primaryimage\",\"url\":\"https:\/\/www.gaveanews.com\/wp-content\/uploads\/Andre-Rizek-durante-um-programa-do-SporTV.webp\",\"contentUrl\":\"https:\/\/www.gaveanews.com\/wp-content\/uploads\/Andre-Rizek-durante-um-programa-do-SporTV.webp\",\"width\":795,\"height\":448,\"caption\":\"Andr\u00e9 Rizek durante um programa do SporTV (Foto: Reprodu\u00e7\u00e3o\/SporTV)\"},{\"@type\":\"BreadcrumbList\",\"@id\":\"https:\/\/www.gaveanews.com\/index.php\/2025\/05\/21\/rizek-aponta-time-quase-imbativel-no-futebol-brasileiro\/#breadcrumb\",\"itemListElement\":[{\"@type\":\"ListItem\",\"position\":1,\"name\":\"Home\",\"item\":\"https:\/\/www.gaveanews.com\/\"},{\"@type\":\"ListItem\",\"position\":2,\"name\":\"Rizek aponta time quase imbat\u00edvel no futebol brasileiro\"}]},{\"@type\":\"WebSite\",\"@id\":\"https:\/\/www.gaveanews.com\/#website\",\"url\":\"https:\/\/www.gaveanews.com\/\",\"name\":\"G\u00e1vea News\",\"description\":\"Veja todas as not\u00edcias sobre o Flamengo: Contrata\u00e7\u00f5es, categorias de base, resultados das partidas, tabela de classifica\u00e7\u00e3o, pr\u00f3ximos jogos!\",\"potentialAction\":[{\"@type\":\"SearchAction\",\"target\":{\"@type\":\"EntryPoint\",\"urlTemplate\":\"https:\/\/www.gaveanews.com\/?s={search_term_string}\"},\"query-input\":{\"@type\":\"PropertyValueSpecification\",\"valueRequired\":true,\"valueName\":\"search_term_string\"}}],\"inLanguage\":\"pt-BR\"},{\"@type\":\"Person\",\"@id\":\"https:\/\/www.gaveanews.com\/#\/schema\/person\/c79759ca337c40791ae8d08e2923d403\",\"name\":\"Brenda Cezillo\",\"image\":{\"@type\":\"ImageObject\",\"inLanguage\":\"pt-BR\",\"@id\":\"https:\/\/www.gaveanews.com\/#\/schema\/person\/image\/\",\"url\":\"https:\/\/secure.gravatar.com\/avatar\/1738d75cee7317f9c29ae61dd67620c5883d80a92e42a6fff88ae5d527af217a?s=96&d=mm&r=g\",\"contentUrl\":\"https:\/\/secure.gravatar.com\/avatar\/1738d75cee7317f9c29ae61dd67620c5883d80a92e42a6fff88ae5d527af217a?s=96&d=mm&r=g\",\"caption\":\"Brenda Cezillo\"}}]}<\/script>\n<!-- \/ Yoast SEO Premium plugin. -->","yoast_head_json":{"title":"Rizek aponta time quase imbat\u00edvel no futebol brasileiro","robots":{"index":"index","follow":"follow","max-snippet":"max-snippet:-1","max-image-preview":"max-image-preview:large","max-video-preview":"max-video-preview:-1"},"canonical":"https:\/\/www.gaveanews.com\/index.php\/2025\/05\/21\/rizek-aponta-time-quase-imbativel-no-futebol-brasileiro\/","og_locale":"pt_BR","og_type":"article","og_title":"Rizek aponta time quase imbat\u00edvel no futebol brasileiro","og_description":"A reta final antes da pausa para o Mundial de Clubes tem sido marcada por um dom\u00ednio ineg\u00e1vel do Palmeiras. Sob o comando de Abel Ferreira, o time paulista tem se consolidado como a equipe mais eficiente do cen\u00e1rio nacional, tanto pelos resultados quanto pelo desempenho apresentado em campo, sobretudo fora de casa. Durante o [&hellip;]","og_url":"https:\/\/www.gaveanews.com\/index.php\/2025\/05\/21\/rizek-aponta-time-quase-imbativel-no-futebol-brasileiro\/","og_site_name":"G\u00e1vea News","article_publisher":"https:\/\/facebook.com\/gaveaNews\/","article_published_time":"2025-05-21T04:40:00+00:00","og_image":[{"width":795,"height":448,"url":"https:\/\/www.gaveanews.com\/wp-content\/uploads\/Andre-Rizek-durante-um-programa-do-SporTV.webp","type":"image\/jpeg"}],"author":"Brenda Cezillo","twitter_card":"summary_large_image","twitter_misc":{"Escrito por":"Brenda Cezillo","Est. tempo de leitura":"3 minutos"},"schema":{"@context":"https:\/\/schema.org","@graph":[{"@type":"NewsArticle","@id":"https:\/\/www.gaveanews.com\/index.php\/2025\/05\/21\/rizek-aponta-time-quase-imbativel-no-futebol-brasileiro\/#article","isPartOf":{"@id":"https:\/\/www.gaveanews.com\/index.php\/2025\/05\/21\/rizek-aponta-time-quase-imbativel-no-futebol-brasileiro\/"},"author":{"name":"Brenda Cezillo","@id":"https:\/\/www.gaveanews.com\/#\/schema\/person\/c79759ca337c40791ae8d08e2923d403"},"headline":"Rizek aponta time quase imbat\u00edvel no futebol brasileiro","datePublished":"2025-05-21T04:40:00+00:00","mainEntityOfPage":{"@id":"https:\/\/www.gaveanews.com\/index.php\/2025\/05\/21\/rizek-aponta-time-quase-imbativel-no-futebol-brasileiro\/"},"wordCount":422,"commentCount":0,"image":{"@id":"https:\/\/www.gaveanews.com\/index.php\/2025\/05\/21\/rizek-aponta-time-quase-imbativel-no-futebol-brasileiro\/#primaryimage"},"thumbnailUrl":"https:\/\/www.gaveanews.com\/wp-content\/uploads\/Andre-Rizek-durante-um-programa-do-SporTV.webp","articleSection":["Palmeiras"],"inLanguage":"pt-BR","potentialAction":[{"@type":"CommentAction","name":"Comment","target":["https:\/\/www.gaveanews.com\/index.php\/2025\/05\/21\/rizek-aponta-time-quase-imbativel-no-futebol-brasileiro\/#respond"]}],"copyrightYear":"2025","copyrightHolder":{"@id":"https:\/\/www.gaveanews.com\/#organization"}},{"@type":"WebPage","@id":"https:\/\/www.gaveanews.com\/index.php\/2025\/05\/21\/rizek-aponta-time-quase-imbativel-no-futebol-brasileiro\/","url":"https:\/\/www.gaveanews.com\/index.php\/2025\/05\/21\/rizek-aponta-time-quase-imbativel-no-futebol-brasileiro\/","name":"Rizek aponta time quase imbat\u00edvel no futebol brasileiro","isPartOf":{"@id":"https:\/\/www.gaveanews.com\/#website"},"primaryImageOfPage":{"@id":"https:\/\/www.gaveanews.com\/index.php\/2025\/05\/21\/rizek-aponta-time-quase-imbativel-no-futebol-brasileiro\/#primaryimage"},"image":{"@id":"https:\/\/www.gaveanews.com\/index.php\/2025\/05\/21\/rizek-aponta-time-quase-imbativel-no-futebol-brasileiro\/#primaryimage"},"thumbnailUrl":"https:\/\/www.gaveanews.com\/wp-content\/uploads\/Andre-Rizek-durante-um-programa-do-SporTV.webp","datePublished":"2025-05-21T04:40:00+00:00","author":{"@id":"https:\/\/www.gaveanews.com\/#\/schema\/person\/c79759ca337c40791ae8d08e2923d403"},"breadcrumb":{"@id":"https:\/\/www.gaveanews.com\/index.php\/2025\/05\/21\/rizek-aponta-time-quase-imbativel-no-futebol-brasileiro\/#breadcrumb"},"inLanguage":"pt-BR","potentialAction":[{"@type":"ReadAction","target":["https:\/\/www.gaveanews.com\/index.php\/2025\/05\/21\/rizek-aponta-time-quase-imbativel-no-futebol-brasileiro\/"]}]},{"@type":"ImageObject","inLanguage":"pt-BR","@id":"https:\/\/www.gaveanews.com\/index.php\/2025\/05\/21\/rizek-aponta-time-quase-imbativel-no-futebol-brasileiro\/#primaryimage","url":"https:\/\/www.gaveanews.com\/wp-content\/uploads\/Andre-Rizek-durante-um-programa-do-SporTV.webp","contentUrl":"https:\/\/www.gaveanews.com\/wp-content\/uploads\/Andre-Rizek-durante-um-programa-do-SporTV.webp","width":795,"height":448,"caption":"Andr\u00e9 Rizek durante um programa do SporTV (Foto: Reprodu\u00e7\u00e3o\/SporTV)"},{"@type":"BreadcrumbList","@id":"https:\/\/www.gaveanews.com\/index.php\/2025\/05\/21\/rizek-aponta-time-quase-imbativel-no-futebol-brasileiro\/#breadcrumb","itemListElement":[{"@type":"ListItem","position":1,"name":"Home","item":"https:\/\/www.gaveanews.com\/"},{"@type":"ListItem","position":2,"name":"Rizek aponta time quase imbat\u00edvel no futebol brasileiro"}]},{"@type":"WebSite","@id":"https:\/\/www.gaveanews.com\/#website","url":"https:\/\/www.gaveanews.com\/","name":"G\u00e1vea News","description":"Veja todas as not\u00edcias sobre o Flamengo: Contrata\u00e7\u00f5es, categorias de base, resultados das partidas, tabela de classifica\u00e7\u00e3o, pr\u00f3ximos jogos!","potentialAction":[{"@type":"SearchAction","target":{"@type":"EntryPoint","urlTemplate":"https:\/\/www.gaveanews.com\/?s={search_term_string}"},"query-input":{"@type":"PropertyValueSpecification","valueRequired":true,"valueName":"search_term_string"}}],"inLanguage":"pt-BR"},{"@type":"Person","@id":"https:\/\/www.gaveanews.com\/#\/schema\/person\/c79759ca337c40791ae8d08e2923d403","name":"Brenda Cezillo","image":{"@type":"ImageObject","inLanguage":"pt-BR","@id":"https:\/\/www.gaveanews.com\/#\/schema\/person\/image\/","url":"https:\/\/secure.gravatar.com\/avatar\/1738d75cee7317f9c29ae61dd67620c5883d80a92e42a6fff88ae5d527af217a?s=96&d=mm&r=g","contentUrl":"https:\/\/secure.gravatar.com\/avatar\/1738d75cee7317f9c29ae61dd67620c5883d80a92e42a6fff88ae5d527af217a?s=96&d=mm&r=g","caption":"Brenda Cezillo"}}]}},"_links":{"self":[{"href":"https:\/\/www.gaveanews.com\/index.php\/wp-json\/wp\/v2\/posts\/265613","targetHints":{"allow":["GET"]}}],"collection":[{"href":"https:\/\/www.gaveanews.com\/index.php\/wp-json\/wp\/v2\/posts"}],"about":[{"href":"https:\/\/www.gaveanews.com\/index.php\/wp-json\/wp\/v2\/types\/post"}],"author":[{"embeddable":true,"href":"https:\/\/www.gaveanews.com\/index.php\/wp-json\/wp\/v2\/users\/33"}],"replies":[{"embeddable":true,"href":"https:\/\/www.gaveanews.com\/index.php\/wp-json\/wp\/v2\/comments?post=265613"}],"version-history":[{"count":1,"href":"https:\/\/www.gaveanews.com\/index.php\/wp-json\/wp\/v2\/posts\/265613\/revisions"}],"predecessor-version":[{"id":265616,"href":"https:\/\/www.gaveanews.com\/index.php\/wp-json\/wp\/v2\/posts\/265613\/revisions\/265616"}],"wp:featuredmedia":[{"embeddable":true,"href":"https:\/\/www.gaveanews.com\/index.php\/wp-json\/wp\/v2\/media\/101875"}],"wp:attachment":[{"href":"https:\/\/www.gaveanews.com\/index.php\/wp-json\/wp\/v2\/media?parent=265613"}],"wp:term":[{"taxonomy":"category","embeddable":true,"href":"https:\/\/www.gaveanews.com\/index.php\/wp-json\/wp\/v2\/categories?post=265613"},{"taxonomy":"post_tag","embeddable":true,"href":"https:\/\/www.gaveanews.com\/index.php\/wp-json\/wp\/v2\/tags?post=265613"}],"curies":[{"name":"wp","href":"https:\/\/api.w.org\/{rel}","templated":true}]}}