{"id":265739,"date":"2025-05-21T14:40:00","date_gmt":"2025-05-21T17:40:00","guid":{"rendered":"https:\/\/www.gaveanews.com\/?p=265739"},"modified":"2025-05-21T13:43:58","modified_gmt":"2025-05-21T16:43:58","slug":"na-mira-de-ancelotti-ele-tem-ganhado-cada-vez-mais-destaque-no-sao-paulo","status":"publish","type":"post","link":"https:\/\/www.gaveanews.com\/index.php\/2025\/05\/21\/na-mira-de-ancelotti-ele-tem-ganhado-cada-vez-mais-destaque-no-sao-paulo\/","title":{"rendered":"Na mira de Ancelotti, ele tem ganhado cada vez mais destaque no S\u00e3o Paulo"},"content":{"rendered":"\n<p>Atualmente, Oscar vem demonstrando uma mudan\u00e7a significativa em sua forma de atuar. No duelo contra o N\u00e1utico, v\u00e1lido pela terceira fase da Copa do Brasil, o camisa 8 do S\u00e3o Paulo se destacou atuando como segundo volante, fun\u00e7\u00e3o na qual tem se adaptado com surpreendente naturalidade. <\/p>\n\n\n\n<p>A escolha do t\u00e9cnico Luis Zubeld\u00eda em posicion\u00e1-lo mais recuado, mesmo com op\u00e7\u00f5es mais habituadas \u00e0 fun\u00e7\u00e3o, como Bobadilla e Pablo Maia, evidenciou um processo de reinven\u00e7\u00e3o que o pr\u00f3prio jogador vinha buscando.<\/p>\n\n\n\n<p>A decis\u00e3o, ali\u00e1s, n\u00e3o foi tomada ao acaso. A aus\u00eancia de Marcos Ant\u00f4nio abriu uma brecha na forma\u00e7\u00e3o titular, permitindo que Oscar atuasse ao lado de Alisson e pr\u00f3ximo a Luciano. A parceria com o camisa 10 se mostrou determinante para o ritmo da equipe no confronto. <\/p>\n\n\n\n<p>O experiente meia ofereceu alternativas ofensivas e defensivas, sendo pe\u00e7a-chave na assist\u00eancia para o gol da vit\u00f3ria, al\u00e9m de protagonizar outros momentos criativos, como o passe que deixou Rodriguinho em condi\u00e7\u00f5es de ampliar o placar.<\/p>\n\n\n\n<h2 class=\"wp-block-heading\" id=\"h-mais-proximo-da-defesa-e-do-jogo\">Mais pr\u00f3ximo da defesa e do jogo<\/h2>\n\n\n\n<p>Oscar n\u00e3o apenas criou jogadas ofensivas com qualidade, mas tamb\u00e9m cumpriu papel defensivo com precis\u00e3o. Posicionado frequentemente \u00e0 frente da zaga, ao lado de Alisson, demonstrou disposi\u00e7\u00e3o e leitura de jogo para desarmes e intercepta\u00e7\u00f5es. Dessa maneira, aliviou a press\u00e3o sobre os defensores e contribuiu diretamente na organiza\u00e7\u00e3o da sa\u00edda de bola.<\/p>\n\n\n\n<p>Surpreendentemente, mesmo sem o costume de atuar com foco na marca\u00e7\u00e3o, o meia exibiu vigor f\u00edsico e capacidade de cobertura em diversos setores do campo. Conforme relatos de bastidores, a prefer\u00eancia por atuar de forma mais recuada j\u00e1 havia sido manifestada pelo pr\u00f3prio atleta, que se sente confort\u00e1vel visualizando o jogo de frente, com menos press\u00e3o advers\u00e1ria e mais tempo para tomar decis\u00f5es.<\/p>\n\n\n\n<h2 class=\"wp-block-heading\" id=\"h-evolucao-fisica-e-tecnica\">Evolu\u00e7\u00e3o f\u00edsica e t\u00e9cnica<\/h2>\n\n\n\n<p>Recuperado de uma les\u00e3o muscular na coxa esquerda, Oscar vem ganhando minutagem de forma gradual. A sequ\u00eancia de 90 minutos contra o Gr\u00eamio, seguida da atua\u00e7\u00e3o completa diante do N\u00e1utico, tr\u00eas dias depois, atesta sua boa condi\u00e7\u00e3o f\u00edsica. A performance nos Aflitos foi, segundo an\u00e1lise especializada, a melhor desde seu retorno ao clube no in\u00edcio da temporada.<\/p>\n\n\n\n<p>Embora tenha apenas dois gols e duas assist\u00eancias em 18 jogos, seus principais m\u00e9ritos na vit\u00f3ria sobre os pernambucanos vieram de a\u00e7\u00f5es que n\u00e3o aparecem nas estat\u00edsticas: cobertura defensiva eficiente, passes verticais com intelig\u00eancia e dom\u00ednio do setor central do campo. <\/p>\n\n\n\n<p>Assim sendo, o meio-campista se consolida como alternativa relevante para a composi\u00e7\u00e3o t\u00e1tica da equipe, principalmente em momentos de desfalques relevantes.<\/p>\n\n\n\n<h2 class=\"wp-block-heading\" id=\"h-uma-nova-dinamica-para-o-sao-paulo\">Uma nova din\u00e2mica para o S\u00e3o Paulo<\/h2>\n\n\n\n<p>O encaixe entre Oscar e Luciano foi igualmente relevante para a fluidez ofensiva do Tricolor. Ambos alternaram suas posi\u00e7\u00f5es entre o meio e o ataque, confundindo a marca\u00e7\u00e3o advers\u00e1ria. Essa proximidade permitiu que Andr\u00e9 Silva e Lucas Ferreira encontrassem mais espa\u00e7os, enquanto o time manteve o controle do ritmo da partida.<\/p>\n\n\n\n<p>O camisa 8, mais livre para circular, foi descrito como um jogador que &#8220;pensa, enxerga e oferece boas op\u00e7\u00f5es aos companheiros&#8221;, sobretudo em lances de bola parada, nos quais exerce papel decisivo. Nesse sentido, sua presen\u00e7a tem ampliado o repert\u00f3rio t\u00e1tico da equipe, oferecendo alternativas que v\u00e3o al\u00e9m da simples constru\u00e7\u00e3o de jogadas.<\/p>\n\n\n\n<h2 class=\"wp-block-heading\" id=\"h-perspectivas-a-curto-prazo\">Perspectivas a curto prazo<\/h2>\n\n\n\n<p>A atua\u00e7\u00e3o diante do N\u00e1utico coincidiu com sua inclus\u00e3o na pr\u00e9-lista de convocados de Carlo Ancelotti para compromissos da sele\u00e7\u00e3o brasileira \u2014 uma lembran\u00e7a simb\u00f3lica para um atleta que n\u00e3o defende a camisa verde-amarela desde 2015. <\/p>\n\n\n\n<p>Embora o foco principal ainda seja o S\u00e3o Paulo, essa mudan\u00e7a de fun\u00e7\u00e3o e o rendimento elevado podem recolocar Oscar no radar da equipe nacional.<\/p>\n\n\n\n<p>Por enquanto, o S\u00e3o Paulo se beneficia de sua versatilidade, ainda mais em meio a uma temporada repleta de compromissos simult\u00e2neos. O clube est\u00e1 nas oitavas da Copa do Brasil, vive bom momento na Libertadores e ocupa posi\u00e7\u00e3o intermedi\u00e1ria no Brasileir\u00e3o. Com essa nova vers\u00e3o de Oscar, o elenco de Zubeld\u00eda ganha consist\u00eancia e intelig\u00eancia no setor mais estrat\u00e9gico do campo.<\/p>\n","protected":false},"excerpt":{"rendered":"<p>Atualmente, Oscar vem demonstrando uma mudan\u00e7a significativa em sua forma de atuar. No duelo contra o N\u00e1utico, v\u00e1lido pela terceira fase da Copa do Brasil, o camisa 8 do S\u00e3o Paulo se destacou atuando como segundo volante, fun\u00e7\u00e3o na qual tem se adaptado com surpreendente naturalidade. A escolha do t\u00e9cnico Luis Zubeld\u00eda em posicion\u00e1-lo mais [&hellip;]<\/p>\n","protected":false},"author":30,"featured_media":154451,"comment_status":"open","ping_status":"closed","sticky":false,"template":"","format":"standard","meta":{"footnotes":""},"categories":[151],"tags":[],"class_list":["post-265739","post","type-post","status-publish","format-standard","has-post-thumbnail","hentry","category-sao-paulo"],"yoast_head":"<!-- This site is optimized with the Yoast SEO Premium plugin v24.2 (Yoast SEO v26.9) - https:\/\/yoast.com\/product\/yoast-seo-premium-wordpress\/ -->\n<title>Na mira de Ancelotti, ele tem ganhado cada vez mais destaque no S\u00e3o Paulo<\/title>\n<meta name=\"robots\" content=\"index, follow, max-snippet:-1, max-image-preview:large, max-video-preview:-1\" \/>\n<link rel=\"canonical\" href=\"https:\/\/www.gaveanews.com\/index.php\/2025\/05\/21\/na-mira-de-ancelotti-ele-tem-ganhado-cada-vez-mais-destaque-no-sao-paulo\/\" \/>\n<meta property=\"og:locale\" content=\"pt_BR\" \/>\n<meta property=\"og:type\" content=\"article\" \/>\n<meta property=\"og:title\" content=\"Na mira de Ancelotti, ele tem ganhado cada vez mais destaque no S\u00e3o Paulo\" \/>\n<meta property=\"og:description\" content=\"Atualmente, Oscar vem demonstrando uma mudan\u00e7a significativa em sua forma de atuar. No duelo contra o N\u00e1utico, v\u00e1lido pela terceira fase da Copa do Brasil, o camisa 8 do S\u00e3o Paulo se destacou atuando como segundo volante, fun\u00e7\u00e3o na qual tem se adaptado com surpreendente naturalidade. A escolha do t\u00e9cnico Luis Zubeld\u00eda em posicion\u00e1-lo mais [&hellip;]\" \/>\n<meta property=\"og:url\" content=\"https:\/\/www.gaveanews.com\/index.php\/2025\/05\/21\/na-mira-de-ancelotti-ele-tem-ganhado-cada-vez-mais-destaque-no-sao-paulo\/\" \/>\n<meta property=\"og:site_name\" content=\"G\u00e1vea News\" \/>\n<meta property=\"article:publisher\" content=\"https:\/\/facebook.com\/gaveaNews\/\" \/>\n<meta property=\"article:published_time\" content=\"2025-05-21T17:40:00+00:00\" \/>\n<meta property=\"og:image\" content=\"https:\/\/www.gaveanews.com\/wp-content\/uploads\/Escudo-do-Sao-Paulo.webp\" \/>\n\t<meta property=\"og:image:width\" content=\"977\" \/>\n\t<meta property=\"og:image:height\" content=\"651\" \/>\n\t<meta property=\"og:image:type\" content=\"image\/webp\" \/>\n<meta name=\"author\" content=\"Ana Teixeira\" \/>\n<meta name=\"twitter:card\" content=\"summary_large_image\" \/>\n<meta name=\"twitter:label1\" content=\"Escrito por\" \/>\n\t<meta name=\"twitter:data1\" content=\"Ana Teixeira\" \/>\n\t<meta name=\"twitter:label2\" content=\"Est. tempo de leitura\" \/>\n\t<meta name=\"twitter:data2\" content=\"4 minutos\" \/>\n<script type=\"application\/ld+json\" class=\"yoast-schema-graph\">{\"@context\":\"https:\/\/schema.org\",\"@graph\":[{\"@type\":\"NewsArticle\",\"@id\":\"https:\/\/www.gaveanews.com\/index.php\/2025\/05\/21\/na-mira-de-ancelotti-ele-tem-ganhado-cada-vez-mais-destaque-no-sao-paulo\/#article\",\"isPartOf\":{\"@id\":\"https:\/\/www.gaveanews.com\/index.php\/2025\/05\/21\/na-mira-de-ancelotti-ele-tem-ganhado-cada-vez-mais-destaque-no-sao-paulo\/\"},\"author\":{\"name\":\"Ana Teixeira\",\"@id\":\"https:\/\/www.gaveanews.com\/#\/schema\/person\/3b19f7288b0ce20372991275e4f2e6c2\"},\"headline\":\"Na mira de Ancelotti, ele tem ganhado cada vez mais destaque no S\u00e3o Paulo\",\"datePublished\":\"2025-05-21T17:40:00+00:00\",\"mainEntityOfPage\":{\"@id\":\"https:\/\/www.gaveanews.com\/index.php\/2025\/05\/21\/na-mira-de-ancelotti-ele-tem-ganhado-cada-vez-mais-destaque-no-sao-paulo\/\"},\"wordCount\":747,\"commentCount\":0,\"image\":{\"@id\":\"https:\/\/www.gaveanews.com\/index.php\/2025\/05\/21\/na-mira-de-ancelotti-ele-tem-ganhado-cada-vez-mais-destaque-no-sao-paulo\/#primaryimage\"},\"thumbnailUrl\":\"https:\/\/www.gaveanews.com\/wp-content\/uploads\/Escudo-do-Sao-Paulo.webp\",\"articleSection\":[\"S\u00e3o Paulo\"],\"inLanguage\":\"pt-BR\",\"potentialAction\":[{\"@type\":\"CommentAction\",\"name\":\"Comment\",\"target\":[\"https:\/\/www.gaveanews.com\/index.php\/2025\/05\/21\/na-mira-de-ancelotti-ele-tem-ganhado-cada-vez-mais-destaque-no-sao-paulo\/#respond\"]}],\"copyrightYear\":\"2025\",\"copyrightHolder\":{\"@id\":\"https:\/\/www.gaveanews.com\/#organization\"}},{\"@type\":\"WebPage\",\"@id\":\"https:\/\/www.gaveanews.com\/index.php\/2025\/05\/21\/na-mira-de-ancelotti-ele-tem-ganhado-cada-vez-mais-destaque-no-sao-paulo\/\",\"url\":\"https:\/\/www.gaveanews.com\/index.php\/2025\/05\/21\/na-mira-de-ancelotti-ele-tem-ganhado-cada-vez-mais-destaque-no-sao-paulo\/\",\"name\":\"Na mira de Ancelotti, ele tem ganhado cada vez mais destaque no S\u00e3o Paulo\",\"isPartOf\":{\"@id\":\"https:\/\/www.gaveanews.com\/#website\"},\"primaryImageOfPage\":{\"@id\":\"https:\/\/www.gaveanews.com\/index.php\/2025\/05\/21\/na-mira-de-ancelotti-ele-tem-ganhado-cada-vez-mais-destaque-no-sao-paulo\/#primaryimage\"},\"image\":{\"@id\":\"https:\/\/www.gaveanews.com\/index.php\/2025\/05\/21\/na-mira-de-ancelotti-ele-tem-ganhado-cada-vez-mais-destaque-no-sao-paulo\/#primaryimage\"},\"thumbnailUrl\":\"https:\/\/www.gaveanews.com\/wp-content\/uploads\/Escudo-do-Sao-Paulo.webp\",\"datePublished\":\"2025-05-21T17:40:00+00:00\",\"author\":{\"@id\":\"https:\/\/www.gaveanews.com\/#\/schema\/person\/3b19f7288b0ce20372991275e4f2e6c2\"},\"breadcrumb\":{\"@id\":\"https:\/\/www.gaveanews.com\/index.php\/2025\/05\/21\/na-mira-de-ancelotti-ele-tem-ganhado-cada-vez-mais-destaque-no-sao-paulo\/#breadcrumb\"},\"inLanguage\":\"pt-BR\",\"potentialAction\":[{\"@type\":\"ReadAction\",\"target\":[\"https:\/\/www.gaveanews.com\/index.php\/2025\/05\/21\/na-mira-de-ancelotti-ele-tem-ganhado-cada-vez-mais-destaque-no-sao-paulo\/\"]}]},{\"@type\":\"ImageObject\",\"inLanguage\":\"pt-BR\",\"@id\":\"https:\/\/www.gaveanews.com\/index.php\/2025\/05\/21\/na-mira-de-ancelotti-ele-tem-ganhado-cada-vez-mais-destaque-no-sao-paulo\/#primaryimage\",\"url\":\"https:\/\/www.gaveanews.com\/wp-content\/uploads\/Escudo-do-Sao-Paulo.webp\",\"contentUrl\":\"https:\/\/www.gaveanews.com\/wp-content\/uploads\/Escudo-do-Sao-Paulo.webp\",\"width\":977,\"height\":651,\"caption\":\"Escudo do S\u00e3o Paulo (Foto: Reprodu\u00e7\u00e3o\/S\u00e3o Paulo)\"},{\"@type\":\"BreadcrumbList\",\"@id\":\"https:\/\/www.gaveanews.com\/index.php\/2025\/05\/21\/na-mira-de-ancelotti-ele-tem-ganhado-cada-vez-mais-destaque-no-sao-paulo\/#breadcrumb\",\"itemListElement\":[{\"@type\":\"ListItem\",\"position\":1,\"name\":\"Home\",\"item\":\"https:\/\/www.gaveanews.com\/\"},{\"@type\":\"ListItem\",\"position\":2,\"name\":\"Na mira de Ancelotti, ele tem ganhado cada vez mais destaque no S\u00e3o Paulo\"}]},{\"@type\":\"WebSite\",\"@id\":\"https:\/\/www.gaveanews.com\/#website\",\"url\":\"https:\/\/www.gaveanews.com\/\",\"name\":\"G\u00e1vea News\",\"description\":\"Veja todas as not\u00edcias sobre o Flamengo: Contrata\u00e7\u00f5es, categorias de base, resultados das partidas, tabela de classifica\u00e7\u00e3o, pr\u00f3ximos jogos!\",\"potentialAction\":[{\"@type\":\"SearchAction\",\"target\":{\"@type\":\"EntryPoint\",\"urlTemplate\":\"https:\/\/www.gaveanews.com\/?s={search_term_string}\"},\"query-input\":{\"@type\":\"PropertyValueSpecification\",\"valueRequired\":true,\"valueName\":\"search_term_string\"}}],\"inLanguage\":\"pt-BR\"},{\"@type\":\"Person\",\"@id\":\"https:\/\/www.gaveanews.com\/#\/schema\/person\/3b19f7288b0ce20372991275e4f2e6c2\",\"name\":\"Ana Teixeira\",\"image\":{\"@type\":\"ImageObject\",\"inLanguage\":\"pt-BR\",\"@id\":\"https:\/\/www.gaveanews.com\/#\/schema\/person\/image\/\",\"url\":\"https:\/\/secure.gravatar.com\/avatar\/0a73f5a5258f3fed37fc2fa641892f3f7a4748456d4d4792f9bc550e6c19e06c?s=96&d=mm&r=g\",\"contentUrl\":\"https:\/\/secure.gravatar.com\/avatar\/0a73f5a5258f3fed37fc2fa641892f3f7a4748456d4d4792f9bc550e6c19e06c?s=96&d=mm&r=g\",\"caption\":\"Ana Teixeira\"}}]}<\/script>\n<!-- \/ Yoast SEO Premium plugin. -->","yoast_head_json":{"title":"Na mira de Ancelotti, ele tem ganhado cada vez mais destaque no S\u00e3o Paulo","robots":{"index":"index","follow":"follow","max-snippet":"max-snippet:-1","max-image-preview":"max-image-preview:large","max-video-preview":"max-video-preview:-1"},"canonical":"https:\/\/www.gaveanews.com\/index.php\/2025\/05\/21\/na-mira-de-ancelotti-ele-tem-ganhado-cada-vez-mais-destaque-no-sao-paulo\/","og_locale":"pt_BR","og_type":"article","og_title":"Na mira de Ancelotti, ele tem ganhado cada vez mais destaque no S\u00e3o Paulo","og_description":"Atualmente, Oscar vem demonstrando uma mudan\u00e7a significativa em sua forma de atuar. No duelo contra o N\u00e1utico, v\u00e1lido pela terceira fase da Copa do Brasil, o camisa 8 do S\u00e3o Paulo se destacou atuando como segundo volante, fun\u00e7\u00e3o na qual tem se adaptado com surpreendente naturalidade. A escolha do t\u00e9cnico Luis Zubeld\u00eda em posicion\u00e1-lo mais [&hellip;]","og_url":"https:\/\/www.gaveanews.com\/index.php\/2025\/05\/21\/na-mira-de-ancelotti-ele-tem-ganhado-cada-vez-mais-destaque-no-sao-paulo\/","og_site_name":"G\u00e1vea News","article_publisher":"https:\/\/facebook.com\/gaveaNews\/","article_published_time":"2025-05-21T17:40:00+00:00","og_image":[{"width":977,"height":651,"url":"https:\/\/www.gaveanews.com\/wp-content\/uploads\/Escudo-do-Sao-Paulo.webp","type":"image\/webp"}],"author":"Ana Teixeira","twitter_card":"summary_large_image","twitter_misc":{"Escrito por":"Ana Teixeira","Est. tempo de leitura":"4 minutos"},"schema":{"@context":"https:\/\/schema.org","@graph":[{"@type":"NewsArticle","@id":"https:\/\/www.gaveanews.com\/index.php\/2025\/05\/21\/na-mira-de-ancelotti-ele-tem-ganhado-cada-vez-mais-destaque-no-sao-paulo\/#article","isPartOf":{"@id":"https:\/\/www.gaveanews.com\/index.php\/2025\/05\/21\/na-mira-de-ancelotti-ele-tem-ganhado-cada-vez-mais-destaque-no-sao-paulo\/"},"author":{"name":"Ana Teixeira","@id":"https:\/\/www.gaveanews.com\/#\/schema\/person\/3b19f7288b0ce20372991275e4f2e6c2"},"headline":"Na mira de Ancelotti, ele tem ganhado cada vez mais destaque no S\u00e3o Paulo","datePublished":"2025-05-21T17:40:00+00:00","mainEntityOfPage":{"@id":"https:\/\/www.gaveanews.com\/index.php\/2025\/05\/21\/na-mira-de-ancelotti-ele-tem-ganhado-cada-vez-mais-destaque-no-sao-paulo\/"},"wordCount":747,"commentCount":0,"image":{"@id":"https:\/\/www.gaveanews.com\/index.php\/2025\/05\/21\/na-mira-de-ancelotti-ele-tem-ganhado-cada-vez-mais-destaque-no-sao-paulo\/#primaryimage"},"thumbnailUrl":"https:\/\/www.gaveanews.com\/wp-content\/uploads\/Escudo-do-Sao-Paulo.webp","articleSection":["S\u00e3o Paulo"],"inLanguage":"pt-BR","potentialAction":[{"@type":"CommentAction","name":"Comment","target":["https:\/\/www.gaveanews.com\/index.php\/2025\/05\/21\/na-mira-de-ancelotti-ele-tem-ganhado-cada-vez-mais-destaque-no-sao-paulo\/#respond"]}],"copyrightYear":"2025","copyrightHolder":{"@id":"https:\/\/www.gaveanews.com\/#organization"}},{"@type":"WebPage","@id":"https:\/\/www.gaveanews.com\/index.php\/2025\/05\/21\/na-mira-de-ancelotti-ele-tem-ganhado-cada-vez-mais-destaque-no-sao-paulo\/","url":"https:\/\/www.gaveanews.com\/index.php\/2025\/05\/21\/na-mira-de-ancelotti-ele-tem-ganhado-cada-vez-mais-destaque-no-sao-paulo\/","name":"Na mira de Ancelotti, ele tem ganhado cada vez mais destaque no S\u00e3o Paulo","isPartOf":{"@id":"https:\/\/www.gaveanews.com\/#website"},"primaryImageOfPage":{"@id":"https:\/\/www.gaveanews.com\/index.php\/2025\/05\/21\/na-mira-de-ancelotti-ele-tem-ganhado-cada-vez-mais-destaque-no-sao-paulo\/#primaryimage"},"image":{"@id":"https:\/\/www.gaveanews.com\/index.php\/2025\/05\/21\/na-mira-de-ancelotti-ele-tem-ganhado-cada-vez-mais-destaque-no-sao-paulo\/#primaryimage"},"thumbnailUrl":"https:\/\/www.gaveanews.com\/wp-content\/uploads\/Escudo-do-Sao-Paulo.webp","datePublished":"2025-05-21T17:40:00+00:00","author":{"@id":"https:\/\/www.gaveanews.com\/#\/schema\/person\/3b19f7288b0ce20372991275e4f2e6c2"},"breadcrumb":{"@id":"https:\/\/www.gaveanews.com\/index.php\/2025\/05\/21\/na-mira-de-ancelotti-ele-tem-ganhado-cada-vez-mais-destaque-no-sao-paulo\/#breadcrumb"},"inLanguage":"pt-BR","potentialAction":[{"@type":"ReadAction","target":["https:\/\/www.gaveanews.com\/index.php\/2025\/05\/21\/na-mira-de-ancelotti-ele-tem-ganhado-cada-vez-mais-destaque-no-sao-paulo\/"]}]},{"@type":"ImageObject","inLanguage":"pt-BR","@id":"https:\/\/www.gaveanews.com\/index.php\/2025\/05\/21\/na-mira-de-ancelotti-ele-tem-ganhado-cada-vez-mais-destaque-no-sao-paulo\/#primaryimage","url":"https:\/\/www.gaveanews.com\/wp-content\/uploads\/Escudo-do-Sao-Paulo.webp","contentUrl":"https:\/\/www.gaveanews.com\/wp-content\/uploads\/Escudo-do-Sao-Paulo.webp","width":977,"height":651,"caption":"Escudo do S\u00e3o Paulo (Foto: Reprodu\u00e7\u00e3o\/S\u00e3o Paulo)"},{"@type":"BreadcrumbList","@id":"https:\/\/www.gaveanews.com\/index.php\/2025\/05\/21\/na-mira-de-ancelotti-ele-tem-ganhado-cada-vez-mais-destaque-no-sao-paulo\/#breadcrumb","itemListElement":[{"@type":"ListItem","position":1,"name":"Home","item":"https:\/\/www.gaveanews.com\/"},{"@type":"ListItem","position":2,"name":"Na mira de Ancelotti, ele tem ganhado cada vez mais destaque no S\u00e3o Paulo"}]},{"@type":"WebSite","@id":"https:\/\/www.gaveanews.com\/#website","url":"https:\/\/www.gaveanews.com\/","name":"G\u00e1vea News","description":"Veja todas as not\u00edcias sobre o Flamengo: Contrata\u00e7\u00f5es, categorias de base, resultados das partidas, tabela de classifica\u00e7\u00e3o, pr\u00f3ximos jogos!","potentialAction":[{"@type":"SearchAction","target":{"@type":"EntryPoint","urlTemplate":"https:\/\/www.gaveanews.com\/?s={search_term_string}"},"query-input":{"@type":"PropertyValueSpecification","valueRequired":true,"valueName":"search_term_string"}}],"inLanguage":"pt-BR"},{"@type":"Person","@id":"https:\/\/www.gaveanews.com\/#\/schema\/person\/3b19f7288b0ce20372991275e4f2e6c2","name":"Ana Teixeira","image":{"@type":"ImageObject","inLanguage":"pt-BR","@id":"https:\/\/www.gaveanews.com\/#\/schema\/person\/image\/","url":"https:\/\/secure.gravatar.com\/avatar\/0a73f5a5258f3fed37fc2fa641892f3f7a4748456d4d4792f9bc550e6c19e06c?s=96&d=mm&r=g","contentUrl":"https:\/\/secure.gravatar.com\/avatar\/0a73f5a5258f3fed37fc2fa641892f3f7a4748456d4d4792f9bc550e6c19e06c?s=96&d=mm&r=g","caption":"Ana Teixeira"}}]}},"_links":{"self":[{"href":"https:\/\/www.gaveanews.com\/index.php\/wp-json\/wp\/v2\/posts\/265739","targetHints":{"allow":["GET"]}}],"collection":[{"href":"https:\/\/www.gaveanews.com\/index.php\/wp-json\/wp\/v2\/posts"}],"about":[{"href":"https:\/\/www.gaveanews.com\/index.php\/wp-json\/wp\/v2\/types\/post"}],"author":[{"embeddable":true,"href":"https:\/\/www.gaveanews.com\/index.php\/wp-json\/wp\/v2\/users\/30"}],"replies":[{"embeddable":true,"href":"https:\/\/www.gaveanews.com\/index.php\/wp-json\/wp\/v2\/comments?post=265739"}],"version-history":[{"count":1,"href":"https:\/\/www.gaveanews.com\/index.php\/wp-json\/wp\/v2\/posts\/265739\/revisions"}],"predecessor-version":[{"id":265746,"href":"https:\/\/www.gaveanews.com\/index.php\/wp-json\/wp\/v2\/posts\/265739\/revisions\/265746"}],"wp:featuredmedia":[{"embeddable":true,"href":"https:\/\/www.gaveanews.com\/index.php\/wp-json\/wp\/v2\/media\/154451"}],"wp:attachment":[{"href":"https:\/\/www.gaveanews.com\/index.php\/wp-json\/wp\/v2\/media?parent=265739"}],"wp:term":[{"taxonomy":"category","embeddable":true,"href":"https:\/\/www.gaveanews.com\/index.php\/wp-json\/wp\/v2\/categories?post=265739"},{"taxonomy":"post_tag","embeddable":true,"href":"https:\/\/www.gaveanews.com\/index.php\/wp-json\/wp\/v2\/tags?post=265739"}],"curies":[{"name":"wp","href":"https:\/\/api.w.org\/{rel}","templated":true}]}}