{"id":265742,"date":"2025-05-21T14:35:00","date_gmt":"2025-05-21T17:35:00","guid":{"rendered":"https:\/\/www.gaveanews.com\/?p=265742"},"modified":"2025-05-21T13:43:52","modified_gmt":"2025-05-21T16:43:52","slug":"divida-milionaria-do-botafogo-impediu-chegada-de-wedel-ao-clube-entenda","status":"publish","type":"post","link":"https:\/\/www.gaveanews.com\/index.php\/2025\/05\/21\/divida-milionaria-do-botafogo-impediu-chegada-de-wedel-ao-clube-entenda\/","title":{"rendered":"D\u00edvida milion\u00e1ria do Botafogo impediu chegada de Wedel ao clube; entenda"},"content":{"rendered":"\n<p>Ap\u00f3s meses de expectativa, a transfer\u00eancia do volante Wendel para o Botafogo foi oficialmente cancelada. O meio-campista, que havia sido anunciado no in\u00edcio de 2025 em um acordo conjunto com Artur, n\u00e3o ser\u00e1 integrado ao elenco comandado por Artur Jorge. Conforme divulgado pelo O Globo nesta ter\u00e7a-feira (20), o neg\u00f3cio com o Zenit, da R\u00fassia, foi desfeito por motivos de ordem geopol\u00edtica .<\/p>\n\n\n\n<h2 class=\"wp-block-heading\" id=\"h-impasse-financeiro-e-politico\">Impasse financeiro e pol\u00edtico<\/h2>\n\n\n\n<p>A negocia\u00e7\u00e3o envolvendo Wendel se tornou invi\u00e1vel devido a uma pend\u00eancia na aquisi\u00e7\u00e3o de Artur, avaliada em 10 milh\u00f5es de euros (cerca de R$ 64 milh\u00f5es). O Botafogo, que j\u00e1 contava com o atacante, ainda n\u00e3o efetuou o pagamento. <\/p>\n\n\n\n<p>A SAF alvinegra justifica a inadimpl\u00eancia citando restri\u00e7\u00f5es impostas pelos Estados Unidos contra entidades associadas ao governo russo. Isso ocorre porque a Eagle Football, empresa de John Textor e controladora do clube carioca, est\u00e1 sediada em territ\u00f3rio norte-americano.<\/p>\n\n\n\n<p>Por outro lado, o Zenit j\u00e1 havia quitado a compra de Luiz Henrique, por 33 milh\u00f5es de euros (aproximadamente R$ 212 milh\u00f5es). Entretanto, segundo relatos da pr\u00f3pria diretoria botafoguense, &#8220;os russos podem pagar, mas n\u00e3o podem receber&#8221;, evidenciando o entrave jur\u00eddico-financeiro causado pelas san\u00e7\u00f5es internacionais em vigor desde o in\u00edcio do conflito entre R\u00fassia e Ucr\u00e2nia .<\/p>\n\n\n\n<h2 class=\"wp-block-heading\" id=\"h-reacao-e-nota-oficial\">Rea\u00e7\u00e3o e nota oficial<\/h2>\n\n\n\n<p>Wendel, que j\u00e1 havia iniciado a mudan\u00e7a para o Rio de Janeiro enquanto tratava uma les\u00e3o muscular, teve de retornar \u00e0 R\u00fassia. A apresenta\u00e7\u00e3o estava prevista para o dia 2 de junho, diretamente na capital fluminense. <\/p>\n\n\n\n<p>Em nota, o Botafogo afirmou que a rescis\u00e3o do acordo foi feita de comum acordo com o Zenit. O clube brasileiro agradeceu a postura profissional da equipe russa durante todo o processo, destacando o respeito e a transpar\u00eancia na condu\u00e7\u00e3o da negocia\u00e7\u00e3o .<\/p>\n\n\n\n<p>\u201cPor quest\u00f5es geopol\u00edticas, o neg\u00f3cio n\u00e3o poder\u00e1 ser conclu\u00eddo. Propriet\u00e1rios do clube russo foram inclu\u00eddos na lista de san\u00e7\u00f5es internacionais, o que impede, por lei dos Estados Unidos, qualquer transa\u00e7\u00e3o com a equipe\u201d, afirma o comunicado oficial.<\/p>\n\n\n\n<h2 class=\"wp-block-heading\" id=\"h-situacao-de-artur-segue-indefinida\">Situa\u00e7\u00e3o de Artur segue indefinida<\/h2>\n\n\n\n<p>Embora a transa\u00e7\u00e3o envolvendo Wendel tenha sido encerrada, Artur permanece no elenco alvinegro. A SAF segue negociando com as autoridades norte-americanas alternativas que viabilizem o pagamento. At\u00e9 o momento, o montante referente \u00e0 transfer\u00eancia ainda est\u00e1 &#8220;sob an\u00e1lise&#8221;, e n\u00e3o h\u00e1 confirma\u00e7\u00e3o se o impasse ser\u00e1 resolvido antes do fechamento da pr\u00f3xima janela de transfer\u00eancias .<\/p>\n\n\n\n<h2 class=\"wp-block-heading\" id=\"h-reestruturacao-no-planejamento\">Reestrutura\u00e7\u00e3o no planejamento<\/h2>\n\n\n\n<p>O desfecho inesperado da contrata\u00e7\u00e3o de Wendel impacta diretamente o planejamento do Botafogo para a temporada. Al\u00e9m de perder um refor\u00e7o esperado para o meio-campo, o clube lida com as consequ\u00eancias de entraves diplom\u00e1ticos, que fogem da esfera esportiva, mas comprometem a execu\u00e7\u00e3o de acordos previamente selados.<\/p>\n","protected":false},"excerpt":{"rendered":"<p>Ap\u00f3s meses de expectativa, a transfer\u00eancia do volante Wendel para o Botafogo foi oficialmente cancelada. O meio-campista, que havia sido anunciado no in\u00edcio de 2025 em um acordo conjunto com Artur, n\u00e3o ser\u00e1 integrado ao elenco comandado por Artur Jorge. Conforme divulgado pelo O Globo nesta ter\u00e7a-feira (20), o neg\u00f3cio com o Zenit, da R\u00fassia, [&hellip;]<\/p>\n","protected":false},"author":30,"featured_media":83824,"comment_status":"open","ping_status":"closed","sticky":false,"template":"","format":"standard","meta":{"footnotes":""},"categories":[138],"tags":[],"class_list":["post-265742","post","type-post","status-publish","format-standard","has-post-thumbnail","hentry","category-botafogo"],"yoast_head":"<!-- This site is optimized with the Yoast SEO Premium plugin v24.2 (Yoast SEO v26.9) - https:\/\/yoast.com\/product\/yoast-seo-premium-wordpress\/ -->\n<title>D\u00edvida milion\u00e1ria do Botafogo impediu chegada de Wedel ao clube; entenda<\/title>\n<meta name=\"robots\" content=\"index, follow, max-snippet:-1, max-image-preview:large, max-video-preview:-1\" \/>\n<link rel=\"canonical\" href=\"https:\/\/www.gaveanews.com\/index.php\/2025\/05\/21\/divida-milionaria-do-botafogo-impediu-chegada-de-wedel-ao-clube-entenda\/\" \/>\n<meta property=\"og:locale\" content=\"pt_BR\" \/>\n<meta property=\"og:type\" content=\"article\" \/>\n<meta property=\"og:title\" content=\"D\u00edvida milion\u00e1ria do Botafogo impediu chegada de Wedel ao clube; entenda\" \/>\n<meta property=\"og:description\" content=\"Ap\u00f3s meses de expectativa, a transfer\u00eancia do volante Wendel para o Botafogo foi oficialmente cancelada. O meio-campista, que havia sido anunciado no in\u00edcio de 2025 em um acordo conjunto com Artur, n\u00e3o ser\u00e1 integrado ao elenco comandado por Artur Jorge. Conforme divulgado pelo O Globo nesta ter\u00e7a-feira (20), o neg\u00f3cio com o Zenit, da R\u00fassia, [&hellip;]\" \/>\n<meta property=\"og:url\" content=\"https:\/\/www.gaveanews.com\/index.php\/2025\/05\/21\/divida-milionaria-do-botafogo-impediu-chegada-de-wedel-ao-clube-entenda\/\" \/>\n<meta property=\"og:site_name\" content=\"G\u00e1vea News\" \/>\n<meta property=\"article:publisher\" content=\"https:\/\/facebook.com\/gaveaNews\/\" \/>\n<meta property=\"article:published_time\" content=\"2025-05-21T17:35:00+00:00\" \/>\n<meta property=\"og:image\" content=\"https:\/\/www.gaveanews.com\/wp-content\/uploads\/Wendel-volante-do-Zenit.webp\" \/>\n\t<meta property=\"og:image:width\" content=\"1080\" \/>\n\t<meta property=\"og:image:height\" content=\"720\" \/>\n\t<meta property=\"og:image:type\" content=\"image\/webp\" \/>\n<meta name=\"author\" content=\"Ana Teixeira\" \/>\n<meta name=\"twitter:card\" content=\"summary_large_image\" \/>\n<meta name=\"twitter:label1\" content=\"Escrito por\" \/>\n\t<meta name=\"twitter:data1\" content=\"Ana Teixeira\" \/>\n\t<meta name=\"twitter:label2\" content=\"Est. tempo de leitura\" \/>\n\t<meta name=\"twitter:data2\" content=\"3 minutos\" \/>\n<script type=\"application\/ld+json\" class=\"yoast-schema-graph\">{\"@context\":\"https:\/\/schema.org\",\"@graph\":[{\"@type\":\"NewsArticle\",\"@id\":\"https:\/\/www.gaveanews.com\/index.php\/2025\/05\/21\/divida-milionaria-do-botafogo-impediu-chegada-de-wedel-ao-clube-entenda\/#article\",\"isPartOf\":{\"@id\":\"https:\/\/www.gaveanews.com\/index.php\/2025\/05\/21\/divida-milionaria-do-botafogo-impediu-chegada-de-wedel-ao-clube-entenda\/\"},\"author\":{\"name\":\"Ana Teixeira\",\"@id\":\"https:\/\/www.gaveanews.com\/#\/schema\/person\/3b19f7288b0ce20372991275e4f2e6c2\"},\"headline\":\"D\u00edvida milion\u00e1ria do Botafogo impediu chegada de Wedel ao clube; entenda\",\"datePublished\":\"2025-05-21T17:35:00+00:00\",\"mainEntityOfPage\":{\"@id\":\"https:\/\/www.gaveanews.com\/index.php\/2025\/05\/21\/divida-milionaria-do-botafogo-impediu-chegada-de-wedel-ao-clube-entenda\/\"},\"wordCount\":493,\"commentCount\":0,\"image\":{\"@id\":\"https:\/\/www.gaveanews.com\/index.php\/2025\/05\/21\/divida-milionaria-do-botafogo-impediu-chegada-de-wedel-ao-clube-entenda\/#primaryimage\"},\"thumbnailUrl\":\"https:\/\/www.gaveanews.com\/wp-content\/uploads\/Wendel-volante-do-Zenit.webp\",\"articleSection\":[\"Botafogo\"],\"inLanguage\":\"pt-BR\",\"potentialAction\":[{\"@type\":\"CommentAction\",\"name\":\"Comment\",\"target\":[\"https:\/\/www.gaveanews.com\/index.php\/2025\/05\/21\/divida-milionaria-do-botafogo-impediu-chegada-de-wedel-ao-clube-entenda\/#respond\"]}],\"copyrightYear\":\"2025\",\"copyrightHolder\":{\"@id\":\"https:\/\/www.gaveanews.com\/#organization\"}},{\"@type\":\"WebPage\",\"@id\":\"https:\/\/www.gaveanews.com\/index.php\/2025\/05\/21\/divida-milionaria-do-botafogo-impediu-chegada-de-wedel-ao-clube-entenda\/\",\"url\":\"https:\/\/www.gaveanews.com\/index.php\/2025\/05\/21\/divida-milionaria-do-botafogo-impediu-chegada-de-wedel-ao-clube-entenda\/\",\"name\":\"D\u00edvida milion\u00e1ria do Botafogo impediu chegada de Wedel ao clube; entenda\",\"isPartOf\":{\"@id\":\"https:\/\/www.gaveanews.com\/#website\"},\"primaryImageOfPage\":{\"@id\":\"https:\/\/www.gaveanews.com\/index.php\/2025\/05\/21\/divida-milionaria-do-botafogo-impediu-chegada-de-wedel-ao-clube-entenda\/#primaryimage\"},\"image\":{\"@id\":\"https:\/\/www.gaveanews.com\/index.php\/2025\/05\/21\/divida-milionaria-do-botafogo-impediu-chegada-de-wedel-ao-clube-entenda\/#primaryimage\"},\"thumbnailUrl\":\"https:\/\/www.gaveanews.com\/wp-content\/uploads\/Wendel-volante-do-Zenit.webp\",\"datePublished\":\"2025-05-21T17:35:00+00:00\",\"author\":{\"@id\":\"https:\/\/www.gaveanews.com\/#\/schema\/person\/3b19f7288b0ce20372991275e4f2e6c2\"},\"breadcrumb\":{\"@id\":\"https:\/\/www.gaveanews.com\/index.php\/2025\/05\/21\/divida-milionaria-do-botafogo-impediu-chegada-de-wedel-ao-clube-entenda\/#breadcrumb\"},\"inLanguage\":\"pt-BR\",\"potentialAction\":[{\"@type\":\"ReadAction\",\"target\":[\"https:\/\/www.gaveanews.com\/index.php\/2025\/05\/21\/divida-milionaria-do-botafogo-impediu-chegada-de-wedel-ao-clube-entenda\/\"]}]},{\"@type\":\"ImageObject\",\"inLanguage\":\"pt-BR\",\"@id\":\"https:\/\/www.gaveanews.com\/index.php\/2025\/05\/21\/divida-milionaria-do-botafogo-impediu-chegada-de-wedel-ao-clube-entenda\/#primaryimage\",\"url\":\"https:\/\/www.gaveanews.com\/wp-content\/uploads\/Wendel-volante-do-Zenit.webp\",\"contentUrl\":\"https:\/\/www.gaveanews.com\/wp-content\/uploads\/Wendel-volante-do-Zenit.webp\",\"width\":1080,\"height\":720,\"caption\":\"Wendel, volante do Zenit (Foto: Divulga\u00e7\u00e3o\/Zenit)\"},{\"@type\":\"BreadcrumbList\",\"@id\":\"https:\/\/www.gaveanews.com\/index.php\/2025\/05\/21\/divida-milionaria-do-botafogo-impediu-chegada-de-wedel-ao-clube-entenda\/#breadcrumb\",\"itemListElement\":[{\"@type\":\"ListItem\",\"position\":1,\"name\":\"Home\",\"item\":\"https:\/\/www.gaveanews.com\/\"},{\"@type\":\"ListItem\",\"position\":2,\"name\":\"D\u00edvida milion\u00e1ria do Botafogo impediu chegada de Wedel ao clube; entenda\"}]},{\"@type\":\"WebSite\",\"@id\":\"https:\/\/www.gaveanews.com\/#website\",\"url\":\"https:\/\/www.gaveanews.com\/\",\"name\":\"G\u00e1vea News\",\"description\":\"Veja todas as not\u00edcias sobre o Flamengo: Contrata\u00e7\u00f5es, categorias de base, resultados das partidas, tabela de classifica\u00e7\u00e3o, pr\u00f3ximos jogos!\",\"potentialAction\":[{\"@type\":\"SearchAction\",\"target\":{\"@type\":\"EntryPoint\",\"urlTemplate\":\"https:\/\/www.gaveanews.com\/?s={search_term_string}\"},\"query-input\":{\"@type\":\"PropertyValueSpecification\",\"valueRequired\":true,\"valueName\":\"search_term_string\"}}],\"inLanguage\":\"pt-BR\"},{\"@type\":\"Person\",\"@id\":\"https:\/\/www.gaveanews.com\/#\/schema\/person\/3b19f7288b0ce20372991275e4f2e6c2\",\"name\":\"Ana Teixeira\",\"image\":{\"@type\":\"ImageObject\",\"inLanguage\":\"pt-BR\",\"@id\":\"https:\/\/www.gaveanews.com\/#\/schema\/person\/image\/\",\"url\":\"https:\/\/secure.gravatar.com\/avatar\/0a73f5a5258f3fed37fc2fa641892f3f7a4748456d4d4792f9bc550e6c19e06c?s=96&d=mm&r=g\",\"contentUrl\":\"https:\/\/secure.gravatar.com\/avatar\/0a73f5a5258f3fed37fc2fa641892f3f7a4748456d4d4792f9bc550e6c19e06c?s=96&d=mm&r=g\",\"caption\":\"Ana Teixeira\"}}]}<\/script>\n<!-- \/ Yoast SEO Premium plugin. -->","yoast_head_json":{"title":"D\u00edvida milion\u00e1ria do Botafogo impediu chegada de Wedel ao clube; entenda","robots":{"index":"index","follow":"follow","max-snippet":"max-snippet:-1","max-image-preview":"max-image-preview:large","max-video-preview":"max-video-preview:-1"},"canonical":"https:\/\/www.gaveanews.com\/index.php\/2025\/05\/21\/divida-milionaria-do-botafogo-impediu-chegada-de-wedel-ao-clube-entenda\/","og_locale":"pt_BR","og_type":"article","og_title":"D\u00edvida milion\u00e1ria do Botafogo impediu chegada de Wedel ao clube; entenda","og_description":"Ap\u00f3s meses de expectativa, a transfer\u00eancia do volante Wendel para o Botafogo foi oficialmente cancelada. O meio-campista, que havia sido anunciado no in\u00edcio de 2025 em um acordo conjunto com Artur, n\u00e3o ser\u00e1 integrado ao elenco comandado por Artur Jorge. Conforme divulgado pelo O Globo nesta ter\u00e7a-feira (20), o neg\u00f3cio com o Zenit, da R\u00fassia, [&hellip;]","og_url":"https:\/\/www.gaveanews.com\/index.php\/2025\/05\/21\/divida-milionaria-do-botafogo-impediu-chegada-de-wedel-ao-clube-entenda\/","og_site_name":"G\u00e1vea News","article_publisher":"https:\/\/facebook.com\/gaveaNews\/","article_published_time":"2025-05-21T17:35:00+00:00","og_image":[{"width":1080,"height":720,"url":"https:\/\/www.gaveanews.com\/wp-content\/uploads\/Wendel-volante-do-Zenit.webp","type":"image\/webp"}],"author":"Ana Teixeira","twitter_card":"summary_large_image","twitter_misc":{"Escrito por":"Ana Teixeira","Est. tempo de leitura":"3 minutos"},"schema":{"@context":"https:\/\/schema.org","@graph":[{"@type":"NewsArticle","@id":"https:\/\/www.gaveanews.com\/index.php\/2025\/05\/21\/divida-milionaria-do-botafogo-impediu-chegada-de-wedel-ao-clube-entenda\/#article","isPartOf":{"@id":"https:\/\/www.gaveanews.com\/index.php\/2025\/05\/21\/divida-milionaria-do-botafogo-impediu-chegada-de-wedel-ao-clube-entenda\/"},"author":{"name":"Ana Teixeira","@id":"https:\/\/www.gaveanews.com\/#\/schema\/person\/3b19f7288b0ce20372991275e4f2e6c2"},"headline":"D\u00edvida milion\u00e1ria do Botafogo impediu chegada de Wedel ao clube; entenda","datePublished":"2025-05-21T17:35:00+00:00","mainEntityOfPage":{"@id":"https:\/\/www.gaveanews.com\/index.php\/2025\/05\/21\/divida-milionaria-do-botafogo-impediu-chegada-de-wedel-ao-clube-entenda\/"},"wordCount":493,"commentCount":0,"image":{"@id":"https:\/\/www.gaveanews.com\/index.php\/2025\/05\/21\/divida-milionaria-do-botafogo-impediu-chegada-de-wedel-ao-clube-entenda\/#primaryimage"},"thumbnailUrl":"https:\/\/www.gaveanews.com\/wp-content\/uploads\/Wendel-volante-do-Zenit.webp","articleSection":["Botafogo"],"inLanguage":"pt-BR","potentialAction":[{"@type":"CommentAction","name":"Comment","target":["https:\/\/www.gaveanews.com\/index.php\/2025\/05\/21\/divida-milionaria-do-botafogo-impediu-chegada-de-wedel-ao-clube-entenda\/#respond"]}],"copyrightYear":"2025","copyrightHolder":{"@id":"https:\/\/www.gaveanews.com\/#organization"}},{"@type":"WebPage","@id":"https:\/\/www.gaveanews.com\/index.php\/2025\/05\/21\/divida-milionaria-do-botafogo-impediu-chegada-de-wedel-ao-clube-entenda\/","url":"https:\/\/www.gaveanews.com\/index.php\/2025\/05\/21\/divida-milionaria-do-botafogo-impediu-chegada-de-wedel-ao-clube-entenda\/","name":"D\u00edvida milion\u00e1ria do Botafogo impediu chegada de Wedel ao clube; entenda","isPartOf":{"@id":"https:\/\/www.gaveanews.com\/#website"},"primaryImageOfPage":{"@id":"https:\/\/www.gaveanews.com\/index.php\/2025\/05\/21\/divida-milionaria-do-botafogo-impediu-chegada-de-wedel-ao-clube-entenda\/#primaryimage"},"image":{"@id":"https:\/\/www.gaveanews.com\/index.php\/2025\/05\/21\/divida-milionaria-do-botafogo-impediu-chegada-de-wedel-ao-clube-entenda\/#primaryimage"},"thumbnailUrl":"https:\/\/www.gaveanews.com\/wp-content\/uploads\/Wendel-volante-do-Zenit.webp","datePublished":"2025-05-21T17:35:00+00:00","author":{"@id":"https:\/\/www.gaveanews.com\/#\/schema\/person\/3b19f7288b0ce20372991275e4f2e6c2"},"breadcrumb":{"@id":"https:\/\/www.gaveanews.com\/index.php\/2025\/05\/21\/divida-milionaria-do-botafogo-impediu-chegada-de-wedel-ao-clube-entenda\/#breadcrumb"},"inLanguage":"pt-BR","potentialAction":[{"@type":"ReadAction","target":["https:\/\/www.gaveanews.com\/index.php\/2025\/05\/21\/divida-milionaria-do-botafogo-impediu-chegada-de-wedel-ao-clube-entenda\/"]}]},{"@type":"ImageObject","inLanguage":"pt-BR","@id":"https:\/\/www.gaveanews.com\/index.php\/2025\/05\/21\/divida-milionaria-do-botafogo-impediu-chegada-de-wedel-ao-clube-entenda\/#primaryimage","url":"https:\/\/www.gaveanews.com\/wp-content\/uploads\/Wendel-volante-do-Zenit.webp","contentUrl":"https:\/\/www.gaveanews.com\/wp-content\/uploads\/Wendel-volante-do-Zenit.webp","width":1080,"height":720,"caption":"Wendel, volante do Zenit (Foto: Divulga\u00e7\u00e3o\/Zenit)"},{"@type":"BreadcrumbList","@id":"https:\/\/www.gaveanews.com\/index.php\/2025\/05\/21\/divida-milionaria-do-botafogo-impediu-chegada-de-wedel-ao-clube-entenda\/#breadcrumb","itemListElement":[{"@type":"ListItem","position":1,"name":"Home","item":"https:\/\/www.gaveanews.com\/"},{"@type":"ListItem","position":2,"name":"D\u00edvida milion\u00e1ria do Botafogo impediu chegada de Wedel ao clube; entenda"}]},{"@type":"WebSite","@id":"https:\/\/www.gaveanews.com\/#website","url":"https:\/\/www.gaveanews.com\/","name":"G\u00e1vea News","description":"Veja todas as not\u00edcias sobre o Flamengo: Contrata\u00e7\u00f5es, categorias de base, resultados das partidas, tabela de classifica\u00e7\u00e3o, pr\u00f3ximos jogos!","potentialAction":[{"@type":"SearchAction","target":{"@type":"EntryPoint","urlTemplate":"https:\/\/www.gaveanews.com\/?s={search_term_string}"},"query-input":{"@type":"PropertyValueSpecification","valueRequired":true,"valueName":"search_term_string"}}],"inLanguage":"pt-BR"},{"@type":"Person","@id":"https:\/\/www.gaveanews.com\/#\/schema\/person\/3b19f7288b0ce20372991275e4f2e6c2","name":"Ana Teixeira","image":{"@type":"ImageObject","inLanguage":"pt-BR","@id":"https:\/\/www.gaveanews.com\/#\/schema\/person\/image\/","url":"https:\/\/secure.gravatar.com\/avatar\/0a73f5a5258f3fed37fc2fa641892f3f7a4748456d4d4792f9bc550e6c19e06c?s=96&d=mm&r=g","contentUrl":"https:\/\/secure.gravatar.com\/avatar\/0a73f5a5258f3fed37fc2fa641892f3f7a4748456d4d4792f9bc550e6c19e06c?s=96&d=mm&r=g","caption":"Ana Teixeira"}}]}},"_links":{"self":[{"href":"https:\/\/www.gaveanews.com\/index.php\/wp-json\/wp\/v2\/posts\/265742","targetHints":{"allow":["GET"]}}],"collection":[{"href":"https:\/\/www.gaveanews.com\/index.php\/wp-json\/wp\/v2\/posts"}],"about":[{"href":"https:\/\/www.gaveanews.com\/index.php\/wp-json\/wp\/v2\/types\/post"}],"author":[{"embeddable":true,"href":"https:\/\/www.gaveanews.com\/index.php\/wp-json\/wp\/v2\/users\/30"}],"replies":[{"embeddable":true,"href":"https:\/\/www.gaveanews.com\/index.php\/wp-json\/wp\/v2\/comments?post=265742"}],"version-history":[{"count":1,"href":"https:\/\/www.gaveanews.com\/index.php\/wp-json\/wp\/v2\/posts\/265742\/revisions"}],"predecessor-version":[{"id":265743,"href":"https:\/\/www.gaveanews.com\/index.php\/wp-json\/wp\/v2\/posts\/265742\/revisions\/265743"}],"wp:featuredmedia":[{"embeddable":true,"href":"https:\/\/www.gaveanews.com\/index.php\/wp-json\/wp\/v2\/media\/83824"}],"wp:attachment":[{"href":"https:\/\/www.gaveanews.com\/index.php\/wp-json\/wp\/v2\/media?parent=265742"}],"wp:term":[{"taxonomy":"category","embeddable":true,"href":"https:\/\/www.gaveanews.com\/index.php\/wp-json\/wp\/v2\/categories?post=265742"},{"taxonomy":"post_tag","embeddable":true,"href":"https:\/\/www.gaveanews.com\/index.php\/wp-json\/wp\/v2\/tags?post=265742"}],"curies":[{"name":"wp","href":"https:\/\/api.w.org\/{rel}","templated":true}]}}