{"id":265758,"date":"2025-05-21T14:32:00","date_gmt":"2025-05-21T17:32:00","guid":{"rendered":"https:\/\/www.gaveanews.com\/?p=265758"},"modified":"2025-05-21T14:31:49","modified_gmt":"2025-05-21T17:31:49","slug":"agora-wendel-nao-sera-mais-jogador-do-botafogo","status":"publish","type":"post","link":"https:\/\/www.gaveanews.com\/index.php\/2025\/05\/21\/agora-wendel-nao-sera-mais-jogador-do-botafogo\/","title":{"rendered":"AGORA: Wendel n\u00e3o ser\u00e1 mais jogador do Botafogo"},"content":{"rendered":"\n<p>A t\u00e3o esperada chegada de Wendel ao Botafogo n\u00e3o vai mais acontecer. O clube carioca comunicou nesta quarta-feira (21) o encerramento do contrato com o volante, que viria do Zenit, da R\u00fassia.&nbsp;<\/p>\n\n\n\n<p>A opera\u00e7\u00e3o foi cancelada por raz\u00f5es geopol\u00edticas, mais precisamente por san\u00e7\u00f5es internacionais que envolvem os donos do clube russo, cen\u00e1rio que impediu a conclus\u00e3o do neg\u00f3cio. A decis\u00e3o ocorre em comum acordo entre as partes e representa um rev\u00e9s importante na estrat\u00e9gia do Glorioso para a temporada.<\/p>\n\n\n\n<h2 class=\"wp-block-heading\" id=\"h-geopolitica-interfere-diretamente-no-futebol\">Geopol\u00edtica interfere diretamente no futebol<\/h2>\n\n\n\n<p>O problema surgiu porque um dos propriet\u00e1rios do Zenit foi inclu\u00eddo em uma lista de san\u00e7\u00f5es internacionais. Por isso, segundo a legisla\u00e7\u00e3o dos Estados Unidos, qualquer transa\u00e7\u00e3o entre o Botafogo e o clube russo se torna invi\u00e1vel, isso porque o acionista majorit\u00e1rio da SAF alvinegra, John Textor, \u00e9 cidad\u00e3o norte-americano.<\/p>\n\n\n\n<p>Vale destacar que Wendel era considerado uma pe\u00e7a estrat\u00e9gica para a disputa do Mundial de Clubes. O jogador deveria se apresentar em junho, mas, diante do imbr\u00f3glio pol\u00edtico, o plano foi descartado.<\/p>\n\n\n\n<h2 class=\"wp-block-heading\" id=\"h-acordo-envolvia-outras-transferencias-milionarias\">Acordo envolvia outras transfer\u00eancias milion\u00e1rias<\/h2>\n\n\n\n<p>A contrata\u00e7\u00e3o de Wendel estava atrelada ao acerto que levou Luiz Henrique ao Zenit, por 33 milh\u00f5es de euros (cerca de R$ 206 milh\u00f5es). O valor, no entanto, foi destinado ao Lyon, tamb\u00e9m sob controle do Eagle Football, de John Textor.<\/p>\n\n\n\n<p>Sendo assim, o Botafogo havia fechado tamb\u00e9m com o atacante Artur, por 10 milh\u00f5es de euros, e com o pr\u00f3prio Wendel, por 12 milh\u00f5es de euros. Artur j\u00e1 est\u00e1 em a\u00e7\u00e3o e soma 17 jogos com a camisa alvinegra. J\u00e1 o volante n\u00e3o chegar\u00e1 a vestir a Gloriosa.<\/p>\n\n\n\n<blockquote class=\"twitter-tweet\"><p lang=\"pt\" dir=\"ltr\">Informa\u00e7\u00e3o importante sobre o Botafogo: Wendel n\u00e3o vai mais refor\u00e7ar o Alvinegro. O acordo com o Zenit foi rompido. Mais informa\u00e7\u00f5es em breve no <a href=\"https:\/\/twitter.com\/sbtrio?ref_src=twsrc%5Etfw\">@sbtrio<\/a><\/p>&mdash; Ven\u00ea Casagrande (@venecasagrande) <a href=\"https:\/\/twitter.com\/venecasagrande\/status\/1925205349482602852?ref_src=twsrc%5Etfw\">May 21, 2025<\/a><\/blockquote> <script async src=\"https:\/\/platform.twitter.com\/widgets.js\" charset=\"utf-8\"><\/script>\n\n\n\n<h2 class=\"wp-block-heading\" id=\"h-botafogo-agradece-e-reforca-compromisso-com-o-mercado\">Botafogo agradece e refor\u00e7a compromisso com o mercado<\/h2>\n\n\n\n<p>Em nota oficial, o Botafogo destacou o profissionalismo do Zenit e de Wendel, mesmo diante de um cen\u00e1rio complicado.<\/p>\n\n\n\n<p>\u201cMesmo diante de um cen\u00e1rio complexo e fora do controle de ambas as partes, o clube russo sempre manteve uma condu\u00e7\u00e3o transparente e colaborativa, o que refor\u00e7a a sua grandeza.\u201d, disse o Botafogo.<\/p>\n\n\n\n<p>Por isso, o clube promete seguir atuante no mercado. Cabe ressaltar que a diretoria trabalha para refor\u00e7ar o elenco na pr\u00f3xima janela, porque a meta \u00e9 manter o time competitivo para os desafios de 2025.<\/p>\n\n\n\n<p>Dessa maneira, a sa\u00edda de Wendel abre espa\u00e7o para novas alternativas. Com isso, o torcedor pode esperar novidades em breve, e refor\u00e7os \u00e0 altura da ambi\u00e7\u00e3o do Glorioso.<\/p>\n","protected":false},"excerpt":{"rendered":"<p>A t\u00e3o esperada chegada de Wendel ao Botafogo n\u00e3o vai mais acontecer. O clube carioca comunicou nesta quarta-feira (21) o encerramento do contrato com o volante, que viria do Zenit, da R\u00fassia.&nbsp; A opera\u00e7\u00e3o foi cancelada por raz\u00f5es geopol\u00edticas, mais precisamente por san\u00e7\u00f5es internacionais que envolvem os donos do clube russo, cen\u00e1rio que impediu a [&hellip;]<\/p>\n","protected":false},"author":25,"featured_media":156132,"comment_status":"open","ping_status":"closed","sticky":false,"template":"","format":"standard","meta":{"footnotes":""},"categories":[138],"tags":[],"class_list":["post-265758","post","type-post","status-publish","format-standard","has-post-thumbnail","hentry","category-botafogo"],"yoast_head":"<!-- This site is optimized with the Yoast SEO Premium plugin v24.2 (Yoast SEO v26.9) - https:\/\/yoast.com\/product\/yoast-seo-premium-wordpress\/ -->\n<title>AGORA: Wendel n\u00e3o ser\u00e1 mais jogador do Botafogo<\/title>\n<meta name=\"robots\" content=\"index, follow, max-snippet:-1, max-image-preview:large, max-video-preview:-1\" \/>\n<link rel=\"canonical\" href=\"https:\/\/www.gaveanews.com\/index.php\/2025\/05\/21\/agora-wendel-nao-sera-mais-jogador-do-botafogo\/\" \/>\n<meta property=\"og:locale\" content=\"pt_BR\" \/>\n<meta property=\"og:type\" content=\"article\" \/>\n<meta property=\"og:title\" content=\"AGORA: Wendel n\u00e3o ser\u00e1 mais jogador do Botafogo\" \/>\n<meta property=\"og:description\" content=\"A t\u00e3o esperada chegada de Wendel ao Botafogo n\u00e3o vai mais acontecer. O clube carioca comunicou nesta quarta-feira (21) o encerramento do contrato com o volante, que viria do Zenit, da R\u00fassia.&nbsp; A opera\u00e7\u00e3o foi cancelada por raz\u00f5es geopol\u00edticas, mais precisamente por san\u00e7\u00f5es internacionais que envolvem os donos do clube russo, cen\u00e1rio que impediu a [&hellip;]\" \/>\n<meta property=\"og:url\" content=\"https:\/\/www.gaveanews.com\/index.php\/2025\/05\/21\/agora-wendel-nao-sera-mais-jogador-do-botafogo\/\" \/>\n<meta property=\"og:site_name\" content=\"G\u00e1vea News\" \/>\n<meta property=\"article:publisher\" content=\"https:\/\/facebook.com\/gaveaNews\/\" \/>\n<meta property=\"article:published_time\" content=\"2025-05-21T17:32:00+00:00\" \/>\n<meta property=\"og:image\" content=\"http:\/\/www.gaveanews.com\/wp-content\/uploads\/Escudo-do-Botafogo.webp\" \/>\n\t<meta property=\"og:image:width\" content=\"1053\" \/>\n\t<meta property=\"og:image:height\" content=\"702\" \/>\n\t<meta property=\"og:image:type\" content=\"image\/webp\" \/>\n<meta name=\"author\" content=\"Rafaela Ladeira\" \/>\n<meta name=\"twitter:card\" content=\"summary_large_image\" \/>\n<meta name=\"twitter:label1\" content=\"Escrito por\" \/>\n\t<meta name=\"twitter:data1\" content=\"Rafaela Ladeira\" \/>\n\t<meta name=\"twitter:label2\" content=\"Est. tempo de leitura\" \/>\n\t<meta name=\"twitter:data2\" content=\"3 minutos\" \/>\n<script type=\"application\/ld+json\" class=\"yoast-schema-graph\">{\"@context\":\"https:\/\/schema.org\",\"@graph\":[{\"@type\":\"NewsArticle\",\"@id\":\"https:\/\/www.gaveanews.com\/index.php\/2025\/05\/21\/agora-wendel-nao-sera-mais-jogador-do-botafogo\/#article\",\"isPartOf\":{\"@id\":\"https:\/\/www.gaveanews.com\/index.php\/2025\/05\/21\/agora-wendel-nao-sera-mais-jogador-do-botafogo\/\"},\"author\":{\"name\":\"Rafaela Ladeira\",\"@id\":\"https:\/\/www.gaveanews.com\/#\/schema\/person\/0eb3e3fe1754f0205218538adbe8f5ed\"},\"headline\":\"AGORA: Wendel n\u00e3o ser\u00e1 mais jogador do Botafogo\",\"datePublished\":\"2025-05-21T17:32:00+00:00\",\"mainEntityOfPage\":{\"@id\":\"https:\/\/www.gaveanews.com\/index.php\/2025\/05\/21\/agora-wendel-nao-sera-mais-jogador-do-botafogo\/\"},\"wordCount\":466,\"commentCount\":0,\"image\":{\"@id\":\"https:\/\/www.gaveanews.com\/index.php\/2025\/05\/21\/agora-wendel-nao-sera-mais-jogador-do-botafogo\/#primaryimage\"},\"thumbnailUrl\":\"https:\/\/www.gaveanews.com\/wp-content\/uploads\/Escudo-do-Botafogo.webp\",\"articleSection\":[\"Botafogo\"],\"inLanguage\":\"pt-BR\",\"potentialAction\":[{\"@type\":\"CommentAction\",\"name\":\"Comment\",\"target\":[\"https:\/\/www.gaveanews.com\/index.php\/2025\/05\/21\/agora-wendel-nao-sera-mais-jogador-do-botafogo\/#respond\"]}],\"copyrightYear\":\"2025\",\"copyrightHolder\":{\"@id\":\"https:\/\/www.gaveanews.com\/#organization\"}},{\"@type\":\"WebPage\",\"@id\":\"https:\/\/www.gaveanews.com\/index.php\/2025\/05\/21\/agora-wendel-nao-sera-mais-jogador-do-botafogo\/\",\"url\":\"https:\/\/www.gaveanews.com\/index.php\/2025\/05\/21\/agora-wendel-nao-sera-mais-jogador-do-botafogo\/\",\"name\":\"AGORA: Wendel n\u00e3o ser\u00e1 mais jogador do Botafogo\",\"isPartOf\":{\"@id\":\"https:\/\/www.gaveanews.com\/#website\"},\"primaryImageOfPage\":{\"@id\":\"https:\/\/www.gaveanews.com\/index.php\/2025\/05\/21\/agora-wendel-nao-sera-mais-jogador-do-botafogo\/#primaryimage\"},\"image\":{\"@id\":\"https:\/\/www.gaveanews.com\/index.php\/2025\/05\/21\/agora-wendel-nao-sera-mais-jogador-do-botafogo\/#primaryimage\"},\"thumbnailUrl\":\"https:\/\/www.gaveanews.com\/wp-content\/uploads\/Escudo-do-Botafogo.webp\",\"datePublished\":\"2025-05-21T17:32:00+00:00\",\"author\":{\"@id\":\"https:\/\/www.gaveanews.com\/#\/schema\/person\/0eb3e3fe1754f0205218538adbe8f5ed\"},\"breadcrumb\":{\"@id\":\"https:\/\/www.gaveanews.com\/index.php\/2025\/05\/21\/agora-wendel-nao-sera-mais-jogador-do-botafogo\/#breadcrumb\"},\"inLanguage\":\"pt-BR\",\"potentialAction\":[{\"@type\":\"ReadAction\",\"target\":[\"https:\/\/www.gaveanews.com\/index.php\/2025\/05\/21\/agora-wendel-nao-sera-mais-jogador-do-botafogo\/\"]}]},{\"@type\":\"ImageObject\",\"inLanguage\":\"pt-BR\",\"@id\":\"https:\/\/www.gaveanews.com\/index.php\/2025\/05\/21\/agora-wendel-nao-sera-mais-jogador-do-botafogo\/#primaryimage\",\"url\":\"https:\/\/www.gaveanews.com\/wp-content\/uploads\/Escudo-do-Botafogo.webp\",\"contentUrl\":\"https:\/\/www.gaveanews.com\/wp-content\/uploads\/Escudo-do-Botafogo.webp\",\"width\":1053,\"height\":702,\"caption\":\"Escudo do Botafogo (Foto: Reprodu\u00e7\u00e3o\/Botafogo)\"},{\"@type\":\"BreadcrumbList\",\"@id\":\"https:\/\/www.gaveanews.com\/index.php\/2025\/05\/21\/agora-wendel-nao-sera-mais-jogador-do-botafogo\/#breadcrumb\",\"itemListElement\":[{\"@type\":\"ListItem\",\"position\":1,\"name\":\"Home\",\"item\":\"https:\/\/www.gaveanews.com\/\"},{\"@type\":\"ListItem\",\"position\":2,\"name\":\"AGORA: Wendel n\u00e3o ser\u00e1 mais jogador do Botafogo\"}]},{\"@type\":\"WebSite\",\"@id\":\"https:\/\/www.gaveanews.com\/#website\",\"url\":\"https:\/\/www.gaveanews.com\/\",\"name\":\"G\u00e1vea News\",\"description\":\"Veja todas as not\u00edcias sobre o Flamengo: Contrata\u00e7\u00f5es, categorias de base, resultados das partidas, tabela de classifica\u00e7\u00e3o, pr\u00f3ximos jogos!\",\"potentialAction\":[{\"@type\":\"SearchAction\",\"target\":{\"@type\":\"EntryPoint\",\"urlTemplate\":\"https:\/\/www.gaveanews.com\/?s={search_term_string}\"},\"query-input\":{\"@type\":\"PropertyValueSpecification\",\"valueRequired\":true,\"valueName\":\"search_term_string\"}}],\"inLanguage\":\"pt-BR\"},{\"@type\":\"Person\",\"@id\":\"https:\/\/www.gaveanews.com\/#\/schema\/person\/0eb3e3fe1754f0205218538adbe8f5ed\",\"name\":\"Rafaela Ladeira\",\"image\":{\"@type\":\"ImageObject\",\"inLanguage\":\"pt-BR\",\"@id\":\"https:\/\/www.gaveanews.com\/#\/schema\/person\/image\/\",\"url\":\"https:\/\/secure.gravatar.com\/avatar\/c31f513acffd85eacab5730cbdfdbbf59f21ba5aeada8cd890acea879fbb2455?s=96&d=mm&r=g\",\"contentUrl\":\"https:\/\/secure.gravatar.com\/avatar\/c31f513acffd85eacab5730cbdfdbbf59f21ba5aeada8cd890acea879fbb2455?s=96&d=mm&r=g\",\"caption\":\"Rafaela Ladeira\"}}]}<\/script>\n<!-- \/ Yoast SEO Premium plugin. -->","yoast_head_json":{"title":"AGORA: Wendel n\u00e3o ser\u00e1 mais jogador do Botafogo","robots":{"index":"index","follow":"follow","max-snippet":"max-snippet:-1","max-image-preview":"max-image-preview:large","max-video-preview":"max-video-preview:-1"},"canonical":"https:\/\/www.gaveanews.com\/index.php\/2025\/05\/21\/agora-wendel-nao-sera-mais-jogador-do-botafogo\/","og_locale":"pt_BR","og_type":"article","og_title":"AGORA: Wendel n\u00e3o ser\u00e1 mais jogador do Botafogo","og_description":"A t\u00e3o esperada chegada de Wendel ao Botafogo n\u00e3o vai mais acontecer. O clube carioca comunicou nesta quarta-feira (21) o encerramento do contrato com o volante, que viria do Zenit, da R\u00fassia.&nbsp; A opera\u00e7\u00e3o foi cancelada por raz\u00f5es geopol\u00edticas, mais precisamente por san\u00e7\u00f5es internacionais que envolvem os donos do clube russo, cen\u00e1rio que impediu a [&hellip;]","og_url":"https:\/\/www.gaveanews.com\/index.php\/2025\/05\/21\/agora-wendel-nao-sera-mais-jogador-do-botafogo\/","og_site_name":"G\u00e1vea News","article_publisher":"https:\/\/facebook.com\/gaveaNews\/","article_published_time":"2025-05-21T17:32:00+00:00","og_image":[{"width":1053,"height":702,"url":"http:\/\/www.gaveanews.com\/wp-content\/uploads\/Escudo-do-Botafogo.webp","type":"image\/webp"}],"author":"Rafaela Ladeira","twitter_card":"summary_large_image","twitter_misc":{"Escrito por":"Rafaela Ladeira","Est. tempo de leitura":"3 minutos"},"schema":{"@context":"https:\/\/schema.org","@graph":[{"@type":"NewsArticle","@id":"https:\/\/www.gaveanews.com\/index.php\/2025\/05\/21\/agora-wendel-nao-sera-mais-jogador-do-botafogo\/#article","isPartOf":{"@id":"https:\/\/www.gaveanews.com\/index.php\/2025\/05\/21\/agora-wendel-nao-sera-mais-jogador-do-botafogo\/"},"author":{"name":"Rafaela Ladeira","@id":"https:\/\/www.gaveanews.com\/#\/schema\/person\/0eb3e3fe1754f0205218538adbe8f5ed"},"headline":"AGORA: Wendel n\u00e3o ser\u00e1 mais jogador do Botafogo","datePublished":"2025-05-21T17:32:00+00:00","mainEntityOfPage":{"@id":"https:\/\/www.gaveanews.com\/index.php\/2025\/05\/21\/agora-wendel-nao-sera-mais-jogador-do-botafogo\/"},"wordCount":466,"commentCount":0,"image":{"@id":"https:\/\/www.gaveanews.com\/index.php\/2025\/05\/21\/agora-wendel-nao-sera-mais-jogador-do-botafogo\/#primaryimage"},"thumbnailUrl":"https:\/\/www.gaveanews.com\/wp-content\/uploads\/Escudo-do-Botafogo.webp","articleSection":["Botafogo"],"inLanguage":"pt-BR","potentialAction":[{"@type":"CommentAction","name":"Comment","target":["https:\/\/www.gaveanews.com\/index.php\/2025\/05\/21\/agora-wendel-nao-sera-mais-jogador-do-botafogo\/#respond"]}],"copyrightYear":"2025","copyrightHolder":{"@id":"https:\/\/www.gaveanews.com\/#organization"}},{"@type":"WebPage","@id":"https:\/\/www.gaveanews.com\/index.php\/2025\/05\/21\/agora-wendel-nao-sera-mais-jogador-do-botafogo\/","url":"https:\/\/www.gaveanews.com\/index.php\/2025\/05\/21\/agora-wendel-nao-sera-mais-jogador-do-botafogo\/","name":"AGORA: Wendel n\u00e3o ser\u00e1 mais jogador do Botafogo","isPartOf":{"@id":"https:\/\/www.gaveanews.com\/#website"},"primaryImageOfPage":{"@id":"https:\/\/www.gaveanews.com\/index.php\/2025\/05\/21\/agora-wendel-nao-sera-mais-jogador-do-botafogo\/#primaryimage"},"image":{"@id":"https:\/\/www.gaveanews.com\/index.php\/2025\/05\/21\/agora-wendel-nao-sera-mais-jogador-do-botafogo\/#primaryimage"},"thumbnailUrl":"https:\/\/www.gaveanews.com\/wp-content\/uploads\/Escudo-do-Botafogo.webp","datePublished":"2025-05-21T17:32:00+00:00","author":{"@id":"https:\/\/www.gaveanews.com\/#\/schema\/person\/0eb3e3fe1754f0205218538adbe8f5ed"},"breadcrumb":{"@id":"https:\/\/www.gaveanews.com\/index.php\/2025\/05\/21\/agora-wendel-nao-sera-mais-jogador-do-botafogo\/#breadcrumb"},"inLanguage":"pt-BR","potentialAction":[{"@type":"ReadAction","target":["https:\/\/www.gaveanews.com\/index.php\/2025\/05\/21\/agora-wendel-nao-sera-mais-jogador-do-botafogo\/"]}]},{"@type":"ImageObject","inLanguage":"pt-BR","@id":"https:\/\/www.gaveanews.com\/index.php\/2025\/05\/21\/agora-wendel-nao-sera-mais-jogador-do-botafogo\/#primaryimage","url":"https:\/\/www.gaveanews.com\/wp-content\/uploads\/Escudo-do-Botafogo.webp","contentUrl":"https:\/\/www.gaveanews.com\/wp-content\/uploads\/Escudo-do-Botafogo.webp","width":1053,"height":702,"caption":"Escudo do Botafogo (Foto: Reprodu\u00e7\u00e3o\/Botafogo)"},{"@type":"BreadcrumbList","@id":"https:\/\/www.gaveanews.com\/index.php\/2025\/05\/21\/agora-wendel-nao-sera-mais-jogador-do-botafogo\/#breadcrumb","itemListElement":[{"@type":"ListItem","position":1,"name":"Home","item":"https:\/\/www.gaveanews.com\/"},{"@type":"ListItem","position":2,"name":"AGORA: Wendel n\u00e3o ser\u00e1 mais jogador do Botafogo"}]},{"@type":"WebSite","@id":"https:\/\/www.gaveanews.com\/#website","url":"https:\/\/www.gaveanews.com\/","name":"G\u00e1vea News","description":"Veja todas as not\u00edcias sobre o Flamengo: Contrata\u00e7\u00f5es, categorias de base, resultados das partidas, tabela de classifica\u00e7\u00e3o, pr\u00f3ximos jogos!","potentialAction":[{"@type":"SearchAction","target":{"@type":"EntryPoint","urlTemplate":"https:\/\/www.gaveanews.com\/?s={search_term_string}"},"query-input":{"@type":"PropertyValueSpecification","valueRequired":true,"valueName":"search_term_string"}}],"inLanguage":"pt-BR"},{"@type":"Person","@id":"https:\/\/www.gaveanews.com\/#\/schema\/person\/0eb3e3fe1754f0205218538adbe8f5ed","name":"Rafaela Ladeira","image":{"@type":"ImageObject","inLanguage":"pt-BR","@id":"https:\/\/www.gaveanews.com\/#\/schema\/person\/image\/","url":"https:\/\/secure.gravatar.com\/avatar\/c31f513acffd85eacab5730cbdfdbbf59f21ba5aeada8cd890acea879fbb2455?s=96&d=mm&r=g","contentUrl":"https:\/\/secure.gravatar.com\/avatar\/c31f513acffd85eacab5730cbdfdbbf59f21ba5aeada8cd890acea879fbb2455?s=96&d=mm&r=g","caption":"Rafaela Ladeira"}}]}},"_links":{"self":[{"href":"https:\/\/www.gaveanews.com\/index.php\/wp-json\/wp\/v2\/posts\/265758","targetHints":{"allow":["GET"]}}],"collection":[{"href":"https:\/\/www.gaveanews.com\/index.php\/wp-json\/wp\/v2\/posts"}],"about":[{"href":"https:\/\/www.gaveanews.com\/index.php\/wp-json\/wp\/v2\/types\/post"}],"author":[{"embeddable":true,"href":"https:\/\/www.gaveanews.com\/index.php\/wp-json\/wp\/v2\/users\/25"}],"replies":[{"embeddable":true,"href":"https:\/\/www.gaveanews.com\/index.php\/wp-json\/wp\/v2\/comments?post=265758"}],"version-history":[{"count":1,"href":"https:\/\/www.gaveanews.com\/index.php\/wp-json\/wp\/v2\/posts\/265758\/revisions"}],"predecessor-version":[{"id":265759,"href":"https:\/\/www.gaveanews.com\/index.php\/wp-json\/wp\/v2\/posts\/265758\/revisions\/265759"}],"wp:featuredmedia":[{"embeddable":true,"href":"https:\/\/www.gaveanews.com\/index.php\/wp-json\/wp\/v2\/media\/156132"}],"wp:attachment":[{"href":"https:\/\/www.gaveanews.com\/index.php\/wp-json\/wp\/v2\/media?parent=265758"}],"wp:term":[{"taxonomy":"category","embeddable":true,"href":"https:\/\/www.gaveanews.com\/index.php\/wp-json\/wp\/v2\/categories?post=265758"},{"taxonomy":"post_tag","embeddable":true,"href":"https:\/\/www.gaveanews.com\/index.php\/wp-json\/wp\/v2\/tags?post=265758"}],"curies":[{"name":"wp","href":"https:\/\/api.w.org\/{rel}","templated":true}]}}