{"id":265765,"date":"2025-05-21T15:40:00","date_gmt":"2025-05-21T18:40:00","guid":{"rendered":"https:\/\/www.gaveanews.com\/?p=265765"},"modified":"2025-05-21T14:59:04","modified_gmt":"2025-05-21T17:59:04","slug":"a-declaracao-de-giay-do-palmeiras-sobre-lionel-messi","status":"publish","type":"post","link":"https:\/\/www.gaveanews.com\/index.php\/2025\/05\/21\/a-declaracao-de-giay-do-palmeiras-sobre-lionel-messi\/","title":{"rendered":"A declara\u00e7\u00e3o de Giay, do Palmeiras, sobre Lionel Messi"},"content":{"rendered":"\n<p>A trajet\u00f3ria de Agust\u00edn Giay no futebol vem sendo constru\u00edda com paci\u00eancia, resili\u00eancia e sonhos que remontam \u00e0 inf\u00e2ncia na Argentina. Atualmente em destaque no Palmeiras, o lateral-direito vive um momento de virada ap\u00f3s um in\u00edcio dif\u00edcil no clube paulista. Contudo, entre os v\u00e1rios aspectos de sua jornada, um desejo espec\u00edfico se destaca: atuar ao lado de Lionel Messi.<\/p>\n\n\n\n<h3 class=\"wp-block-heading\" id=\"h-gostaria-de-jogar-com-o-messi\"><strong>&#8220;Gostaria de jogar com o Messi&#8221;<\/strong><\/h3>\n\n\n\n<p>Em entrevista divulgada nesta quarta-feira (21), Giay externou o carinho e a rever\u00eancia por aquele que considera seu maior \u00eddolo no esporte. \u201cGostaria de jogar com o Messi\u201d, declarou, ao refletir sobre seus objetivos profissionais mais \u00edntimos. <\/p>\n\n\n\n<p>O jovem de 21 anos, que foi revelado pelo San Lorenzo, guarda uma fotografia tirada ao lado de Messi, em 2022, quando ambos estavam na sele\u00e7\u00e3o argentina sub-20. A lembran\u00e7a, ainda exposta em suas redes sociais, simboliza o in\u00edcio de uma conex\u00e3o que agora pode ganhar novos contornos dentro de campo.<\/p>\n\n\n\n<p>Segundo o atleta, a possibilidade de reencontrar o camisa 10 argentino ocorrer\u00e1 durante a Copa do Mundo de Clubes. No dia 23 de junho, o Palmeiras enfrentar\u00e1 o Inter Miami nos Estados Unidos, em duelo aguardado com ansiedade tanto por Giay quanto por seus familiares. <\/p>\n\n\n\n<p>\u201cNo sorteio, minha fam\u00edlia, meus amigos, todos falaram: vai jogar contra o Messi. Acho que todo mundo quer chegar a esse momento\u201d, afirmou, sorridente, ao comentar sobre o confronto in\u00e9dito entre os dois.<\/p>\n\n\n\n<h3 class=\"wp-block-heading\" id=\"h-admiracao-antiga-e-inspiracao-constante\"><strong>Admira\u00e7\u00e3o antiga e inspira\u00e7\u00e3o constante<\/strong><\/h3>\n\n\n\n<p>A fala emocionada de Giay n\u00e3o surgiu por acaso. Sua admira\u00e7\u00e3o por Messi ultrapassa os limites do campo e est\u00e1 fortemente ligada \u00e0 sua forma\u00e7\u00e3o como jogador. O lateral, ali\u00e1s, mencionou que um de seus maiores objetivos \u00e9 vestir a camisa da sele\u00e7\u00e3o principal da Argentina. <\/p>\n\n\n\n<p>\u201cAcho que \u00e9 a coisa mais linda\u201d, disse, ao destacar que estar ao lado de Messi nesse contexto seria a realiza\u00e7\u00e3o de um sonho de inf\u00e2ncia.<\/p>\n\n\n\n<p>O jogador ainda refor\u00e7ou o quanto se espelha no astro argentino n\u00e3o apenas pela habilidade t\u00e9cnica, mas tamb\u00e9m pela postura profissional. A conex\u00e3o entre ambos parece ir al\u00e9m da conviv\u00eancia breve nas categorias de base da sele\u00e7\u00e3o. Messi representa, para Giay, um ideal de carreira e um exemplo de longevidade no futebol de alto n\u00edvel.<\/p>\n\n\n\n<h3 class=\"wp-block-heading\" id=\"h-preparacao-para-o-encontro\"><strong>Prepara\u00e7\u00e3o para o encontro<\/strong><\/h3>\n\n\n\n<p>Enquanto o duelo com o clube de Miami n\u00e3o acontece, Giay segue firme em seu processo de evolu\u00e7\u00e3o no Palmeiras. Depois de enfrentar cr\u00edticas em sua primeira temporada, o atleta conquistou espa\u00e7o no time titular com atua\u00e7\u00f5es consistentes, inclusive participando diretamente de uma vit\u00f3ria contra o Vasco. <\/p>\n\n\n\n<p>O jogador deixou claro que, apesar do ass\u00e9dio do futebol europeu, seu foco permanece no Verd\u00e3o: \u201cAgora estou aqui, minha cabe\u00e7a est\u00e1 aqui\u201d.<\/p>\n\n\n\n<p>Essa estabilidade emocional, conforme o pr\u00f3prio lateral revelou, tem sido constru\u00edda com o suporte de uma rede de apoio que inclui familiares, profissionais e companheiros de elenco. Entre os principais nomes citados por ele, est\u00e3o o t\u00e9cnico Abel Ferreira e o zagueiro Gustavo G\u00f3mez, que ofereceram conselhos e incentivo nos momentos mais dif\u00edceis.<\/p>\n","protected":false},"excerpt":{"rendered":"<p>A trajet\u00f3ria de Agust\u00edn Giay no futebol vem sendo constru\u00edda com paci\u00eancia, resili\u00eancia e sonhos que remontam \u00e0 inf\u00e2ncia na Argentina. Atualmente em destaque no Palmeiras, o lateral-direito vive um momento de virada ap\u00f3s um in\u00edcio dif\u00edcil no clube paulista. Contudo, entre os v\u00e1rios aspectos de sua jornada, um desejo espec\u00edfico se destaca: atuar ao [&hellip;]<\/p>\n","protected":false},"author":30,"featured_media":150548,"comment_status":"open","ping_status":"closed","sticky":false,"template":"","format":"standard","meta":{"footnotes":""},"categories":[150],"tags":[],"class_list":["post-265765","post","type-post","status-publish","format-standard","has-post-thumbnail","hentry","category-palmeiras"],"yoast_head":"<!-- This site is optimized with the Yoast SEO Premium plugin v24.2 (Yoast SEO v26.9) - https:\/\/yoast.com\/product\/yoast-seo-premium-wordpress\/ -->\n<title>A declara\u00e7\u00e3o de Giay, do Palmeiras, sobre Lionel Messi<\/title>\n<meta name=\"robots\" content=\"index, follow, max-snippet:-1, max-image-preview:large, max-video-preview:-1\" \/>\n<link rel=\"canonical\" href=\"https:\/\/www.gaveanews.com\/index.php\/2025\/05\/21\/a-declaracao-de-giay-do-palmeiras-sobre-lionel-messi\/\" \/>\n<meta property=\"og:locale\" content=\"pt_BR\" \/>\n<meta property=\"og:type\" content=\"article\" \/>\n<meta property=\"og:title\" content=\"A declara\u00e7\u00e3o de Giay, do Palmeiras, sobre Lionel Messi\" \/>\n<meta property=\"og:description\" content=\"A trajet\u00f3ria de Agust\u00edn Giay no futebol vem sendo constru\u00edda com paci\u00eancia, resili\u00eancia e sonhos que remontam \u00e0 inf\u00e2ncia na Argentina. Atualmente em destaque no Palmeiras, o lateral-direito vive um momento de virada ap\u00f3s um in\u00edcio dif\u00edcil no clube paulista. Contudo, entre os v\u00e1rios aspectos de sua jornada, um desejo espec\u00edfico se destaca: atuar ao [&hellip;]\" \/>\n<meta property=\"og:url\" content=\"https:\/\/www.gaveanews.com\/index.php\/2025\/05\/21\/a-declaracao-de-giay-do-palmeiras-sobre-lionel-messi\/\" \/>\n<meta property=\"og:site_name\" content=\"G\u00e1vea News\" \/>\n<meta property=\"article:publisher\" content=\"https:\/\/facebook.com\/gaveaNews\/\" \/>\n<meta property=\"article:published_time\" content=\"2025-05-21T18:40:00+00:00\" \/>\n<meta property=\"og:image\" content=\"https:\/\/www.gaveanews.com\/wp-content\/uploads\/Augustin-Giay-durante-treino-do-Palmeiras.webp\" \/>\n\t<meta property=\"og:image:width\" content=\"1500\" \/>\n\t<meta property=\"og:image:height\" content=\"1500\" \/>\n\t<meta property=\"og:image:type\" content=\"image\/webp\" \/>\n<meta name=\"author\" content=\"Ana Teixeira\" \/>\n<meta name=\"twitter:card\" content=\"summary_large_image\" \/>\n<meta name=\"twitter:label1\" content=\"Escrito por\" \/>\n\t<meta name=\"twitter:data1\" content=\"Ana Teixeira\" \/>\n\t<meta name=\"twitter:label2\" content=\"Est. tempo de leitura\" \/>\n\t<meta name=\"twitter:data2\" content=\"3 minutos\" \/>\n<script type=\"application\/ld+json\" class=\"yoast-schema-graph\">{\"@context\":\"https:\/\/schema.org\",\"@graph\":[{\"@type\":\"NewsArticle\",\"@id\":\"https:\/\/www.gaveanews.com\/index.php\/2025\/05\/21\/a-declaracao-de-giay-do-palmeiras-sobre-lionel-messi\/#article\",\"isPartOf\":{\"@id\":\"https:\/\/www.gaveanews.com\/index.php\/2025\/05\/21\/a-declaracao-de-giay-do-palmeiras-sobre-lionel-messi\/\"},\"author\":{\"name\":\"Ana Teixeira\",\"@id\":\"https:\/\/www.gaveanews.com\/#\/schema\/person\/3b19f7288b0ce20372991275e4f2e6c2\"},\"headline\":\"A declara\u00e7\u00e3o de Giay, do Palmeiras, sobre Lionel Messi\",\"datePublished\":\"2025-05-21T18:40:00+00:00\",\"mainEntityOfPage\":{\"@id\":\"https:\/\/www.gaveanews.com\/index.php\/2025\/05\/21\/a-declaracao-de-giay-do-palmeiras-sobre-lionel-messi\/\"},\"wordCount\":543,\"commentCount\":0,\"image\":{\"@id\":\"https:\/\/www.gaveanews.com\/index.php\/2025\/05\/21\/a-declaracao-de-giay-do-palmeiras-sobre-lionel-messi\/#primaryimage\"},\"thumbnailUrl\":\"https:\/\/www.gaveanews.com\/wp-content\/uploads\/Augustin-Giay-durante-treino-do-Palmeiras.webp\",\"articleSection\":[\"Palmeiras\"],\"inLanguage\":\"pt-BR\",\"potentialAction\":[{\"@type\":\"CommentAction\",\"name\":\"Comment\",\"target\":[\"https:\/\/www.gaveanews.com\/index.php\/2025\/05\/21\/a-declaracao-de-giay-do-palmeiras-sobre-lionel-messi\/#respond\"]}],\"copyrightYear\":\"2025\",\"copyrightHolder\":{\"@id\":\"https:\/\/www.gaveanews.com\/#organization\"}},{\"@type\":\"WebPage\",\"@id\":\"https:\/\/www.gaveanews.com\/index.php\/2025\/05\/21\/a-declaracao-de-giay-do-palmeiras-sobre-lionel-messi\/\",\"url\":\"https:\/\/www.gaveanews.com\/index.php\/2025\/05\/21\/a-declaracao-de-giay-do-palmeiras-sobre-lionel-messi\/\",\"name\":\"A declara\u00e7\u00e3o de Giay, do Palmeiras, sobre Lionel Messi\",\"isPartOf\":{\"@id\":\"https:\/\/www.gaveanews.com\/#website\"},\"primaryImageOfPage\":{\"@id\":\"https:\/\/www.gaveanews.com\/index.php\/2025\/05\/21\/a-declaracao-de-giay-do-palmeiras-sobre-lionel-messi\/#primaryimage\"},\"image\":{\"@id\":\"https:\/\/www.gaveanews.com\/index.php\/2025\/05\/21\/a-declaracao-de-giay-do-palmeiras-sobre-lionel-messi\/#primaryimage\"},\"thumbnailUrl\":\"https:\/\/www.gaveanews.com\/wp-content\/uploads\/Augustin-Giay-durante-treino-do-Palmeiras.webp\",\"datePublished\":\"2025-05-21T18:40:00+00:00\",\"author\":{\"@id\":\"https:\/\/www.gaveanews.com\/#\/schema\/person\/3b19f7288b0ce20372991275e4f2e6c2\"},\"breadcrumb\":{\"@id\":\"https:\/\/www.gaveanews.com\/index.php\/2025\/05\/21\/a-declaracao-de-giay-do-palmeiras-sobre-lionel-messi\/#breadcrumb\"},\"inLanguage\":\"pt-BR\",\"potentialAction\":[{\"@type\":\"ReadAction\",\"target\":[\"https:\/\/www.gaveanews.com\/index.php\/2025\/05\/21\/a-declaracao-de-giay-do-palmeiras-sobre-lionel-messi\/\"]}]},{\"@type\":\"ImageObject\",\"inLanguage\":\"pt-BR\",\"@id\":\"https:\/\/www.gaveanews.com\/index.php\/2025\/05\/21\/a-declaracao-de-giay-do-palmeiras-sobre-lionel-messi\/#primaryimage\",\"url\":\"https:\/\/www.gaveanews.com\/wp-content\/uploads\/Augustin-Giay-durante-treino-do-Palmeiras.webp\",\"contentUrl\":\"https:\/\/www.gaveanews.com\/wp-content\/uploads\/Augustin-Giay-durante-treino-do-Palmeiras.webp\",\"width\":1500,\"height\":1500,\"caption\":\"Augustin Giay durante treino do Palmeiras (Foto: Reprodu\u00e7\u00e3o\/Palmeiras)\"},{\"@type\":\"BreadcrumbList\",\"@id\":\"https:\/\/www.gaveanews.com\/index.php\/2025\/05\/21\/a-declaracao-de-giay-do-palmeiras-sobre-lionel-messi\/#breadcrumb\",\"itemListElement\":[{\"@type\":\"ListItem\",\"position\":1,\"name\":\"Home\",\"item\":\"https:\/\/www.gaveanews.com\/\"},{\"@type\":\"ListItem\",\"position\":2,\"name\":\"A declara\u00e7\u00e3o de Giay, do Palmeiras, sobre Lionel Messi\"}]},{\"@type\":\"WebSite\",\"@id\":\"https:\/\/www.gaveanews.com\/#website\",\"url\":\"https:\/\/www.gaveanews.com\/\",\"name\":\"G\u00e1vea News\",\"description\":\"Veja todas as not\u00edcias sobre o Flamengo: Contrata\u00e7\u00f5es, categorias de base, resultados das partidas, tabela de classifica\u00e7\u00e3o, pr\u00f3ximos jogos!\",\"potentialAction\":[{\"@type\":\"SearchAction\",\"target\":{\"@type\":\"EntryPoint\",\"urlTemplate\":\"https:\/\/www.gaveanews.com\/?s={search_term_string}\"},\"query-input\":{\"@type\":\"PropertyValueSpecification\",\"valueRequired\":true,\"valueName\":\"search_term_string\"}}],\"inLanguage\":\"pt-BR\"},{\"@type\":\"Person\",\"@id\":\"https:\/\/www.gaveanews.com\/#\/schema\/person\/3b19f7288b0ce20372991275e4f2e6c2\",\"name\":\"Ana Teixeira\",\"image\":{\"@type\":\"ImageObject\",\"inLanguage\":\"pt-BR\",\"@id\":\"https:\/\/www.gaveanews.com\/#\/schema\/person\/image\/\",\"url\":\"https:\/\/secure.gravatar.com\/avatar\/0a73f5a5258f3fed37fc2fa641892f3f7a4748456d4d4792f9bc550e6c19e06c?s=96&d=mm&r=g\",\"contentUrl\":\"https:\/\/secure.gravatar.com\/avatar\/0a73f5a5258f3fed37fc2fa641892f3f7a4748456d4d4792f9bc550e6c19e06c?s=96&d=mm&r=g\",\"caption\":\"Ana Teixeira\"}}]}<\/script>\n<!-- \/ Yoast SEO Premium plugin. -->","yoast_head_json":{"title":"A declara\u00e7\u00e3o de Giay, do Palmeiras, sobre Lionel Messi","robots":{"index":"index","follow":"follow","max-snippet":"max-snippet:-1","max-image-preview":"max-image-preview:large","max-video-preview":"max-video-preview:-1"},"canonical":"https:\/\/www.gaveanews.com\/index.php\/2025\/05\/21\/a-declaracao-de-giay-do-palmeiras-sobre-lionel-messi\/","og_locale":"pt_BR","og_type":"article","og_title":"A declara\u00e7\u00e3o de Giay, do Palmeiras, sobre Lionel Messi","og_description":"A trajet\u00f3ria de Agust\u00edn Giay no futebol vem sendo constru\u00edda com paci\u00eancia, resili\u00eancia e sonhos que remontam \u00e0 inf\u00e2ncia na Argentina. Atualmente em destaque no Palmeiras, o lateral-direito vive um momento de virada ap\u00f3s um in\u00edcio dif\u00edcil no clube paulista. Contudo, entre os v\u00e1rios aspectos de sua jornada, um desejo espec\u00edfico se destaca: atuar ao [&hellip;]","og_url":"https:\/\/www.gaveanews.com\/index.php\/2025\/05\/21\/a-declaracao-de-giay-do-palmeiras-sobre-lionel-messi\/","og_site_name":"G\u00e1vea News","article_publisher":"https:\/\/facebook.com\/gaveaNews\/","article_published_time":"2025-05-21T18:40:00+00:00","og_image":[{"width":1500,"height":1500,"url":"https:\/\/www.gaveanews.com\/wp-content\/uploads\/Augustin-Giay-durante-treino-do-Palmeiras.webp","type":"image\/webp"}],"author":"Ana Teixeira","twitter_card":"summary_large_image","twitter_misc":{"Escrito por":"Ana Teixeira","Est. tempo de leitura":"3 minutos"},"schema":{"@context":"https:\/\/schema.org","@graph":[{"@type":"NewsArticle","@id":"https:\/\/www.gaveanews.com\/index.php\/2025\/05\/21\/a-declaracao-de-giay-do-palmeiras-sobre-lionel-messi\/#article","isPartOf":{"@id":"https:\/\/www.gaveanews.com\/index.php\/2025\/05\/21\/a-declaracao-de-giay-do-palmeiras-sobre-lionel-messi\/"},"author":{"name":"Ana Teixeira","@id":"https:\/\/www.gaveanews.com\/#\/schema\/person\/3b19f7288b0ce20372991275e4f2e6c2"},"headline":"A declara\u00e7\u00e3o de Giay, do Palmeiras, sobre Lionel Messi","datePublished":"2025-05-21T18:40:00+00:00","mainEntityOfPage":{"@id":"https:\/\/www.gaveanews.com\/index.php\/2025\/05\/21\/a-declaracao-de-giay-do-palmeiras-sobre-lionel-messi\/"},"wordCount":543,"commentCount":0,"image":{"@id":"https:\/\/www.gaveanews.com\/index.php\/2025\/05\/21\/a-declaracao-de-giay-do-palmeiras-sobre-lionel-messi\/#primaryimage"},"thumbnailUrl":"https:\/\/www.gaveanews.com\/wp-content\/uploads\/Augustin-Giay-durante-treino-do-Palmeiras.webp","articleSection":["Palmeiras"],"inLanguage":"pt-BR","potentialAction":[{"@type":"CommentAction","name":"Comment","target":["https:\/\/www.gaveanews.com\/index.php\/2025\/05\/21\/a-declaracao-de-giay-do-palmeiras-sobre-lionel-messi\/#respond"]}],"copyrightYear":"2025","copyrightHolder":{"@id":"https:\/\/www.gaveanews.com\/#organization"}},{"@type":"WebPage","@id":"https:\/\/www.gaveanews.com\/index.php\/2025\/05\/21\/a-declaracao-de-giay-do-palmeiras-sobre-lionel-messi\/","url":"https:\/\/www.gaveanews.com\/index.php\/2025\/05\/21\/a-declaracao-de-giay-do-palmeiras-sobre-lionel-messi\/","name":"A declara\u00e7\u00e3o de Giay, do Palmeiras, sobre Lionel Messi","isPartOf":{"@id":"https:\/\/www.gaveanews.com\/#website"},"primaryImageOfPage":{"@id":"https:\/\/www.gaveanews.com\/index.php\/2025\/05\/21\/a-declaracao-de-giay-do-palmeiras-sobre-lionel-messi\/#primaryimage"},"image":{"@id":"https:\/\/www.gaveanews.com\/index.php\/2025\/05\/21\/a-declaracao-de-giay-do-palmeiras-sobre-lionel-messi\/#primaryimage"},"thumbnailUrl":"https:\/\/www.gaveanews.com\/wp-content\/uploads\/Augustin-Giay-durante-treino-do-Palmeiras.webp","datePublished":"2025-05-21T18:40:00+00:00","author":{"@id":"https:\/\/www.gaveanews.com\/#\/schema\/person\/3b19f7288b0ce20372991275e4f2e6c2"},"breadcrumb":{"@id":"https:\/\/www.gaveanews.com\/index.php\/2025\/05\/21\/a-declaracao-de-giay-do-palmeiras-sobre-lionel-messi\/#breadcrumb"},"inLanguage":"pt-BR","potentialAction":[{"@type":"ReadAction","target":["https:\/\/www.gaveanews.com\/index.php\/2025\/05\/21\/a-declaracao-de-giay-do-palmeiras-sobre-lionel-messi\/"]}]},{"@type":"ImageObject","inLanguage":"pt-BR","@id":"https:\/\/www.gaveanews.com\/index.php\/2025\/05\/21\/a-declaracao-de-giay-do-palmeiras-sobre-lionel-messi\/#primaryimage","url":"https:\/\/www.gaveanews.com\/wp-content\/uploads\/Augustin-Giay-durante-treino-do-Palmeiras.webp","contentUrl":"https:\/\/www.gaveanews.com\/wp-content\/uploads\/Augustin-Giay-durante-treino-do-Palmeiras.webp","width":1500,"height":1500,"caption":"Augustin Giay durante treino do Palmeiras (Foto: Reprodu\u00e7\u00e3o\/Palmeiras)"},{"@type":"BreadcrumbList","@id":"https:\/\/www.gaveanews.com\/index.php\/2025\/05\/21\/a-declaracao-de-giay-do-palmeiras-sobre-lionel-messi\/#breadcrumb","itemListElement":[{"@type":"ListItem","position":1,"name":"Home","item":"https:\/\/www.gaveanews.com\/"},{"@type":"ListItem","position":2,"name":"A declara\u00e7\u00e3o de Giay, do Palmeiras, sobre Lionel Messi"}]},{"@type":"WebSite","@id":"https:\/\/www.gaveanews.com\/#website","url":"https:\/\/www.gaveanews.com\/","name":"G\u00e1vea News","description":"Veja todas as not\u00edcias sobre o Flamengo: Contrata\u00e7\u00f5es, categorias de base, resultados das partidas, tabela de classifica\u00e7\u00e3o, pr\u00f3ximos jogos!","potentialAction":[{"@type":"SearchAction","target":{"@type":"EntryPoint","urlTemplate":"https:\/\/www.gaveanews.com\/?s={search_term_string}"},"query-input":{"@type":"PropertyValueSpecification","valueRequired":true,"valueName":"search_term_string"}}],"inLanguage":"pt-BR"},{"@type":"Person","@id":"https:\/\/www.gaveanews.com\/#\/schema\/person\/3b19f7288b0ce20372991275e4f2e6c2","name":"Ana Teixeira","image":{"@type":"ImageObject","inLanguage":"pt-BR","@id":"https:\/\/www.gaveanews.com\/#\/schema\/person\/image\/","url":"https:\/\/secure.gravatar.com\/avatar\/0a73f5a5258f3fed37fc2fa641892f3f7a4748456d4d4792f9bc550e6c19e06c?s=96&d=mm&r=g","contentUrl":"https:\/\/secure.gravatar.com\/avatar\/0a73f5a5258f3fed37fc2fa641892f3f7a4748456d4d4792f9bc550e6c19e06c?s=96&d=mm&r=g","caption":"Ana Teixeira"}}]}},"_links":{"self":[{"href":"https:\/\/www.gaveanews.com\/index.php\/wp-json\/wp\/v2\/posts\/265765","targetHints":{"allow":["GET"]}}],"collection":[{"href":"https:\/\/www.gaveanews.com\/index.php\/wp-json\/wp\/v2\/posts"}],"about":[{"href":"https:\/\/www.gaveanews.com\/index.php\/wp-json\/wp\/v2\/types\/post"}],"author":[{"embeddable":true,"href":"https:\/\/www.gaveanews.com\/index.php\/wp-json\/wp\/v2\/users\/30"}],"replies":[{"embeddable":true,"href":"https:\/\/www.gaveanews.com\/index.php\/wp-json\/wp\/v2\/comments?post=265765"}],"version-history":[{"count":1,"href":"https:\/\/www.gaveanews.com\/index.php\/wp-json\/wp\/v2\/posts\/265765\/revisions"}],"predecessor-version":[{"id":265778,"href":"https:\/\/www.gaveanews.com\/index.php\/wp-json\/wp\/v2\/posts\/265765\/revisions\/265778"}],"wp:featuredmedia":[{"embeddable":true,"href":"https:\/\/www.gaveanews.com\/index.php\/wp-json\/wp\/v2\/media\/150548"}],"wp:attachment":[{"href":"https:\/\/www.gaveanews.com\/index.php\/wp-json\/wp\/v2\/media?parent=265765"}],"wp:term":[{"taxonomy":"category","embeddable":true,"href":"https:\/\/www.gaveanews.com\/index.php\/wp-json\/wp\/v2\/categories?post=265765"},{"taxonomy":"post_tag","embeddable":true,"href":"https:\/\/www.gaveanews.com\/index.php\/wp-json\/wp\/v2\/tags?post=265765"}],"curies":[{"name":"wp","href":"https:\/\/api.w.org\/{rel}","templated":true}]}}