{"id":265855,"date":"2025-05-21T18:40:00","date_gmt":"2025-05-21T21:40:00","guid":{"rendered":"https:\/\/www.gaveanews.com\/?p=265855"},"modified":"2025-05-21T15:51:59","modified_gmt":"2025-05-21T18:51:59","slug":"freytes-keno-lima-bernal-otavio-canobbio-german-cano-os-desfalques-do-fluminense-para-enfrentar-a-aparecidense","status":"publish","type":"post","link":"https:\/\/www.gaveanews.com\/index.php\/2025\/05\/21\/freytes-keno-lima-bernal-otavio-canobbio-german-cano-os-desfalques-do-fluminense-para-enfrentar-a-aparecidense\/","title":{"rendered":"Freytes, Keno, Lima, Bernal, Ot\u00e1vio, Canobbio, Germ\u00e1n Cano: os desfalques do Fluminense para enfrentar a Aparecidense"},"content":{"rendered":"\n<p>O Fluminense tem um desafio importante nesta quarta-feira (21), quando enfrenta a Aparecidense pela partida de volta da terceira fase da Copa do Brasil. O duelo ser\u00e1 disputado no Est\u00e1dio Man\u00e9 Garrincha, em Bras\u00edlia, \u00e0s 15h.&nbsp;<\/p>\n\n\n\n<p>Com a vantagem de 1 a 0 conquistada no Maracan\u00e3, o Tricolor chega em boa posi\u00e7\u00e3o, mas com uma lista preocupante de sete desfalques, o que pode influenciar diretamente no desempenho da equipe.<\/p>\n\n\n\n<h2 class=\"wp-block-heading\" id=\"h-problemas-fisicos-tiram-pecas-importantes-de-renato-gaucho\">Problemas f\u00edsicos tiram pe\u00e7as importantes de Renato Ga\u00facho<\/h2>\n\n\n\n<p>Vale destacar que o t\u00e9cnico Renato Ga\u00facho ter\u00e1 que montar seu time sem nomes fundamentais. Freytes e Keno est\u00e3o fora por controle de carga, um cuidado f\u00edsico para evitar les\u00f5es mais graves. Lima, por sua vez, ainda n\u00e3o foi relacionado mesmo tendo voltado aos treinos ap\u00f3s les\u00e3o na coxa direita.<\/p>\n\n\n\n<p>Bernal, com uma les\u00e3o grau 3 na coxa, e Ot\u00e1vio, que trata um problema no tend\u00e3o de Aquiles, seguem fora por tempo indeterminado. Canobbio tamb\u00e9m \u00e9 baixa importante: sofreu uma fratura no osso zigom\u00e1tico do lado esquerdo da face. Germ\u00e1n Cano, artilheiro do time, n\u00e3o joga por conta de uma les\u00e3o de grau 2 no ligamento colateral medial do joelho esquerdo.<\/p>\n\n\n\n<p>Com isso, o treinador ter\u00e1 que contar com o elenco de apoio e, possivelmente, promover mudan\u00e7as t\u00e1ticas para manter a solidez do time.<\/p>\n\n\n\n<h2 class=\"wp-block-heading\" id=\"h-tricolor-busca-equilibrio-diante-de-cenario-adverso\">Tricolor busca equil\u00edbrio diante de cen\u00e1rio adverso<\/h2>\n\n\n\n<p>Al\u00e9m disso, a partida ser\u00e1 disputada fora do Rio de Janeiro, o que exige um deslocamento consider\u00e1vel e um ambiente neutro, ainda que com poss\u00edvel apoio da torcida. Sendo assim, o Fluminense deve adotar uma postura equilibrada, controlando o jogo para n\u00e3o correr riscos desnecess\u00e1rios.<\/p>\n\n\n\n<p>Isso porque, mesmo com a vantagem no placar, o time goiano tentar\u00e1 surpreender. Por isso, aten\u00e7\u00e3o e disciplina t\u00e1tica ser\u00e3o fundamentais.<\/p>\n\n\n\n<p>Cabe ressaltar que avan\u00e7ar na Copa do Brasil \u00e9 crucial para os objetivos do clube na temporada. Dessa maneira, o Fluminense precisa superar os desfalques e confirmar a classifica\u00e7\u00e3o com personalidade. Desse jeito, mostra for\u00e7a mesmo em meio \u00e0s dificuldades. Portanto, a expectativa \u00e9 de um jogo duro, mas com favoritismo tricolor.<\/p>\n","protected":false},"excerpt":{"rendered":"<p>O Fluminense tem um desafio importante nesta quarta-feira (21), quando enfrenta a Aparecidense pela partida de volta da terceira fase da Copa do Brasil. O duelo ser\u00e1 disputado no Est\u00e1dio Man\u00e9 Garrincha, em Bras\u00edlia, \u00e0s 15h.&nbsp; Com a vantagem de 1 a 0 conquistada no Maracan\u00e3, o Tricolor chega em boa posi\u00e7\u00e3o, mas com uma [&hellip;]<\/p>\n","protected":false},"author":25,"featured_media":259606,"comment_status":"open","ping_status":"closed","sticky":false,"template":"","format":"standard","meta":{"footnotes":""},"categories":[145],"tags":[],"class_list":["post-265855","post","type-post","status-publish","format-standard","has-post-thumbnail","hentry","category-fluminense"],"yoast_head":"<!-- This site is optimized with the Yoast SEO Premium plugin v24.2 (Yoast SEO v26.9) - https:\/\/yoast.com\/product\/yoast-seo-premium-wordpress\/ -->\n<title>Freytes, Keno, Lima, Bernal, Ot\u00e1vio, Canobbio, Germ\u00e1n Cano: os desfalques do Fluminense para enfrentar a Aparecidense<\/title>\n<meta name=\"robots\" content=\"index, follow, max-snippet:-1, max-image-preview:large, max-video-preview:-1\" \/>\n<link rel=\"canonical\" href=\"https:\/\/www.gaveanews.com\/index.php\/2025\/05\/21\/freytes-keno-lima-bernal-otavio-canobbio-german-cano-os-desfalques-do-fluminense-para-enfrentar-a-aparecidense\/\" \/>\n<meta property=\"og:locale\" content=\"pt_BR\" \/>\n<meta property=\"og:type\" content=\"article\" \/>\n<meta property=\"og:title\" content=\"Freytes, Keno, Lima, Bernal, Ot\u00e1vio, Canobbio, Germ\u00e1n Cano: os desfalques do Fluminense para enfrentar a Aparecidense\" \/>\n<meta property=\"og:description\" content=\"O Fluminense tem um desafio importante nesta quarta-feira (21), quando enfrenta a Aparecidense pela partida de volta da terceira fase da Copa do Brasil. O duelo ser\u00e1 disputado no Est\u00e1dio Man\u00e9 Garrincha, em Bras\u00edlia, \u00e0s 15h.&nbsp; Com a vantagem de 1 a 0 conquistada no Maracan\u00e3, o Tricolor chega em boa posi\u00e7\u00e3o, mas com uma [&hellip;]\" \/>\n<meta property=\"og:url\" content=\"https:\/\/www.gaveanews.com\/index.php\/2025\/05\/21\/freytes-keno-lima-bernal-otavio-canobbio-german-cano-os-desfalques-do-fluminense-para-enfrentar-a-aparecidense\/\" \/>\n<meta property=\"og:site_name\" content=\"G\u00e1vea News\" \/>\n<meta property=\"article:publisher\" content=\"https:\/\/facebook.com\/gaveaNews\/\" \/>\n<meta property=\"article:published_time\" content=\"2025-05-21T21:40:00+00:00\" \/>\n<meta property=\"og:image\" content=\"https:\/\/www.gaveanews.com\/wp-content\/uploads\/Renato-Gaucho.webp\" \/>\n\t<meta property=\"og:image:width\" content=\"1200\" \/>\n\t<meta property=\"og:image:height\" content=\"900\" \/>\n\t<meta property=\"og:image:type\" content=\"image\/webp\" \/>\n<meta name=\"author\" content=\"Rafaela Ladeira\" \/>\n<meta name=\"twitter:card\" content=\"summary_large_image\" \/>\n<meta name=\"twitter:label1\" content=\"Escrito por\" \/>\n\t<meta name=\"twitter:data1\" content=\"Rafaela Ladeira\" \/>\n\t<meta name=\"twitter:label2\" content=\"Est. tempo de leitura\" \/>\n\t<meta name=\"twitter:data2\" content=\"3 minutos\" \/>\n<script type=\"application\/ld+json\" class=\"yoast-schema-graph\">{\"@context\":\"https:\/\/schema.org\",\"@graph\":[{\"@type\":\"NewsArticle\",\"@id\":\"https:\/\/www.gaveanews.com\/index.php\/2025\/05\/21\/freytes-keno-lima-bernal-otavio-canobbio-german-cano-os-desfalques-do-fluminense-para-enfrentar-a-aparecidense\/#article\",\"isPartOf\":{\"@id\":\"https:\/\/www.gaveanews.com\/index.php\/2025\/05\/21\/freytes-keno-lima-bernal-otavio-canobbio-german-cano-os-desfalques-do-fluminense-para-enfrentar-a-aparecidense\/\"},\"author\":{\"name\":\"Rafaela Ladeira\",\"@id\":\"https:\/\/www.gaveanews.com\/#\/schema\/person\/0eb3e3fe1754f0205218538adbe8f5ed\"},\"headline\":\"Freytes, Keno, Lima, Bernal, Ot\u00e1vio, Canobbio, Germ\u00e1n Cano: os desfalques do Fluminense para enfrentar a Aparecidense\",\"datePublished\":\"2025-05-21T21:40:00+00:00\",\"mainEntityOfPage\":{\"@id\":\"https:\/\/www.gaveanews.com\/index.php\/2025\/05\/21\/freytes-keno-lima-bernal-otavio-canobbio-german-cano-os-desfalques-do-fluminense-para-enfrentar-a-aparecidense\/\"},\"wordCount\":384,\"commentCount\":0,\"image\":{\"@id\":\"https:\/\/www.gaveanews.com\/index.php\/2025\/05\/21\/freytes-keno-lima-bernal-otavio-canobbio-german-cano-os-desfalques-do-fluminense-para-enfrentar-a-aparecidense\/#primaryimage\"},\"thumbnailUrl\":\"https:\/\/www.gaveanews.com\/wp-content\/uploads\/Renato-Gaucho.webp\",\"articleSection\":[\"Fluminense\"],\"inLanguage\":\"pt-BR\",\"potentialAction\":[{\"@type\":\"CommentAction\",\"name\":\"Comment\",\"target\":[\"https:\/\/www.gaveanews.com\/index.php\/2025\/05\/21\/freytes-keno-lima-bernal-otavio-canobbio-german-cano-os-desfalques-do-fluminense-para-enfrentar-a-aparecidense\/#respond\"]}],\"copyrightYear\":\"2025\",\"copyrightHolder\":{\"@id\":\"https:\/\/www.gaveanews.com\/#organization\"}},{\"@type\":\"WebPage\",\"@id\":\"https:\/\/www.gaveanews.com\/index.php\/2025\/05\/21\/freytes-keno-lima-bernal-otavio-canobbio-german-cano-os-desfalques-do-fluminense-para-enfrentar-a-aparecidense\/\",\"url\":\"https:\/\/www.gaveanews.com\/index.php\/2025\/05\/21\/freytes-keno-lima-bernal-otavio-canobbio-german-cano-os-desfalques-do-fluminense-para-enfrentar-a-aparecidense\/\",\"name\":\"Freytes, Keno, Lima, Bernal, Ot\u00e1vio, Canobbio, Germ\u00e1n Cano: os desfalques do Fluminense para enfrentar a Aparecidense\",\"isPartOf\":{\"@id\":\"https:\/\/www.gaveanews.com\/#website\"},\"primaryImageOfPage\":{\"@id\":\"https:\/\/www.gaveanews.com\/index.php\/2025\/05\/21\/freytes-keno-lima-bernal-otavio-canobbio-german-cano-os-desfalques-do-fluminense-para-enfrentar-a-aparecidense\/#primaryimage\"},\"image\":{\"@id\":\"https:\/\/www.gaveanews.com\/index.php\/2025\/05\/21\/freytes-keno-lima-bernal-otavio-canobbio-german-cano-os-desfalques-do-fluminense-para-enfrentar-a-aparecidense\/#primaryimage\"},\"thumbnailUrl\":\"https:\/\/www.gaveanews.com\/wp-content\/uploads\/Renato-Gaucho.webp\",\"datePublished\":\"2025-05-21T21:40:00+00:00\",\"author\":{\"@id\":\"https:\/\/www.gaveanews.com\/#\/schema\/person\/0eb3e3fe1754f0205218538adbe8f5ed\"},\"breadcrumb\":{\"@id\":\"https:\/\/www.gaveanews.com\/index.php\/2025\/05\/21\/freytes-keno-lima-bernal-otavio-canobbio-german-cano-os-desfalques-do-fluminense-para-enfrentar-a-aparecidense\/#breadcrumb\"},\"inLanguage\":\"pt-BR\",\"potentialAction\":[{\"@type\":\"ReadAction\",\"target\":[\"https:\/\/www.gaveanews.com\/index.php\/2025\/05\/21\/freytes-keno-lima-bernal-otavio-canobbio-german-cano-os-desfalques-do-fluminense-para-enfrentar-a-aparecidense\/\"]}]},{\"@type\":\"ImageObject\",\"inLanguage\":\"pt-BR\",\"@id\":\"https:\/\/www.gaveanews.com\/index.php\/2025\/05\/21\/freytes-keno-lima-bernal-otavio-canobbio-german-cano-os-desfalques-do-fluminense-para-enfrentar-a-aparecidense\/#primaryimage\",\"url\":\"https:\/\/www.gaveanews.com\/wp-content\/uploads\/Renato-Gaucho.webp\",\"contentUrl\":\"https:\/\/www.gaveanews.com\/wp-content\/uploads\/Renato-Gaucho.webp\",\"width\":1200,\"height\":900,\"caption\":\"Renato Ga\u00facho (FOTO: LUCAS MER\u00c7ON \/ FLUMINENSE F.C.)\"},{\"@type\":\"BreadcrumbList\",\"@id\":\"https:\/\/www.gaveanews.com\/index.php\/2025\/05\/21\/freytes-keno-lima-bernal-otavio-canobbio-german-cano-os-desfalques-do-fluminense-para-enfrentar-a-aparecidense\/#breadcrumb\",\"itemListElement\":[{\"@type\":\"ListItem\",\"position\":1,\"name\":\"Home\",\"item\":\"https:\/\/www.gaveanews.com\/\"},{\"@type\":\"ListItem\",\"position\":2,\"name\":\"Freytes, Keno, Lima, Bernal, Ot\u00e1vio, Canobbio, Germ\u00e1n Cano: os desfalques do Fluminense para enfrentar a Aparecidense\"}]},{\"@type\":\"WebSite\",\"@id\":\"https:\/\/www.gaveanews.com\/#website\",\"url\":\"https:\/\/www.gaveanews.com\/\",\"name\":\"G\u00e1vea News\",\"description\":\"Veja todas as not\u00edcias sobre o Flamengo: Contrata\u00e7\u00f5es, categorias de base, resultados das partidas, tabela de classifica\u00e7\u00e3o, pr\u00f3ximos jogos!\",\"potentialAction\":[{\"@type\":\"SearchAction\",\"target\":{\"@type\":\"EntryPoint\",\"urlTemplate\":\"https:\/\/www.gaveanews.com\/?s={search_term_string}\"},\"query-input\":{\"@type\":\"PropertyValueSpecification\",\"valueRequired\":true,\"valueName\":\"search_term_string\"}}],\"inLanguage\":\"pt-BR\"},{\"@type\":\"Person\",\"@id\":\"https:\/\/www.gaveanews.com\/#\/schema\/person\/0eb3e3fe1754f0205218538adbe8f5ed\",\"name\":\"Rafaela Ladeira\",\"image\":{\"@type\":\"ImageObject\",\"inLanguage\":\"pt-BR\",\"@id\":\"https:\/\/www.gaveanews.com\/#\/schema\/person\/image\/\",\"url\":\"https:\/\/secure.gravatar.com\/avatar\/c31f513acffd85eacab5730cbdfdbbf59f21ba5aeada8cd890acea879fbb2455?s=96&d=mm&r=g\",\"contentUrl\":\"https:\/\/secure.gravatar.com\/avatar\/c31f513acffd85eacab5730cbdfdbbf59f21ba5aeada8cd890acea879fbb2455?s=96&d=mm&r=g\",\"caption\":\"Rafaela Ladeira\"}}]}<\/script>\n<!-- \/ Yoast SEO Premium plugin. -->","yoast_head_json":{"title":"Freytes, Keno, Lima, Bernal, Ot\u00e1vio, Canobbio, Germ\u00e1n Cano: os desfalques do Fluminense para enfrentar a Aparecidense","robots":{"index":"index","follow":"follow","max-snippet":"max-snippet:-1","max-image-preview":"max-image-preview:large","max-video-preview":"max-video-preview:-1"},"canonical":"https:\/\/www.gaveanews.com\/index.php\/2025\/05\/21\/freytes-keno-lima-bernal-otavio-canobbio-german-cano-os-desfalques-do-fluminense-para-enfrentar-a-aparecidense\/","og_locale":"pt_BR","og_type":"article","og_title":"Freytes, Keno, Lima, Bernal, Ot\u00e1vio, Canobbio, Germ\u00e1n Cano: os desfalques do Fluminense para enfrentar a Aparecidense","og_description":"O Fluminense tem um desafio importante nesta quarta-feira (21), quando enfrenta a Aparecidense pela partida de volta da terceira fase da Copa do Brasil. O duelo ser\u00e1 disputado no Est\u00e1dio Man\u00e9 Garrincha, em Bras\u00edlia, \u00e0s 15h.&nbsp; Com a vantagem de 1 a 0 conquistada no Maracan\u00e3, o Tricolor chega em boa posi\u00e7\u00e3o, mas com uma [&hellip;]","og_url":"https:\/\/www.gaveanews.com\/index.php\/2025\/05\/21\/freytes-keno-lima-bernal-otavio-canobbio-german-cano-os-desfalques-do-fluminense-para-enfrentar-a-aparecidense\/","og_site_name":"G\u00e1vea News","article_publisher":"https:\/\/facebook.com\/gaveaNews\/","article_published_time":"2025-05-21T21:40:00+00:00","og_image":[{"width":1200,"height":900,"url":"https:\/\/www.gaveanews.com\/wp-content\/uploads\/Renato-Gaucho.webp","type":"image\/webp"}],"author":"Rafaela Ladeira","twitter_card":"summary_large_image","twitter_misc":{"Escrito por":"Rafaela Ladeira","Est. tempo de leitura":"3 minutos"},"schema":{"@context":"https:\/\/schema.org","@graph":[{"@type":"NewsArticle","@id":"https:\/\/www.gaveanews.com\/index.php\/2025\/05\/21\/freytes-keno-lima-bernal-otavio-canobbio-german-cano-os-desfalques-do-fluminense-para-enfrentar-a-aparecidense\/#article","isPartOf":{"@id":"https:\/\/www.gaveanews.com\/index.php\/2025\/05\/21\/freytes-keno-lima-bernal-otavio-canobbio-german-cano-os-desfalques-do-fluminense-para-enfrentar-a-aparecidense\/"},"author":{"name":"Rafaela Ladeira","@id":"https:\/\/www.gaveanews.com\/#\/schema\/person\/0eb3e3fe1754f0205218538adbe8f5ed"},"headline":"Freytes, Keno, Lima, Bernal, Ot\u00e1vio, Canobbio, Germ\u00e1n Cano: os desfalques do Fluminense para enfrentar a Aparecidense","datePublished":"2025-05-21T21:40:00+00:00","mainEntityOfPage":{"@id":"https:\/\/www.gaveanews.com\/index.php\/2025\/05\/21\/freytes-keno-lima-bernal-otavio-canobbio-german-cano-os-desfalques-do-fluminense-para-enfrentar-a-aparecidense\/"},"wordCount":384,"commentCount":0,"image":{"@id":"https:\/\/www.gaveanews.com\/index.php\/2025\/05\/21\/freytes-keno-lima-bernal-otavio-canobbio-german-cano-os-desfalques-do-fluminense-para-enfrentar-a-aparecidense\/#primaryimage"},"thumbnailUrl":"https:\/\/www.gaveanews.com\/wp-content\/uploads\/Renato-Gaucho.webp","articleSection":["Fluminense"],"inLanguage":"pt-BR","potentialAction":[{"@type":"CommentAction","name":"Comment","target":["https:\/\/www.gaveanews.com\/index.php\/2025\/05\/21\/freytes-keno-lima-bernal-otavio-canobbio-german-cano-os-desfalques-do-fluminense-para-enfrentar-a-aparecidense\/#respond"]}],"copyrightYear":"2025","copyrightHolder":{"@id":"https:\/\/www.gaveanews.com\/#organization"}},{"@type":"WebPage","@id":"https:\/\/www.gaveanews.com\/index.php\/2025\/05\/21\/freytes-keno-lima-bernal-otavio-canobbio-german-cano-os-desfalques-do-fluminense-para-enfrentar-a-aparecidense\/","url":"https:\/\/www.gaveanews.com\/index.php\/2025\/05\/21\/freytes-keno-lima-bernal-otavio-canobbio-german-cano-os-desfalques-do-fluminense-para-enfrentar-a-aparecidense\/","name":"Freytes, Keno, Lima, Bernal, Ot\u00e1vio, Canobbio, Germ\u00e1n Cano: os desfalques do Fluminense para enfrentar a Aparecidense","isPartOf":{"@id":"https:\/\/www.gaveanews.com\/#website"},"primaryImageOfPage":{"@id":"https:\/\/www.gaveanews.com\/index.php\/2025\/05\/21\/freytes-keno-lima-bernal-otavio-canobbio-german-cano-os-desfalques-do-fluminense-para-enfrentar-a-aparecidense\/#primaryimage"},"image":{"@id":"https:\/\/www.gaveanews.com\/index.php\/2025\/05\/21\/freytes-keno-lima-bernal-otavio-canobbio-german-cano-os-desfalques-do-fluminense-para-enfrentar-a-aparecidense\/#primaryimage"},"thumbnailUrl":"https:\/\/www.gaveanews.com\/wp-content\/uploads\/Renato-Gaucho.webp","datePublished":"2025-05-21T21:40:00+00:00","author":{"@id":"https:\/\/www.gaveanews.com\/#\/schema\/person\/0eb3e3fe1754f0205218538adbe8f5ed"},"breadcrumb":{"@id":"https:\/\/www.gaveanews.com\/index.php\/2025\/05\/21\/freytes-keno-lima-bernal-otavio-canobbio-german-cano-os-desfalques-do-fluminense-para-enfrentar-a-aparecidense\/#breadcrumb"},"inLanguage":"pt-BR","potentialAction":[{"@type":"ReadAction","target":["https:\/\/www.gaveanews.com\/index.php\/2025\/05\/21\/freytes-keno-lima-bernal-otavio-canobbio-german-cano-os-desfalques-do-fluminense-para-enfrentar-a-aparecidense\/"]}]},{"@type":"ImageObject","inLanguage":"pt-BR","@id":"https:\/\/www.gaveanews.com\/index.php\/2025\/05\/21\/freytes-keno-lima-bernal-otavio-canobbio-german-cano-os-desfalques-do-fluminense-para-enfrentar-a-aparecidense\/#primaryimage","url":"https:\/\/www.gaveanews.com\/wp-content\/uploads\/Renato-Gaucho.webp","contentUrl":"https:\/\/www.gaveanews.com\/wp-content\/uploads\/Renato-Gaucho.webp","width":1200,"height":900,"caption":"Renato Ga\u00facho (FOTO: LUCAS MER\u00c7ON \/ FLUMINENSE F.C.)"},{"@type":"BreadcrumbList","@id":"https:\/\/www.gaveanews.com\/index.php\/2025\/05\/21\/freytes-keno-lima-bernal-otavio-canobbio-german-cano-os-desfalques-do-fluminense-para-enfrentar-a-aparecidense\/#breadcrumb","itemListElement":[{"@type":"ListItem","position":1,"name":"Home","item":"https:\/\/www.gaveanews.com\/"},{"@type":"ListItem","position":2,"name":"Freytes, Keno, Lima, Bernal, Ot\u00e1vio, Canobbio, Germ\u00e1n Cano: os desfalques do Fluminense para enfrentar a Aparecidense"}]},{"@type":"WebSite","@id":"https:\/\/www.gaveanews.com\/#website","url":"https:\/\/www.gaveanews.com\/","name":"G\u00e1vea News","description":"Veja todas as not\u00edcias sobre o Flamengo: Contrata\u00e7\u00f5es, categorias de base, resultados das partidas, tabela de classifica\u00e7\u00e3o, pr\u00f3ximos jogos!","potentialAction":[{"@type":"SearchAction","target":{"@type":"EntryPoint","urlTemplate":"https:\/\/www.gaveanews.com\/?s={search_term_string}"},"query-input":{"@type":"PropertyValueSpecification","valueRequired":true,"valueName":"search_term_string"}}],"inLanguage":"pt-BR"},{"@type":"Person","@id":"https:\/\/www.gaveanews.com\/#\/schema\/person\/0eb3e3fe1754f0205218538adbe8f5ed","name":"Rafaela Ladeira","image":{"@type":"ImageObject","inLanguage":"pt-BR","@id":"https:\/\/www.gaveanews.com\/#\/schema\/person\/image\/","url":"https:\/\/secure.gravatar.com\/avatar\/c31f513acffd85eacab5730cbdfdbbf59f21ba5aeada8cd890acea879fbb2455?s=96&d=mm&r=g","contentUrl":"https:\/\/secure.gravatar.com\/avatar\/c31f513acffd85eacab5730cbdfdbbf59f21ba5aeada8cd890acea879fbb2455?s=96&d=mm&r=g","caption":"Rafaela Ladeira"}}]}},"_links":{"self":[{"href":"https:\/\/www.gaveanews.com\/index.php\/wp-json\/wp\/v2\/posts\/265855","targetHints":{"allow":["GET"]}}],"collection":[{"href":"https:\/\/www.gaveanews.com\/index.php\/wp-json\/wp\/v2\/posts"}],"about":[{"href":"https:\/\/www.gaveanews.com\/index.php\/wp-json\/wp\/v2\/types\/post"}],"author":[{"embeddable":true,"href":"https:\/\/www.gaveanews.com\/index.php\/wp-json\/wp\/v2\/users\/25"}],"replies":[{"embeddable":true,"href":"https:\/\/www.gaveanews.com\/index.php\/wp-json\/wp\/v2\/comments?post=265855"}],"version-history":[{"count":1,"href":"https:\/\/www.gaveanews.com\/index.php\/wp-json\/wp\/v2\/posts\/265855\/revisions"}],"predecessor-version":[{"id":265857,"href":"https:\/\/www.gaveanews.com\/index.php\/wp-json\/wp\/v2\/posts\/265855\/revisions\/265857"}],"wp:featuredmedia":[{"embeddable":true,"href":"https:\/\/www.gaveanews.com\/index.php\/wp-json\/wp\/v2\/media\/259606"}],"wp:attachment":[{"href":"https:\/\/www.gaveanews.com\/index.php\/wp-json\/wp\/v2\/media?parent=265855"}],"wp:term":[{"taxonomy":"category","embeddable":true,"href":"https:\/\/www.gaveanews.com\/index.php\/wp-json\/wp\/v2\/categories?post=265855"},{"taxonomy":"post_tag","embeddable":true,"href":"https:\/\/www.gaveanews.com\/index.php\/wp-json\/wp\/v2\/tags?post=265855"}],"curies":[{"name":"wp","href":"https:\/\/api.w.org\/{rel}","templated":true}]}}