{"id":265859,"date":"2025-05-21T18:45:00","date_gmt":"2025-05-21T21:45:00","guid":{"rendered":"https:\/\/www.gaveanews.com\/?p=265859"},"modified":"2025-05-21T15:59:41","modified_gmt":"2025-05-21T18:59:41","slug":"renato-paiva-vive-nova-fase-no-botafogo","status":"publish","type":"post","link":"https:\/\/www.gaveanews.com\/index.php\/2025\/05\/21\/renato-paiva-vive-nova-fase-no-botafogo\/","title":{"rendered":"Renato Paiva vive nova fase no Botafogo"},"content":{"rendered":"\n<p>No cl\u00e1ssico contra o Flamengo no \u00faltimo domingo, o Botafogo mostrou que pode confiar nos seus jovens talentos defensivos. Mesmo com uma zaga formada por Jair e David Ricardo, considerados op\u00e7\u00f5es reservas, o Alvinegro saiu do Maracan\u00e3 com um empate em 0 a 0, enfrentando um dos ataques mais temidos do pa\u00eds. O resultado foi motivo de comemora\u00e7\u00e3o para o t\u00e9cnico Renato Paiva.<\/p>\n\n\n\n<p>\u201c\u00c9 um ataque fort\u00edssimo, em casa ainda mais, e acho que n\u00e3o termos sofrido gols e n\u00e3o termos concedido uma boa oportunidade flagrante ao Flamengo, pelo menos que eu me lembre, com dois jovens que acabaram de chegar ao clube na zaga, um deles muito menino ainda, \u00e9 uma vit\u00f3ria importante da nossa consist\u00eancia defensiva\u201d, afirmou o treinador.<\/p>\n\n\n\n<h2 class=\"wp-block-heading\" id=\"h-defesa-comeca-no-ataque\">Defesa come\u00e7a no ataque<\/h2>\n\n\n\n<p>Vale destacar que, para Paiva, a solidez defensiva n\u00e3o se resume apenas ao setor da zaga. \u201cEu n\u00e3o vejo a quest\u00e3o defensiva s\u00f3 porque n\u00e3o sofreste gols, porque \u00e0s vezes levas um massacre de 20 remates e n\u00e3o sofres gols por alguma coisa e n\u00e3o defendeste bem. Acho que nos defendemos bem porque o Flamengo tamb\u00e9m n\u00e3o nos amassou\u201d, explicou.<\/p>\n\n\n\n<p>Al\u00e9m disso, ele fez quest\u00e3o de lembrar o trabalho coletivo: \u201cAcho que \u00e9 uma vit\u00f3ria da defesa que come\u00e7a no Rwan e no Igor, conv\u00e9m n\u00e3o esquecer isso. Come\u00e7a ali e no Allan e quem fecha depois o fora-dentro do jogo interior quando a bola vai fora do Flamengo.\u201d<\/p>\n\n\n\n<p>Sendo assim, o comandante celebra n\u00e3o s\u00f3 o placar zerado, mas o equil\u00edbrio em campo. Com isso, a equipe demonstra amadurecimento mesmo com pe\u00e7as jovens na defesa.<\/p>\n\n\n\n<h2 class=\"wp-block-heading\" id=\"h-sem-gols-marcados-mas-com-sinal-de-evolucao\">Sem gols marcados, mas com sinal de evolu\u00e7\u00e3o<\/h2>\n\n\n\n<p>Apesar da atua\u00e7\u00e3o s\u00f3lida atr\u00e1s, o empate sem gols tamb\u00e9m deixou um gosto amargo. \u201c\u00c9 uma derrota porque sa\u00edmos daqui tamb\u00e9m sem gols marcados, e quer\u00edamos ganhar\u201d, finalizou Paiva. Dessa maneira, o t\u00e9cnico reconhece que h\u00e1 o que melhorar, especialmente no setor ofensivo.<\/p>\n\n\n\n<p>Por isso, o cl\u00e1ssico representa n\u00e3o apenas um ponto conquistado, mas tamb\u00e9m um indicativo de que a nova fase do Botafogo tem bases promissoras, com foco, disciplina e muita organiza\u00e7\u00e3o t\u00e1tica.<\/p>\n","protected":false},"excerpt":{"rendered":"<p>No cl\u00e1ssico contra o Flamengo no \u00faltimo domingo, o Botafogo mostrou que pode confiar nos seus jovens talentos defensivos. Mesmo com uma zaga formada por Jair e David Ricardo, considerados op\u00e7\u00f5es reservas, o Alvinegro saiu do Maracan\u00e3 com um empate em 0 a 0, enfrentando um dos ataques mais temidos do pa\u00eds. O resultado foi [&hellip;]<\/p>\n","protected":false},"author":24,"featured_media":244411,"comment_status":"open","ping_status":"closed","sticky":false,"template":"","format":"standard","meta":{"footnotes":""},"categories":[138],"tags":[],"class_list":["post-265859","post","type-post","status-publish","format-standard","has-post-thumbnail","hentry","category-botafogo"],"yoast_head":"<!-- This site is optimized with the Yoast SEO Premium plugin v24.2 (Yoast SEO v26.9) - https:\/\/yoast.com\/product\/yoast-seo-premium-wordpress\/ -->\n<title>Renato Paiva vive nova fase no Botafogo<\/title>\n<meta name=\"robots\" content=\"index, follow, max-snippet:-1, max-image-preview:large, max-video-preview:-1\" \/>\n<link rel=\"canonical\" href=\"https:\/\/www.gaveanews.com\/index.php\/2025\/05\/21\/renato-paiva-vive-nova-fase-no-botafogo\/\" \/>\n<meta property=\"og:locale\" content=\"pt_BR\" \/>\n<meta property=\"og:type\" content=\"article\" \/>\n<meta property=\"og:title\" content=\"Renato Paiva vive nova fase no Botafogo\" \/>\n<meta property=\"og:description\" content=\"No cl\u00e1ssico contra o Flamengo no \u00faltimo domingo, o Botafogo mostrou que pode confiar nos seus jovens talentos defensivos. Mesmo com uma zaga formada por Jair e David Ricardo, considerados op\u00e7\u00f5es reservas, o Alvinegro saiu do Maracan\u00e3 com um empate em 0 a 0, enfrentando um dos ataques mais temidos do pa\u00eds. O resultado foi [&hellip;]\" \/>\n<meta property=\"og:url\" content=\"https:\/\/www.gaveanews.com\/index.php\/2025\/05\/21\/renato-paiva-vive-nova-fase-no-botafogo\/\" \/>\n<meta property=\"og:site_name\" content=\"G\u00e1vea News\" \/>\n<meta property=\"article:publisher\" content=\"https:\/\/facebook.com\/gaveaNews\/\" \/>\n<meta property=\"article:published_time\" content=\"2025-05-21T21:45:00+00:00\" \/>\n<meta property=\"og:image\" content=\"https:\/\/www.gaveanews.com\/wp-content\/uploads\/Renato-Paiva-em-acao-pelo-Botafogo-em-2025.webp\" \/>\n\t<meta property=\"og:image:width\" content=\"900\" \/>\n\t<meta property=\"og:image:height\" content=\"600\" \/>\n\t<meta property=\"og:image:type\" content=\"image\/jpeg\" \/>\n<meta name=\"author\" content=\"Leandro Cardoso\" \/>\n<meta name=\"twitter:card\" content=\"summary_large_image\" \/>\n<meta name=\"twitter:label1\" content=\"Escrito por\" \/>\n\t<meta name=\"twitter:data1\" content=\"Leandro Cardoso\" \/>\n\t<meta name=\"twitter:label2\" content=\"Est. tempo de leitura\" \/>\n\t<meta name=\"twitter:data2\" content=\"3 minutos\" \/>\n<script type=\"application\/ld+json\" class=\"yoast-schema-graph\">{\"@context\":\"https:\/\/schema.org\",\"@graph\":[{\"@type\":\"NewsArticle\",\"@id\":\"https:\/\/www.gaveanews.com\/index.php\/2025\/05\/21\/renato-paiva-vive-nova-fase-no-botafogo\/#article\",\"isPartOf\":{\"@id\":\"https:\/\/www.gaveanews.com\/index.php\/2025\/05\/21\/renato-paiva-vive-nova-fase-no-botafogo\/\"},\"author\":{\"name\":\"Leandro Cardoso\",\"@id\":\"https:\/\/www.gaveanews.com\/#\/schema\/person\/2424ec6409bc3f068411fc5e4e9b6168\"},\"headline\":\"Renato Paiva vive nova fase no Botafogo\",\"datePublished\":\"2025-05-21T21:45:00+00:00\",\"mainEntityOfPage\":{\"@id\":\"https:\/\/www.gaveanews.com\/index.php\/2025\/05\/21\/renato-paiva-vive-nova-fase-no-botafogo\/\"},\"wordCount\":386,\"commentCount\":0,\"image\":{\"@id\":\"https:\/\/www.gaveanews.com\/index.php\/2025\/05\/21\/renato-paiva-vive-nova-fase-no-botafogo\/#primaryimage\"},\"thumbnailUrl\":\"https:\/\/www.gaveanews.com\/wp-content\/uploads\/Renato-Paiva-em-acao-pelo-Botafogo-em-2025.webp\",\"articleSection\":[\"Botafogo\"],\"inLanguage\":\"pt-BR\",\"potentialAction\":[{\"@type\":\"CommentAction\",\"name\":\"Comment\",\"target\":[\"https:\/\/www.gaveanews.com\/index.php\/2025\/05\/21\/renato-paiva-vive-nova-fase-no-botafogo\/#respond\"]}],\"copyrightYear\":\"2025\",\"copyrightHolder\":{\"@id\":\"https:\/\/www.gaveanews.com\/#organization\"}},{\"@type\":\"WebPage\",\"@id\":\"https:\/\/www.gaveanews.com\/index.php\/2025\/05\/21\/renato-paiva-vive-nova-fase-no-botafogo\/\",\"url\":\"https:\/\/www.gaveanews.com\/index.php\/2025\/05\/21\/renato-paiva-vive-nova-fase-no-botafogo\/\",\"name\":\"Renato Paiva vive nova fase no Botafogo\",\"isPartOf\":{\"@id\":\"https:\/\/www.gaveanews.com\/#website\"},\"primaryImageOfPage\":{\"@id\":\"https:\/\/www.gaveanews.com\/index.php\/2025\/05\/21\/renato-paiva-vive-nova-fase-no-botafogo\/#primaryimage\"},\"image\":{\"@id\":\"https:\/\/www.gaveanews.com\/index.php\/2025\/05\/21\/renato-paiva-vive-nova-fase-no-botafogo\/#primaryimage\"},\"thumbnailUrl\":\"https:\/\/www.gaveanews.com\/wp-content\/uploads\/Renato-Paiva-em-acao-pelo-Botafogo-em-2025.webp\",\"datePublished\":\"2025-05-21T21:45:00+00:00\",\"author\":{\"@id\":\"https:\/\/www.gaveanews.com\/#\/schema\/person\/2424ec6409bc3f068411fc5e4e9b6168\"},\"breadcrumb\":{\"@id\":\"https:\/\/www.gaveanews.com\/index.php\/2025\/05\/21\/renato-paiva-vive-nova-fase-no-botafogo\/#breadcrumb\"},\"inLanguage\":\"pt-BR\",\"potentialAction\":[{\"@type\":\"ReadAction\",\"target\":[\"https:\/\/www.gaveanews.com\/index.php\/2025\/05\/21\/renato-paiva-vive-nova-fase-no-botafogo\/\"]}]},{\"@type\":\"ImageObject\",\"inLanguage\":\"pt-BR\",\"@id\":\"https:\/\/www.gaveanews.com\/index.php\/2025\/05\/21\/renato-paiva-vive-nova-fase-no-botafogo\/#primaryimage\",\"url\":\"https:\/\/www.gaveanews.com\/wp-content\/uploads\/Renato-Paiva-em-acao-pelo-Botafogo-em-2025.webp\",\"contentUrl\":\"https:\/\/www.gaveanews.com\/wp-content\/uploads\/Renato-Paiva-em-acao-pelo-Botafogo-em-2025.webp\",\"width\":900,\"height\":600,\"caption\":\"Renato Paiva em a\u00e7\u00e3o pelo Botafogo em 2025 (Foto: Vitor Silva\/Botafogo)\"},{\"@type\":\"BreadcrumbList\",\"@id\":\"https:\/\/www.gaveanews.com\/index.php\/2025\/05\/21\/renato-paiva-vive-nova-fase-no-botafogo\/#breadcrumb\",\"itemListElement\":[{\"@type\":\"ListItem\",\"position\":1,\"name\":\"Home\",\"item\":\"https:\/\/www.gaveanews.com\/\"},{\"@type\":\"ListItem\",\"position\":2,\"name\":\"Renato Paiva vive nova fase no Botafogo\"}]},{\"@type\":\"WebSite\",\"@id\":\"https:\/\/www.gaveanews.com\/#website\",\"url\":\"https:\/\/www.gaveanews.com\/\",\"name\":\"G\u00e1vea News\",\"description\":\"Veja todas as not\u00edcias sobre o Flamengo: Contrata\u00e7\u00f5es, categorias de base, resultados das partidas, tabela de classifica\u00e7\u00e3o, pr\u00f3ximos jogos!\",\"potentialAction\":[{\"@type\":\"SearchAction\",\"target\":{\"@type\":\"EntryPoint\",\"urlTemplate\":\"https:\/\/www.gaveanews.com\/?s={search_term_string}\"},\"query-input\":{\"@type\":\"PropertyValueSpecification\",\"valueRequired\":true,\"valueName\":\"search_term_string\"}}],\"inLanguage\":\"pt-BR\"},{\"@type\":\"Person\",\"@id\":\"https:\/\/www.gaveanews.com\/#\/schema\/person\/2424ec6409bc3f068411fc5e4e9b6168\",\"name\":\"Leandro Cardoso\",\"image\":{\"@type\":\"ImageObject\",\"inLanguage\":\"pt-BR\",\"@id\":\"https:\/\/www.gaveanews.com\/#\/schema\/person\/image\/\",\"url\":\"https:\/\/secure.gravatar.com\/avatar\/8ca179f9b55eefe9f376f5493ef25475bfa59fbc28ce937f6076ce20e523098f?s=96&d=mm&r=g\",\"contentUrl\":\"https:\/\/secure.gravatar.com\/avatar\/8ca179f9b55eefe9f376f5493ef25475bfa59fbc28ce937f6076ce20e523098f?s=96&d=mm&r=g\",\"caption\":\"Leandro Cardoso\"}}]}<\/script>\n<!-- \/ Yoast SEO Premium plugin. -->","yoast_head_json":{"title":"Renato Paiva vive nova fase no Botafogo","robots":{"index":"index","follow":"follow","max-snippet":"max-snippet:-1","max-image-preview":"max-image-preview:large","max-video-preview":"max-video-preview:-1"},"canonical":"https:\/\/www.gaveanews.com\/index.php\/2025\/05\/21\/renato-paiva-vive-nova-fase-no-botafogo\/","og_locale":"pt_BR","og_type":"article","og_title":"Renato Paiva vive nova fase no Botafogo","og_description":"No cl\u00e1ssico contra o Flamengo no \u00faltimo domingo, o Botafogo mostrou que pode confiar nos seus jovens talentos defensivos. Mesmo com uma zaga formada por Jair e David Ricardo, considerados op\u00e7\u00f5es reservas, o Alvinegro saiu do Maracan\u00e3 com um empate em 0 a 0, enfrentando um dos ataques mais temidos do pa\u00eds. O resultado foi [&hellip;]","og_url":"https:\/\/www.gaveanews.com\/index.php\/2025\/05\/21\/renato-paiva-vive-nova-fase-no-botafogo\/","og_site_name":"G\u00e1vea News","article_publisher":"https:\/\/facebook.com\/gaveaNews\/","article_published_time":"2025-05-21T21:45:00+00:00","og_image":[{"width":900,"height":600,"url":"https:\/\/www.gaveanews.com\/wp-content\/uploads\/Renato-Paiva-em-acao-pelo-Botafogo-em-2025.webp","type":"image\/jpeg"}],"author":"Leandro Cardoso","twitter_card":"summary_large_image","twitter_misc":{"Escrito por":"Leandro Cardoso","Est. tempo de leitura":"3 minutos"},"schema":{"@context":"https:\/\/schema.org","@graph":[{"@type":"NewsArticle","@id":"https:\/\/www.gaveanews.com\/index.php\/2025\/05\/21\/renato-paiva-vive-nova-fase-no-botafogo\/#article","isPartOf":{"@id":"https:\/\/www.gaveanews.com\/index.php\/2025\/05\/21\/renato-paiva-vive-nova-fase-no-botafogo\/"},"author":{"name":"Leandro Cardoso","@id":"https:\/\/www.gaveanews.com\/#\/schema\/person\/2424ec6409bc3f068411fc5e4e9b6168"},"headline":"Renato Paiva vive nova fase no Botafogo","datePublished":"2025-05-21T21:45:00+00:00","mainEntityOfPage":{"@id":"https:\/\/www.gaveanews.com\/index.php\/2025\/05\/21\/renato-paiva-vive-nova-fase-no-botafogo\/"},"wordCount":386,"commentCount":0,"image":{"@id":"https:\/\/www.gaveanews.com\/index.php\/2025\/05\/21\/renato-paiva-vive-nova-fase-no-botafogo\/#primaryimage"},"thumbnailUrl":"https:\/\/www.gaveanews.com\/wp-content\/uploads\/Renato-Paiva-em-acao-pelo-Botafogo-em-2025.webp","articleSection":["Botafogo"],"inLanguage":"pt-BR","potentialAction":[{"@type":"CommentAction","name":"Comment","target":["https:\/\/www.gaveanews.com\/index.php\/2025\/05\/21\/renato-paiva-vive-nova-fase-no-botafogo\/#respond"]}],"copyrightYear":"2025","copyrightHolder":{"@id":"https:\/\/www.gaveanews.com\/#organization"}},{"@type":"WebPage","@id":"https:\/\/www.gaveanews.com\/index.php\/2025\/05\/21\/renato-paiva-vive-nova-fase-no-botafogo\/","url":"https:\/\/www.gaveanews.com\/index.php\/2025\/05\/21\/renato-paiva-vive-nova-fase-no-botafogo\/","name":"Renato Paiva vive nova fase no Botafogo","isPartOf":{"@id":"https:\/\/www.gaveanews.com\/#website"},"primaryImageOfPage":{"@id":"https:\/\/www.gaveanews.com\/index.php\/2025\/05\/21\/renato-paiva-vive-nova-fase-no-botafogo\/#primaryimage"},"image":{"@id":"https:\/\/www.gaveanews.com\/index.php\/2025\/05\/21\/renato-paiva-vive-nova-fase-no-botafogo\/#primaryimage"},"thumbnailUrl":"https:\/\/www.gaveanews.com\/wp-content\/uploads\/Renato-Paiva-em-acao-pelo-Botafogo-em-2025.webp","datePublished":"2025-05-21T21:45:00+00:00","author":{"@id":"https:\/\/www.gaveanews.com\/#\/schema\/person\/2424ec6409bc3f068411fc5e4e9b6168"},"breadcrumb":{"@id":"https:\/\/www.gaveanews.com\/index.php\/2025\/05\/21\/renato-paiva-vive-nova-fase-no-botafogo\/#breadcrumb"},"inLanguage":"pt-BR","potentialAction":[{"@type":"ReadAction","target":["https:\/\/www.gaveanews.com\/index.php\/2025\/05\/21\/renato-paiva-vive-nova-fase-no-botafogo\/"]}]},{"@type":"ImageObject","inLanguage":"pt-BR","@id":"https:\/\/www.gaveanews.com\/index.php\/2025\/05\/21\/renato-paiva-vive-nova-fase-no-botafogo\/#primaryimage","url":"https:\/\/www.gaveanews.com\/wp-content\/uploads\/Renato-Paiva-em-acao-pelo-Botafogo-em-2025.webp","contentUrl":"https:\/\/www.gaveanews.com\/wp-content\/uploads\/Renato-Paiva-em-acao-pelo-Botafogo-em-2025.webp","width":900,"height":600,"caption":"Renato Paiva em a\u00e7\u00e3o pelo Botafogo em 2025 (Foto: Vitor Silva\/Botafogo)"},{"@type":"BreadcrumbList","@id":"https:\/\/www.gaveanews.com\/index.php\/2025\/05\/21\/renato-paiva-vive-nova-fase-no-botafogo\/#breadcrumb","itemListElement":[{"@type":"ListItem","position":1,"name":"Home","item":"https:\/\/www.gaveanews.com\/"},{"@type":"ListItem","position":2,"name":"Renato Paiva vive nova fase no Botafogo"}]},{"@type":"WebSite","@id":"https:\/\/www.gaveanews.com\/#website","url":"https:\/\/www.gaveanews.com\/","name":"G\u00e1vea News","description":"Veja todas as not\u00edcias sobre o Flamengo: Contrata\u00e7\u00f5es, categorias de base, resultados das partidas, tabela de classifica\u00e7\u00e3o, pr\u00f3ximos jogos!","potentialAction":[{"@type":"SearchAction","target":{"@type":"EntryPoint","urlTemplate":"https:\/\/www.gaveanews.com\/?s={search_term_string}"},"query-input":{"@type":"PropertyValueSpecification","valueRequired":true,"valueName":"search_term_string"}}],"inLanguage":"pt-BR"},{"@type":"Person","@id":"https:\/\/www.gaveanews.com\/#\/schema\/person\/2424ec6409bc3f068411fc5e4e9b6168","name":"Leandro Cardoso","image":{"@type":"ImageObject","inLanguage":"pt-BR","@id":"https:\/\/www.gaveanews.com\/#\/schema\/person\/image\/","url":"https:\/\/secure.gravatar.com\/avatar\/8ca179f9b55eefe9f376f5493ef25475bfa59fbc28ce937f6076ce20e523098f?s=96&d=mm&r=g","contentUrl":"https:\/\/secure.gravatar.com\/avatar\/8ca179f9b55eefe9f376f5493ef25475bfa59fbc28ce937f6076ce20e523098f?s=96&d=mm&r=g","caption":"Leandro Cardoso"}}]}},"_links":{"self":[{"href":"https:\/\/www.gaveanews.com\/index.php\/wp-json\/wp\/v2\/posts\/265859","targetHints":{"allow":["GET"]}}],"collection":[{"href":"https:\/\/www.gaveanews.com\/index.php\/wp-json\/wp\/v2\/posts"}],"about":[{"href":"https:\/\/www.gaveanews.com\/index.php\/wp-json\/wp\/v2\/types\/post"}],"author":[{"embeddable":true,"href":"https:\/\/www.gaveanews.com\/index.php\/wp-json\/wp\/v2\/users\/24"}],"replies":[{"embeddable":true,"href":"https:\/\/www.gaveanews.com\/index.php\/wp-json\/wp\/v2\/comments?post=265859"}],"version-history":[{"count":1,"href":"https:\/\/www.gaveanews.com\/index.php\/wp-json\/wp\/v2\/posts\/265859\/revisions"}],"predecessor-version":[{"id":265860,"href":"https:\/\/www.gaveanews.com\/index.php\/wp-json\/wp\/v2\/posts\/265859\/revisions\/265860"}],"wp:featuredmedia":[{"embeddable":true,"href":"https:\/\/www.gaveanews.com\/index.php\/wp-json\/wp\/v2\/media\/244411"}],"wp:attachment":[{"href":"https:\/\/www.gaveanews.com\/index.php\/wp-json\/wp\/v2\/media?parent=265859"}],"wp:term":[{"taxonomy":"category","embeddable":true,"href":"https:\/\/www.gaveanews.com\/index.php\/wp-json\/wp\/v2\/categories?post=265859"},{"taxonomy":"post_tag","embeddable":true,"href":"https:\/\/www.gaveanews.com\/index.php\/wp-json\/wp\/v2\/tags?post=265859"}],"curies":[{"name":"wp","href":"https:\/\/api.w.org\/{rel}","templated":true}]}}