{"id":265889,"date":"2025-05-21T19:45:00","date_gmt":"2025-05-21T22:45:00","guid":{"rendered":"https:\/\/www.gaveanews.com\/?p=265889"},"modified":"2025-05-21T19:02:17","modified_gmt":"2025-05-21T22:02:17","slug":"classificacao-na-copa-do-brasil-e-determinante-para-o-santos-entenda","status":"publish","type":"post","link":"https:\/\/www.gaveanews.com\/index.php\/2025\/05\/21\/classificacao-na-copa-do-brasil-e-determinante-para-o-santos-entenda\/","title":{"rendered":"Classifica\u00e7\u00e3o na Copa do Brasil \u00e9 determinante para o Santos; entenda"},"content":{"rendered":"\n<p>A Copa do Brasil tem se tornado, para o Santos, uma prioridade que vai al\u00e9m das quatro linhas. O clube entra em campo na quinta-feira (22), \u00e0s 21h30 (hor\u00e1rio de Bras\u00edlia), em Macei\u00f3, para enfrentar o CRB no jogo de volta da terceira fase. Ap\u00f3s o empate por 1 a 1 na ida, a classifica\u00e7\u00e3o \u00e9 essencial n\u00e3o apenas por quest\u00f5es esportivas, mas principalmente financeiras.<\/p>\n\n\n\n<p>A participa\u00e7\u00e3o nesta fase j\u00e1 rendeu R$ 2,3 milh\u00f5es aos cofres do clube. Caso consiga a classifica\u00e7\u00e3o para as oitavas de final, o Santos garantir\u00e1 mais R$ 3,6 milh\u00f5es, totalizando quase R$ 6 milh\u00f5es em apenas dois jogos. Para um time pressionado por d\u00edvidas e com obriga\u00e7\u00f5es financeiras urgentes, como o pagamento de R$ 15 milh\u00f5es ao Arouca, de Portugal, pela compra de Jo\u00e3o Basso, esse valor representa um al\u00edvio necess\u00e1rio.<\/p>\n\n\n\n<p>Al\u00e9m disso, a continuidade na competi\u00e7\u00e3o pode gerar receitas ainda maiores. A premia\u00e7\u00e3o por chegar \u00e0s quartas de final \u00e9 de R$ 4,7 milh\u00f5es, enquanto a semifinal rende R$ 9,9 milh\u00f5es. Chegar \u00e0 final significa embolsar ao menos R$ 33 milh\u00f5es \u2014 valor destinado ao vice-campe\u00e3o \u2014 podendo alcan\u00e7ar at\u00e9 R$ 77,1 milh\u00f5es, caso o t\u00edtulo venha. Ou seja, somente com a presen\u00e7a na decis\u00e3o, o Santos garantiria ao menos R$ 53 milh\u00f5es.<\/p>\n\n\n\n<p>Apesar do momento dif\u00edcil no Campeonato Brasileiro, onde o time ocupa a pen\u00faltima coloca\u00e7\u00e3o, a diretoria deposita esperan\u00e7as na Copa do Brasil. Conforme relatado, a situa\u00e7\u00e3o extracampo tem impactado diretamente o desempenho e o planejamento do clube nesta temporada.<\/p>\n\n\n\n<p>Ali\u00e1s, um dos grandes trunfos do Santos para o duelo \u00e9 Neymar. Recuperado de les\u00e3o na coxa, o camisa 10 viaja com a delega\u00e7\u00e3o e poder\u00e1 atuar por alguns minutos no est\u00e1dio Rei Pel\u00e9, fator que pode influenciar emocional e tecnicamente o elenco.<\/p>\n\n\n\n<p>Portanto, enquanto tenta reencontrar a estabilidade esportiva, o Santos encara a Copa do Brasil como uma oportunidade de reconstru\u00e7\u00e3o financeira. A classifica\u00e7\u00e3o diante do CRB \u00e9, atualmente, primordialmente uma quest\u00e3o de sobreviv\u00eancia or\u00e7ament\u00e1ria.<\/p>\n","protected":false},"excerpt":{"rendered":"<p>A Copa do Brasil tem se tornado, para o Santos, uma prioridade que vai al\u00e9m das quatro linhas. O clube entra em campo na quinta-feira (22), \u00e0s 21h30 (hor\u00e1rio de Bras\u00edlia), em Macei\u00f3, para enfrentar o CRB no jogo de volta da terceira fase. Ap\u00f3s o empate por 1 a 1 na ida, a classifica\u00e7\u00e3o [&hellip;]<\/p>\n","protected":false},"author":18,"featured_media":152156,"comment_status":"open","ping_status":"closed","sticky":false,"template":"","format":"standard","meta":{"footnotes":""},"categories":[139],"tags":[],"class_list":["post-265889","post","type-post","status-publish","format-standard","has-post-thumbnail","hentry","category-santos"],"yoast_head":"<!-- This site is optimized with the Yoast SEO Premium plugin v24.2 (Yoast SEO v26.9) - https:\/\/yoast.com\/product\/yoast-seo-premium-wordpress\/ -->\n<title>Classifica\u00e7\u00e3o na Copa do Brasil \u00e9 determinante para o Santos; entenda<\/title>\n<meta name=\"robots\" content=\"index, follow, max-snippet:-1, max-image-preview:large, max-video-preview:-1\" \/>\n<link rel=\"canonical\" href=\"https:\/\/www.gaveanews.com\/index.php\/2025\/05\/21\/classificacao-na-copa-do-brasil-e-determinante-para-o-santos-entenda\/\" \/>\n<meta property=\"og:locale\" content=\"pt_BR\" \/>\n<meta property=\"og:type\" content=\"article\" \/>\n<meta property=\"og:title\" content=\"Classifica\u00e7\u00e3o na Copa do Brasil \u00e9 determinante para o Santos; entenda\" \/>\n<meta property=\"og:description\" content=\"A Copa do Brasil tem se tornado, para o Santos, uma prioridade que vai al\u00e9m das quatro linhas. O clube entra em campo na quinta-feira (22), \u00e0s 21h30 (hor\u00e1rio de Bras\u00edlia), em Macei\u00f3, para enfrentar o CRB no jogo de volta da terceira fase. Ap\u00f3s o empate por 1 a 1 na ida, a classifica\u00e7\u00e3o [&hellip;]\" \/>\n<meta property=\"og:url\" content=\"https:\/\/www.gaveanews.com\/index.php\/2025\/05\/21\/classificacao-na-copa-do-brasil-e-determinante-para-o-santos-entenda\/\" \/>\n<meta property=\"og:site_name\" content=\"G\u00e1vea News\" \/>\n<meta property=\"article:publisher\" content=\"https:\/\/facebook.com\/gaveaNews\/\" \/>\n<meta property=\"article:published_time\" content=\"2025-05-21T22:45:00+00:00\" \/>\n<meta property=\"og:image\" content=\"https:\/\/www.gaveanews.com\/wp-content\/uploads\/Escudo-do-Santos-1.webp\" \/>\n\t<meta property=\"og:image:width\" content=\"1300\" \/>\n\t<meta property=\"og:image:height\" content=\"1056\" \/>\n\t<meta property=\"og:image:type\" content=\"image\/webp\" \/>\n<meta name=\"author\" content=\"Paula Silva\" \/>\n<meta name=\"twitter:card\" content=\"summary_large_image\" \/>\n<meta name=\"twitter:label1\" content=\"Escrito por\" \/>\n\t<meta name=\"twitter:data1\" content=\"Paula Silva\" \/>\n\t<meta name=\"twitter:label2\" content=\"Est. tempo de leitura\" \/>\n\t<meta name=\"twitter:data2\" content=\"2 minutos\" \/>\n<script type=\"application\/ld+json\" class=\"yoast-schema-graph\">{\"@context\":\"https:\/\/schema.org\",\"@graph\":[{\"@type\":\"NewsArticle\",\"@id\":\"https:\/\/www.gaveanews.com\/index.php\/2025\/05\/21\/classificacao-na-copa-do-brasil-e-determinante-para-o-santos-entenda\/#article\",\"isPartOf\":{\"@id\":\"https:\/\/www.gaveanews.com\/index.php\/2025\/05\/21\/classificacao-na-copa-do-brasil-e-determinante-para-o-santos-entenda\/\"},\"author\":{\"name\":\"Paula Silva\",\"@id\":\"https:\/\/www.gaveanews.com\/#\/schema\/person\/daf63eec72e1164eb13dc35096c2b8da\"},\"headline\":\"Classifica\u00e7\u00e3o na Copa do Brasil \u00e9 determinante para o Santos; entenda\",\"datePublished\":\"2025-05-21T22:45:00+00:00\",\"mainEntityOfPage\":{\"@id\":\"https:\/\/www.gaveanews.com\/index.php\/2025\/05\/21\/classificacao-na-copa-do-brasil-e-determinante-para-o-santos-entenda\/\"},\"wordCount\":361,\"commentCount\":0,\"image\":{\"@id\":\"https:\/\/www.gaveanews.com\/index.php\/2025\/05\/21\/classificacao-na-copa-do-brasil-e-determinante-para-o-santos-entenda\/#primaryimage\"},\"thumbnailUrl\":\"https:\/\/www.gaveanews.com\/wp-content\/uploads\/Escudo-do-Santos-1.webp\",\"articleSection\":[\"Santos\"],\"inLanguage\":\"pt-BR\",\"potentialAction\":[{\"@type\":\"CommentAction\",\"name\":\"Comment\",\"target\":[\"https:\/\/www.gaveanews.com\/index.php\/2025\/05\/21\/classificacao-na-copa-do-brasil-e-determinante-para-o-santos-entenda\/#respond\"]}],\"copyrightYear\":\"2025\",\"copyrightHolder\":{\"@id\":\"https:\/\/www.gaveanews.com\/#organization\"}},{\"@type\":\"WebPage\",\"@id\":\"https:\/\/www.gaveanews.com\/index.php\/2025\/05\/21\/classificacao-na-copa-do-brasil-e-determinante-para-o-santos-entenda\/\",\"url\":\"https:\/\/www.gaveanews.com\/index.php\/2025\/05\/21\/classificacao-na-copa-do-brasil-e-determinante-para-o-santos-entenda\/\",\"name\":\"Classifica\u00e7\u00e3o na Copa do Brasil \u00e9 determinante para o Santos; entenda\",\"isPartOf\":{\"@id\":\"https:\/\/www.gaveanews.com\/#website\"},\"primaryImageOfPage\":{\"@id\":\"https:\/\/www.gaveanews.com\/index.php\/2025\/05\/21\/classificacao-na-copa-do-brasil-e-determinante-para-o-santos-entenda\/#primaryimage\"},\"image\":{\"@id\":\"https:\/\/www.gaveanews.com\/index.php\/2025\/05\/21\/classificacao-na-copa-do-brasil-e-determinante-para-o-santos-entenda\/#primaryimage\"},\"thumbnailUrl\":\"https:\/\/www.gaveanews.com\/wp-content\/uploads\/Escudo-do-Santos-1.webp\",\"datePublished\":\"2025-05-21T22:45:00+00:00\",\"author\":{\"@id\":\"https:\/\/www.gaveanews.com\/#\/schema\/person\/daf63eec72e1164eb13dc35096c2b8da\"},\"breadcrumb\":{\"@id\":\"https:\/\/www.gaveanews.com\/index.php\/2025\/05\/21\/classificacao-na-copa-do-brasil-e-determinante-para-o-santos-entenda\/#breadcrumb\"},\"inLanguage\":\"pt-BR\",\"potentialAction\":[{\"@type\":\"ReadAction\",\"target\":[\"https:\/\/www.gaveanews.com\/index.php\/2025\/05\/21\/classificacao-na-copa-do-brasil-e-determinante-para-o-santos-entenda\/\"]}]},{\"@type\":\"ImageObject\",\"inLanguage\":\"pt-BR\",\"@id\":\"https:\/\/www.gaveanews.com\/index.php\/2025\/05\/21\/classificacao-na-copa-do-brasil-e-determinante-para-o-santos-entenda\/#primaryimage\",\"url\":\"https:\/\/www.gaveanews.com\/wp-content\/uploads\/Escudo-do-Santos-1.webp\",\"contentUrl\":\"https:\/\/www.gaveanews.com\/wp-content\/uploads\/Escudo-do-Santos-1.webp\",\"width\":1300,\"height\":1056,\"caption\":\"Escudo do Santos (Foto: Reprodu\u00e7\u00e3o\/Instagram)\"},{\"@type\":\"BreadcrumbList\",\"@id\":\"https:\/\/www.gaveanews.com\/index.php\/2025\/05\/21\/classificacao-na-copa-do-brasil-e-determinante-para-o-santos-entenda\/#breadcrumb\",\"itemListElement\":[{\"@type\":\"ListItem\",\"position\":1,\"name\":\"Home\",\"item\":\"https:\/\/www.gaveanews.com\/\"},{\"@type\":\"ListItem\",\"position\":2,\"name\":\"Classifica\u00e7\u00e3o na Copa do Brasil \u00e9 determinante para o Santos; entenda\"}]},{\"@type\":\"WebSite\",\"@id\":\"https:\/\/www.gaveanews.com\/#website\",\"url\":\"https:\/\/www.gaveanews.com\/\",\"name\":\"G\u00e1vea News\",\"description\":\"Veja todas as not\u00edcias sobre o Flamengo: Contrata\u00e7\u00f5es, categorias de base, resultados das partidas, tabela de classifica\u00e7\u00e3o, pr\u00f3ximos jogos!\",\"potentialAction\":[{\"@type\":\"SearchAction\",\"target\":{\"@type\":\"EntryPoint\",\"urlTemplate\":\"https:\/\/www.gaveanews.com\/?s={search_term_string}\"},\"query-input\":{\"@type\":\"PropertyValueSpecification\",\"valueRequired\":true,\"valueName\":\"search_term_string\"}}],\"inLanguage\":\"pt-BR\"},{\"@type\":\"Person\",\"@id\":\"https:\/\/www.gaveanews.com\/#\/schema\/person\/daf63eec72e1164eb13dc35096c2b8da\",\"name\":\"Paula Silva\",\"image\":{\"@type\":\"ImageObject\",\"inLanguage\":\"pt-BR\",\"@id\":\"https:\/\/www.gaveanews.com\/#\/schema\/person\/image\/\",\"url\":\"https:\/\/secure.gravatar.com\/avatar\/eda381c845527cc5d64c13b901833cda29d97500ba040d3e6461f76f51d163bb?s=96&d=mm&r=g\",\"contentUrl\":\"https:\/\/secure.gravatar.com\/avatar\/eda381c845527cc5d64c13b901833cda29d97500ba040d3e6461f76f51d163bb?s=96&d=mm&r=g\",\"caption\":\"Paula Silva\"}}]}<\/script>\n<!-- \/ Yoast SEO Premium plugin. -->","yoast_head_json":{"title":"Classifica\u00e7\u00e3o na Copa do Brasil \u00e9 determinante para o Santos; entenda","robots":{"index":"index","follow":"follow","max-snippet":"max-snippet:-1","max-image-preview":"max-image-preview:large","max-video-preview":"max-video-preview:-1"},"canonical":"https:\/\/www.gaveanews.com\/index.php\/2025\/05\/21\/classificacao-na-copa-do-brasil-e-determinante-para-o-santos-entenda\/","og_locale":"pt_BR","og_type":"article","og_title":"Classifica\u00e7\u00e3o na Copa do Brasil \u00e9 determinante para o Santos; entenda","og_description":"A Copa do Brasil tem se tornado, para o Santos, uma prioridade que vai al\u00e9m das quatro linhas. O clube entra em campo na quinta-feira (22), \u00e0s 21h30 (hor\u00e1rio de Bras\u00edlia), em Macei\u00f3, para enfrentar o CRB no jogo de volta da terceira fase. Ap\u00f3s o empate por 1 a 1 na ida, a classifica\u00e7\u00e3o [&hellip;]","og_url":"https:\/\/www.gaveanews.com\/index.php\/2025\/05\/21\/classificacao-na-copa-do-brasil-e-determinante-para-o-santos-entenda\/","og_site_name":"G\u00e1vea News","article_publisher":"https:\/\/facebook.com\/gaveaNews\/","article_published_time":"2025-05-21T22:45:00+00:00","og_image":[{"width":1300,"height":1056,"url":"https:\/\/www.gaveanews.com\/wp-content\/uploads\/Escudo-do-Santos-1.webp","type":"image\/webp"}],"author":"Paula Silva","twitter_card":"summary_large_image","twitter_misc":{"Escrito por":"Paula Silva","Est. tempo de leitura":"2 minutos"},"schema":{"@context":"https:\/\/schema.org","@graph":[{"@type":"NewsArticle","@id":"https:\/\/www.gaveanews.com\/index.php\/2025\/05\/21\/classificacao-na-copa-do-brasil-e-determinante-para-o-santos-entenda\/#article","isPartOf":{"@id":"https:\/\/www.gaveanews.com\/index.php\/2025\/05\/21\/classificacao-na-copa-do-brasil-e-determinante-para-o-santos-entenda\/"},"author":{"name":"Paula Silva","@id":"https:\/\/www.gaveanews.com\/#\/schema\/person\/daf63eec72e1164eb13dc35096c2b8da"},"headline":"Classifica\u00e7\u00e3o na Copa do Brasil \u00e9 determinante para o Santos; entenda","datePublished":"2025-05-21T22:45:00+00:00","mainEntityOfPage":{"@id":"https:\/\/www.gaveanews.com\/index.php\/2025\/05\/21\/classificacao-na-copa-do-brasil-e-determinante-para-o-santos-entenda\/"},"wordCount":361,"commentCount":0,"image":{"@id":"https:\/\/www.gaveanews.com\/index.php\/2025\/05\/21\/classificacao-na-copa-do-brasil-e-determinante-para-o-santos-entenda\/#primaryimage"},"thumbnailUrl":"https:\/\/www.gaveanews.com\/wp-content\/uploads\/Escudo-do-Santos-1.webp","articleSection":["Santos"],"inLanguage":"pt-BR","potentialAction":[{"@type":"CommentAction","name":"Comment","target":["https:\/\/www.gaveanews.com\/index.php\/2025\/05\/21\/classificacao-na-copa-do-brasil-e-determinante-para-o-santos-entenda\/#respond"]}],"copyrightYear":"2025","copyrightHolder":{"@id":"https:\/\/www.gaveanews.com\/#organization"}},{"@type":"WebPage","@id":"https:\/\/www.gaveanews.com\/index.php\/2025\/05\/21\/classificacao-na-copa-do-brasil-e-determinante-para-o-santos-entenda\/","url":"https:\/\/www.gaveanews.com\/index.php\/2025\/05\/21\/classificacao-na-copa-do-brasil-e-determinante-para-o-santos-entenda\/","name":"Classifica\u00e7\u00e3o na Copa do Brasil \u00e9 determinante para o Santos; entenda","isPartOf":{"@id":"https:\/\/www.gaveanews.com\/#website"},"primaryImageOfPage":{"@id":"https:\/\/www.gaveanews.com\/index.php\/2025\/05\/21\/classificacao-na-copa-do-brasil-e-determinante-para-o-santos-entenda\/#primaryimage"},"image":{"@id":"https:\/\/www.gaveanews.com\/index.php\/2025\/05\/21\/classificacao-na-copa-do-brasil-e-determinante-para-o-santos-entenda\/#primaryimage"},"thumbnailUrl":"https:\/\/www.gaveanews.com\/wp-content\/uploads\/Escudo-do-Santos-1.webp","datePublished":"2025-05-21T22:45:00+00:00","author":{"@id":"https:\/\/www.gaveanews.com\/#\/schema\/person\/daf63eec72e1164eb13dc35096c2b8da"},"breadcrumb":{"@id":"https:\/\/www.gaveanews.com\/index.php\/2025\/05\/21\/classificacao-na-copa-do-brasil-e-determinante-para-o-santos-entenda\/#breadcrumb"},"inLanguage":"pt-BR","potentialAction":[{"@type":"ReadAction","target":["https:\/\/www.gaveanews.com\/index.php\/2025\/05\/21\/classificacao-na-copa-do-brasil-e-determinante-para-o-santos-entenda\/"]}]},{"@type":"ImageObject","inLanguage":"pt-BR","@id":"https:\/\/www.gaveanews.com\/index.php\/2025\/05\/21\/classificacao-na-copa-do-brasil-e-determinante-para-o-santos-entenda\/#primaryimage","url":"https:\/\/www.gaveanews.com\/wp-content\/uploads\/Escudo-do-Santos-1.webp","contentUrl":"https:\/\/www.gaveanews.com\/wp-content\/uploads\/Escudo-do-Santos-1.webp","width":1300,"height":1056,"caption":"Escudo do Santos (Foto: Reprodu\u00e7\u00e3o\/Instagram)"},{"@type":"BreadcrumbList","@id":"https:\/\/www.gaveanews.com\/index.php\/2025\/05\/21\/classificacao-na-copa-do-brasil-e-determinante-para-o-santos-entenda\/#breadcrumb","itemListElement":[{"@type":"ListItem","position":1,"name":"Home","item":"https:\/\/www.gaveanews.com\/"},{"@type":"ListItem","position":2,"name":"Classifica\u00e7\u00e3o na Copa do Brasil \u00e9 determinante para o Santos; entenda"}]},{"@type":"WebSite","@id":"https:\/\/www.gaveanews.com\/#website","url":"https:\/\/www.gaveanews.com\/","name":"G\u00e1vea News","description":"Veja todas as not\u00edcias sobre o Flamengo: Contrata\u00e7\u00f5es, categorias de base, resultados das partidas, tabela de classifica\u00e7\u00e3o, pr\u00f3ximos jogos!","potentialAction":[{"@type":"SearchAction","target":{"@type":"EntryPoint","urlTemplate":"https:\/\/www.gaveanews.com\/?s={search_term_string}"},"query-input":{"@type":"PropertyValueSpecification","valueRequired":true,"valueName":"search_term_string"}}],"inLanguage":"pt-BR"},{"@type":"Person","@id":"https:\/\/www.gaveanews.com\/#\/schema\/person\/daf63eec72e1164eb13dc35096c2b8da","name":"Paula Silva","image":{"@type":"ImageObject","inLanguage":"pt-BR","@id":"https:\/\/www.gaveanews.com\/#\/schema\/person\/image\/","url":"https:\/\/secure.gravatar.com\/avatar\/eda381c845527cc5d64c13b901833cda29d97500ba040d3e6461f76f51d163bb?s=96&d=mm&r=g","contentUrl":"https:\/\/secure.gravatar.com\/avatar\/eda381c845527cc5d64c13b901833cda29d97500ba040d3e6461f76f51d163bb?s=96&d=mm&r=g","caption":"Paula Silva"}}]}},"_links":{"self":[{"href":"https:\/\/www.gaveanews.com\/index.php\/wp-json\/wp\/v2\/posts\/265889","targetHints":{"allow":["GET"]}}],"collection":[{"href":"https:\/\/www.gaveanews.com\/index.php\/wp-json\/wp\/v2\/posts"}],"about":[{"href":"https:\/\/www.gaveanews.com\/index.php\/wp-json\/wp\/v2\/types\/post"}],"author":[{"embeddable":true,"href":"https:\/\/www.gaveanews.com\/index.php\/wp-json\/wp\/v2\/users\/18"}],"replies":[{"embeddable":true,"href":"https:\/\/www.gaveanews.com\/index.php\/wp-json\/wp\/v2\/comments?post=265889"}],"version-history":[{"count":1,"href":"https:\/\/www.gaveanews.com\/index.php\/wp-json\/wp\/v2\/posts\/265889\/revisions"}],"predecessor-version":[{"id":265894,"href":"https:\/\/www.gaveanews.com\/index.php\/wp-json\/wp\/v2\/posts\/265889\/revisions\/265894"}],"wp:featuredmedia":[{"embeddable":true,"href":"https:\/\/www.gaveanews.com\/index.php\/wp-json\/wp\/v2\/media\/152156"}],"wp:attachment":[{"href":"https:\/\/www.gaveanews.com\/index.php\/wp-json\/wp\/v2\/media?parent=265889"}],"wp:term":[{"taxonomy":"category","embeddable":true,"href":"https:\/\/www.gaveanews.com\/index.php\/wp-json\/wp\/v2\/categories?post=265889"},{"taxonomy":"post_tag","embeddable":true,"href":"https:\/\/www.gaveanews.com\/index.php\/wp-json\/wp\/v2\/tags?post=265889"}],"curies":[{"name":"wp","href":"https:\/\/api.w.org\/{rel}","templated":true}]}}