{"id":265897,"date":"2025-05-21T19:55:00","date_gmt":"2025-05-21T22:55:00","guid":{"rendered":"https:\/\/www.gaveanews.com\/?p=265897"},"modified":"2025-05-21T19:09:47","modified_gmt":"2025-05-21T22:09:47","slug":"endrick-esta-fora-da-lista-de-convocados-de-ancelotti-para-o-brasil-entenda","status":"publish","type":"post","link":"https:\/\/www.gaveanews.com\/index.php\/2025\/05\/21\/endrick-esta-fora-da-lista-de-convocados-de-ancelotti-para-o-brasil-entenda\/","title":{"rendered":"Endrick est\u00e1 fora da lista de convocados de Ancelotti para o Brasil; entenda"},"content":{"rendered":"\n<p>O atacante Endrick, atualmente no Real Madrid, est\u00e1 fora da convoca\u00e7\u00e3o inicial de Carlo Ancelotti \u00e0 frente da Sele\u00e7\u00e3o Brasileira. O jogador, que constava na pr\u00e9-lista, sofreu uma les\u00e3o muscular durante a vit\u00f3ria por 2 a 0 contra o Sevilla, no \u00faltimo domingo (18), e foi substitu\u00eddo aos 13 minutos do segundo tempo. Exames realizados nesta quarta-feira (21) confirmaram a gravidade do problema f\u00edsico.<\/p>\n\n\n\n<p>Desde ent\u00e3o, o jovem tem se submetido a tratamento intensivo com o intuito de se recuperar a tempo da apresenta\u00e7\u00e3o marcada para o dia 2 de junho. Contudo, os esfor\u00e7os n\u00e3o foram suficientes. A les\u00e3o ocorreu no tend\u00e3o da articula\u00e7\u00e3o da perna direita, e ainda ser\u00e1 avaliado se o tratamento exigir\u00e1 interven\u00e7\u00e3o cir\u00fargica ou poder\u00e1 seguir o protocolo convencional.<\/p>\n\n\n\n<p>Ancelotti, que divulgar\u00e1 sua primeira convoca\u00e7\u00e3o como t\u00e9cnico da sele\u00e7\u00e3o na pr\u00f3xima segunda-feira (26), \u00e0s 15h (hor\u00e1rio de Bras\u00edlia), em evento realizado na Barra da Tijuca, zona oeste do Rio de Janeiro, j\u00e1 sabe que n\u00e3o poder\u00e1 contar com o jovem talento para os compromissos iniciais. O treinador comandar\u00e1 o Brasil contra o Equador, em Guayaquil, no dia 5 de junho, \u00e0s 20h (hor\u00e1rio de Bras\u00edlia), e diante do Paraguai, na Neo Qu\u00edmica Arena, cinco dias depois, \u00e0s 21h45 (hor\u00e1rio de Bras\u00edlia).<\/p>\n\n\n\n<p>A aus\u00eancia de Endrick n\u00e3o afeta apenas a sele\u00e7\u00e3o. H\u00e1 preocupa\u00e7\u00e3o quanto \u00e0 participa\u00e7\u00e3o do atacante no Mundial de Clubes, marcado para come\u00e7ar em 14 de junho, nos Estados Unidos. O Real Madrid teme que a les\u00e3o o tire tamb\u00e9m da competi\u00e7\u00e3o internacional.<\/p>\n\n\n\n<p>Vale lembrar que Endrick era apontado como uma das apostas da nova gera\u00e7\u00e3o brasileira. Sua aus\u00eancia representa uma baixa importante, sobretudo por se tratar de um nome que estava em ascens\u00e3o.<\/p>\n\n\n\n<p>Agora, o foco passa a ser sua recupera\u00e7\u00e3o. Novas avalia\u00e7\u00f5es m\u00e9dicas nas pr\u00f3ximas semanas ser\u00e3o determinantes para definir o tempo de afastamento e o plano terap\u00eautico a ser seguido.<\/p>\n","protected":false},"excerpt":{"rendered":"<p>O atacante Endrick, atualmente no Real Madrid, est\u00e1 fora da convoca\u00e7\u00e3o inicial de Carlo Ancelotti \u00e0 frente da Sele\u00e7\u00e3o Brasileira. O jogador, que constava na pr\u00e9-lista, sofreu uma les\u00e3o muscular durante a vit\u00f3ria por 2 a 0 contra o Sevilla, no \u00faltimo domingo (18), e foi substitu\u00eddo aos 13 minutos do segundo tempo. Exames realizados [&hellip;]<\/p>\n","protected":false},"author":18,"featured_media":159677,"comment_status":"open","ping_status":"closed","sticky":false,"template":"","format":"standard","meta":{"footnotes":""},"categories":[478,88,477],"tags":[],"class_list":["post-265897","post","type-post","status-publish","format-standard","has-post-thumbnail","hentry","category-brasil","category-real-madrid","category-selecoes"],"yoast_head":"<!-- This site is optimized with the Yoast SEO Premium plugin v24.2 (Yoast SEO v26.9) - https:\/\/yoast.com\/product\/yoast-seo-premium-wordpress\/ -->\n<title>Endrick est\u00e1 fora da lista de convocados de Ancelotti para o Brasil; entenda<\/title>\n<meta name=\"robots\" content=\"index, follow, max-snippet:-1, max-image-preview:large, max-video-preview:-1\" \/>\n<link rel=\"canonical\" href=\"https:\/\/www.gaveanews.com\/index.php\/2025\/05\/21\/endrick-esta-fora-da-lista-de-convocados-de-ancelotti-para-o-brasil-entenda\/\" \/>\n<meta property=\"og:locale\" content=\"pt_BR\" \/>\n<meta property=\"og:type\" content=\"article\" \/>\n<meta property=\"og:title\" content=\"Endrick est\u00e1 fora da lista de convocados de Ancelotti para o Brasil; entenda\" \/>\n<meta property=\"og:description\" content=\"O atacante Endrick, atualmente no Real Madrid, est\u00e1 fora da convoca\u00e7\u00e3o inicial de Carlo Ancelotti \u00e0 frente da Sele\u00e7\u00e3o Brasileira. O jogador, que constava na pr\u00e9-lista, sofreu uma les\u00e3o muscular durante a vit\u00f3ria por 2 a 0 contra o Sevilla, no \u00faltimo domingo (18), e foi substitu\u00eddo aos 13 minutos do segundo tempo. Exames realizados [&hellip;]\" \/>\n<meta property=\"og:url\" content=\"https:\/\/www.gaveanews.com\/index.php\/2025\/05\/21\/endrick-esta-fora-da-lista-de-convocados-de-ancelotti-para-o-brasil-entenda\/\" \/>\n<meta property=\"og:site_name\" content=\"G\u00e1vea News\" \/>\n<meta property=\"article:publisher\" content=\"https:\/\/facebook.com\/gaveaNews\/\" \/>\n<meta property=\"article:published_time\" content=\"2025-05-21T22:55:00+00:00\" \/>\n<meta property=\"og:image\" content=\"https:\/\/www.gaveanews.com\/wp-content\/uploads\/Endrick-com-a-camisa-do-Real-Madrid-em-2024.webp\" \/>\n\t<meta property=\"og:image:width\" content=\"1440\" \/>\n\t<meta property=\"og:image:height\" content=\"959\" \/>\n\t<meta property=\"og:image:type\" content=\"image\/jpeg\" \/>\n<meta name=\"author\" content=\"Paula Silva\" \/>\n<meta name=\"twitter:card\" content=\"summary_large_image\" \/>\n<meta name=\"twitter:label1\" content=\"Escrito por\" \/>\n\t<meta name=\"twitter:data1\" content=\"Paula Silva\" \/>\n\t<meta name=\"twitter:label2\" content=\"Est. tempo de leitura\" \/>\n\t<meta name=\"twitter:data2\" content=\"2 minutos\" \/>\n<script type=\"application\/ld+json\" class=\"yoast-schema-graph\">{\"@context\":\"https:\/\/schema.org\",\"@graph\":[{\"@type\":\"NewsArticle\",\"@id\":\"https:\/\/www.gaveanews.com\/index.php\/2025\/05\/21\/endrick-esta-fora-da-lista-de-convocados-de-ancelotti-para-o-brasil-entenda\/#article\",\"isPartOf\":{\"@id\":\"https:\/\/www.gaveanews.com\/index.php\/2025\/05\/21\/endrick-esta-fora-da-lista-de-convocados-de-ancelotti-para-o-brasil-entenda\/\"},\"author\":{\"name\":\"Paula Silva\",\"@id\":\"https:\/\/www.gaveanews.com\/#\/schema\/person\/daf63eec72e1164eb13dc35096c2b8da\"},\"headline\":\"Endrick est\u00e1 fora da lista de convocados de Ancelotti para o Brasil; entenda\",\"datePublished\":\"2025-05-21T22:55:00+00:00\",\"mainEntityOfPage\":{\"@id\":\"https:\/\/www.gaveanews.com\/index.php\/2025\/05\/21\/endrick-esta-fora-da-lista-de-convocados-de-ancelotti-para-o-brasil-entenda\/\"},\"wordCount\":356,\"commentCount\":0,\"image\":{\"@id\":\"https:\/\/www.gaveanews.com\/index.php\/2025\/05\/21\/endrick-esta-fora-da-lista-de-convocados-de-ancelotti-para-o-brasil-entenda\/#primaryimage\"},\"thumbnailUrl\":\"https:\/\/www.gaveanews.com\/wp-content\/uploads\/Endrick-com-a-camisa-do-Real-Madrid-em-2024.webp\",\"articleSection\":[\"Brasil\",\"Real Madrid\",\"Sele\u00e7\u00f5es\"],\"inLanguage\":\"pt-BR\",\"potentialAction\":[{\"@type\":\"CommentAction\",\"name\":\"Comment\",\"target\":[\"https:\/\/www.gaveanews.com\/index.php\/2025\/05\/21\/endrick-esta-fora-da-lista-de-convocados-de-ancelotti-para-o-brasil-entenda\/#respond\"]}],\"copyrightYear\":\"2025\",\"copyrightHolder\":{\"@id\":\"https:\/\/www.gaveanews.com\/#organization\"}},{\"@type\":\"WebPage\",\"@id\":\"https:\/\/www.gaveanews.com\/index.php\/2025\/05\/21\/endrick-esta-fora-da-lista-de-convocados-de-ancelotti-para-o-brasil-entenda\/\",\"url\":\"https:\/\/www.gaveanews.com\/index.php\/2025\/05\/21\/endrick-esta-fora-da-lista-de-convocados-de-ancelotti-para-o-brasil-entenda\/\",\"name\":\"Endrick est\u00e1 fora da lista de convocados de Ancelotti para o Brasil; entenda\",\"isPartOf\":{\"@id\":\"https:\/\/www.gaveanews.com\/#website\"},\"primaryImageOfPage\":{\"@id\":\"https:\/\/www.gaveanews.com\/index.php\/2025\/05\/21\/endrick-esta-fora-da-lista-de-convocados-de-ancelotti-para-o-brasil-entenda\/#primaryimage\"},\"image\":{\"@id\":\"https:\/\/www.gaveanews.com\/index.php\/2025\/05\/21\/endrick-esta-fora-da-lista-de-convocados-de-ancelotti-para-o-brasil-entenda\/#primaryimage\"},\"thumbnailUrl\":\"https:\/\/www.gaveanews.com\/wp-content\/uploads\/Endrick-com-a-camisa-do-Real-Madrid-em-2024.webp\",\"datePublished\":\"2025-05-21T22:55:00+00:00\",\"author\":{\"@id\":\"https:\/\/www.gaveanews.com\/#\/schema\/person\/daf63eec72e1164eb13dc35096c2b8da\"},\"breadcrumb\":{\"@id\":\"https:\/\/www.gaveanews.com\/index.php\/2025\/05\/21\/endrick-esta-fora-da-lista-de-convocados-de-ancelotti-para-o-brasil-entenda\/#breadcrumb\"},\"inLanguage\":\"pt-BR\",\"potentialAction\":[{\"@type\":\"ReadAction\",\"target\":[\"https:\/\/www.gaveanews.com\/index.php\/2025\/05\/21\/endrick-esta-fora-da-lista-de-convocados-de-ancelotti-para-o-brasil-entenda\/\"]}]},{\"@type\":\"ImageObject\",\"inLanguage\":\"pt-BR\",\"@id\":\"https:\/\/www.gaveanews.com\/index.php\/2025\/05\/21\/endrick-esta-fora-da-lista-de-convocados-de-ancelotti-para-o-brasil-entenda\/#primaryimage\",\"url\":\"https:\/\/www.gaveanews.com\/wp-content\/uploads\/Endrick-com-a-camisa-do-Real-Madrid-em-2024.webp\",\"contentUrl\":\"https:\/\/www.gaveanews.com\/wp-content\/uploads\/Endrick-com-a-camisa-do-Real-Madrid-em-2024.webp\",\"width\":1440,\"height\":959,\"caption\":\"Endrick com a camisa do Real Madrid em 2024 (Foto: Reprodu\u00e7\u00e3o\/Instagram)\"},{\"@type\":\"BreadcrumbList\",\"@id\":\"https:\/\/www.gaveanews.com\/index.php\/2025\/05\/21\/endrick-esta-fora-da-lista-de-convocados-de-ancelotti-para-o-brasil-entenda\/#breadcrumb\",\"itemListElement\":[{\"@type\":\"ListItem\",\"position\":1,\"name\":\"Home\",\"item\":\"https:\/\/www.gaveanews.com\/\"},{\"@type\":\"ListItem\",\"position\":2,\"name\":\"Endrick est\u00e1 fora da lista de convocados de Ancelotti para o Brasil; entenda\"}]},{\"@type\":\"WebSite\",\"@id\":\"https:\/\/www.gaveanews.com\/#website\",\"url\":\"https:\/\/www.gaveanews.com\/\",\"name\":\"G\u00e1vea News\",\"description\":\"Veja todas as not\u00edcias sobre o Flamengo: Contrata\u00e7\u00f5es, categorias de base, resultados das partidas, tabela de classifica\u00e7\u00e3o, pr\u00f3ximos jogos!\",\"potentialAction\":[{\"@type\":\"SearchAction\",\"target\":{\"@type\":\"EntryPoint\",\"urlTemplate\":\"https:\/\/www.gaveanews.com\/?s={search_term_string}\"},\"query-input\":{\"@type\":\"PropertyValueSpecification\",\"valueRequired\":true,\"valueName\":\"search_term_string\"}}],\"inLanguage\":\"pt-BR\"},{\"@type\":\"Person\",\"@id\":\"https:\/\/www.gaveanews.com\/#\/schema\/person\/daf63eec72e1164eb13dc35096c2b8da\",\"name\":\"Paula Silva\",\"image\":{\"@type\":\"ImageObject\",\"inLanguage\":\"pt-BR\",\"@id\":\"https:\/\/www.gaveanews.com\/#\/schema\/person\/image\/\",\"url\":\"https:\/\/secure.gravatar.com\/avatar\/eda381c845527cc5d64c13b901833cda29d97500ba040d3e6461f76f51d163bb?s=96&d=mm&r=g\",\"contentUrl\":\"https:\/\/secure.gravatar.com\/avatar\/eda381c845527cc5d64c13b901833cda29d97500ba040d3e6461f76f51d163bb?s=96&d=mm&r=g\",\"caption\":\"Paula Silva\"}}]}<\/script>\n<!-- \/ Yoast SEO Premium plugin. -->","yoast_head_json":{"title":"Endrick est\u00e1 fora da lista de convocados de Ancelotti para o Brasil; entenda","robots":{"index":"index","follow":"follow","max-snippet":"max-snippet:-1","max-image-preview":"max-image-preview:large","max-video-preview":"max-video-preview:-1"},"canonical":"https:\/\/www.gaveanews.com\/index.php\/2025\/05\/21\/endrick-esta-fora-da-lista-de-convocados-de-ancelotti-para-o-brasil-entenda\/","og_locale":"pt_BR","og_type":"article","og_title":"Endrick est\u00e1 fora da lista de convocados de Ancelotti para o Brasil; entenda","og_description":"O atacante Endrick, atualmente no Real Madrid, est\u00e1 fora da convoca\u00e7\u00e3o inicial de Carlo Ancelotti \u00e0 frente da Sele\u00e7\u00e3o Brasileira. O jogador, que constava na pr\u00e9-lista, sofreu uma les\u00e3o muscular durante a vit\u00f3ria por 2 a 0 contra o Sevilla, no \u00faltimo domingo (18), e foi substitu\u00eddo aos 13 minutos do segundo tempo. Exames realizados [&hellip;]","og_url":"https:\/\/www.gaveanews.com\/index.php\/2025\/05\/21\/endrick-esta-fora-da-lista-de-convocados-de-ancelotti-para-o-brasil-entenda\/","og_site_name":"G\u00e1vea News","article_publisher":"https:\/\/facebook.com\/gaveaNews\/","article_published_time":"2025-05-21T22:55:00+00:00","og_image":[{"width":1440,"height":959,"url":"https:\/\/www.gaveanews.com\/wp-content\/uploads\/Endrick-com-a-camisa-do-Real-Madrid-em-2024.webp","type":"image\/jpeg"}],"author":"Paula Silva","twitter_card":"summary_large_image","twitter_misc":{"Escrito por":"Paula Silva","Est. tempo de leitura":"2 minutos"},"schema":{"@context":"https:\/\/schema.org","@graph":[{"@type":"NewsArticle","@id":"https:\/\/www.gaveanews.com\/index.php\/2025\/05\/21\/endrick-esta-fora-da-lista-de-convocados-de-ancelotti-para-o-brasil-entenda\/#article","isPartOf":{"@id":"https:\/\/www.gaveanews.com\/index.php\/2025\/05\/21\/endrick-esta-fora-da-lista-de-convocados-de-ancelotti-para-o-brasil-entenda\/"},"author":{"name":"Paula Silva","@id":"https:\/\/www.gaveanews.com\/#\/schema\/person\/daf63eec72e1164eb13dc35096c2b8da"},"headline":"Endrick est\u00e1 fora da lista de convocados de Ancelotti para o Brasil; entenda","datePublished":"2025-05-21T22:55:00+00:00","mainEntityOfPage":{"@id":"https:\/\/www.gaveanews.com\/index.php\/2025\/05\/21\/endrick-esta-fora-da-lista-de-convocados-de-ancelotti-para-o-brasil-entenda\/"},"wordCount":356,"commentCount":0,"image":{"@id":"https:\/\/www.gaveanews.com\/index.php\/2025\/05\/21\/endrick-esta-fora-da-lista-de-convocados-de-ancelotti-para-o-brasil-entenda\/#primaryimage"},"thumbnailUrl":"https:\/\/www.gaveanews.com\/wp-content\/uploads\/Endrick-com-a-camisa-do-Real-Madrid-em-2024.webp","articleSection":["Brasil","Real Madrid","Sele\u00e7\u00f5es"],"inLanguage":"pt-BR","potentialAction":[{"@type":"CommentAction","name":"Comment","target":["https:\/\/www.gaveanews.com\/index.php\/2025\/05\/21\/endrick-esta-fora-da-lista-de-convocados-de-ancelotti-para-o-brasil-entenda\/#respond"]}],"copyrightYear":"2025","copyrightHolder":{"@id":"https:\/\/www.gaveanews.com\/#organization"}},{"@type":"WebPage","@id":"https:\/\/www.gaveanews.com\/index.php\/2025\/05\/21\/endrick-esta-fora-da-lista-de-convocados-de-ancelotti-para-o-brasil-entenda\/","url":"https:\/\/www.gaveanews.com\/index.php\/2025\/05\/21\/endrick-esta-fora-da-lista-de-convocados-de-ancelotti-para-o-brasil-entenda\/","name":"Endrick est\u00e1 fora da lista de convocados de Ancelotti para o Brasil; entenda","isPartOf":{"@id":"https:\/\/www.gaveanews.com\/#website"},"primaryImageOfPage":{"@id":"https:\/\/www.gaveanews.com\/index.php\/2025\/05\/21\/endrick-esta-fora-da-lista-de-convocados-de-ancelotti-para-o-brasil-entenda\/#primaryimage"},"image":{"@id":"https:\/\/www.gaveanews.com\/index.php\/2025\/05\/21\/endrick-esta-fora-da-lista-de-convocados-de-ancelotti-para-o-brasil-entenda\/#primaryimage"},"thumbnailUrl":"https:\/\/www.gaveanews.com\/wp-content\/uploads\/Endrick-com-a-camisa-do-Real-Madrid-em-2024.webp","datePublished":"2025-05-21T22:55:00+00:00","author":{"@id":"https:\/\/www.gaveanews.com\/#\/schema\/person\/daf63eec72e1164eb13dc35096c2b8da"},"breadcrumb":{"@id":"https:\/\/www.gaveanews.com\/index.php\/2025\/05\/21\/endrick-esta-fora-da-lista-de-convocados-de-ancelotti-para-o-brasil-entenda\/#breadcrumb"},"inLanguage":"pt-BR","potentialAction":[{"@type":"ReadAction","target":["https:\/\/www.gaveanews.com\/index.php\/2025\/05\/21\/endrick-esta-fora-da-lista-de-convocados-de-ancelotti-para-o-brasil-entenda\/"]}]},{"@type":"ImageObject","inLanguage":"pt-BR","@id":"https:\/\/www.gaveanews.com\/index.php\/2025\/05\/21\/endrick-esta-fora-da-lista-de-convocados-de-ancelotti-para-o-brasil-entenda\/#primaryimage","url":"https:\/\/www.gaveanews.com\/wp-content\/uploads\/Endrick-com-a-camisa-do-Real-Madrid-em-2024.webp","contentUrl":"https:\/\/www.gaveanews.com\/wp-content\/uploads\/Endrick-com-a-camisa-do-Real-Madrid-em-2024.webp","width":1440,"height":959,"caption":"Endrick com a camisa do Real Madrid em 2024 (Foto: Reprodu\u00e7\u00e3o\/Instagram)"},{"@type":"BreadcrumbList","@id":"https:\/\/www.gaveanews.com\/index.php\/2025\/05\/21\/endrick-esta-fora-da-lista-de-convocados-de-ancelotti-para-o-brasil-entenda\/#breadcrumb","itemListElement":[{"@type":"ListItem","position":1,"name":"Home","item":"https:\/\/www.gaveanews.com\/"},{"@type":"ListItem","position":2,"name":"Endrick est\u00e1 fora da lista de convocados de Ancelotti para o Brasil; entenda"}]},{"@type":"WebSite","@id":"https:\/\/www.gaveanews.com\/#website","url":"https:\/\/www.gaveanews.com\/","name":"G\u00e1vea News","description":"Veja todas as not\u00edcias sobre o Flamengo: Contrata\u00e7\u00f5es, categorias de base, resultados das partidas, tabela de classifica\u00e7\u00e3o, pr\u00f3ximos jogos!","potentialAction":[{"@type":"SearchAction","target":{"@type":"EntryPoint","urlTemplate":"https:\/\/www.gaveanews.com\/?s={search_term_string}"},"query-input":{"@type":"PropertyValueSpecification","valueRequired":true,"valueName":"search_term_string"}}],"inLanguage":"pt-BR"},{"@type":"Person","@id":"https:\/\/www.gaveanews.com\/#\/schema\/person\/daf63eec72e1164eb13dc35096c2b8da","name":"Paula Silva","image":{"@type":"ImageObject","inLanguage":"pt-BR","@id":"https:\/\/www.gaveanews.com\/#\/schema\/person\/image\/","url":"https:\/\/secure.gravatar.com\/avatar\/eda381c845527cc5d64c13b901833cda29d97500ba040d3e6461f76f51d163bb?s=96&d=mm&r=g","contentUrl":"https:\/\/secure.gravatar.com\/avatar\/eda381c845527cc5d64c13b901833cda29d97500ba040d3e6461f76f51d163bb?s=96&d=mm&r=g","caption":"Paula Silva"}}]}},"_links":{"self":[{"href":"https:\/\/www.gaveanews.com\/index.php\/wp-json\/wp\/v2\/posts\/265897","targetHints":{"allow":["GET"]}}],"collection":[{"href":"https:\/\/www.gaveanews.com\/index.php\/wp-json\/wp\/v2\/posts"}],"about":[{"href":"https:\/\/www.gaveanews.com\/index.php\/wp-json\/wp\/v2\/types\/post"}],"author":[{"embeddable":true,"href":"https:\/\/www.gaveanews.com\/index.php\/wp-json\/wp\/v2\/users\/18"}],"replies":[{"embeddable":true,"href":"https:\/\/www.gaveanews.com\/index.php\/wp-json\/wp\/v2\/comments?post=265897"}],"version-history":[{"count":1,"href":"https:\/\/www.gaveanews.com\/index.php\/wp-json\/wp\/v2\/posts\/265897\/revisions"}],"predecessor-version":[{"id":265900,"href":"https:\/\/www.gaveanews.com\/index.php\/wp-json\/wp\/v2\/posts\/265897\/revisions\/265900"}],"wp:featuredmedia":[{"embeddable":true,"href":"https:\/\/www.gaveanews.com\/index.php\/wp-json\/wp\/v2\/media\/159677"}],"wp:attachment":[{"href":"https:\/\/www.gaveanews.com\/index.php\/wp-json\/wp\/v2\/media?parent=265897"}],"wp:term":[{"taxonomy":"category","embeddable":true,"href":"https:\/\/www.gaveanews.com\/index.php\/wp-json\/wp\/v2\/categories?post=265897"},{"taxonomy":"post_tag","embeddable":true,"href":"https:\/\/www.gaveanews.com\/index.php\/wp-json\/wp\/v2\/tags?post=265897"}],"curies":[{"name":"wp","href":"https:\/\/api.w.org\/{rel}","templated":true}]}}