{"id":265907,"date":"2025-05-21T20:20:00","date_gmt":"2025-05-21T23:20:00","guid":{"rendered":"https:\/\/www.gaveanews.com\/?p=265907"},"modified":"2025-05-21T19:23:37","modified_gmt":"2025-05-21T22:23:37","slug":"palmeiras-x-flamengo-alviverde-toma-atitude-envolvendo-torcida","status":"publish","type":"post","link":"https:\/\/www.gaveanews.com\/index.php\/2025\/05\/21\/palmeiras-x-flamengo-alviverde-toma-atitude-envolvendo-torcida\/","title":{"rendered":"Palmeiras x Flamengo: Alviverde toma atitude envolvendo torcida"},"content":{"rendered":"\n<p>O Palmeiras anunciou, nesta quarta-feira (21), os valores dos ingressos para o confronto diante do Flamengo, marcado para o pr\u00f3ximo domingo (26), \u00e0s 16 horas (hor\u00e1rio de Bras\u00edlia), no Allianz Parque, pelo Campeonato Brasileiro. A novidade fica por conta da implementa\u00e7\u00e3o de um &#8220;setor popular&#8221;, com pre\u00e7os mais acess\u00edveis ao torcedor.<\/p>\n\n\n\n<p>Localizado atr\u00e1s de um dos gols, o setor denominado Geral Norte ter\u00e1 bilhetes vendidos a R$ 50 (inteira) e R$ 25 (meia-entrada). O espa\u00e7o, que n\u00e3o conta com assentos fixos, possui capacidade para 750 torcedores. A medida visa ampliar o acesso dos palmeirenses ao est\u00e1dio, especialmente em partidas de grande apelo como esta.<\/p>\n\n\n\n<p>Nos demais setores do Allianz Parque, os pre\u00e7os seguem os mesmos aplicados em compromissos anteriores do Brasileir\u00e3o. As entradas variam entre R$ 150 e R$ 280. Contudo, os associados do programa Avanti t\u00eam direito a descontos proporcionais ao seu plano de ades\u00e3o, o que torna os valores mais atrativos para quem participa da iniciativa.<\/p>\n\n\n\n<p>A venda dos ingressos ter\u00e1 in\u00edcio nesta quinta-feira (22), \u00e0s 12 horas (hor\u00e1rio de Bras\u00edlia), de forma exclusiva para os s\u00f3cios-torcedores, por meio do site oficial do clube. J\u00e1 o p\u00fablico em geral poder\u00e1 adquirir seus bilhetes posteriormente, respeitando a libera\u00e7\u00e3o de lotes restantes.<\/p>\n\n\n\n<p>O clube alviverde espera superar o recorde de p\u00fablico no est\u00e1dio nesta edi\u00e7\u00e3o do Brasileir\u00e3o. Atualmente, o maior n\u00famero de pagantes foi registrado na partida entre Santos e Cear\u00e1, com 35.240 presentes. Contra Botafogo e Bahia, o Palmeiras levou 30.347 e 29.033 torcedores, respectivamente, embora este \u00faltimo tenha ocorrido com restri\u00e7\u00e3o parcial no setor Gol Norte.<\/p>\n\n\n\n<p>Assim, a cria\u00e7\u00e3o do novo setor e a expectativa de casa cheia refletem, primordialmente, o bom momento da equipe e a for\u00e7a de sua torcida no cen\u00e1rio nacional.<\/p>\n\n\n\n<p>Palmeiras e Flamengo v\u00e3o medir for\u00e7as em confronto direto pelo topo da tabela. O Alviverde \u00e9 o atual l\u00edder do Brasileir\u00e3o, com 22 pontos, quatro a mais que o Rubro-Negro, que ocupa a segunda posi\u00e7\u00e3o, com 18. <\/p>\n","protected":false},"excerpt":{"rendered":"<p>O Palmeiras anunciou, nesta quarta-feira (21), os valores dos ingressos para o confronto diante do Flamengo, marcado para o pr\u00f3ximo domingo (26), \u00e0s 16 horas (hor\u00e1rio de Bras\u00edlia), no Allianz Parque, pelo Campeonato Brasileiro. A novidade fica por conta da implementa\u00e7\u00e3o de um &#8220;setor popular&#8221;, com pre\u00e7os mais acess\u00edveis ao torcedor. Localizado atr\u00e1s de um [&hellip;]<\/p>\n","protected":false},"author":18,"featured_media":155833,"comment_status":"open","ping_status":"closed","sticky":false,"template":"","format":"standard","meta":{"footnotes":""},"categories":[1,150],"tags":[],"class_list":["post-265907","post","type-post","status-publish","format-standard","has-post-thumbnail","hentry","category-flamengo","category-palmeiras"],"yoast_head":"<!-- This site is optimized with the Yoast SEO Premium plugin v24.2 (Yoast SEO v26.9) - https:\/\/yoast.com\/product\/yoast-seo-premium-wordpress\/ -->\n<title>Palmeiras x Flamengo: Alviverde toma atitude envolvendo torcida<\/title>\n<meta name=\"robots\" content=\"index, follow, max-snippet:-1, max-image-preview:large, max-video-preview:-1\" \/>\n<link rel=\"canonical\" href=\"https:\/\/www.gaveanews.com\/index.php\/2025\/05\/21\/palmeiras-x-flamengo-alviverde-toma-atitude-envolvendo-torcida\/\" \/>\n<meta property=\"og:locale\" content=\"pt_BR\" \/>\n<meta property=\"og:type\" content=\"article\" \/>\n<meta property=\"og:title\" content=\"Palmeiras x Flamengo: Alviverde toma atitude envolvendo torcida\" \/>\n<meta property=\"og:description\" content=\"O Palmeiras anunciou, nesta quarta-feira (21), os valores dos ingressos para o confronto diante do Flamengo, marcado para o pr\u00f3ximo domingo (26), \u00e0s 16 horas (hor\u00e1rio de Bras\u00edlia), no Allianz Parque, pelo Campeonato Brasileiro. A novidade fica por conta da implementa\u00e7\u00e3o de um &#8220;setor popular&#8221;, com pre\u00e7os mais acess\u00edveis ao torcedor. Localizado atr\u00e1s de um [&hellip;]\" \/>\n<meta property=\"og:url\" content=\"https:\/\/www.gaveanews.com\/index.php\/2025\/05\/21\/palmeiras-x-flamengo-alviverde-toma-atitude-envolvendo-torcida\/\" \/>\n<meta property=\"og:site_name\" content=\"G\u00e1vea News\" \/>\n<meta property=\"article:publisher\" content=\"https:\/\/facebook.com\/gaveaNews\/\" \/>\n<meta property=\"article:published_time\" content=\"2025-05-21T23:20:00+00:00\" \/>\n<meta property=\"og:image\" content=\"https:\/\/www.gaveanews.com\/wp-content\/uploads\/Agustin-Giay-e-Luiz-Araujo-durante-o-jogo-entre-Flamengo-x-Palmeiras-pela-Copa-do-Brasil-2024-no-Maracana.webp\" \/>\n\t<meta property=\"og:image:width\" content=\"800\" \/>\n\t<meta property=\"og:image:height\" content=\"800\" \/>\n\t<meta property=\"og:image:type\" content=\"image\/jpeg\" \/>\n<meta name=\"author\" content=\"Paula Silva\" \/>\n<meta name=\"twitter:card\" content=\"summary_large_image\" \/>\n<meta name=\"twitter:label1\" content=\"Escrito por\" \/>\n\t<meta name=\"twitter:data1\" content=\"Paula Silva\" \/>\n\t<meta name=\"twitter:label2\" content=\"Est. tempo de leitura\" \/>\n\t<meta name=\"twitter:data2\" content=\"2 minutos\" \/>\n<script type=\"application\/ld+json\" class=\"yoast-schema-graph\">{\"@context\":\"https:\/\/schema.org\",\"@graph\":[{\"@type\":\"NewsArticle\",\"@id\":\"https:\/\/www.gaveanews.com\/index.php\/2025\/05\/21\/palmeiras-x-flamengo-alviverde-toma-atitude-envolvendo-torcida\/#article\",\"isPartOf\":{\"@id\":\"https:\/\/www.gaveanews.com\/index.php\/2025\/05\/21\/palmeiras-x-flamengo-alviverde-toma-atitude-envolvendo-torcida\/\"},\"author\":{\"name\":\"Paula Silva\",\"@id\":\"https:\/\/www.gaveanews.com\/#\/schema\/person\/daf63eec72e1164eb13dc35096c2b8da\"},\"headline\":\"Palmeiras x Flamengo: Alviverde toma atitude envolvendo torcida\",\"datePublished\":\"2025-05-21T23:20:00+00:00\",\"mainEntityOfPage\":{\"@id\":\"https:\/\/www.gaveanews.com\/index.php\/2025\/05\/21\/palmeiras-x-flamengo-alviverde-toma-atitude-envolvendo-torcida\/\"},\"wordCount\":349,\"commentCount\":0,\"image\":{\"@id\":\"https:\/\/www.gaveanews.com\/index.php\/2025\/05\/21\/palmeiras-x-flamengo-alviverde-toma-atitude-envolvendo-torcida\/#primaryimage\"},\"thumbnailUrl\":\"https:\/\/www.gaveanews.com\/wp-content\/uploads\/Agustin-Giay-e-Luiz-Araujo-durante-o-jogo-entre-Flamengo-x-Palmeiras-pela-Copa-do-Brasil-2024-no-Maracana.webp\",\"articleSection\":[\"Flamengo\",\"Palmeiras\"],\"inLanguage\":\"pt-BR\",\"potentialAction\":[{\"@type\":\"CommentAction\",\"name\":\"Comment\",\"target\":[\"https:\/\/www.gaveanews.com\/index.php\/2025\/05\/21\/palmeiras-x-flamengo-alviverde-toma-atitude-envolvendo-torcida\/#respond\"]}],\"copyrightYear\":\"2025\",\"copyrightHolder\":{\"@id\":\"https:\/\/www.gaveanews.com\/#organization\"}},{\"@type\":\"WebPage\",\"@id\":\"https:\/\/www.gaveanews.com\/index.php\/2025\/05\/21\/palmeiras-x-flamengo-alviverde-toma-atitude-envolvendo-torcida\/\",\"url\":\"https:\/\/www.gaveanews.com\/index.php\/2025\/05\/21\/palmeiras-x-flamengo-alviverde-toma-atitude-envolvendo-torcida\/\",\"name\":\"Palmeiras x Flamengo: Alviverde toma atitude envolvendo torcida\",\"isPartOf\":{\"@id\":\"https:\/\/www.gaveanews.com\/#website\"},\"primaryImageOfPage\":{\"@id\":\"https:\/\/www.gaveanews.com\/index.php\/2025\/05\/21\/palmeiras-x-flamengo-alviverde-toma-atitude-envolvendo-torcida\/#primaryimage\"},\"image\":{\"@id\":\"https:\/\/www.gaveanews.com\/index.php\/2025\/05\/21\/palmeiras-x-flamengo-alviverde-toma-atitude-envolvendo-torcida\/#primaryimage\"},\"thumbnailUrl\":\"https:\/\/www.gaveanews.com\/wp-content\/uploads\/Agustin-Giay-e-Luiz-Araujo-durante-o-jogo-entre-Flamengo-x-Palmeiras-pela-Copa-do-Brasil-2024-no-Maracana.webp\",\"datePublished\":\"2025-05-21T23:20:00+00:00\",\"author\":{\"@id\":\"https:\/\/www.gaveanews.com\/#\/schema\/person\/daf63eec72e1164eb13dc35096c2b8da\"},\"breadcrumb\":{\"@id\":\"https:\/\/www.gaveanews.com\/index.php\/2025\/05\/21\/palmeiras-x-flamengo-alviverde-toma-atitude-envolvendo-torcida\/#breadcrumb\"},\"inLanguage\":\"pt-BR\",\"potentialAction\":[{\"@type\":\"ReadAction\",\"target\":[\"https:\/\/www.gaveanews.com\/index.php\/2025\/05\/21\/palmeiras-x-flamengo-alviverde-toma-atitude-envolvendo-torcida\/\"]}]},{\"@type\":\"ImageObject\",\"inLanguage\":\"pt-BR\",\"@id\":\"https:\/\/www.gaveanews.com\/index.php\/2025\/05\/21\/palmeiras-x-flamengo-alviverde-toma-atitude-envolvendo-torcida\/#primaryimage\",\"url\":\"https:\/\/www.gaveanews.com\/wp-content\/uploads\/Agustin-Giay-e-Luiz-Araujo-durante-o-jogo-entre-Flamengo-x-Palmeiras-pela-Copa-do-Brasil-2024-no-Maracana.webp\",\"contentUrl\":\"https:\/\/www.gaveanews.com\/wp-content\/uploads\/Agustin-Giay-e-Luiz-Araujo-durante-o-jogo-entre-Flamengo-x-Palmeiras-pela-Copa-do-Brasil-2024-no-Maracana.webp\",\"width\":800,\"height\":800,\"caption\":\"Agust\u00edn Giay e Luiz Ara\u00fajo durante o jogo entre Flamengo x Palmeiras pela Copa do Brasil 2024 no Maracan\u00e3 (Foto: Cesar Greco\/Palmeiras)\"},{\"@type\":\"BreadcrumbList\",\"@id\":\"https:\/\/www.gaveanews.com\/index.php\/2025\/05\/21\/palmeiras-x-flamengo-alviverde-toma-atitude-envolvendo-torcida\/#breadcrumb\",\"itemListElement\":[{\"@type\":\"ListItem\",\"position\":1,\"name\":\"Home\",\"item\":\"https:\/\/www.gaveanews.com\/\"},{\"@type\":\"ListItem\",\"position\":2,\"name\":\"Palmeiras x Flamengo: Alviverde toma atitude envolvendo torcida\"}]},{\"@type\":\"WebSite\",\"@id\":\"https:\/\/www.gaveanews.com\/#website\",\"url\":\"https:\/\/www.gaveanews.com\/\",\"name\":\"G\u00e1vea News\",\"description\":\"Veja todas as not\u00edcias sobre o Flamengo: Contrata\u00e7\u00f5es, categorias de base, resultados das partidas, tabela de classifica\u00e7\u00e3o, pr\u00f3ximos jogos!\",\"potentialAction\":[{\"@type\":\"SearchAction\",\"target\":{\"@type\":\"EntryPoint\",\"urlTemplate\":\"https:\/\/www.gaveanews.com\/?s={search_term_string}\"},\"query-input\":{\"@type\":\"PropertyValueSpecification\",\"valueRequired\":true,\"valueName\":\"search_term_string\"}}],\"inLanguage\":\"pt-BR\"},{\"@type\":\"Person\",\"@id\":\"https:\/\/www.gaveanews.com\/#\/schema\/person\/daf63eec72e1164eb13dc35096c2b8da\",\"name\":\"Paula Silva\",\"image\":{\"@type\":\"ImageObject\",\"inLanguage\":\"pt-BR\",\"@id\":\"https:\/\/www.gaveanews.com\/#\/schema\/person\/image\/\",\"url\":\"https:\/\/secure.gravatar.com\/avatar\/eda381c845527cc5d64c13b901833cda29d97500ba040d3e6461f76f51d163bb?s=96&d=mm&r=g\",\"contentUrl\":\"https:\/\/secure.gravatar.com\/avatar\/eda381c845527cc5d64c13b901833cda29d97500ba040d3e6461f76f51d163bb?s=96&d=mm&r=g\",\"caption\":\"Paula Silva\"}}]}<\/script>\n<!-- \/ Yoast SEO Premium plugin. -->","yoast_head_json":{"title":"Palmeiras x Flamengo: Alviverde toma atitude envolvendo torcida","robots":{"index":"index","follow":"follow","max-snippet":"max-snippet:-1","max-image-preview":"max-image-preview:large","max-video-preview":"max-video-preview:-1"},"canonical":"https:\/\/www.gaveanews.com\/index.php\/2025\/05\/21\/palmeiras-x-flamengo-alviverde-toma-atitude-envolvendo-torcida\/","og_locale":"pt_BR","og_type":"article","og_title":"Palmeiras x Flamengo: Alviverde toma atitude envolvendo torcida","og_description":"O Palmeiras anunciou, nesta quarta-feira (21), os valores dos ingressos para o confronto diante do Flamengo, marcado para o pr\u00f3ximo domingo (26), \u00e0s 16 horas (hor\u00e1rio de Bras\u00edlia), no Allianz Parque, pelo Campeonato Brasileiro. A novidade fica por conta da implementa\u00e7\u00e3o de um &#8220;setor popular&#8221;, com pre\u00e7os mais acess\u00edveis ao torcedor. Localizado atr\u00e1s de um [&hellip;]","og_url":"https:\/\/www.gaveanews.com\/index.php\/2025\/05\/21\/palmeiras-x-flamengo-alviverde-toma-atitude-envolvendo-torcida\/","og_site_name":"G\u00e1vea News","article_publisher":"https:\/\/facebook.com\/gaveaNews\/","article_published_time":"2025-05-21T23:20:00+00:00","og_image":[{"width":800,"height":800,"url":"https:\/\/www.gaveanews.com\/wp-content\/uploads\/Agustin-Giay-e-Luiz-Araujo-durante-o-jogo-entre-Flamengo-x-Palmeiras-pela-Copa-do-Brasil-2024-no-Maracana.webp","type":"image\/jpeg"}],"author":"Paula Silva","twitter_card":"summary_large_image","twitter_misc":{"Escrito por":"Paula Silva","Est. tempo de leitura":"2 minutos"},"schema":{"@context":"https:\/\/schema.org","@graph":[{"@type":"NewsArticle","@id":"https:\/\/www.gaveanews.com\/index.php\/2025\/05\/21\/palmeiras-x-flamengo-alviverde-toma-atitude-envolvendo-torcida\/#article","isPartOf":{"@id":"https:\/\/www.gaveanews.com\/index.php\/2025\/05\/21\/palmeiras-x-flamengo-alviverde-toma-atitude-envolvendo-torcida\/"},"author":{"name":"Paula Silva","@id":"https:\/\/www.gaveanews.com\/#\/schema\/person\/daf63eec72e1164eb13dc35096c2b8da"},"headline":"Palmeiras x Flamengo: Alviverde toma atitude envolvendo torcida","datePublished":"2025-05-21T23:20:00+00:00","mainEntityOfPage":{"@id":"https:\/\/www.gaveanews.com\/index.php\/2025\/05\/21\/palmeiras-x-flamengo-alviverde-toma-atitude-envolvendo-torcida\/"},"wordCount":349,"commentCount":0,"image":{"@id":"https:\/\/www.gaveanews.com\/index.php\/2025\/05\/21\/palmeiras-x-flamengo-alviverde-toma-atitude-envolvendo-torcida\/#primaryimage"},"thumbnailUrl":"https:\/\/www.gaveanews.com\/wp-content\/uploads\/Agustin-Giay-e-Luiz-Araujo-durante-o-jogo-entre-Flamengo-x-Palmeiras-pela-Copa-do-Brasil-2024-no-Maracana.webp","articleSection":["Flamengo","Palmeiras"],"inLanguage":"pt-BR","potentialAction":[{"@type":"CommentAction","name":"Comment","target":["https:\/\/www.gaveanews.com\/index.php\/2025\/05\/21\/palmeiras-x-flamengo-alviverde-toma-atitude-envolvendo-torcida\/#respond"]}],"copyrightYear":"2025","copyrightHolder":{"@id":"https:\/\/www.gaveanews.com\/#organization"}},{"@type":"WebPage","@id":"https:\/\/www.gaveanews.com\/index.php\/2025\/05\/21\/palmeiras-x-flamengo-alviverde-toma-atitude-envolvendo-torcida\/","url":"https:\/\/www.gaveanews.com\/index.php\/2025\/05\/21\/palmeiras-x-flamengo-alviverde-toma-atitude-envolvendo-torcida\/","name":"Palmeiras x Flamengo: Alviverde toma atitude envolvendo torcida","isPartOf":{"@id":"https:\/\/www.gaveanews.com\/#website"},"primaryImageOfPage":{"@id":"https:\/\/www.gaveanews.com\/index.php\/2025\/05\/21\/palmeiras-x-flamengo-alviverde-toma-atitude-envolvendo-torcida\/#primaryimage"},"image":{"@id":"https:\/\/www.gaveanews.com\/index.php\/2025\/05\/21\/palmeiras-x-flamengo-alviverde-toma-atitude-envolvendo-torcida\/#primaryimage"},"thumbnailUrl":"https:\/\/www.gaveanews.com\/wp-content\/uploads\/Agustin-Giay-e-Luiz-Araujo-durante-o-jogo-entre-Flamengo-x-Palmeiras-pela-Copa-do-Brasil-2024-no-Maracana.webp","datePublished":"2025-05-21T23:20:00+00:00","author":{"@id":"https:\/\/www.gaveanews.com\/#\/schema\/person\/daf63eec72e1164eb13dc35096c2b8da"},"breadcrumb":{"@id":"https:\/\/www.gaveanews.com\/index.php\/2025\/05\/21\/palmeiras-x-flamengo-alviverde-toma-atitude-envolvendo-torcida\/#breadcrumb"},"inLanguage":"pt-BR","potentialAction":[{"@type":"ReadAction","target":["https:\/\/www.gaveanews.com\/index.php\/2025\/05\/21\/palmeiras-x-flamengo-alviverde-toma-atitude-envolvendo-torcida\/"]}]},{"@type":"ImageObject","inLanguage":"pt-BR","@id":"https:\/\/www.gaveanews.com\/index.php\/2025\/05\/21\/palmeiras-x-flamengo-alviverde-toma-atitude-envolvendo-torcida\/#primaryimage","url":"https:\/\/www.gaveanews.com\/wp-content\/uploads\/Agustin-Giay-e-Luiz-Araujo-durante-o-jogo-entre-Flamengo-x-Palmeiras-pela-Copa-do-Brasil-2024-no-Maracana.webp","contentUrl":"https:\/\/www.gaveanews.com\/wp-content\/uploads\/Agustin-Giay-e-Luiz-Araujo-durante-o-jogo-entre-Flamengo-x-Palmeiras-pela-Copa-do-Brasil-2024-no-Maracana.webp","width":800,"height":800,"caption":"Agust\u00edn Giay e Luiz Ara\u00fajo durante o jogo entre Flamengo x Palmeiras pela Copa do Brasil 2024 no Maracan\u00e3 (Foto: Cesar Greco\/Palmeiras)"},{"@type":"BreadcrumbList","@id":"https:\/\/www.gaveanews.com\/index.php\/2025\/05\/21\/palmeiras-x-flamengo-alviverde-toma-atitude-envolvendo-torcida\/#breadcrumb","itemListElement":[{"@type":"ListItem","position":1,"name":"Home","item":"https:\/\/www.gaveanews.com\/"},{"@type":"ListItem","position":2,"name":"Palmeiras x Flamengo: Alviverde toma atitude envolvendo torcida"}]},{"@type":"WebSite","@id":"https:\/\/www.gaveanews.com\/#website","url":"https:\/\/www.gaveanews.com\/","name":"G\u00e1vea News","description":"Veja todas as not\u00edcias sobre o Flamengo: Contrata\u00e7\u00f5es, categorias de base, resultados das partidas, tabela de classifica\u00e7\u00e3o, pr\u00f3ximos jogos!","potentialAction":[{"@type":"SearchAction","target":{"@type":"EntryPoint","urlTemplate":"https:\/\/www.gaveanews.com\/?s={search_term_string}"},"query-input":{"@type":"PropertyValueSpecification","valueRequired":true,"valueName":"search_term_string"}}],"inLanguage":"pt-BR"},{"@type":"Person","@id":"https:\/\/www.gaveanews.com\/#\/schema\/person\/daf63eec72e1164eb13dc35096c2b8da","name":"Paula Silva","image":{"@type":"ImageObject","inLanguage":"pt-BR","@id":"https:\/\/www.gaveanews.com\/#\/schema\/person\/image\/","url":"https:\/\/secure.gravatar.com\/avatar\/eda381c845527cc5d64c13b901833cda29d97500ba040d3e6461f76f51d163bb?s=96&d=mm&r=g","contentUrl":"https:\/\/secure.gravatar.com\/avatar\/eda381c845527cc5d64c13b901833cda29d97500ba040d3e6461f76f51d163bb?s=96&d=mm&r=g","caption":"Paula Silva"}}]}},"_links":{"self":[{"href":"https:\/\/www.gaveanews.com\/index.php\/wp-json\/wp\/v2\/posts\/265907","targetHints":{"allow":["GET"]}}],"collection":[{"href":"https:\/\/www.gaveanews.com\/index.php\/wp-json\/wp\/v2\/posts"}],"about":[{"href":"https:\/\/www.gaveanews.com\/index.php\/wp-json\/wp\/v2\/types\/post"}],"author":[{"embeddable":true,"href":"https:\/\/www.gaveanews.com\/index.php\/wp-json\/wp\/v2\/users\/18"}],"replies":[{"embeddable":true,"href":"https:\/\/www.gaveanews.com\/index.php\/wp-json\/wp\/v2\/comments?post=265907"}],"version-history":[{"count":1,"href":"https:\/\/www.gaveanews.com\/index.php\/wp-json\/wp\/v2\/posts\/265907\/revisions"}],"predecessor-version":[{"id":265913,"href":"https:\/\/www.gaveanews.com\/index.php\/wp-json\/wp\/v2\/posts\/265907\/revisions\/265913"}],"wp:featuredmedia":[{"embeddable":true,"href":"https:\/\/www.gaveanews.com\/index.php\/wp-json\/wp\/v2\/media\/155833"}],"wp:attachment":[{"href":"https:\/\/www.gaveanews.com\/index.php\/wp-json\/wp\/v2\/media?parent=265907"}],"wp:term":[{"taxonomy":"category","embeddable":true,"href":"https:\/\/www.gaveanews.com\/index.php\/wp-json\/wp\/v2\/categories?post=265907"},{"taxonomy":"post_tag","embeddable":true,"href":"https:\/\/www.gaveanews.com\/index.php\/wp-json\/wp\/v2\/tags?post=265907"}],"curies":[{"name":"wp","href":"https:\/\/api.w.org\/{rel}","templated":true}]}}