{"id":265917,"date":"2025-05-21T20:30:00","date_gmt":"2025-05-21T23:30:00","guid":{"rendered":"https:\/\/www.gaveanews.com\/?p=265917"},"modified":"2025-05-21T19:42:28","modified_gmt":"2025-05-21T22:42:28","slug":"bastidores-saiba-o-que-pensa-leila-pereira-do-palmeiras-sobre-interdicao-da-arena-barueri","status":"publish","type":"post","link":"https:\/\/www.gaveanews.com\/index.php\/2025\/05\/21\/bastidores-saiba-o-que-pensa-leila-pereira-do-palmeiras-sobre-interdicao-da-arena-barueri\/","title":{"rendered":"Bastidores: saiba o que pensa Leila Pereira, do Palmeiras, sobre interdi\u00e7\u00e3o da Arena Barueri"},"content":{"rendered":"\n<p>A Federa\u00e7\u00e3o Paulista de Futebol (FPF) decidiu interditar a Arena Barueri para partidas organizadas pela entidade, alegando a exist\u00eancia de reformas que inviabilizam a presen\u00e7a de p\u00fablico no local. O est\u00e1dio, que serve de alternativa ao Allianz Parque para o Palmeiras, est\u00e1 sob gest\u00e3o de uma das empresas de Leila Pereira, presidente do clube alviverde.<\/p>\n\n\n\n<p>Segundo a FPF, a decis\u00e3o se baseia no Regulamento Geral de Competi\u00e7\u00f5es, que pro\u00edbe jogos sem p\u00fablico. A entidade declarou ter recebido um of\u00edcio do pr\u00f3prio Palmeiras, datado de 16 de maio, informando sobre as obras e a impossibilidade de abrir os port\u00f5es ao torcedor at\u00e9 o final de junho. Ainda assim, Leila considera a medida uma retalia\u00e7\u00e3o pol\u00edtica por sua posi\u00e7\u00e3o na elei\u00e7\u00e3o da Confedera\u00e7\u00e3o Brasileira de Futebol (CBF).<\/p>\n\n\n\n<p>A presidente do Palmeiras declarou apoio a Samir Xaud, que reuniu o apoio de 25 federa\u00e7\u00f5es e dez clubes, inviabilizando a candidatura de Reinaldo Carneiro Bastos, atual presidente da FPF. Nos bastidores, Leila avalia que a interdi\u00e7\u00e3o da Arena Barueri foi precipitada e motivada por interesses que v\u00e3o al\u00e9m das quest\u00f5es estruturais.<\/p>\n\n\n\n<p>O departamento jur\u00eddico do Palmeiras analisa a situa\u00e7\u00e3o e cogita recorrer ao Superior Tribunal de Justi\u00e7a Desportiva (STJD) para tentar reverter a decis\u00e3o. \u201cO clube est\u00e1 avaliando as medidas legais cab\u00edveis diante do que entende ser um abuso\u201d, afirmou um representante jur\u00eddico, sob condi\u00e7\u00e3o de anonimato.<\/p>\n\n\n\n<p>Atualmente, a decis\u00e3o afeta, sobretudo, o time feminino do Palmeiras, que disputa o Paulist\u00e3o profissional e o Sub-20 na Arena Barueri. Vale lembrar que, no dia 14 de maio, uma partida sem p\u00fablico contra a Ferrovi\u00e1ria j\u00e1 havia sido realizada no local, sem autoriza\u00e7\u00e3o expressa da FPF.<\/p>\n\n\n\n<p>Por fim, \u00e9 importante destacar que a medida n\u00e3o se aplica a competi\u00e7\u00f5es da CBF ou da Conmebol. O Palmeiras, inclusive, j\u00e1 utilizou o est\u00e1dio para receber cl\u00e1ssicos do Campeonato Brasileiro neste ano.<\/p>\n","protected":false},"excerpt":{"rendered":"<p>A Federa\u00e7\u00e3o Paulista de Futebol (FPF) decidiu interditar a Arena Barueri para partidas organizadas pela entidade, alegando a exist\u00eancia de reformas que inviabilizam a presen\u00e7a de p\u00fablico no local. O est\u00e1dio, que serve de alternativa ao Allianz Parque para o Palmeiras, est\u00e1 sob gest\u00e3o de uma das empresas de Leila Pereira, presidente do clube alviverde. [&hellip;]<\/p>\n","protected":false},"author":18,"featured_media":108277,"comment_status":"open","ping_status":"closed","sticky":false,"template":"","format":"standard","meta":{"footnotes":""},"categories":[150],"tags":[],"class_list":["post-265917","post","type-post","status-publish","format-standard","has-post-thumbnail","hentry","category-palmeiras"],"yoast_head":"<!-- This site is optimized with the Yoast SEO Premium plugin v24.2 (Yoast SEO v26.9) - https:\/\/yoast.com\/product\/yoast-seo-premium-wordpress\/ -->\n<title>Bastidores: saiba o que pensa Leila Pereira, do Palmeiras, sobre interdi\u00e7\u00e3o da Arena Barueri<\/title>\n<meta name=\"robots\" content=\"index, follow, max-snippet:-1, max-image-preview:large, max-video-preview:-1\" \/>\n<link rel=\"canonical\" href=\"https:\/\/www.gaveanews.com\/index.php\/2025\/05\/21\/bastidores-saiba-o-que-pensa-leila-pereira-do-palmeiras-sobre-interdicao-da-arena-barueri\/\" \/>\n<meta property=\"og:locale\" content=\"pt_BR\" \/>\n<meta property=\"og:type\" content=\"article\" \/>\n<meta property=\"og:title\" content=\"Bastidores: saiba o que pensa Leila Pereira, do Palmeiras, sobre interdi\u00e7\u00e3o da Arena Barueri\" \/>\n<meta property=\"og:description\" content=\"A Federa\u00e7\u00e3o Paulista de Futebol (FPF) decidiu interditar a Arena Barueri para partidas organizadas pela entidade, alegando a exist\u00eancia de reformas que inviabilizam a presen\u00e7a de p\u00fablico no local. O est\u00e1dio, que serve de alternativa ao Allianz Parque para o Palmeiras, est\u00e1 sob gest\u00e3o de uma das empresas de Leila Pereira, presidente do clube alviverde. [&hellip;]\" \/>\n<meta property=\"og:url\" content=\"https:\/\/www.gaveanews.com\/index.php\/2025\/05\/21\/bastidores-saiba-o-que-pensa-leila-pereira-do-palmeiras-sobre-interdicao-da-arena-barueri\/\" \/>\n<meta property=\"og:site_name\" content=\"G\u00e1vea News\" \/>\n<meta property=\"article:publisher\" content=\"https:\/\/facebook.com\/gaveaNews\/\" \/>\n<meta property=\"article:published_time\" content=\"2025-05-21T23:30:00+00:00\" \/>\n<meta property=\"og:image\" content=\"https:\/\/www.gaveanews.com\/wp-content\/uploads\/Leila-Pereira-durante-coletiva-do-Palmeiras.webp\" \/>\n\t<meta property=\"og:image:width\" content=\"1200\" \/>\n\t<meta property=\"og:image:height\" content=\"750\" \/>\n\t<meta property=\"og:image:type\" content=\"image\/webp\" \/>\n<meta name=\"author\" content=\"Paula Silva\" \/>\n<meta name=\"twitter:card\" content=\"summary_large_image\" \/>\n<meta name=\"twitter:label1\" content=\"Escrito por\" \/>\n\t<meta name=\"twitter:data1\" content=\"Paula Silva\" \/>\n\t<meta name=\"twitter:label2\" content=\"Est. tempo de leitura\" \/>\n\t<meta name=\"twitter:data2\" content=\"2 minutos\" \/>\n<script type=\"application\/ld+json\" class=\"yoast-schema-graph\">{\"@context\":\"https:\/\/schema.org\",\"@graph\":[{\"@type\":\"NewsArticle\",\"@id\":\"https:\/\/www.gaveanews.com\/index.php\/2025\/05\/21\/bastidores-saiba-o-que-pensa-leila-pereira-do-palmeiras-sobre-interdicao-da-arena-barueri\/#article\",\"isPartOf\":{\"@id\":\"https:\/\/www.gaveanews.com\/index.php\/2025\/05\/21\/bastidores-saiba-o-que-pensa-leila-pereira-do-palmeiras-sobre-interdicao-da-arena-barueri\/\"},\"author\":{\"name\":\"Paula Silva\",\"@id\":\"https:\/\/www.gaveanews.com\/#\/schema\/person\/daf63eec72e1164eb13dc35096c2b8da\"},\"headline\":\"Bastidores: saiba o que pensa Leila Pereira, do Palmeiras, sobre interdi\u00e7\u00e3o da Arena Barueri\",\"datePublished\":\"2025-05-21T23:30:00+00:00\",\"mainEntityOfPage\":{\"@id\":\"https:\/\/www.gaveanews.com\/index.php\/2025\/05\/21\/bastidores-saiba-o-que-pensa-leila-pereira-do-palmeiras-sobre-interdicao-da-arena-barueri\/\"},\"wordCount\":353,\"commentCount\":0,\"image\":{\"@id\":\"https:\/\/www.gaveanews.com\/index.php\/2025\/05\/21\/bastidores-saiba-o-que-pensa-leila-pereira-do-palmeiras-sobre-interdicao-da-arena-barueri\/#primaryimage\"},\"thumbnailUrl\":\"https:\/\/www.gaveanews.com\/wp-content\/uploads\/Leila-Pereira-durante-coletiva-do-Palmeiras.webp\",\"articleSection\":[\"Palmeiras\"],\"inLanguage\":\"pt-BR\",\"potentialAction\":[{\"@type\":\"CommentAction\",\"name\":\"Comment\",\"target\":[\"https:\/\/www.gaveanews.com\/index.php\/2025\/05\/21\/bastidores-saiba-o-que-pensa-leila-pereira-do-palmeiras-sobre-interdicao-da-arena-barueri\/#respond\"]}],\"copyrightYear\":\"2025\",\"copyrightHolder\":{\"@id\":\"https:\/\/www.gaveanews.com\/#organization\"}},{\"@type\":\"WebPage\",\"@id\":\"https:\/\/www.gaveanews.com\/index.php\/2025\/05\/21\/bastidores-saiba-o-que-pensa-leila-pereira-do-palmeiras-sobre-interdicao-da-arena-barueri\/\",\"url\":\"https:\/\/www.gaveanews.com\/index.php\/2025\/05\/21\/bastidores-saiba-o-que-pensa-leila-pereira-do-palmeiras-sobre-interdicao-da-arena-barueri\/\",\"name\":\"Bastidores: saiba o que pensa Leila Pereira, do Palmeiras, sobre interdi\u00e7\u00e3o da Arena Barueri\",\"isPartOf\":{\"@id\":\"https:\/\/www.gaveanews.com\/#website\"},\"primaryImageOfPage\":{\"@id\":\"https:\/\/www.gaveanews.com\/index.php\/2025\/05\/21\/bastidores-saiba-o-que-pensa-leila-pereira-do-palmeiras-sobre-interdicao-da-arena-barueri\/#primaryimage\"},\"image\":{\"@id\":\"https:\/\/www.gaveanews.com\/index.php\/2025\/05\/21\/bastidores-saiba-o-que-pensa-leila-pereira-do-palmeiras-sobre-interdicao-da-arena-barueri\/#primaryimage\"},\"thumbnailUrl\":\"https:\/\/www.gaveanews.com\/wp-content\/uploads\/Leila-Pereira-durante-coletiva-do-Palmeiras.webp\",\"datePublished\":\"2025-05-21T23:30:00+00:00\",\"author\":{\"@id\":\"https:\/\/www.gaveanews.com\/#\/schema\/person\/daf63eec72e1164eb13dc35096c2b8da\"},\"breadcrumb\":{\"@id\":\"https:\/\/www.gaveanews.com\/index.php\/2025\/05\/21\/bastidores-saiba-o-que-pensa-leila-pereira-do-palmeiras-sobre-interdicao-da-arena-barueri\/#breadcrumb\"},\"inLanguage\":\"pt-BR\",\"potentialAction\":[{\"@type\":\"ReadAction\",\"target\":[\"https:\/\/www.gaveanews.com\/index.php\/2025\/05\/21\/bastidores-saiba-o-que-pensa-leila-pereira-do-palmeiras-sobre-interdicao-da-arena-barueri\/\"]}]},{\"@type\":\"ImageObject\",\"inLanguage\":\"pt-BR\",\"@id\":\"https:\/\/www.gaveanews.com\/index.php\/2025\/05\/21\/bastidores-saiba-o-que-pensa-leila-pereira-do-palmeiras-sobre-interdicao-da-arena-barueri\/#primaryimage\",\"url\":\"https:\/\/www.gaveanews.com\/wp-content\/uploads\/Leila-Pereira-durante-coletiva-do-Palmeiras.webp\",\"contentUrl\":\"https:\/\/www.gaveanews.com\/wp-content\/uploads\/Leila-Pereira-durante-coletiva-do-Palmeiras.webp\",\"width\":1200,\"height\":750,\"caption\":\"Leila Pereira durante coletiva do Palmeiras (Foto: Reprodu\u00e7\u00e3o)\"},{\"@type\":\"BreadcrumbList\",\"@id\":\"https:\/\/www.gaveanews.com\/index.php\/2025\/05\/21\/bastidores-saiba-o-que-pensa-leila-pereira-do-palmeiras-sobre-interdicao-da-arena-barueri\/#breadcrumb\",\"itemListElement\":[{\"@type\":\"ListItem\",\"position\":1,\"name\":\"Home\",\"item\":\"https:\/\/www.gaveanews.com\/\"},{\"@type\":\"ListItem\",\"position\":2,\"name\":\"Bastidores: saiba o que pensa Leila Pereira, do Palmeiras, sobre interdi\u00e7\u00e3o da Arena Barueri\"}]},{\"@type\":\"WebSite\",\"@id\":\"https:\/\/www.gaveanews.com\/#website\",\"url\":\"https:\/\/www.gaveanews.com\/\",\"name\":\"G\u00e1vea News\",\"description\":\"Veja todas as not\u00edcias sobre o Flamengo: Contrata\u00e7\u00f5es, categorias de base, resultados das partidas, tabela de classifica\u00e7\u00e3o, pr\u00f3ximos jogos!\",\"potentialAction\":[{\"@type\":\"SearchAction\",\"target\":{\"@type\":\"EntryPoint\",\"urlTemplate\":\"https:\/\/www.gaveanews.com\/?s={search_term_string}\"},\"query-input\":{\"@type\":\"PropertyValueSpecification\",\"valueRequired\":true,\"valueName\":\"search_term_string\"}}],\"inLanguage\":\"pt-BR\"},{\"@type\":\"Person\",\"@id\":\"https:\/\/www.gaveanews.com\/#\/schema\/person\/daf63eec72e1164eb13dc35096c2b8da\",\"name\":\"Paula Silva\",\"image\":{\"@type\":\"ImageObject\",\"inLanguage\":\"pt-BR\",\"@id\":\"https:\/\/www.gaveanews.com\/#\/schema\/person\/image\/\",\"url\":\"https:\/\/secure.gravatar.com\/avatar\/eda381c845527cc5d64c13b901833cda29d97500ba040d3e6461f76f51d163bb?s=96&d=mm&r=g\",\"contentUrl\":\"https:\/\/secure.gravatar.com\/avatar\/eda381c845527cc5d64c13b901833cda29d97500ba040d3e6461f76f51d163bb?s=96&d=mm&r=g\",\"caption\":\"Paula Silva\"}}]}<\/script>\n<!-- \/ Yoast SEO Premium plugin. -->","yoast_head_json":{"title":"Bastidores: saiba o que pensa Leila Pereira, do Palmeiras, sobre interdi\u00e7\u00e3o da Arena Barueri","robots":{"index":"index","follow":"follow","max-snippet":"max-snippet:-1","max-image-preview":"max-image-preview:large","max-video-preview":"max-video-preview:-1"},"canonical":"https:\/\/www.gaveanews.com\/index.php\/2025\/05\/21\/bastidores-saiba-o-que-pensa-leila-pereira-do-palmeiras-sobre-interdicao-da-arena-barueri\/","og_locale":"pt_BR","og_type":"article","og_title":"Bastidores: saiba o que pensa Leila Pereira, do Palmeiras, sobre interdi\u00e7\u00e3o da Arena Barueri","og_description":"A Federa\u00e7\u00e3o Paulista de Futebol (FPF) decidiu interditar a Arena Barueri para partidas organizadas pela entidade, alegando a exist\u00eancia de reformas que inviabilizam a presen\u00e7a de p\u00fablico no local. O est\u00e1dio, que serve de alternativa ao Allianz Parque para o Palmeiras, est\u00e1 sob gest\u00e3o de uma das empresas de Leila Pereira, presidente do clube alviverde. [&hellip;]","og_url":"https:\/\/www.gaveanews.com\/index.php\/2025\/05\/21\/bastidores-saiba-o-que-pensa-leila-pereira-do-palmeiras-sobre-interdicao-da-arena-barueri\/","og_site_name":"G\u00e1vea News","article_publisher":"https:\/\/facebook.com\/gaveaNews\/","article_published_time":"2025-05-21T23:30:00+00:00","og_image":[{"width":1200,"height":750,"url":"https:\/\/www.gaveanews.com\/wp-content\/uploads\/Leila-Pereira-durante-coletiva-do-Palmeiras.webp","type":"image\/webp"}],"author":"Paula Silva","twitter_card":"summary_large_image","twitter_misc":{"Escrito por":"Paula Silva","Est. tempo de leitura":"2 minutos"},"schema":{"@context":"https:\/\/schema.org","@graph":[{"@type":"NewsArticle","@id":"https:\/\/www.gaveanews.com\/index.php\/2025\/05\/21\/bastidores-saiba-o-que-pensa-leila-pereira-do-palmeiras-sobre-interdicao-da-arena-barueri\/#article","isPartOf":{"@id":"https:\/\/www.gaveanews.com\/index.php\/2025\/05\/21\/bastidores-saiba-o-que-pensa-leila-pereira-do-palmeiras-sobre-interdicao-da-arena-barueri\/"},"author":{"name":"Paula Silva","@id":"https:\/\/www.gaveanews.com\/#\/schema\/person\/daf63eec72e1164eb13dc35096c2b8da"},"headline":"Bastidores: saiba o que pensa Leila Pereira, do Palmeiras, sobre interdi\u00e7\u00e3o da Arena Barueri","datePublished":"2025-05-21T23:30:00+00:00","mainEntityOfPage":{"@id":"https:\/\/www.gaveanews.com\/index.php\/2025\/05\/21\/bastidores-saiba-o-que-pensa-leila-pereira-do-palmeiras-sobre-interdicao-da-arena-barueri\/"},"wordCount":353,"commentCount":0,"image":{"@id":"https:\/\/www.gaveanews.com\/index.php\/2025\/05\/21\/bastidores-saiba-o-que-pensa-leila-pereira-do-palmeiras-sobre-interdicao-da-arena-barueri\/#primaryimage"},"thumbnailUrl":"https:\/\/www.gaveanews.com\/wp-content\/uploads\/Leila-Pereira-durante-coletiva-do-Palmeiras.webp","articleSection":["Palmeiras"],"inLanguage":"pt-BR","potentialAction":[{"@type":"CommentAction","name":"Comment","target":["https:\/\/www.gaveanews.com\/index.php\/2025\/05\/21\/bastidores-saiba-o-que-pensa-leila-pereira-do-palmeiras-sobre-interdicao-da-arena-barueri\/#respond"]}],"copyrightYear":"2025","copyrightHolder":{"@id":"https:\/\/www.gaveanews.com\/#organization"}},{"@type":"WebPage","@id":"https:\/\/www.gaveanews.com\/index.php\/2025\/05\/21\/bastidores-saiba-o-que-pensa-leila-pereira-do-palmeiras-sobre-interdicao-da-arena-barueri\/","url":"https:\/\/www.gaveanews.com\/index.php\/2025\/05\/21\/bastidores-saiba-o-que-pensa-leila-pereira-do-palmeiras-sobre-interdicao-da-arena-barueri\/","name":"Bastidores: saiba o que pensa Leila Pereira, do Palmeiras, sobre interdi\u00e7\u00e3o da Arena Barueri","isPartOf":{"@id":"https:\/\/www.gaveanews.com\/#website"},"primaryImageOfPage":{"@id":"https:\/\/www.gaveanews.com\/index.php\/2025\/05\/21\/bastidores-saiba-o-que-pensa-leila-pereira-do-palmeiras-sobre-interdicao-da-arena-barueri\/#primaryimage"},"image":{"@id":"https:\/\/www.gaveanews.com\/index.php\/2025\/05\/21\/bastidores-saiba-o-que-pensa-leila-pereira-do-palmeiras-sobre-interdicao-da-arena-barueri\/#primaryimage"},"thumbnailUrl":"https:\/\/www.gaveanews.com\/wp-content\/uploads\/Leila-Pereira-durante-coletiva-do-Palmeiras.webp","datePublished":"2025-05-21T23:30:00+00:00","author":{"@id":"https:\/\/www.gaveanews.com\/#\/schema\/person\/daf63eec72e1164eb13dc35096c2b8da"},"breadcrumb":{"@id":"https:\/\/www.gaveanews.com\/index.php\/2025\/05\/21\/bastidores-saiba-o-que-pensa-leila-pereira-do-palmeiras-sobre-interdicao-da-arena-barueri\/#breadcrumb"},"inLanguage":"pt-BR","potentialAction":[{"@type":"ReadAction","target":["https:\/\/www.gaveanews.com\/index.php\/2025\/05\/21\/bastidores-saiba-o-que-pensa-leila-pereira-do-palmeiras-sobre-interdicao-da-arena-barueri\/"]}]},{"@type":"ImageObject","inLanguage":"pt-BR","@id":"https:\/\/www.gaveanews.com\/index.php\/2025\/05\/21\/bastidores-saiba-o-que-pensa-leila-pereira-do-palmeiras-sobre-interdicao-da-arena-barueri\/#primaryimage","url":"https:\/\/www.gaveanews.com\/wp-content\/uploads\/Leila-Pereira-durante-coletiva-do-Palmeiras.webp","contentUrl":"https:\/\/www.gaveanews.com\/wp-content\/uploads\/Leila-Pereira-durante-coletiva-do-Palmeiras.webp","width":1200,"height":750,"caption":"Leila Pereira durante coletiva do Palmeiras (Foto: Reprodu\u00e7\u00e3o)"},{"@type":"BreadcrumbList","@id":"https:\/\/www.gaveanews.com\/index.php\/2025\/05\/21\/bastidores-saiba-o-que-pensa-leila-pereira-do-palmeiras-sobre-interdicao-da-arena-barueri\/#breadcrumb","itemListElement":[{"@type":"ListItem","position":1,"name":"Home","item":"https:\/\/www.gaveanews.com\/"},{"@type":"ListItem","position":2,"name":"Bastidores: saiba o que pensa Leila Pereira, do Palmeiras, sobre interdi\u00e7\u00e3o da Arena Barueri"}]},{"@type":"WebSite","@id":"https:\/\/www.gaveanews.com\/#website","url":"https:\/\/www.gaveanews.com\/","name":"G\u00e1vea News","description":"Veja todas as not\u00edcias sobre o Flamengo: Contrata\u00e7\u00f5es, categorias de base, resultados das partidas, tabela de classifica\u00e7\u00e3o, pr\u00f3ximos jogos!","potentialAction":[{"@type":"SearchAction","target":{"@type":"EntryPoint","urlTemplate":"https:\/\/www.gaveanews.com\/?s={search_term_string}"},"query-input":{"@type":"PropertyValueSpecification","valueRequired":true,"valueName":"search_term_string"}}],"inLanguage":"pt-BR"},{"@type":"Person","@id":"https:\/\/www.gaveanews.com\/#\/schema\/person\/daf63eec72e1164eb13dc35096c2b8da","name":"Paula Silva","image":{"@type":"ImageObject","inLanguage":"pt-BR","@id":"https:\/\/www.gaveanews.com\/#\/schema\/person\/image\/","url":"https:\/\/secure.gravatar.com\/avatar\/eda381c845527cc5d64c13b901833cda29d97500ba040d3e6461f76f51d163bb?s=96&d=mm&r=g","contentUrl":"https:\/\/secure.gravatar.com\/avatar\/eda381c845527cc5d64c13b901833cda29d97500ba040d3e6461f76f51d163bb?s=96&d=mm&r=g","caption":"Paula Silva"}}]}},"_links":{"self":[{"href":"https:\/\/www.gaveanews.com\/index.php\/wp-json\/wp\/v2\/posts\/265917","targetHints":{"allow":["GET"]}}],"collection":[{"href":"https:\/\/www.gaveanews.com\/index.php\/wp-json\/wp\/v2\/posts"}],"about":[{"href":"https:\/\/www.gaveanews.com\/index.php\/wp-json\/wp\/v2\/types\/post"}],"author":[{"embeddable":true,"href":"https:\/\/www.gaveanews.com\/index.php\/wp-json\/wp\/v2\/users\/18"}],"replies":[{"embeddable":true,"href":"https:\/\/www.gaveanews.com\/index.php\/wp-json\/wp\/v2\/comments?post=265917"}],"version-history":[{"count":1,"href":"https:\/\/www.gaveanews.com\/index.php\/wp-json\/wp\/v2\/posts\/265917\/revisions"}],"predecessor-version":[{"id":265922,"href":"https:\/\/www.gaveanews.com\/index.php\/wp-json\/wp\/v2\/posts\/265917\/revisions\/265922"}],"wp:featuredmedia":[{"embeddable":true,"href":"https:\/\/www.gaveanews.com\/index.php\/wp-json\/wp\/v2\/media\/108277"}],"wp:attachment":[{"href":"https:\/\/www.gaveanews.com\/index.php\/wp-json\/wp\/v2\/media?parent=265917"}],"wp:term":[{"taxonomy":"category","embeddable":true,"href":"https:\/\/www.gaveanews.com\/index.php\/wp-json\/wp\/v2\/categories?post=265917"},{"taxonomy":"post_tag","embeddable":true,"href":"https:\/\/www.gaveanews.com\/index.php\/wp-json\/wp\/v2\/tags?post=265917"}],"curies":[{"name":"wp","href":"https:\/\/api.w.org\/{rel}","templated":true}]}}