{"id":266170,"date":"2025-05-22T18:25:00","date_gmt":"2025-05-22T21:25:00","guid":{"rendered":"https:\/\/www.gaveanews.com\/?p=266170"},"modified":"2025-05-22T16:45:12","modified_gmt":"2025-05-22T19:45:12","slug":"atacante-revela-motivo-de-ter-recusado-proposta-do-flamengo","status":"publish","type":"post","link":"https:\/\/www.gaveanews.com\/index.php\/2025\/05\/22\/atacante-revela-motivo-de-ter-recusado-proposta-do-flamengo\/","title":{"rendered":"Atacante revela motivo de ter recusado proposta do Flamengo"},"content":{"rendered":"\n<p>No mercado da bola, muitos nomes ganham destaque, mas poucos causam tanta curiosidade quanto o de Enzo Fern\u00e1ndez, meio-campista argentino que quase vestiu a camisa do Flamengo em 2022.&nbsp;<\/p>\n\n\n\n<p>Recentemente, em entrevista ao podcast \u2018Los Edul\u2019, o jogador do Chelsea e da Sele\u00e7\u00e3o Argentina falou abertamente sobre os motivos que o levaram a rejeitar a proposta do clube carioca naquela temporada.<\/p>\n\n\n\n<p>\u201cUm time pelo qual eu estava perto de jogar? Flamengo. Escolhi o Benfica porque queria jogar a Champions League\u201d, revelou Enzo Fern\u00e1ndez.<\/p>\n\n\n\n<p>Vale destacar que o Flamengo chegou a negociar com o River Plate para contratar o atleta, mas a decis\u00e3o final foi do pr\u00f3prio jogador. Por isso, as conversas n\u00e3o evolu\u00edram para um acerto, j\u00e1 que Enzo priorizou disputar a principal competi\u00e7\u00e3o de clubes da Europa.<\/p>\n\n\n\n<h2 class=\"wp-block-heading\" id=\"h-reencontro-marcado-no-mundial-de-clubes\">Reencontro marcado no Mundial de Clubes<\/h2>\n\n\n\n<p>Agora, o destino reservou um encontro inusitado. Enzo, agora no Chelsea, enfrentar\u00e1 o Flamengo no Mundial de Clubes, marcado para junho nos Estados Unidos. Os dois times est\u00e3o no Grupo D e se enfrentam no dia 20 de junho, \u00e0s 15h (hor\u00e1rio de Bras\u00edlia), na Filad\u00e9lfia.<\/p>\n\n\n\n<p>Com isso, a partida promete ser um duelo intenso, pois o meio-campista ter\u00e1 a chance de mostrar sua qualidade diante do clube que quase defendeu.<\/p>\n\n\n\n<h2 class=\"wp-block-heading\" id=\"h-flamengo-mira-brasileirao-antes-do-mundial\">Flamengo mira Brasileir\u00e3o antes do Mundial<\/h2>\n\n\n\n<p>Sendo assim, o Flamengo volta as aten\u00e7\u00f5es para o Campeonato Brasileiro, onde tem compromisso importante contra o Palmeiras, rival direto na tabela e com grande tradi\u00e7\u00e3o no futebol nacional.&nbsp;<\/p>\n\n\n\n<p>O jogo acontecer\u00e1 no domingo, 25 de junho, \u00e0s 16h, no Allianz Parque, pela d\u00e9cima rodada, e promete ser uma partida bastante disputada e decisiva para as pretens\u00f5es do clube. Portanto, o time precisa manter o ritmo intenso, a concentra\u00e7\u00e3o e a consist\u00eancia em campo para chegar forte e preparado no Mundial de Clubes, onde buscar\u00e1 uma campanha hist\u00f3rica e o t\u00edtulo que o clube tanto almeja conquistar.&nbsp;<\/p>\n\n\n\n<p>Dessa maneira, o encontro entre Enzo Fern\u00e1ndez, atual jogador do Chelsea, e o Flamengo ser\u00e1 um dos grandes destaques da temporada, atraindo a aten\u00e7\u00e3o dos f\u00e3s de futebol ao redor do Brasil e do mundo, dada a import\u00e2ncia do confronto e o peso dos jogadores envolvidos.<\/p>\n","protected":false},"excerpt":{"rendered":"<p>No mercado da bola, muitos nomes ganham destaque, mas poucos causam tanta curiosidade quanto o de Enzo Fern\u00e1ndez, meio-campista argentino que quase vestiu a camisa do Flamengo em 2022.&nbsp; Recentemente, em entrevista ao podcast \u2018Los Edul\u2019, o jogador do Chelsea e da Sele\u00e7\u00e3o Argentina falou abertamente sobre os motivos que o levaram a rejeitar a [&hellip;]<\/p>\n","protected":false},"author":25,"featured_media":124684,"comment_status":"open","ping_status":"closed","sticky":false,"template":"","format":"standard","meta":{"footnotes":""},"categories":[1],"tags":[],"class_list":["post-266170","post","type-post","status-publish","format-standard","has-post-thumbnail","hentry","category-flamengo"],"yoast_head":"<!-- This site is optimized with the Yoast SEO Premium plugin v24.2 (Yoast SEO v26.9) - https:\/\/yoast.com\/product\/yoast-seo-premium-wordpress\/ -->\n<title>Atacante revela motivo de ter recusado proposta do Flamengo<\/title>\n<meta name=\"robots\" content=\"index, follow, max-snippet:-1, max-image-preview:large, max-video-preview:-1\" \/>\n<link rel=\"canonical\" href=\"https:\/\/www.gaveanews.com\/index.php\/2025\/05\/22\/atacante-revela-motivo-de-ter-recusado-proposta-do-flamengo\/\" \/>\n<meta property=\"og:locale\" content=\"pt_BR\" \/>\n<meta property=\"og:type\" content=\"article\" \/>\n<meta property=\"og:title\" content=\"Atacante revela motivo de ter recusado proposta do Flamengo\" \/>\n<meta property=\"og:description\" content=\"No mercado da bola, muitos nomes ganham destaque, mas poucos causam tanta curiosidade quanto o de Enzo Fern\u00e1ndez, meio-campista argentino que quase vestiu a camisa do Flamengo em 2022.&nbsp; Recentemente, em entrevista ao podcast \u2018Los Edul\u2019, o jogador do Chelsea e da Sele\u00e7\u00e3o Argentina falou abertamente sobre os motivos que o levaram a rejeitar a [&hellip;]\" \/>\n<meta property=\"og:url\" content=\"https:\/\/www.gaveanews.com\/index.php\/2025\/05\/22\/atacante-revela-motivo-de-ter-recusado-proposta-do-flamengo\/\" \/>\n<meta property=\"og:site_name\" content=\"G\u00e1vea News\" \/>\n<meta property=\"article:publisher\" content=\"https:\/\/facebook.com\/gaveaNews\/\" \/>\n<meta property=\"article:published_time\" content=\"2025-05-22T21:25:00+00:00\" \/>\n<meta property=\"og:image\" content=\"https:\/\/www.gaveanews.com\/wp-content\/uploads\/escudoDoFlamengo.webp\" \/>\n\t<meta property=\"og:image:width\" content=\"1095\" \/>\n\t<meta property=\"og:image:height\" content=\"730\" \/>\n\t<meta property=\"og:image:type\" content=\"image\/webp\" \/>\n<meta name=\"author\" content=\"Rafaela Ladeira\" \/>\n<meta name=\"twitter:card\" content=\"summary_large_image\" \/>\n<meta name=\"twitter:label1\" content=\"Escrito por\" \/>\n\t<meta name=\"twitter:data1\" content=\"Rafaela Ladeira\" \/>\n\t<meta name=\"twitter:label2\" content=\"Est. tempo de leitura\" \/>\n\t<meta name=\"twitter:data2\" content=\"3 minutos\" \/>\n<script type=\"application\/ld+json\" class=\"yoast-schema-graph\">{\"@context\":\"https:\/\/schema.org\",\"@graph\":[{\"@type\":\"NewsArticle\",\"@id\":\"https:\/\/www.gaveanews.com\/index.php\/2025\/05\/22\/atacante-revela-motivo-de-ter-recusado-proposta-do-flamengo\/#article\",\"isPartOf\":{\"@id\":\"https:\/\/www.gaveanews.com\/index.php\/2025\/05\/22\/atacante-revela-motivo-de-ter-recusado-proposta-do-flamengo\/\"},\"author\":{\"name\":\"Rafaela Ladeira\",\"@id\":\"https:\/\/www.gaveanews.com\/#\/schema\/person\/0eb3e3fe1754f0205218538adbe8f5ed\"},\"headline\":\"Atacante revela motivo de ter recusado proposta do Flamengo\",\"datePublished\":\"2025-05-22T21:25:00+00:00\",\"mainEntityOfPage\":{\"@id\":\"https:\/\/www.gaveanews.com\/index.php\/2025\/05\/22\/atacante-revela-motivo-de-ter-recusado-proposta-do-flamengo\/\"},\"wordCount\":388,\"commentCount\":0,\"image\":{\"@id\":\"https:\/\/www.gaveanews.com\/index.php\/2025\/05\/22\/atacante-revela-motivo-de-ter-recusado-proposta-do-flamengo\/#primaryimage\"},\"thumbnailUrl\":\"https:\/\/www.gaveanews.com\/wp-content\/uploads\/escudoDoFlamengo.webp\",\"articleSection\":[\"Flamengo\"],\"inLanguage\":\"pt-BR\",\"potentialAction\":[{\"@type\":\"CommentAction\",\"name\":\"Comment\",\"target\":[\"https:\/\/www.gaveanews.com\/index.php\/2025\/05\/22\/atacante-revela-motivo-de-ter-recusado-proposta-do-flamengo\/#respond\"]}],\"copyrightYear\":\"2025\",\"copyrightHolder\":{\"@id\":\"https:\/\/www.gaveanews.com\/#organization\"}},{\"@type\":\"WebPage\",\"@id\":\"https:\/\/www.gaveanews.com\/index.php\/2025\/05\/22\/atacante-revela-motivo-de-ter-recusado-proposta-do-flamengo\/\",\"url\":\"https:\/\/www.gaveanews.com\/index.php\/2025\/05\/22\/atacante-revela-motivo-de-ter-recusado-proposta-do-flamengo\/\",\"name\":\"Atacante revela motivo de ter recusado proposta do Flamengo\",\"isPartOf\":{\"@id\":\"https:\/\/www.gaveanews.com\/#website\"},\"primaryImageOfPage\":{\"@id\":\"https:\/\/www.gaveanews.com\/index.php\/2025\/05\/22\/atacante-revela-motivo-de-ter-recusado-proposta-do-flamengo\/#primaryimage\"},\"image\":{\"@id\":\"https:\/\/www.gaveanews.com\/index.php\/2025\/05\/22\/atacante-revela-motivo-de-ter-recusado-proposta-do-flamengo\/#primaryimage\"},\"thumbnailUrl\":\"https:\/\/www.gaveanews.com\/wp-content\/uploads\/escudoDoFlamengo.webp\",\"datePublished\":\"2025-05-22T21:25:00+00:00\",\"author\":{\"@id\":\"https:\/\/www.gaveanews.com\/#\/schema\/person\/0eb3e3fe1754f0205218538adbe8f5ed\"},\"breadcrumb\":{\"@id\":\"https:\/\/www.gaveanews.com\/index.php\/2025\/05\/22\/atacante-revela-motivo-de-ter-recusado-proposta-do-flamengo\/#breadcrumb\"},\"inLanguage\":\"pt-BR\",\"potentialAction\":[{\"@type\":\"ReadAction\",\"target\":[\"https:\/\/www.gaveanews.com\/index.php\/2025\/05\/22\/atacante-revela-motivo-de-ter-recusado-proposta-do-flamengo\/\"]}]},{\"@type\":\"ImageObject\",\"inLanguage\":\"pt-BR\",\"@id\":\"https:\/\/www.gaveanews.com\/index.php\/2025\/05\/22\/atacante-revela-motivo-de-ter-recusado-proposta-do-flamengo\/#primaryimage\",\"url\":\"https:\/\/www.gaveanews.com\/wp-content\/uploads\/escudoDoFlamengo.webp\",\"contentUrl\":\"https:\/\/www.gaveanews.com\/wp-content\/uploads\/escudoDoFlamengo.webp\",\"width\":1095,\"height\":730,\"caption\":\"Centro de treinamento do Flamengo (Foto: Reprodu\u00e7\u00e3o)\"},{\"@type\":\"BreadcrumbList\",\"@id\":\"https:\/\/www.gaveanews.com\/index.php\/2025\/05\/22\/atacante-revela-motivo-de-ter-recusado-proposta-do-flamengo\/#breadcrumb\",\"itemListElement\":[{\"@type\":\"ListItem\",\"position\":1,\"name\":\"Home\",\"item\":\"https:\/\/www.gaveanews.com\/\"},{\"@type\":\"ListItem\",\"position\":2,\"name\":\"Atacante revela motivo de ter recusado proposta do Flamengo\"}]},{\"@type\":\"WebSite\",\"@id\":\"https:\/\/www.gaveanews.com\/#website\",\"url\":\"https:\/\/www.gaveanews.com\/\",\"name\":\"G\u00e1vea News\",\"description\":\"Veja todas as not\u00edcias sobre o Flamengo: Contrata\u00e7\u00f5es, categorias de base, resultados das partidas, tabela de classifica\u00e7\u00e3o, pr\u00f3ximos jogos!\",\"potentialAction\":[{\"@type\":\"SearchAction\",\"target\":{\"@type\":\"EntryPoint\",\"urlTemplate\":\"https:\/\/www.gaveanews.com\/?s={search_term_string}\"},\"query-input\":{\"@type\":\"PropertyValueSpecification\",\"valueRequired\":true,\"valueName\":\"search_term_string\"}}],\"inLanguage\":\"pt-BR\"},{\"@type\":\"Person\",\"@id\":\"https:\/\/www.gaveanews.com\/#\/schema\/person\/0eb3e3fe1754f0205218538adbe8f5ed\",\"name\":\"Rafaela Ladeira\",\"image\":{\"@type\":\"ImageObject\",\"inLanguage\":\"pt-BR\",\"@id\":\"https:\/\/www.gaveanews.com\/#\/schema\/person\/image\/\",\"url\":\"https:\/\/secure.gravatar.com\/avatar\/c31f513acffd85eacab5730cbdfdbbf59f21ba5aeada8cd890acea879fbb2455?s=96&d=mm&r=g\",\"contentUrl\":\"https:\/\/secure.gravatar.com\/avatar\/c31f513acffd85eacab5730cbdfdbbf59f21ba5aeada8cd890acea879fbb2455?s=96&d=mm&r=g\",\"caption\":\"Rafaela Ladeira\"}}]}<\/script>\n<!-- \/ Yoast SEO Premium plugin. -->","yoast_head_json":{"title":"Atacante revela motivo de ter recusado proposta do Flamengo","robots":{"index":"index","follow":"follow","max-snippet":"max-snippet:-1","max-image-preview":"max-image-preview:large","max-video-preview":"max-video-preview:-1"},"canonical":"https:\/\/www.gaveanews.com\/index.php\/2025\/05\/22\/atacante-revela-motivo-de-ter-recusado-proposta-do-flamengo\/","og_locale":"pt_BR","og_type":"article","og_title":"Atacante revela motivo de ter recusado proposta do Flamengo","og_description":"No mercado da bola, muitos nomes ganham destaque, mas poucos causam tanta curiosidade quanto o de Enzo Fern\u00e1ndez, meio-campista argentino que quase vestiu a camisa do Flamengo em 2022.&nbsp; Recentemente, em entrevista ao podcast \u2018Los Edul\u2019, o jogador do Chelsea e da Sele\u00e7\u00e3o Argentina falou abertamente sobre os motivos que o levaram a rejeitar a [&hellip;]","og_url":"https:\/\/www.gaveanews.com\/index.php\/2025\/05\/22\/atacante-revela-motivo-de-ter-recusado-proposta-do-flamengo\/","og_site_name":"G\u00e1vea News","article_publisher":"https:\/\/facebook.com\/gaveaNews\/","article_published_time":"2025-05-22T21:25:00+00:00","og_image":[{"width":1095,"height":730,"url":"https:\/\/www.gaveanews.com\/wp-content\/uploads\/escudoDoFlamengo.webp","type":"image\/webp"}],"author":"Rafaela Ladeira","twitter_card":"summary_large_image","twitter_misc":{"Escrito por":"Rafaela Ladeira","Est. tempo de leitura":"3 minutos"},"schema":{"@context":"https:\/\/schema.org","@graph":[{"@type":"NewsArticle","@id":"https:\/\/www.gaveanews.com\/index.php\/2025\/05\/22\/atacante-revela-motivo-de-ter-recusado-proposta-do-flamengo\/#article","isPartOf":{"@id":"https:\/\/www.gaveanews.com\/index.php\/2025\/05\/22\/atacante-revela-motivo-de-ter-recusado-proposta-do-flamengo\/"},"author":{"name":"Rafaela Ladeira","@id":"https:\/\/www.gaveanews.com\/#\/schema\/person\/0eb3e3fe1754f0205218538adbe8f5ed"},"headline":"Atacante revela motivo de ter recusado proposta do Flamengo","datePublished":"2025-05-22T21:25:00+00:00","mainEntityOfPage":{"@id":"https:\/\/www.gaveanews.com\/index.php\/2025\/05\/22\/atacante-revela-motivo-de-ter-recusado-proposta-do-flamengo\/"},"wordCount":388,"commentCount":0,"image":{"@id":"https:\/\/www.gaveanews.com\/index.php\/2025\/05\/22\/atacante-revela-motivo-de-ter-recusado-proposta-do-flamengo\/#primaryimage"},"thumbnailUrl":"https:\/\/www.gaveanews.com\/wp-content\/uploads\/escudoDoFlamengo.webp","articleSection":["Flamengo"],"inLanguage":"pt-BR","potentialAction":[{"@type":"CommentAction","name":"Comment","target":["https:\/\/www.gaveanews.com\/index.php\/2025\/05\/22\/atacante-revela-motivo-de-ter-recusado-proposta-do-flamengo\/#respond"]}],"copyrightYear":"2025","copyrightHolder":{"@id":"https:\/\/www.gaveanews.com\/#organization"}},{"@type":"WebPage","@id":"https:\/\/www.gaveanews.com\/index.php\/2025\/05\/22\/atacante-revela-motivo-de-ter-recusado-proposta-do-flamengo\/","url":"https:\/\/www.gaveanews.com\/index.php\/2025\/05\/22\/atacante-revela-motivo-de-ter-recusado-proposta-do-flamengo\/","name":"Atacante revela motivo de ter recusado proposta do Flamengo","isPartOf":{"@id":"https:\/\/www.gaveanews.com\/#website"},"primaryImageOfPage":{"@id":"https:\/\/www.gaveanews.com\/index.php\/2025\/05\/22\/atacante-revela-motivo-de-ter-recusado-proposta-do-flamengo\/#primaryimage"},"image":{"@id":"https:\/\/www.gaveanews.com\/index.php\/2025\/05\/22\/atacante-revela-motivo-de-ter-recusado-proposta-do-flamengo\/#primaryimage"},"thumbnailUrl":"https:\/\/www.gaveanews.com\/wp-content\/uploads\/escudoDoFlamengo.webp","datePublished":"2025-05-22T21:25:00+00:00","author":{"@id":"https:\/\/www.gaveanews.com\/#\/schema\/person\/0eb3e3fe1754f0205218538adbe8f5ed"},"breadcrumb":{"@id":"https:\/\/www.gaveanews.com\/index.php\/2025\/05\/22\/atacante-revela-motivo-de-ter-recusado-proposta-do-flamengo\/#breadcrumb"},"inLanguage":"pt-BR","potentialAction":[{"@type":"ReadAction","target":["https:\/\/www.gaveanews.com\/index.php\/2025\/05\/22\/atacante-revela-motivo-de-ter-recusado-proposta-do-flamengo\/"]}]},{"@type":"ImageObject","inLanguage":"pt-BR","@id":"https:\/\/www.gaveanews.com\/index.php\/2025\/05\/22\/atacante-revela-motivo-de-ter-recusado-proposta-do-flamengo\/#primaryimage","url":"https:\/\/www.gaveanews.com\/wp-content\/uploads\/escudoDoFlamengo.webp","contentUrl":"https:\/\/www.gaveanews.com\/wp-content\/uploads\/escudoDoFlamengo.webp","width":1095,"height":730,"caption":"Centro de treinamento do Flamengo (Foto: Reprodu\u00e7\u00e3o)"},{"@type":"BreadcrumbList","@id":"https:\/\/www.gaveanews.com\/index.php\/2025\/05\/22\/atacante-revela-motivo-de-ter-recusado-proposta-do-flamengo\/#breadcrumb","itemListElement":[{"@type":"ListItem","position":1,"name":"Home","item":"https:\/\/www.gaveanews.com\/"},{"@type":"ListItem","position":2,"name":"Atacante revela motivo de ter recusado proposta do Flamengo"}]},{"@type":"WebSite","@id":"https:\/\/www.gaveanews.com\/#website","url":"https:\/\/www.gaveanews.com\/","name":"G\u00e1vea News","description":"Veja todas as not\u00edcias sobre o Flamengo: Contrata\u00e7\u00f5es, categorias de base, resultados das partidas, tabela de classifica\u00e7\u00e3o, pr\u00f3ximos jogos!","potentialAction":[{"@type":"SearchAction","target":{"@type":"EntryPoint","urlTemplate":"https:\/\/www.gaveanews.com\/?s={search_term_string}"},"query-input":{"@type":"PropertyValueSpecification","valueRequired":true,"valueName":"search_term_string"}}],"inLanguage":"pt-BR"},{"@type":"Person","@id":"https:\/\/www.gaveanews.com\/#\/schema\/person\/0eb3e3fe1754f0205218538adbe8f5ed","name":"Rafaela Ladeira","image":{"@type":"ImageObject","inLanguage":"pt-BR","@id":"https:\/\/www.gaveanews.com\/#\/schema\/person\/image\/","url":"https:\/\/secure.gravatar.com\/avatar\/c31f513acffd85eacab5730cbdfdbbf59f21ba5aeada8cd890acea879fbb2455?s=96&d=mm&r=g","contentUrl":"https:\/\/secure.gravatar.com\/avatar\/c31f513acffd85eacab5730cbdfdbbf59f21ba5aeada8cd890acea879fbb2455?s=96&d=mm&r=g","caption":"Rafaela Ladeira"}}]}},"_links":{"self":[{"href":"https:\/\/www.gaveanews.com\/index.php\/wp-json\/wp\/v2\/posts\/266170","targetHints":{"allow":["GET"]}}],"collection":[{"href":"https:\/\/www.gaveanews.com\/index.php\/wp-json\/wp\/v2\/posts"}],"about":[{"href":"https:\/\/www.gaveanews.com\/index.php\/wp-json\/wp\/v2\/types\/post"}],"author":[{"embeddable":true,"href":"https:\/\/www.gaveanews.com\/index.php\/wp-json\/wp\/v2\/users\/25"}],"replies":[{"embeddable":true,"href":"https:\/\/www.gaveanews.com\/index.php\/wp-json\/wp\/v2\/comments?post=266170"}],"version-history":[{"count":1,"href":"https:\/\/www.gaveanews.com\/index.php\/wp-json\/wp\/v2\/posts\/266170\/revisions"}],"predecessor-version":[{"id":266171,"href":"https:\/\/www.gaveanews.com\/index.php\/wp-json\/wp\/v2\/posts\/266170\/revisions\/266171"}],"wp:featuredmedia":[{"embeddable":true,"href":"https:\/\/www.gaveanews.com\/index.php\/wp-json\/wp\/v2\/media\/124684"}],"wp:attachment":[{"href":"https:\/\/www.gaveanews.com\/index.php\/wp-json\/wp\/v2\/media?parent=266170"}],"wp:term":[{"taxonomy":"category","embeddable":true,"href":"https:\/\/www.gaveanews.com\/index.php\/wp-json\/wp\/v2\/categories?post=266170"},{"taxonomy":"post_tag","embeddable":true,"href":"https:\/\/www.gaveanews.com\/index.php\/wp-json\/wp\/v2\/tags?post=266170"}],"curies":[{"name":"wp","href":"https:\/\/api.w.org\/{rel}","templated":true}]}}