{"id":266178,"date":"2025-05-22T18:55:00","date_gmt":"2025-05-22T21:55:00","guid":{"rendered":"https:\/\/www.gaveanews.com\/?p=266178"},"modified":"2025-05-22T17:04:28","modified_gmt":"2025-05-22T20:04:28","slug":"situacao-envolvendo-diniz-e-loide-repercute-entre-torcedores-do-vasco","status":"publish","type":"post","link":"https:\/\/www.gaveanews.com\/index.php\/2025\/05\/22\/situacao-envolvendo-diniz-e-loide-repercute-entre-torcedores-do-vasco\/","title":{"rendered":"Situa\u00e7\u00e3o envolvendo Diniz e Loide repercute entre torcedores do Vasco"},"content":{"rendered":"\n<p>Na dram\u00e1tica classifica\u00e7\u00e3o do Vasco para as oitavas de final da Copa Betano do Brasil, o atacante Loide Augusto protagonizou um momento pol\u00eamico ao desobedecer instru\u00e7\u00f5es diretas de Fernando Diniz durante a partida contra o Oper\u00e1rio-PR, em S\u00e3o Janu\u00e1rio. <\/p>\n\n\n\n<p>A atitude ocorreu aos 37 minutos da segunda etapa, logo ap\u00f3s o jogador arriscar finaliza\u00e7\u00e3o que foi defendida pelo goleiro advers\u00e1rio. Em seguida, virou-se para o banco de reservas e levou a m\u00e3o atr\u00e1s da orelha, em gesto interpretado como provoca\u00e7\u00e3o.<\/p>\n\n\n\n<p>Antes disso, Loide j\u00e1 havia tentado um drible el\u00e1stico pr\u00f3ximo \u00e0 lateral do campo, lance que n\u00e3o teve \u00eaxito e gerou vaias por parte dos torcedores. Posteriormente, ignorou uma segunda tentativa de chamada feita por Diniz, que chegou a repetir seu nome v\u00e1rias vezes e utilizou o lateral Lucas Piton para tentar alcan\u00e7\u00e1-lo. <\/p>\n\n\n\n<p>O t\u00e9cnico, visivelmente irritado, chegou a invadir a \u00e1rea t\u00e9cnica do time paranaense para chamar o atleta pessoalmente.<\/p>\n\n\n\n<h2 class=\"wp-block-heading\" id=\"h-abatimento-abraco-e-decisao-nos-penaltis\"><strong>Abatimento, abra\u00e7o e decis\u00e3o nos p\u00eanaltis<\/strong><\/h2>\n\n\n\n<p>Apesar do atrito, Loide converteu uma das penalidades decisivas que garantiram a vaga vasca\u00edna na fase seguinte. Ainda assim, ao t\u00e9rmino da disputa, deixou o gramado visivelmente abalado e chorando. J\u00e1 nos vesti\u00e1rios, em uma cena capturada pela Vasco TV, ocorreu um momento simb\u00f3lico de reconcilia\u00e7\u00e3o: o atacante abra\u00e7ou o treinador de forma prolongada, demonstrando arrependimento.<\/p>\n\n\n\n<p>Durante a entrevista coletiva ap\u00f3s a partida, Fernando Diniz buscou minimizar o epis\u00f3dio. \u201cComigo n\u00e3o aconteceu nada, nem sei muito do gesto que ele fez. Estava tentando acalm\u00e1-lo porque a torcida j\u00e1 estava irritada. Minha inten\u00e7\u00e3o era ajud\u00e1-lo a continuar jogando\u201d, afirmou o comandante.<\/p>\n\n\n\n<h2 class=\"wp-block-heading\" id=\"h-postura-da-diretoria-e-apoio-interno\"><strong>Postura da diretoria e apoio interno<\/strong><\/h2>\n\n\n\n<p>Diante da repercuss\u00e3o, havia expectativa de uma poss\u00edvel puni\u00e7\u00e3o disciplinar ao atleta. No entanto, o presidente Pedrinho e o pr\u00f3prio Diniz decidiram n\u00e3o aplicar nenhuma san\u00e7\u00e3o. Segundo o jornalista Lucas Pedrosa, ambos reconheceram o erro de Loide, mas optaram por oferecer uma nova oportunidade. \u201cEle chorou muito no vesti\u00e1rio e admitiu a falha\u201d, afirmou o setorista.<\/p>\n\n\n\n<p>Al\u00e9m disso, parte do elenco tamb\u00e9m se mobilizou nos bastidores para prestar apoio ao companheiro. Conforme v\u00eddeos veiculados pelo clube, a rea\u00e7\u00e3o coletiva visou amenizar os \u00e2nimos e fortalecer o ambiente interno no vesti\u00e1rio, j\u00e1 que o epis\u00f3dio aconteceu num contexto de tens\u00e3o elevada e com risco de elimina\u00e7\u00e3o.<\/p>\n\n\n\n<h2 class=\"wp-block-heading\" id=\"h-presenca-garantida-no-classico-e-projecao-no-grupo\"><strong>Presen\u00e7a garantida no cl\u00e1ssico e proje\u00e7\u00e3o no grupo<\/strong><\/h2>\n\n\n\n<p>Reintegrado sem maiores consequ\u00eancias disciplinares, Loide Augusto est\u00e1 confirmado na lista de relacionados para o cl\u00e1ssico contra o Fluminense, marcado para este final de semana, v\u00e1lido pela 10\u00aa rodada do Campeonato Brasileiro. O confronto acontecer\u00e1 no Maracan\u00e3, e o Vasco busca manter o embalo ap\u00f3s a vit\u00f3ria sobre o Fortaleza por 3 a 0.<\/p>\n\n\n\n<p>Refor\u00e7ando o entendimento do elenco e da comiss\u00e3o t\u00e9cnica, o t\u00e9cnico, conhecido por recuperar jogadores desacreditados, dever\u00e1 seguir acompanhando de perto o desempenho do angolano. A diretoria aposta que o epis\u00f3dio possa servir de aprendizado, tanto para o jogador quanto para o grupo como um todo, sobretudo diante da import\u00e2ncia dos pr\u00f3ximos compromissos na temporada.<\/p>\n","protected":false},"excerpt":{"rendered":"<p>Na dram\u00e1tica classifica\u00e7\u00e3o do Vasco para as oitavas de final da Copa Betano do Brasil, o atacante Loide Augusto protagonizou um momento pol\u00eamico ao desobedecer instru\u00e7\u00f5es diretas de Fernando Diniz durante a partida contra o Oper\u00e1rio-PR, em S\u00e3o Janu\u00e1rio. A atitude ocorreu aos 37 minutos da segunda etapa, logo ap\u00f3s o jogador arriscar finaliza\u00e7\u00e3o que [&hellip;]<\/p>\n","protected":false},"author":30,"featured_media":266188,"comment_status":"open","ping_status":"closed","sticky":false,"template":"","format":"standard","meta":{"footnotes":""},"categories":[152],"tags":[],"class_list":["post-266178","post","type-post","status-publish","format-standard","has-post-thumbnail","hentry","category-vasco"],"yoast_head":"<!-- This site is optimized with the Yoast SEO Premium plugin v24.2 (Yoast SEO v26.9) - https:\/\/yoast.com\/product\/yoast-seo-premium-wordpress\/ -->\n<title>Situa\u00e7\u00e3o envolvendo Diniz e Loide repercute entre torcedores do Vasco<\/title>\n<meta name=\"robots\" content=\"index, follow, max-snippet:-1, max-image-preview:large, max-video-preview:-1\" \/>\n<link rel=\"canonical\" href=\"https:\/\/www.gaveanews.com\/index.php\/2025\/05\/22\/situacao-envolvendo-diniz-e-loide-repercute-entre-torcedores-do-vasco\/\" \/>\n<meta property=\"og:locale\" content=\"pt_BR\" \/>\n<meta property=\"og:type\" content=\"article\" \/>\n<meta property=\"og:title\" content=\"Situa\u00e7\u00e3o envolvendo Diniz e Loide repercute entre torcedores do Vasco\" \/>\n<meta property=\"og:description\" content=\"Na dram\u00e1tica classifica\u00e7\u00e3o do Vasco para as oitavas de final da Copa Betano do Brasil, o atacante Loide Augusto protagonizou um momento pol\u00eamico ao desobedecer instru\u00e7\u00f5es diretas de Fernando Diniz durante a partida contra o Oper\u00e1rio-PR, em S\u00e3o Janu\u00e1rio. A atitude ocorreu aos 37 minutos da segunda etapa, logo ap\u00f3s o jogador arriscar finaliza\u00e7\u00e3o que [&hellip;]\" \/>\n<meta property=\"og:url\" content=\"https:\/\/www.gaveanews.com\/index.php\/2025\/05\/22\/situacao-envolvendo-diniz-e-loide-repercute-entre-torcedores-do-vasco\/\" \/>\n<meta property=\"og:site_name\" content=\"G\u00e1vea News\" \/>\n<meta property=\"article:publisher\" content=\"https:\/\/facebook.com\/gaveaNews\/\" \/>\n<meta property=\"article:published_time\" content=\"2025-05-22T21:55:00+00:00\" \/>\n<meta property=\"og:image\" content=\"https:\/\/www.gaveanews.com\/wp-content\/uploads\/Fernando-Diniz-e-Loide-em-bastidores-do-Vasco.webp\" \/>\n\t<meta property=\"og:image:width\" content=\"1200\" \/>\n\t<meta property=\"og:image:height\" content=\"900\" \/>\n\t<meta property=\"og:image:type\" content=\"image\/webp\" \/>\n<meta name=\"author\" content=\"Ana Teixeira\" \/>\n<meta name=\"twitter:card\" content=\"summary_large_image\" \/>\n<meta name=\"twitter:label1\" content=\"Escrito por\" \/>\n\t<meta name=\"twitter:data1\" content=\"Ana Teixeira\" \/>\n\t<meta name=\"twitter:label2\" content=\"Est. tempo de leitura\" \/>\n\t<meta name=\"twitter:data2\" content=\"3 minutos\" \/>\n<script type=\"application\/ld+json\" class=\"yoast-schema-graph\">{\"@context\":\"https:\/\/schema.org\",\"@graph\":[{\"@type\":\"NewsArticle\",\"@id\":\"https:\/\/www.gaveanews.com\/index.php\/2025\/05\/22\/situacao-envolvendo-diniz-e-loide-repercute-entre-torcedores-do-vasco\/#article\",\"isPartOf\":{\"@id\":\"https:\/\/www.gaveanews.com\/index.php\/2025\/05\/22\/situacao-envolvendo-diniz-e-loide-repercute-entre-torcedores-do-vasco\/\"},\"author\":{\"name\":\"Ana Teixeira\",\"@id\":\"https:\/\/www.gaveanews.com\/#\/schema\/person\/3b19f7288b0ce20372991275e4f2e6c2\"},\"headline\":\"Situa\u00e7\u00e3o envolvendo Diniz e Loide repercute entre torcedores do Vasco\",\"datePublished\":\"2025-05-22T21:55:00+00:00\",\"mainEntityOfPage\":{\"@id\":\"https:\/\/www.gaveanews.com\/index.php\/2025\/05\/22\/situacao-envolvendo-diniz-e-loide-repercute-entre-torcedores-do-vasco\/\"},\"wordCount\":556,\"commentCount\":0,\"image\":{\"@id\":\"https:\/\/www.gaveanews.com\/index.php\/2025\/05\/22\/situacao-envolvendo-diniz-e-loide-repercute-entre-torcedores-do-vasco\/#primaryimage\"},\"thumbnailUrl\":\"https:\/\/www.gaveanews.com\/wp-content\/uploads\/Fernando-Diniz-e-Loide-em-bastidores-do-Vasco.webp\",\"articleSection\":[\"Vasco\"],\"inLanguage\":\"pt-BR\",\"potentialAction\":[{\"@type\":\"CommentAction\",\"name\":\"Comment\",\"target\":[\"https:\/\/www.gaveanews.com\/index.php\/2025\/05\/22\/situacao-envolvendo-diniz-e-loide-repercute-entre-torcedores-do-vasco\/#respond\"]}],\"copyrightYear\":\"2025\",\"copyrightHolder\":{\"@id\":\"https:\/\/www.gaveanews.com\/#organization\"}},{\"@type\":\"WebPage\",\"@id\":\"https:\/\/www.gaveanews.com\/index.php\/2025\/05\/22\/situacao-envolvendo-diniz-e-loide-repercute-entre-torcedores-do-vasco\/\",\"url\":\"https:\/\/www.gaveanews.com\/index.php\/2025\/05\/22\/situacao-envolvendo-diniz-e-loide-repercute-entre-torcedores-do-vasco\/\",\"name\":\"Situa\u00e7\u00e3o envolvendo Diniz e Loide repercute entre torcedores do Vasco\",\"isPartOf\":{\"@id\":\"https:\/\/www.gaveanews.com\/#website\"},\"primaryImageOfPage\":{\"@id\":\"https:\/\/www.gaveanews.com\/index.php\/2025\/05\/22\/situacao-envolvendo-diniz-e-loide-repercute-entre-torcedores-do-vasco\/#primaryimage\"},\"image\":{\"@id\":\"https:\/\/www.gaveanews.com\/index.php\/2025\/05\/22\/situacao-envolvendo-diniz-e-loide-repercute-entre-torcedores-do-vasco\/#primaryimage\"},\"thumbnailUrl\":\"https:\/\/www.gaveanews.com\/wp-content\/uploads\/Fernando-Diniz-e-Loide-em-bastidores-do-Vasco.webp\",\"datePublished\":\"2025-05-22T21:55:00+00:00\",\"author\":{\"@id\":\"https:\/\/www.gaveanews.com\/#\/schema\/person\/3b19f7288b0ce20372991275e4f2e6c2\"},\"breadcrumb\":{\"@id\":\"https:\/\/www.gaveanews.com\/index.php\/2025\/05\/22\/situacao-envolvendo-diniz-e-loide-repercute-entre-torcedores-do-vasco\/#breadcrumb\"},\"inLanguage\":\"pt-BR\",\"potentialAction\":[{\"@type\":\"ReadAction\",\"target\":[\"https:\/\/www.gaveanews.com\/index.php\/2025\/05\/22\/situacao-envolvendo-diniz-e-loide-repercute-entre-torcedores-do-vasco\/\"]}]},{\"@type\":\"ImageObject\",\"inLanguage\":\"pt-BR\",\"@id\":\"https:\/\/www.gaveanews.com\/index.php\/2025\/05\/22\/situacao-envolvendo-diniz-e-loide-repercute-entre-torcedores-do-vasco\/#primaryimage\",\"url\":\"https:\/\/www.gaveanews.com\/wp-content\/uploads\/Fernando-Diniz-e-Loide-em-bastidores-do-Vasco.webp\",\"contentUrl\":\"https:\/\/www.gaveanews.com\/wp-content\/uploads\/Fernando-Diniz-e-Loide-em-bastidores-do-Vasco.webp\",\"width\":1200,\"height\":900},{\"@type\":\"BreadcrumbList\",\"@id\":\"https:\/\/www.gaveanews.com\/index.php\/2025\/05\/22\/situacao-envolvendo-diniz-e-loide-repercute-entre-torcedores-do-vasco\/#breadcrumb\",\"itemListElement\":[{\"@type\":\"ListItem\",\"position\":1,\"name\":\"Home\",\"item\":\"https:\/\/www.gaveanews.com\/\"},{\"@type\":\"ListItem\",\"position\":2,\"name\":\"Situa\u00e7\u00e3o envolvendo Diniz e Loide repercute entre torcedores do Vasco\"}]},{\"@type\":\"WebSite\",\"@id\":\"https:\/\/www.gaveanews.com\/#website\",\"url\":\"https:\/\/www.gaveanews.com\/\",\"name\":\"G\u00e1vea News\",\"description\":\"Veja todas as not\u00edcias sobre o Flamengo: Contrata\u00e7\u00f5es, categorias de base, resultados das partidas, tabela de classifica\u00e7\u00e3o, pr\u00f3ximos jogos!\",\"potentialAction\":[{\"@type\":\"SearchAction\",\"target\":{\"@type\":\"EntryPoint\",\"urlTemplate\":\"https:\/\/www.gaveanews.com\/?s={search_term_string}\"},\"query-input\":{\"@type\":\"PropertyValueSpecification\",\"valueRequired\":true,\"valueName\":\"search_term_string\"}}],\"inLanguage\":\"pt-BR\"},{\"@type\":\"Person\",\"@id\":\"https:\/\/www.gaveanews.com\/#\/schema\/person\/3b19f7288b0ce20372991275e4f2e6c2\",\"name\":\"Ana Teixeira\",\"image\":{\"@type\":\"ImageObject\",\"inLanguage\":\"pt-BR\",\"@id\":\"https:\/\/www.gaveanews.com\/#\/schema\/person\/image\/\",\"url\":\"https:\/\/secure.gravatar.com\/avatar\/0a73f5a5258f3fed37fc2fa641892f3f7a4748456d4d4792f9bc550e6c19e06c?s=96&d=mm&r=g\",\"contentUrl\":\"https:\/\/secure.gravatar.com\/avatar\/0a73f5a5258f3fed37fc2fa641892f3f7a4748456d4d4792f9bc550e6c19e06c?s=96&d=mm&r=g\",\"caption\":\"Ana Teixeira\"}}]}<\/script>\n<!-- \/ Yoast SEO Premium plugin. -->","yoast_head_json":{"title":"Situa\u00e7\u00e3o envolvendo Diniz e Loide repercute entre torcedores do Vasco","robots":{"index":"index","follow":"follow","max-snippet":"max-snippet:-1","max-image-preview":"max-image-preview:large","max-video-preview":"max-video-preview:-1"},"canonical":"https:\/\/www.gaveanews.com\/index.php\/2025\/05\/22\/situacao-envolvendo-diniz-e-loide-repercute-entre-torcedores-do-vasco\/","og_locale":"pt_BR","og_type":"article","og_title":"Situa\u00e7\u00e3o envolvendo Diniz e Loide repercute entre torcedores do Vasco","og_description":"Na dram\u00e1tica classifica\u00e7\u00e3o do Vasco para as oitavas de final da Copa Betano do Brasil, o atacante Loide Augusto protagonizou um momento pol\u00eamico ao desobedecer instru\u00e7\u00f5es diretas de Fernando Diniz durante a partida contra o Oper\u00e1rio-PR, em S\u00e3o Janu\u00e1rio. A atitude ocorreu aos 37 minutos da segunda etapa, logo ap\u00f3s o jogador arriscar finaliza\u00e7\u00e3o que [&hellip;]","og_url":"https:\/\/www.gaveanews.com\/index.php\/2025\/05\/22\/situacao-envolvendo-diniz-e-loide-repercute-entre-torcedores-do-vasco\/","og_site_name":"G\u00e1vea News","article_publisher":"https:\/\/facebook.com\/gaveaNews\/","article_published_time":"2025-05-22T21:55:00+00:00","og_image":[{"width":1200,"height":900,"url":"https:\/\/www.gaveanews.com\/wp-content\/uploads\/Fernando-Diniz-e-Loide-em-bastidores-do-Vasco.webp","type":"image\/webp"}],"author":"Ana Teixeira","twitter_card":"summary_large_image","twitter_misc":{"Escrito por":"Ana Teixeira","Est. tempo de leitura":"3 minutos"},"schema":{"@context":"https:\/\/schema.org","@graph":[{"@type":"NewsArticle","@id":"https:\/\/www.gaveanews.com\/index.php\/2025\/05\/22\/situacao-envolvendo-diniz-e-loide-repercute-entre-torcedores-do-vasco\/#article","isPartOf":{"@id":"https:\/\/www.gaveanews.com\/index.php\/2025\/05\/22\/situacao-envolvendo-diniz-e-loide-repercute-entre-torcedores-do-vasco\/"},"author":{"name":"Ana Teixeira","@id":"https:\/\/www.gaveanews.com\/#\/schema\/person\/3b19f7288b0ce20372991275e4f2e6c2"},"headline":"Situa\u00e7\u00e3o envolvendo Diniz e Loide repercute entre torcedores do Vasco","datePublished":"2025-05-22T21:55:00+00:00","mainEntityOfPage":{"@id":"https:\/\/www.gaveanews.com\/index.php\/2025\/05\/22\/situacao-envolvendo-diniz-e-loide-repercute-entre-torcedores-do-vasco\/"},"wordCount":556,"commentCount":0,"image":{"@id":"https:\/\/www.gaveanews.com\/index.php\/2025\/05\/22\/situacao-envolvendo-diniz-e-loide-repercute-entre-torcedores-do-vasco\/#primaryimage"},"thumbnailUrl":"https:\/\/www.gaveanews.com\/wp-content\/uploads\/Fernando-Diniz-e-Loide-em-bastidores-do-Vasco.webp","articleSection":["Vasco"],"inLanguage":"pt-BR","potentialAction":[{"@type":"CommentAction","name":"Comment","target":["https:\/\/www.gaveanews.com\/index.php\/2025\/05\/22\/situacao-envolvendo-diniz-e-loide-repercute-entre-torcedores-do-vasco\/#respond"]}],"copyrightYear":"2025","copyrightHolder":{"@id":"https:\/\/www.gaveanews.com\/#organization"}},{"@type":"WebPage","@id":"https:\/\/www.gaveanews.com\/index.php\/2025\/05\/22\/situacao-envolvendo-diniz-e-loide-repercute-entre-torcedores-do-vasco\/","url":"https:\/\/www.gaveanews.com\/index.php\/2025\/05\/22\/situacao-envolvendo-diniz-e-loide-repercute-entre-torcedores-do-vasco\/","name":"Situa\u00e7\u00e3o envolvendo Diniz e Loide repercute entre torcedores do Vasco","isPartOf":{"@id":"https:\/\/www.gaveanews.com\/#website"},"primaryImageOfPage":{"@id":"https:\/\/www.gaveanews.com\/index.php\/2025\/05\/22\/situacao-envolvendo-diniz-e-loide-repercute-entre-torcedores-do-vasco\/#primaryimage"},"image":{"@id":"https:\/\/www.gaveanews.com\/index.php\/2025\/05\/22\/situacao-envolvendo-diniz-e-loide-repercute-entre-torcedores-do-vasco\/#primaryimage"},"thumbnailUrl":"https:\/\/www.gaveanews.com\/wp-content\/uploads\/Fernando-Diniz-e-Loide-em-bastidores-do-Vasco.webp","datePublished":"2025-05-22T21:55:00+00:00","author":{"@id":"https:\/\/www.gaveanews.com\/#\/schema\/person\/3b19f7288b0ce20372991275e4f2e6c2"},"breadcrumb":{"@id":"https:\/\/www.gaveanews.com\/index.php\/2025\/05\/22\/situacao-envolvendo-diniz-e-loide-repercute-entre-torcedores-do-vasco\/#breadcrumb"},"inLanguage":"pt-BR","potentialAction":[{"@type":"ReadAction","target":["https:\/\/www.gaveanews.com\/index.php\/2025\/05\/22\/situacao-envolvendo-diniz-e-loide-repercute-entre-torcedores-do-vasco\/"]}]},{"@type":"ImageObject","inLanguage":"pt-BR","@id":"https:\/\/www.gaveanews.com\/index.php\/2025\/05\/22\/situacao-envolvendo-diniz-e-loide-repercute-entre-torcedores-do-vasco\/#primaryimage","url":"https:\/\/www.gaveanews.com\/wp-content\/uploads\/Fernando-Diniz-e-Loide-em-bastidores-do-Vasco.webp","contentUrl":"https:\/\/www.gaveanews.com\/wp-content\/uploads\/Fernando-Diniz-e-Loide-em-bastidores-do-Vasco.webp","width":1200,"height":900},{"@type":"BreadcrumbList","@id":"https:\/\/www.gaveanews.com\/index.php\/2025\/05\/22\/situacao-envolvendo-diniz-e-loide-repercute-entre-torcedores-do-vasco\/#breadcrumb","itemListElement":[{"@type":"ListItem","position":1,"name":"Home","item":"https:\/\/www.gaveanews.com\/"},{"@type":"ListItem","position":2,"name":"Situa\u00e7\u00e3o envolvendo Diniz e Loide repercute entre torcedores do Vasco"}]},{"@type":"WebSite","@id":"https:\/\/www.gaveanews.com\/#website","url":"https:\/\/www.gaveanews.com\/","name":"G\u00e1vea News","description":"Veja todas as not\u00edcias sobre o Flamengo: Contrata\u00e7\u00f5es, categorias de base, resultados das partidas, tabela de classifica\u00e7\u00e3o, pr\u00f3ximos jogos!","potentialAction":[{"@type":"SearchAction","target":{"@type":"EntryPoint","urlTemplate":"https:\/\/www.gaveanews.com\/?s={search_term_string}"},"query-input":{"@type":"PropertyValueSpecification","valueRequired":true,"valueName":"search_term_string"}}],"inLanguage":"pt-BR"},{"@type":"Person","@id":"https:\/\/www.gaveanews.com\/#\/schema\/person\/3b19f7288b0ce20372991275e4f2e6c2","name":"Ana Teixeira","image":{"@type":"ImageObject","inLanguage":"pt-BR","@id":"https:\/\/www.gaveanews.com\/#\/schema\/person\/image\/","url":"https:\/\/secure.gravatar.com\/avatar\/0a73f5a5258f3fed37fc2fa641892f3f7a4748456d4d4792f9bc550e6c19e06c?s=96&d=mm&r=g","contentUrl":"https:\/\/secure.gravatar.com\/avatar\/0a73f5a5258f3fed37fc2fa641892f3f7a4748456d4d4792f9bc550e6c19e06c?s=96&d=mm&r=g","caption":"Ana Teixeira"}}]}},"_links":{"self":[{"href":"https:\/\/www.gaveanews.com\/index.php\/wp-json\/wp\/v2\/posts\/266178","targetHints":{"allow":["GET"]}}],"collection":[{"href":"https:\/\/www.gaveanews.com\/index.php\/wp-json\/wp\/v2\/posts"}],"about":[{"href":"https:\/\/www.gaveanews.com\/index.php\/wp-json\/wp\/v2\/types\/post"}],"author":[{"embeddable":true,"href":"https:\/\/www.gaveanews.com\/index.php\/wp-json\/wp\/v2\/users\/30"}],"replies":[{"embeddable":true,"href":"https:\/\/www.gaveanews.com\/index.php\/wp-json\/wp\/v2\/comments?post=266178"}],"version-history":[{"count":1,"href":"https:\/\/www.gaveanews.com\/index.php\/wp-json\/wp\/v2\/posts\/266178\/revisions"}],"predecessor-version":[{"id":266193,"href":"https:\/\/www.gaveanews.com\/index.php\/wp-json\/wp\/v2\/posts\/266178\/revisions\/266193"}],"wp:featuredmedia":[{"embeddable":true,"href":"https:\/\/www.gaveanews.com\/index.php\/wp-json\/wp\/v2\/media\/266188"}],"wp:attachment":[{"href":"https:\/\/www.gaveanews.com\/index.php\/wp-json\/wp\/v2\/media?parent=266178"}],"wp:term":[{"taxonomy":"category","embeddable":true,"href":"https:\/\/www.gaveanews.com\/index.php\/wp-json\/wp\/v2\/categories?post=266178"},{"taxonomy":"post_tag","embeddable":true,"href":"https:\/\/www.gaveanews.com\/index.php\/wp-json\/wp\/v2\/tags?post=266178"}],"curies":[{"name":"wp","href":"https:\/\/api.w.org\/{rel}","templated":true}]}}