{"id":266179,"date":"2025-05-22T19:00:00","date_gmt":"2025-05-22T22:00:00","guid":{"rendered":"https:\/\/www.gaveanews.com\/?p=266179"},"modified":"2025-05-22T17:07:51","modified_gmt":"2025-05-22T20:07:51","slug":"rodrygo-do-real-madrid-se-torna-principal-alvo-de-gigante-da-europa","status":"publish","type":"post","link":"https:\/\/www.gaveanews.com\/index.php\/2025\/05\/22\/rodrygo-do-real-madrid-se-torna-principal-alvo-de-gigante-da-europa\/","title":{"rendered":"Rodrygo, do Real Madrid, se torna principal alvo de gigante da Europa"},"content":{"rendered":"\n<p>O Arsenal voltou suas aten\u00e7\u00f5es para Rodrygo, atacante do Real Madrid, como alvo principal na pr\u00f3xima janela de transfer\u00eancias. A informa\u00e7\u00e3o, publicada pelo jornal espanhol <em>Marca<\/em>, destaca que o clube londrino monitora de perto a situa\u00e7\u00e3o do brasileiro, que estaria insatisfeito no clube merengue. <\/p>\n\n\n\n<p>Embora n\u00e3o haja propostas oficiais registradas at\u00e9 o momento, os bastidores indicam movimenta\u00e7\u00f5es estrat\u00e9gicas do lado ingl\u00eas.<\/p>\n\n\n\n<p>De acordo com a publica\u00e7\u00e3o, Mikel Arteta considera fundamental elevar o n\u00edvel ofensivo da equipe, e v\u00ea no camisa 11 do Real uma pe\u00e7a com o perfil adequado para esse salto de qualidade. \u201cSe voc\u00ea quer ganhar grandes trof\u00e9us, voc\u00ea tem que ser o melhor do mercado, certo? Os times que ganham sempre t\u00eam os melhores jogadores\u201d, declarou o treinador, em entrevista reproduzida pelo <em>Marca<\/em>. <\/p>\n\n\n\n<p>O t\u00e9cnico dos Gunners ainda mira a contrata\u00e7\u00e3o de um atleta canhoto para compor o elenco.<\/p>\n\n\n\n<h2 class=\"wp-block-heading\" id=\"h-interesse-compartilhado-e-contexto-de-mercado\">Interesse compartilhado e contexto de mercado<\/h2>\n\n\n\n<p>A poss\u00edvel insatisfa\u00e7\u00e3o de Rodrygo em Madri tem estimulado o interesse de outros clubes ingleses. Alan Shearer, ex-jogador e \u00eddolo do Newcastle, sugeriu que o cen\u00e1rio pode atrair diversas ofertas da Premier League. \u201cSe ele n\u00e3o estiver feliz no Real Madrid, n\u00e3o faltar\u00e3o ofertas para ele vir jogar na Premier League\u201d, afirmou o ex-atacante em entrevista \u00e0 plataforma Betfair.<\/p>\n\n\n\n<p>Arteta, por sua vez, entende que o setor ofensivo precisa de refor\u00e7os imediatos. Ainda segundo o peri\u00f3dico espanhol, h\u00e1 um reconhecimento interno no Arsenal de que falta \u201cpoder de fogo\u201d ao time, e o atacante brasileiro seria uma solu\u00e7\u00e3o imediata para esse d\u00e9ficit t\u00e9cnico.<\/p>\n\n\n\n<h2 class=\"wp-block-heading\" id=\"h-outros-brasileiros-tambem-estao-na-mira-dos-gunners\">Outros brasileiros tamb\u00e9m est\u00e3o na mira dos Gunners<\/h2>\n\n\n\n<p>Al\u00e9m de Rodrygo, outros jogadores brasileiros s\u00e3o avaliados pelo departamento de futebol do Arsenal. Jo\u00e3o Pedro, atualmente no Brighton, \u00e9 um dos nomes em observa\u00e7\u00e3o. Revelado pelo Fluminense, o atacante \u00e9 elogiado por sua versatilidade e efici\u00eancia no setor ofensivo. <\/p>\n\n\n\n<p>A comiss\u00e3o t\u00e9cnica do time londrino acompanha seu desempenho com aten\u00e7\u00e3o, estudando uma poss\u00edvel investida na pr\u00f3xima janela.<\/p>\n\n\n\n<p>Outro nome em pauta \u00e9 o volante Andrey Santos, que pertence ao Chelsea, mas est\u00e1 emprestado ao Strasbourg. Revelado pelo Vasco da Gama, o meio-campista de 20 anos tamb\u00e9m \u00e9 alvo de interesse do Arsenal. <\/p>\n\n\n\n<p>O jornal franc\u00eas <em>Le 10 Sport<\/em> afirmou que os Gunners \u201ctrabalham duro\u201d nos bastidores a fim de viabilizar a contrata\u00e7\u00e3o do jovem atleta. No entanto, o Paris Saint-Germain aparece como concorrente direto nessa disputa.<\/p>\n","protected":false},"excerpt":{"rendered":"<p>O Arsenal voltou suas aten\u00e7\u00f5es para Rodrygo, atacante do Real Madrid, como alvo principal na pr\u00f3xima janela de transfer\u00eancias. A informa\u00e7\u00e3o, publicada pelo jornal espanhol Marca, destaca que o clube londrino monitora de perto a situa\u00e7\u00e3o do brasileiro, que estaria insatisfeito no clube merengue. Embora n\u00e3o haja propostas oficiais registradas at\u00e9 o momento, os bastidores [&hellip;]<\/p>\n","protected":false},"author":30,"featured_media":94011,"comment_status":"open","ping_status":"closed","sticky":false,"template":"","format":"standard","meta":{"footnotes":""},"categories":[91,78,88],"tags":[],"class_list":["post-266179","post","type-post","status-publish","format-standard","has-post-thumbnail","hentry","category-arsenal","category-futebol-internacional","category-real-madrid"],"yoast_head":"<!-- This site is optimized with the Yoast SEO Premium plugin v24.2 (Yoast SEO v26.9) - https:\/\/yoast.com\/product\/yoast-seo-premium-wordpress\/ -->\n<title>Rodrygo, do Real Madrid, se torna principal alvo de gigante da Europa<\/title>\n<meta name=\"robots\" content=\"index, follow, max-snippet:-1, max-image-preview:large, max-video-preview:-1\" \/>\n<link rel=\"canonical\" href=\"https:\/\/www.gaveanews.com\/index.php\/2025\/05\/22\/rodrygo-do-real-madrid-se-torna-principal-alvo-de-gigante-da-europa\/\" \/>\n<meta property=\"og:locale\" content=\"pt_BR\" \/>\n<meta property=\"og:type\" content=\"article\" \/>\n<meta property=\"og:title\" content=\"Rodrygo, do Real Madrid, se torna principal alvo de gigante da Europa\" \/>\n<meta property=\"og:description\" content=\"O Arsenal voltou suas aten\u00e7\u00f5es para Rodrygo, atacante do Real Madrid, como alvo principal na pr\u00f3xima janela de transfer\u00eancias. A informa\u00e7\u00e3o, publicada pelo jornal espanhol Marca, destaca que o clube londrino monitora de perto a situa\u00e7\u00e3o do brasileiro, que estaria insatisfeito no clube merengue. Embora n\u00e3o haja propostas oficiais registradas at\u00e9 o momento, os bastidores [&hellip;]\" \/>\n<meta property=\"og:url\" content=\"https:\/\/www.gaveanews.com\/index.php\/2025\/05\/22\/rodrygo-do-real-madrid-se-torna-principal-alvo-de-gigante-da-europa\/\" \/>\n<meta property=\"og:site_name\" content=\"G\u00e1vea News\" \/>\n<meta property=\"article:publisher\" content=\"https:\/\/facebook.com\/gaveaNews\/\" \/>\n<meta property=\"article:published_time\" content=\"2025-05-22T22:00:00+00:00\" \/>\n<meta property=\"og:image\" content=\"https:\/\/www.gaveanews.com\/wp-content\/uploads\/rodrygo-real-madrid.webp\" \/>\n\t<meta property=\"og:image:width\" content=\"846\" \/>\n\t<meta property=\"og:image:height\" content=\"564\" \/>\n\t<meta property=\"og:image:type\" content=\"image\/webp\" \/>\n<meta name=\"author\" content=\"Ana Teixeira\" \/>\n<meta name=\"twitter:card\" content=\"summary_large_image\" \/>\n<meta name=\"twitter:label1\" content=\"Escrito por\" \/>\n\t<meta name=\"twitter:data1\" content=\"Ana Teixeira\" \/>\n\t<meta name=\"twitter:label2\" content=\"Est. tempo de leitura\" \/>\n\t<meta name=\"twitter:data2\" content=\"3 minutos\" \/>\n<script type=\"application\/ld+json\" class=\"yoast-schema-graph\">{\"@context\":\"https:\/\/schema.org\",\"@graph\":[{\"@type\":\"NewsArticle\",\"@id\":\"https:\/\/www.gaveanews.com\/index.php\/2025\/05\/22\/rodrygo-do-real-madrid-se-torna-principal-alvo-de-gigante-da-europa\/#article\",\"isPartOf\":{\"@id\":\"https:\/\/www.gaveanews.com\/index.php\/2025\/05\/22\/rodrygo-do-real-madrid-se-torna-principal-alvo-de-gigante-da-europa\/\"},\"author\":{\"name\":\"Ana Teixeira\",\"@id\":\"https:\/\/www.gaveanews.com\/#\/schema\/person\/3b19f7288b0ce20372991275e4f2e6c2\"},\"headline\":\"Rodrygo, do Real Madrid, se torna principal alvo de gigante da Europa\",\"datePublished\":\"2025-05-22T22:00:00+00:00\",\"mainEntityOfPage\":{\"@id\":\"https:\/\/www.gaveanews.com\/index.php\/2025\/05\/22\/rodrygo-do-real-madrid-se-torna-principal-alvo-de-gigante-da-europa\/\"},\"wordCount\":432,\"commentCount\":0,\"image\":{\"@id\":\"https:\/\/www.gaveanews.com\/index.php\/2025\/05\/22\/rodrygo-do-real-madrid-se-torna-principal-alvo-de-gigante-da-europa\/#primaryimage\"},\"thumbnailUrl\":\"https:\/\/www.gaveanews.com\/wp-content\/uploads\/rodrygo-real-madrid.webp\",\"articleSection\":[\"Arsenal\",\"Futebol Internacional\",\"Real Madrid\"],\"inLanguage\":\"pt-BR\",\"potentialAction\":[{\"@type\":\"CommentAction\",\"name\":\"Comment\",\"target\":[\"https:\/\/www.gaveanews.com\/index.php\/2025\/05\/22\/rodrygo-do-real-madrid-se-torna-principal-alvo-de-gigante-da-europa\/#respond\"]}],\"copyrightYear\":\"2025\",\"copyrightHolder\":{\"@id\":\"https:\/\/www.gaveanews.com\/#organization\"}},{\"@type\":\"WebPage\",\"@id\":\"https:\/\/www.gaveanews.com\/index.php\/2025\/05\/22\/rodrygo-do-real-madrid-se-torna-principal-alvo-de-gigante-da-europa\/\",\"url\":\"https:\/\/www.gaveanews.com\/index.php\/2025\/05\/22\/rodrygo-do-real-madrid-se-torna-principal-alvo-de-gigante-da-europa\/\",\"name\":\"Rodrygo, do Real Madrid, se torna principal alvo de gigante da Europa\",\"isPartOf\":{\"@id\":\"https:\/\/www.gaveanews.com\/#website\"},\"primaryImageOfPage\":{\"@id\":\"https:\/\/www.gaveanews.com\/index.php\/2025\/05\/22\/rodrygo-do-real-madrid-se-torna-principal-alvo-de-gigante-da-europa\/#primaryimage\"},\"image\":{\"@id\":\"https:\/\/www.gaveanews.com\/index.php\/2025\/05\/22\/rodrygo-do-real-madrid-se-torna-principal-alvo-de-gigante-da-europa\/#primaryimage\"},\"thumbnailUrl\":\"https:\/\/www.gaveanews.com\/wp-content\/uploads\/rodrygo-real-madrid.webp\",\"datePublished\":\"2025-05-22T22:00:00+00:00\",\"author\":{\"@id\":\"https:\/\/www.gaveanews.com\/#\/schema\/person\/3b19f7288b0ce20372991275e4f2e6c2\"},\"breadcrumb\":{\"@id\":\"https:\/\/www.gaveanews.com\/index.php\/2025\/05\/22\/rodrygo-do-real-madrid-se-torna-principal-alvo-de-gigante-da-europa\/#breadcrumb\"},\"inLanguage\":\"pt-BR\",\"potentialAction\":[{\"@type\":\"ReadAction\",\"target\":[\"https:\/\/www.gaveanews.com\/index.php\/2025\/05\/22\/rodrygo-do-real-madrid-se-torna-principal-alvo-de-gigante-da-europa\/\"]}]},{\"@type\":\"ImageObject\",\"inLanguage\":\"pt-BR\",\"@id\":\"https:\/\/www.gaveanews.com\/index.php\/2025\/05\/22\/rodrygo-do-real-madrid-se-torna-principal-alvo-de-gigante-da-europa\/#primaryimage\",\"url\":\"https:\/\/www.gaveanews.com\/wp-content\/uploads\/rodrygo-real-madrid.webp\",\"contentUrl\":\"https:\/\/www.gaveanews.com\/wp-content\/uploads\/rodrygo-real-madrid.webp\",\"width\":846,\"height\":564,\"caption\":\"Rodrygo em a\u00e7\u00e3o pelo Real Madrid no Mundial de Clubes (Foto: KHALED DESOUKI\/AFP)\"},{\"@type\":\"BreadcrumbList\",\"@id\":\"https:\/\/www.gaveanews.com\/index.php\/2025\/05\/22\/rodrygo-do-real-madrid-se-torna-principal-alvo-de-gigante-da-europa\/#breadcrumb\",\"itemListElement\":[{\"@type\":\"ListItem\",\"position\":1,\"name\":\"Home\",\"item\":\"https:\/\/www.gaveanews.com\/\"},{\"@type\":\"ListItem\",\"position\":2,\"name\":\"Rodrygo, do Real Madrid, se torna principal alvo de gigante da Europa\"}]},{\"@type\":\"WebSite\",\"@id\":\"https:\/\/www.gaveanews.com\/#website\",\"url\":\"https:\/\/www.gaveanews.com\/\",\"name\":\"G\u00e1vea News\",\"description\":\"Veja todas as not\u00edcias sobre o Flamengo: Contrata\u00e7\u00f5es, categorias de base, resultados das partidas, tabela de classifica\u00e7\u00e3o, pr\u00f3ximos jogos!\",\"potentialAction\":[{\"@type\":\"SearchAction\",\"target\":{\"@type\":\"EntryPoint\",\"urlTemplate\":\"https:\/\/www.gaveanews.com\/?s={search_term_string}\"},\"query-input\":{\"@type\":\"PropertyValueSpecification\",\"valueRequired\":true,\"valueName\":\"search_term_string\"}}],\"inLanguage\":\"pt-BR\"},{\"@type\":\"Person\",\"@id\":\"https:\/\/www.gaveanews.com\/#\/schema\/person\/3b19f7288b0ce20372991275e4f2e6c2\",\"name\":\"Ana Teixeira\",\"image\":{\"@type\":\"ImageObject\",\"inLanguage\":\"pt-BR\",\"@id\":\"https:\/\/www.gaveanews.com\/#\/schema\/person\/image\/\",\"url\":\"https:\/\/secure.gravatar.com\/avatar\/0a73f5a5258f3fed37fc2fa641892f3f7a4748456d4d4792f9bc550e6c19e06c?s=96&d=mm&r=g\",\"contentUrl\":\"https:\/\/secure.gravatar.com\/avatar\/0a73f5a5258f3fed37fc2fa641892f3f7a4748456d4d4792f9bc550e6c19e06c?s=96&d=mm&r=g\",\"caption\":\"Ana Teixeira\"}}]}<\/script>\n<!-- \/ Yoast SEO Premium plugin. -->","yoast_head_json":{"title":"Rodrygo, do Real Madrid, se torna principal alvo de gigante da Europa","robots":{"index":"index","follow":"follow","max-snippet":"max-snippet:-1","max-image-preview":"max-image-preview:large","max-video-preview":"max-video-preview:-1"},"canonical":"https:\/\/www.gaveanews.com\/index.php\/2025\/05\/22\/rodrygo-do-real-madrid-se-torna-principal-alvo-de-gigante-da-europa\/","og_locale":"pt_BR","og_type":"article","og_title":"Rodrygo, do Real Madrid, se torna principal alvo de gigante da Europa","og_description":"O Arsenal voltou suas aten\u00e7\u00f5es para Rodrygo, atacante do Real Madrid, como alvo principal na pr\u00f3xima janela de transfer\u00eancias. A informa\u00e7\u00e3o, publicada pelo jornal espanhol Marca, destaca que o clube londrino monitora de perto a situa\u00e7\u00e3o do brasileiro, que estaria insatisfeito no clube merengue. Embora n\u00e3o haja propostas oficiais registradas at\u00e9 o momento, os bastidores [&hellip;]","og_url":"https:\/\/www.gaveanews.com\/index.php\/2025\/05\/22\/rodrygo-do-real-madrid-se-torna-principal-alvo-de-gigante-da-europa\/","og_site_name":"G\u00e1vea News","article_publisher":"https:\/\/facebook.com\/gaveaNews\/","article_published_time":"2025-05-22T22:00:00+00:00","og_image":[{"width":846,"height":564,"url":"https:\/\/www.gaveanews.com\/wp-content\/uploads\/rodrygo-real-madrid.webp","type":"image\/webp"}],"author":"Ana Teixeira","twitter_card":"summary_large_image","twitter_misc":{"Escrito por":"Ana Teixeira","Est. tempo de leitura":"3 minutos"},"schema":{"@context":"https:\/\/schema.org","@graph":[{"@type":"NewsArticle","@id":"https:\/\/www.gaveanews.com\/index.php\/2025\/05\/22\/rodrygo-do-real-madrid-se-torna-principal-alvo-de-gigante-da-europa\/#article","isPartOf":{"@id":"https:\/\/www.gaveanews.com\/index.php\/2025\/05\/22\/rodrygo-do-real-madrid-se-torna-principal-alvo-de-gigante-da-europa\/"},"author":{"name":"Ana Teixeira","@id":"https:\/\/www.gaveanews.com\/#\/schema\/person\/3b19f7288b0ce20372991275e4f2e6c2"},"headline":"Rodrygo, do Real Madrid, se torna principal alvo de gigante da Europa","datePublished":"2025-05-22T22:00:00+00:00","mainEntityOfPage":{"@id":"https:\/\/www.gaveanews.com\/index.php\/2025\/05\/22\/rodrygo-do-real-madrid-se-torna-principal-alvo-de-gigante-da-europa\/"},"wordCount":432,"commentCount":0,"image":{"@id":"https:\/\/www.gaveanews.com\/index.php\/2025\/05\/22\/rodrygo-do-real-madrid-se-torna-principal-alvo-de-gigante-da-europa\/#primaryimage"},"thumbnailUrl":"https:\/\/www.gaveanews.com\/wp-content\/uploads\/rodrygo-real-madrid.webp","articleSection":["Arsenal","Futebol Internacional","Real Madrid"],"inLanguage":"pt-BR","potentialAction":[{"@type":"CommentAction","name":"Comment","target":["https:\/\/www.gaveanews.com\/index.php\/2025\/05\/22\/rodrygo-do-real-madrid-se-torna-principal-alvo-de-gigante-da-europa\/#respond"]}],"copyrightYear":"2025","copyrightHolder":{"@id":"https:\/\/www.gaveanews.com\/#organization"}},{"@type":"WebPage","@id":"https:\/\/www.gaveanews.com\/index.php\/2025\/05\/22\/rodrygo-do-real-madrid-se-torna-principal-alvo-de-gigante-da-europa\/","url":"https:\/\/www.gaveanews.com\/index.php\/2025\/05\/22\/rodrygo-do-real-madrid-se-torna-principal-alvo-de-gigante-da-europa\/","name":"Rodrygo, do Real Madrid, se torna principal alvo de gigante da Europa","isPartOf":{"@id":"https:\/\/www.gaveanews.com\/#website"},"primaryImageOfPage":{"@id":"https:\/\/www.gaveanews.com\/index.php\/2025\/05\/22\/rodrygo-do-real-madrid-se-torna-principal-alvo-de-gigante-da-europa\/#primaryimage"},"image":{"@id":"https:\/\/www.gaveanews.com\/index.php\/2025\/05\/22\/rodrygo-do-real-madrid-se-torna-principal-alvo-de-gigante-da-europa\/#primaryimage"},"thumbnailUrl":"https:\/\/www.gaveanews.com\/wp-content\/uploads\/rodrygo-real-madrid.webp","datePublished":"2025-05-22T22:00:00+00:00","author":{"@id":"https:\/\/www.gaveanews.com\/#\/schema\/person\/3b19f7288b0ce20372991275e4f2e6c2"},"breadcrumb":{"@id":"https:\/\/www.gaveanews.com\/index.php\/2025\/05\/22\/rodrygo-do-real-madrid-se-torna-principal-alvo-de-gigante-da-europa\/#breadcrumb"},"inLanguage":"pt-BR","potentialAction":[{"@type":"ReadAction","target":["https:\/\/www.gaveanews.com\/index.php\/2025\/05\/22\/rodrygo-do-real-madrid-se-torna-principal-alvo-de-gigante-da-europa\/"]}]},{"@type":"ImageObject","inLanguage":"pt-BR","@id":"https:\/\/www.gaveanews.com\/index.php\/2025\/05\/22\/rodrygo-do-real-madrid-se-torna-principal-alvo-de-gigante-da-europa\/#primaryimage","url":"https:\/\/www.gaveanews.com\/wp-content\/uploads\/rodrygo-real-madrid.webp","contentUrl":"https:\/\/www.gaveanews.com\/wp-content\/uploads\/rodrygo-real-madrid.webp","width":846,"height":564,"caption":"Rodrygo em a\u00e7\u00e3o pelo Real Madrid no Mundial de Clubes (Foto: KHALED DESOUKI\/AFP)"},{"@type":"BreadcrumbList","@id":"https:\/\/www.gaveanews.com\/index.php\/2025\/05\/22\/rodrygo-do-real-madrid-se-torna-principal-alvo-de-gigante-da-europa\/#breadcrumb","itemListElement":[{"@type":"ListItem","position":1,"name":"Home","item":"https:\/\/www.gaveanews.com\/"},{"@type":"ListItem","position":2,"name":"Rodrygo, do Real Madrid, se torna principal alvo de gigante da Europa"}]},{"@type":"WebSite","@id":"https:\/\/www.gaveanews.com\/#website","url":"https:\/\/www.gaveanews.com\/","name":"G\u00e1vea News","description":"Veja todas as not\u00edcias sobre o Flamengo: Contrata\u00e7\u00f5es, categorias de base, resultados das partidas, tabela de classifica\u00e7\u00e3o, pr\u00f3ximos jogos!","potentialAction":[{"@type":"SearchAction","target":{"@type":"EntryPoint","urlTemplate":"https:\/\/www.gaveanews.com\/?s={search_term_string}"},"query-input":{"@type":"PropertyValueSpecification","valueRequired":true,"valueName":"search_term_string"}}],"inLanguage":"pt-BR"},{"@type":"Person","@id":"https:\/\/www.gaveanews.com\/#\/schema\/person\/3b19f7288b0ce20372991275e4f2e6c2","name":"Ana Teixeira","image":{"@type":"ImageObject","inLanguage":"pt-BR","@id":"https:\/\/www.gaveanews.com\/#\/schema\/person\/image\/","url":"https:\/\/secure.gravatar.com\/avatar\/0a73f5a5258f3fed37fc2fa641892f3f7a4748456d4d4792f9bc550e6c19e06c?s=96&d=mm&r=g","contentUrl":"https:\/\/secure.gravatar.com\/avatar\/0a73f5a5258f3fed37fc2fa641892f3f7a4748456d4d4792f9bc550e6c19e06c?s=96&d=mm&r=g","caption":"Ana Teixeira"}}]}},"_links":{"self":[{"href":"https:\/\/www.gaveanews.com\/index.php\/wp-json\/wp\/v2\/posts\/266179","targetHints":{"allow":["GET"]}}],"collection":[{"href":"https:\/\/www.gaveanews.com\/index.php\/wp-json\/wp\/v2\/posts"}],"about":[{"href":"https:\/\/www.gaveanews.com\/index.php\/wp-json\/wp\/v2\/types\/post"}],"author":[{"embeddable":true,"href":"https:\/\/www.gaveanews.com\/index.php\/wp-json\/wp\/v2\/users\/30"}],"replies":[{"embeddable":true,"href":"https:\/\/www.gaveanews.com\/index.php\/wp-json\/wp\/v2\/comments?post=266179"}],"version-history":[{"count":1,"href":"https:\/\/www.gaveanews.com\/index.php\/wp-json\/wp\/v2\/posts\/266179\/revisions"}],"predecessor-version":[{"id":266194,"href":"https:\/\/www.gaveanews.com\/index.php\/wp-json\/wp\/v2\/posts\/266179\/revisions\/266194"}],"wp:featuredmedia":[{"embeddable":true,"href":"https:\/\/www.gaveanews.com\/index.php\/wp-json\/wp\/v2\/media\/94011"}],"wp:attachment":[{"href":"https:\/\/www.gaveanews.com\/index.php\/wp-json\/wp\/v2\/media?parent=266179"}],"wp:term":[{"taxonomy":"category","embeddable":true,"href":"https:\/\/www.gaveanews.com\/index.php\/wp-json\/wp\/v2\/categories?post=266179"},{"taxonomy":"post_tag","embeddable":true,"href":"https:\/\/www.gaveanews.com\/index.php\/wp-json\/wp\/v2\/tags?post=266179"}],"curies":[{"name":"wp","href":"https:\/\/api.w.org\/{rel}","templated":true}]}}