{"id":266180,"date":"2025-05-22T18:35:00","date_gmt":"2025-05-22T21:35:00","guid":{"rendered":"https:\/\/www.gaveanews.com\/?p=266180"},"modified":"2025-05-22T16:54:00","modified_gmt":"2025-05-22T19:54:00","slug":"brasileiro-assina-com-o-barcelona-ate-2028","status":"publish","type":"post","link":"https:\/\/www.gaveanews.com\/index.php\/2025\/05\/22\/brasileiro-assina-com-o-barcelona-ate-2028\/","title":{"rendered":"Brasileiro assina com o Barcelona at\u00e9 2028"},"content":{"rendered":"\n<p>O Barcelona garantiu a perman\u00eancia de um dos seus principais nomes da temporada. Nesta quinta-feira (22), o clube catal\u00e3o anunciou oficialmente a renova\u00e7\u00e3o de contrato com o atacante brasileiro Raphinha at\u00e9 30 de junho de 2028. O novo v\u00ednculo, assinado em reuni\u00e3o com o presidente Joan Laporta e o diretor de futebol Deco, estende o compromisso do jogador em mais um ano, consolidando sua import\u00e2ncia no projeto esportivo do Bar\u00e7a.<\/p>\n\n\n\n<p>Vale destacar que a renova\u00e7\u00e3o acontece em meio ao melhor momento de Raphinha no clube. Isso porque, na temporada 2024\/2025, o brasileiro teve atua\u00e7\u00f5es de alto n\u00edvel, sendo pe\u00e7a fundamental nas conquistas do Campeonato Espanhol, da Copa do Rei e da Supercopa da Espanha.<\/p>\n\n\n\n<h2 class=\"wp-block-heading\" id=\"h-numeros-impressionam-e-colocam-raphinha-entre-os-melhores\">N\u00fameros impressionam e colocam Raphinha entre os melhores<\/h2>\n\n\n\n<p>Al\u00e9m disso, o desempenho individual de Raphinha chama a aten\u00e7\u00e3o do mundo do futebol. Em 56 partidas, o atacante balan\u00e7ou as redes 34 vezes e ainda distribuiu 25 assist\u00eancias. Com isso, ele entra com for\u00e7a na disputa pela Bola de Ouro, concorrendo com nomes como Demb\u00e9l\u00e9, do PSG, e Lautaro Mart\u00ednez, da Inter de Mil\u00e3o, finalistas da Champions League.<\/p>\n\n\n\n<blockquote class=\"twitter-tweet\" data-media-max-width=\"560\"><p lang=\"pt\" dir=\"ltr\">Oficial! Barcelona acerta renova\u00e7\u00e3o de contrato com Raphinha at\u00e9 2028.<br><br>\ud83c\udfa5 <a href=\"https:\/\/twitter.com\/FCBarcelona?ref_src=twsrc%5Etfw\">@FCBarcelona<\/a> <a href=\"https:\/\/t.co\/hbzBXHNb5g\">pic.twitter.com\/hbzBXHNb5g<\/a><\/p>&mdash; Planeta do Futebol \ud83c\udf0e (@futebol_info) <a href=\"https:\/\/twitter.com\/futebol_info\/status\/1925610479860199882?ref_src=twsrc%5Etfw\">May 22, 2025<\/a><\/blockquote> <script async src=\"https:\/\/platform.twitter.com\/widgets.js\" charset=\"utf-8\"><\/script>\n\n\n\n<p>Cabe ressaltar que a virada de chave em sua trajet\u00f3ria no clube se deu com a chegada do t\u00e9cnico Hansi Flick. Por isso, Raphinha se firmou como titular absoluto, deixando para tr\u00e1s o per\u00edodo em que teve menos espa\u00e7o sob o comando de Xavi.<\/p>\n\n\n\n<h2 class=\"wp-block-heading\" id=\"h-promessa-cumprida-e-reconhecimento-da-torcida\">Promessa cumprida e reconhecimento da torcida<\/h2>\n\n\n\n<p>Desse jeito, a identifica\u00e7\u00e3o com o clube s\u00f3 cresce. Ap\u00f3s a confirma\u00e7\u00e3o do t\u00edtulo espanhol, o brasileiro protagonizou uma cena emocionante ao atravessar o gramado do Est\u00e1dio Ol\u00edmpico de Montjuic de joelhos, cumprindo uma promessa feita antes da conquista. Dessa maneira, mostrou gratid\u00e3o e comprometimento com a camisa blaugrana.<\/p>\n\n\n\n<p>Sendo assim, o Barcelona assegura um talento de elite em seu elenco, enquanto Raphinha colhe os frutos de uma temporada m\u00e1gica. Porque, no fim das contas, desempenho e fidelidade andam juntos no caminho dos \u00eddolos. Portanto, a renova\u00e7\u00e3o representa um novo cap\u00edtulo de sucesso para o atacante no futebol europeu.<\/p>\n","protected":false},"excerpt":{"rendered":"<p>O Barcelona garantiu a perman\u00eancia de um dos seus principais nomes da temporada. Nesta quinta-feira (22), o clube catal\u00e3o anunciou oficialmente a renova\u00e7\u00e3o de contrato com o atacante brasileiro Raphinha at\u00e9 30 de junho de 2028. O novo v\u00ednculo, assinado em reuni\u00e3o com o presidente Joan Laporta e o diretor de futebol Deco, estende o [&hellip;]<\/p>\n","protected":false},"author":24,"featured_media":126375,"comment_status":"open","ping_status":"closed","sticky":false,"template":"","format":"standard","meta":{"footnotes":""},"categories":[87],"tags":[],"class_list":["post-266180","post","type-post","status-publish","format-standard","has-post-thumbnail","hentry","category-barcelona"],"yoast_head":"<!-- This site is optimized with the Yoast SEO Premium plugin v24.2 (Yoast SEO v26.9) - https:\/\/yoast.com\/product\/yoast-seo-premium-wordpress\/ -->\n<title>Brasileiro assina com o Barcelona at\u00e9 2028<\/title>\n<meta name=\"robots\" content=\"index, follow, max-snippet:-1, max-image-preview:large, max-video-preview:-1\" \/>\n<link rel=\"canonical\" href=\"https:\/\/www.gaveanews.com\/index.php\/2025\/05\/22\/brasileiro-assina-com-o-barcelona-ate-2028\/\" \/>\n<meta property=\"og:locale\" content=\"pt_BR\" \/>\n<meta property=\"og:type\" content=\"article\" \/>\n<meta property=\"og:title\" content=\"Brasileiro assina com o Barcelona at\u00e9 2028\" \/>\n<meta property=\"og:description\" content=\"O Barcelona garantiu a perman\u00eancia de um dos seus principais nomes da temporada. Nesta quinta-feira (22), o clube catal\u00e3o anunciou oficialmente a renova\u00e7\u00e3o de contrato com o atacante brasileiro Raphinha at\u00e9 30 de junho de 2028. O novo v\u00ednculo, assinado em reuni\u00e3o com o presidente Joan Laporta e o diretor de futebol Deco, estende o [&hellip;]\" \/>\n<meta property=\"og:url\" content=\"https:\/\/www.gaveanews.com\/index.php\/2025\/05\/22\/brasileiro-assina-com-o-barcelona-ate-2028\/\" \/>\n<meta property=\"og:site_name\" content=\"G\u00e1vea News\" \/>\n<meta property=\"article:publisher\" content=\"https:\/\/facebook.com\/gaveaNews\/\" \/>\n<meta property=\"article:published_time\" content=\"2025-05-22T21:35:00+00:00\" \/>\n<meta property=\"og:image\" content=\"https:\/\/www.gaveanews.com\/wp-content\/uploads\/64f1c8f91532e.webp\" \/>\n\t<meta property=\"og:image:width\" content=\"1200\" \/>\n\t<meta property=\"og:image:height\" content=\"675\" \/>\n\t<meta property=\"og:image:type\" content=\"image\/jpeg\" \/>\n<meta name=\"author\" content=\"Leandro Cardoso\" \/>\n<meta name=\"twitter:card\" content=\"summary_large_image\" \/>\n<meta name=\"twitter:label1\" content=\"Escrito por\" \/>\n\t<meta name=\"twitter:data1\" content=\"Leandro Cardoso\" \/>\n\t<meta name=\"twitter:label2\" content=\"Est. tempo de leitura\" \/>\n\t<meta name=\"twitter:data2\" content=\"3 minutos\" \/>\n<script type=\"application\/ld+json\" class=\"yoast-schema-graph\">{\"@context\":\"https:\/\/schema.org\",\"@graph\":[{\"@type\":\"NewsArticle\",\"@id\":\"https:\/\/www.gaveanews.com\/index.php\/2025\/05\/22\/brasileiro-assina-com-o-barcelona-ate-2028\/#article\",\"isPartOf\":{\"@id\":\"https:\/\/www.gaveanews.com\/index.php\/2025\/05\/22\/brasileiro-assina-com-o-barcelona-ate-2028\/\"},\"author\":{\"name\":\"Leandro Cardoso\",\"@id\":\"https:\/\/www.gaveanews.com\/#\/schema\/person\/2424ec6409bc3f068411fc5e4e9b6168\"},\"headline\":\"Brasileiro assina com o Barcelona at\u00e9 2028\",\"datePublished\":\"2025-05-22T21:35:00+00:00\",\"mainEntityOfPage\":{\"@id\":\"https:\/\/www.gaveanews.com\/index.php\/2025\/05\/22\/brasileiro-assina-com-o-barcelona-ate-2028\/\"},\"wordCount\":387,\"commentCount\":0,\"image\":{\"@id\":\"https:\/\/www.gaveanews.com\/index.php\/2025\/05\/22\/brasileiro-assina-com-o-barcelona-ate-2028\/#primaryimage\"},\"thumbnailUrl\":\"https:\/\/www.gaveanews.com\/wp-content\/uploads\/64f1c8f91532e.webp\",\"articleSection\":[\"Barcelona\"],\"inLanguage\":\"pt-BR\",\"potentialAction\":[{\"@type\":\"CommentAction\",\"name\":\"Comment\",\"target\":[\"https:\/\/www.gaveanews.com\/index.php\/2025\/05\/22\/brasileiro-assina-com-o-barcelona-ate-2028\/#respond\"]}],\"copyrightYear\":\"2025\",\"copyrightHolder\":{\"@id\":\"https:\/\/www.gaveanews.com\/#organization\"}},{\"@type\":\"WebPage\",\"@id\":\"https:\/\/www.gaveanews.com\/index.php\/2025\/05\/22\/brasileiro-assina-com-o-barcelona-ate-2028\/\",\"url\":\"https:\/\/www.gaveanews.com\/index.php\/2025\/05\/22\/brasileiro-assina-com-o-barcelona-ate-2028\/\",\"name\":\"Brasileiro assina com o Barcelona at\u00e9 2028\",\"isPartOf\":{\"@id\":\"https:\/\/www.gaveanews.com\/#website\"},\"primaryImageOfPage\":{\"@id\":\"https:\/\/www.gaveanews.com\/index.php\/2025\/05\/22\/brasileiro-assina-com-o-barcelona-ate-2028\/#primaryimage\"},\"image\":{\"@id\":\"https:\/\/www.gaveanews.com\/index.php\/2025\/05\/22\/brasileiro-assina-com-o-barcelona-ate-2028\/#primaryimage\"},\"thumbnailUrl\":\"https:\/\/www.gaveanews.com\/wp-content\/uploads\/64f1c8f91532e.webp\",\"datePublished\":\"2025-05-22T21:35:00+00:00\",\"author\":{\"@id\":\"https:\/\/www.gaveanews.com\/#\/schema\/person\/2424ec6409bc3f068411fc5e4e9b6168\"},\"breadcrumb\":{\"@id\":\"https:\/\/www.gaveanews.com\/index.php\/2025\/05\/22\/brasileiro-assina-com-o-barcelona-ate-2028\/#breadcrumb\"},\"inLanguage\":\"pt-BR\",\"potentialAction\":[{\"@type\":\"ReadAction\",\"target\":[\"https:\/\/www.gaveanews.com\/index.php\/2025\/05\/22\/brasileiro-assina-com-o-barcelona-ate-2028\/\"]}]},{\"@type\":\"ImageObject\",\"inLanguage\":\"pt-BR\",\"@id\":\"https:\/\/www.gaveanews.com\/index.php\/2025\/05\/22\/brasileiro-assina-com-o-barcelona-ate-2028\/#primaryimage\",\"url\":\"https:\/\/www.gaveanews.com\/wp-content\/uploads\/64f1c8f91532e.webp\",\"contentUrl\":\"https:\/\/www.gaveanews.com\/wp-content\/uploads\/64f1c8f91532e.webp\",\"width\":1200,\"height\":675,\"caption\":\"Escudo do Barcelona (Foto: Reprodu\u00e7\u00e3o)\"},{\"@type\":\"BreadcrumbList\",\"@id\":\"https:\/\/www.gaveanews.com\/index.php\/2025\/05\/22\/brasileiro-assina-com-o-barcelona-ate-2028\/#breadcrumb\",\"itemListElement\":[{\"@type\":\"ListItem\",\"position\":1,\"name\":\"Home\",\"item\":\"https:\/\/www.gaveanews.com\/\"},{\"@type\":\"ListItem\",\"position\":2,\"name\":\"Brasileiro assina com o Barcelona at\u00e9 2028\"}]},{\"@type\":\"WebSite\",\"@id\":\"https:\/\/www.gaveanews.com\/#website\",\"url\":\"https:\/\/www.gaveanews.com\/\",\"name\":\"G\u00e1vea News\",\"description\":\"Veja todas as not\u00edcias sobre o Flamengo: Contrata\u00e7\u00f5es, categorias de base, resultados das partidas, tabela de classifica\u00e7\u00e3o, pr\u00f3ximos jogos!\",\"potentialAction\":[{\"@type\":\"SearchAction\",\"target\":{\"@type\":\"EntryPoint\",\"urlTemplate\":\"https:\/\/www.gaveanews.com\/?s={search_term_string}\"},\"query-input\":{\"@type\":\"PropertyValueSpecification\",\"valueRequired\":true,\"valueName\":\"search_term_string\"}}],\"inLanguage\":\"pt-BR\"},{\"@type\":\"Person\",\"@id\":\"https:\/\/www.gaveanews.com\/#\/schema\/person\/2424ec6409bc3f068411fc5e4e9b6168\",\"name\":\"Leandro Cardoso\",\"image\":{\"@type\":\"ImageObject\",\"inLanguage\":\"pt-BR\",\"@id\":\"https:\/\/www.gaveanews.com\/#\/schema\/person\/image\/\",\"url\":\"https:\/\/secure.gravatar.com\/avatar\/8ca179f9b55eefe9f376f5493ef25475bfa59fbc28ce937f6076ce20e523098f?s=96&d=mm&r=g\",\"contentUrl\":\"https:\/\/secure.gravatar.com\/avatar\/8ca179f9b55eefe9f376f5493ef25475bfa59fbc28ce937f6076ce20e523098f?s=96&d=mm&r=g\",\"caption\":\"Leandro Cardoso\"}}]}<\/script>\n<!-- \/ Yoast SEO Premium plugin. -->","yoast_head_json":{"title":"Brasileiro assina com o Barcelona at\u00e9 2028","robots":{"index":"index","follow":"follow","max-snippet":"max-snippet:-1","max-image-preview":"max-image-preview:large","max-video-preview":"max-video-preview:-1"},"canonical":"https:\/\/www.gaveanews.com\/index.php\/2025\/05\/22\/brasileiro-assina-com-o-barcelona-ate-2028\/","og_locale":"pt_BR","og_type":"article","og_title":"Brasileiro assina com o Barcelona at\u00e9 2028","og_description":"O Barcelona garantiu a perman\u00eancia de um dos seus principais nomes da temporada. Nesta quinta-feira (22), o clube catal\u00e3o anunciou oficialmente a renova\u00e7\u00e3o de contrato com o atacante brasileiro Raphinha at\u00e9 30 de junho de 2028. O novo v\u00ednculo, assinado em reuni\u00e3o com o presidente Joan Laporta e o diretor de futebol Deco, estende o [&hellip;]","og_url":"https:\/\/www.gaveanews.com\/index.php\/2025\/05\/22\/brasileiro-assina-com-o-barcelona-ate-2028\/","og_site_name":"G\u00e1vea News","article_publisher":"https:\/\/facebook.com\/gaveaNews\/","article_published_time":"2025-05-22T21:35:00+00:00","og_image":[{"width":1200,"height":675,"url":"https:\/\/www.gaveanews.com\/wp-content\/uploads\/64f1c8f91532e.webp","type":"image\/jpeg"}],"author":"Leandro Cardoso","twitter_card":"summary_large_image","twitter_misc":{"Escrito por":"Leandro Cardoso","Est. tempo de leitura":"3 minutos"},"schema":{"@context":"https:\/\/schema.org","@graph":[{"@type":"NewsArticle","@id":"https:\/\/www.gaveanews.com\/index.php\/2025\/05\/22\/brasileiro-assina-com-o-barcelona-ate-2028\/#article","isPartOf":{"@id":"https:\/\/www.gaveanews.com\/index.php\/2025\/05\/22\/brasileiro-assina-com-o-barcelona-ate-2028\/"},"author":{"name":"Leandro Cardoso","@id":"https:\/\/www.gaveanews.com\/#\/schema\/person\/2424ec6409bc3f068411fc5e4e9b6168"},"headline":"Brasileiro assina com o Barcelona at\u00e9 2028","datePublished":"2025-05-22T21:35:00+00:00","mainEntityOfPage":{"@id":"https:\/\/www.gaveanews.com\/index.php\/2025\/05\/22\/brasileiro-assina-com-o-barcelona-ate-2028\/"},"wordCount":387,"commentCount":0,"image":{"@id":"https:\/\/www.gaveanews.com\/index.php\/2025\/05\/22\/brasileiro-assina-com-o-barcelona-ate-2028\/#primaryimage"},"thumbnailUrl":"https:\/\/www.gaveanews.com\/wp-content\/uploads\/64f1c8f91532e.webp","articleSection":["Barcelona"],"inLanguage":"pt-BR","potentialAction":[{"@type":"CommentAction","name":"Comment","target":["https:\/\/www.gaveanews.com\/index.php\/2025\/05\/22\/brasileiro-assina-com-o-barcelona-ate-2028\/#respond"]}],"copyrightYear":"2025","copyrightHolder":{"@id":"https:\/\/www.gaveanews.com\/#organization"}},{"@type":"WebPage","@id":"https:\/\/www.gaveanews.com\/index.php\/2025\/05\/22\/brasileiro-assina-com-o-barcelona-ate-2028\/","url":"https:\/\/www.gaveanews.com\/index.php\/2025\/05\/22\/brasileiro-assina-com-o-barcelona-ate-2028\/","name":"Brasileiro assina com o Barcelona at\u00e9 2028","isPartOf":{"@id":"https:\/\/www.gaveanews.com\/#website"},"primaryImageOfPage":{"@id":"https:\/\/www.gaveanews.com\/index.php\/2025\/05\/22\/brasileiro-assina-com-o-barcelona-ate-2028\/#primaryimage"},"image":{"@id":"https:\/\/www.gaveanews.com\/index.php\/2025\/05\/22\/brasileiro-assina-com-o-barcelona-ate-2028\/#primaryimage"},"thumbnailUrl":"https:\/\/www.gaveanews.com\/wp-content\/uploads\/64f1c8f91532e.webp","datePublished":"2025-05-22T21:35:00+00:00","author":{"@id":"https:\/\/www.gaveanews.com\/#\/schema\/person\/2424ec6409bc3f068411fc5e4e9b6168"},"breadcrumb":{"@id":"https:\/\/www.gaveanews.com\/index.php\/2025\/05\/22\/brasileiro-assina-com-o-barcelona-ate-2028\/#breadcrumb"},"inLanguage":"pt-BR","potentialAction":[{"@type":"ReadAction","target":["https:\/\/www.gaveanews.com\/index.php\/2025\/05\/22\/brasileiro-assina-com-o-barcelona-ate-2028\/"]}]},{"@type":"ImageObject","inLanguage":"pt-BR","@id":"https:\/\/www.gaveanews.com\/index.php\/2025\/05\/22\/brasileiro-assina-com-o-barcelona-ate-2028\/#primaryimage","url":"https:\/\/www.gaveanews.com\/wp-content\/uploads\/64f1c8f91532e.webp","contentUrl":"https:\/\/www.gaveanews.com\/wp-content\/uploads\/64f1c8f91532e.webp","width":1200,"height":675,"caption":"Escudo do Barcelona (Foto: Reprodu\u00e7\u00e3o)"},{"@type":"BreadcrumbList","@id":"https:\/\/www.gaveanews.com\/index.php\/2025\/05\/22\/brasileiro-assina-com-o-barcelona-ate-2028\/#breadcrumb","itemListElement":[{"@type":"ListItem","position":1,"name":"Home","item":"https:\/\/www.gaveanews.com\/"},{"@type":"ListItem","position":2,"name":"Brasileiro assina com o Barcelona at\u00e9 2028"}]},{"@type":"WebSite","@id":"https:\/\/www.gaveanews.com\/#website","url":"https:\/\/www.gaveanews.com\/","name":"G\u00e1vea News","description":"Veja todas as not\u00edcias sobre o Flamengo: Contrata\u00e7\u00f5es, categorias de base, resultados das partidas, tabela de classifica\u00e7\u00e3o, pr\u00f3ximos jogos!","potentialAction":[{"@type":"SearchAction","target":{"@type":"EntryPoint","urlTemplate":"https:\/\/www.gaveanews.com\/?s={search_term_string}"},"query-input":{"@type":"PropertyValueSpecification","valueRequired":true,"valueName":"search_term_string"}}],"inLanguage":"pt-BR"},{"@type":"Person","@id":"https:\/\/www.gaveanews.com\/#\/schema\/person\/2424ec6409bc3f068411fc5e4e9b6168","name":"Leandro Cardoso","image":{"@type":"ImageObject","inLanguage":"pt-BR","@id":"https:\/\/www.gaveanews.com\/#\/schema\/person\/image\/","url":"https:\/\/secure.gravatar.com\/avatar\/8ca179f9b55eefe9f376f5493ef25475bfa59fbc28ce937f6076ce20e523098f?s=96&d=mm&r=g","contentUrl":"https:\/\/secure.gravatar.com\/avatar\/8ca179f9b55eefe9f376f5493ef25475bfa59fbc28ce937f6076ce20e523098f?s=96&d=mm&r=g","caption":"Leandro Cardoso"}}]}},"_links":{"self":[{"href":"https:\/\/www.gaveanews.com\/index.php\/wp-json\/wp\/v2\/posts\/266180","targetHints":{"allow":["GET"]}}],"collection":[{"href":"https:\/\/www.gaveanews.com\/index.php\/wp-json\/wp\/v2\/posts"}],"about":[{"href":"https:\/\/www.gaveanews.com\/index.php\/wp-json\/wp\/v2\/types\/post"}],"author":[{"embeddable":true,"href":"https:\/\/www.gaveanews.com\/index.php\/wp-json\/wp\/v2\/users\/24"}],"replies":[{"embeddable":true,"href":"https:\/\/www.gaveanews.com\/index.php\/wp-json\/wp\/v2\/comments?post=266180"}],"version-history":[{"count":2,"href":"https:\/\/www.gaveanews.com\/index.php\/wp-json\/wp\/v2\/posts\/266180\/revisions"}],"predecessor-version":[{"id":266185,"href":"https:\/\/www.gaveanews.com\/index.php\/wp-json\/wp\/v2\/posts\/266180\/revisions\/266185"}],"wp:featuredmedia":[{"embeddable":true,"href":"https:\/\/www.gaveanews.com\/index.php\/wp-json\/wp\/v2\/media\/126375"}],"wp:attachment":[{"href":"https:\/\/www.gaveanews.com\/index.php\/wp-json\/wp\/v2\/media?parent=266180"}],"wp:term":[{"taxonomy":"category","embeddable":true,"href":"https:\/\/www.gaveanews.com\/index.php\/wp-json\/wp\/v2\/categories?post=266180"},{"taxonomy":"post_tag","embeddable":true,"href":"https:\/\/www.gaveanews.com\/index.php\/wp-json\/wp\/v2\/tags?post=266180"}],"curies":[{"name":"wp","href":"https:\/\/api.w.org\/{rel}","templated":true}]}}