{"id":266190,"date":"2025-05-22T18:50:00","date_gmt":"2025-05-22T21:50:00","guid":{"rendered":"https:\/\/www.gaveanews.com\/?p=266190"},"modified":"2025-05-22T17:03:40","modified_gmt":"2025-05-22T20:03:40","slug":"vasco-vai-liberar-jair-mas-com-uma-condicao","status":"publish","type":"post","link":"https:\/\/www.gaveanews.com\/index.php\/2025\/05\/22\/vasco-vai-liberar-jair-mas-com-uma-condicao\/","title":{"rendered":"Vasco vai liberar Jair, mas com uma condi\u00e7\u00e3o"},"content":{"rendered":"\n<p>O futuro do volante Jair no Vasco segue cercado de indefini\u00e7\u00f5es e controv\u00e9rsias. Mesmo relacionado para a partida decisiva contra o Oper\u00e1rio, na Copa Betano do Brasil, o camisa 8 n\u00e3o entrou em campo por op\u00e7\u00e3o do t\u00e9cnico Fernando Diniz, que mant\u00e9m um misto de confian\u00e7a e cautela com o jogador.&nbsp;<\/p>\n\n\n\n<p>A situa\u00e7\u00e3o preocupa a torcida e a diretoria, que avalia alternativas para a equipe e o or\u00e7amento.&nbsp;<\/p>\n\n\n\n<h2 class=\"wp-block-heading\" id=\"h-jair-e-a-decisao-tecnica-que-preocupa-torcedores\">Jair e a decis\u00e3o t\u00e9cnica que preocupa torcedores<\/h2>\n\n\n\n<p>Na \u00faltima ter\u00e7a-feira (20), em jogo pela Copa Betano, Jair mais uma vez ficou no banco de reservas sem ser utilizado. Isso aconteceu repetidamente desde a vit\u00f3ria do Vasco sobre o Fortaleza, no Brasileir\u00e3o Betano.&nbsp;<\/p>\n\n\n\n<p>\u201cO Jair j\u00e1 fez seis partidas. Ele \u00e9 um jogador que eu gosto. E n\u00e3o quer dizer que vai sair daqui. J\u00e1 tentei lev\u00e1-lo para o Fluminense, mas temos muitos jogadores para a posi\u00e7\u00e3o. Estamos em uma an\u00e1lise para saber se o Jair vai ficar ou n\u00e3o. Uma coisa completamente aberta\u201d, afirmou Fernando Diniz no \u00faltimo s\u00e1bado (17).<\/p>\n\n\n\n<p>Portanto, o treinador opta por n\u00e3o utiliz\u00e1-lo por causa do setor \u201ccongestionado\u201d no meio-campo do Vasco. Al\u00e9m disso, essa estrat\u00e9gia visa avaliar melhor o futuro do volante e o impacto na folha salarial do clube.<\/p>\n\n\n\n<h2 class=\"wp-block-heading\" id=\"h-diretoria-define-condicoes-para-liberar-jair\">Diretoria define condi\u00e7\u00f5es para liberar Jair<\/h2>\n\n\n\n<p>Vale destacar que o Vasco possui atualmente uma lista grande de volantes: Hugo Moura, Tch\u00ea Tch\u00ea, Paulinho, Matheus Coc\u00e3o e Sforza. Isso porque Jair n\u00e3o conseguiu se firmar como titular, mesmo tendo algumas chances sob o comando de F\u00e1bio Carille. Com isso, o clube j\u00e1 recebeu sondagens do Athletico-PR e Atl\u00e9tico-MG, mas nenhuma avan\u00e7ou.<\/p>\n\n\n\n<p>A diretoria, por sua vez, est\u00e1 disposta a liberar Jair por empr\u00e9stimo, desde que o clube interessado arque com 100% dos vencimentos do atleta, que chegam a R$ 900 mil por m\u00eas, um dos maiores sal\u00e1rios do elenco.&nbsp;<\/p>\n\n\n\n<p>\u201cOs clubes interessados querem que o Cruzmaltino pague uma parte do sal\u00e1rio do volante. Apesar de Diniz gostar de Jair, a diretoria aceita negociar o atleta de gra\u00e7a, desde que o clube interessado pague 100% dos vencimentos\u201d, refor\u00e7a o setorista Joel Silva.<\/p>\n\n\n\n<p>Sendo assim, Jair pode deixar S\u00e3o Janu\u00e1rio em breve, mas sob uma condi\u00e7\u00e3o clara para n\u00e3o onerar ainda mais as finan\u00e7as do clube.<\/p>\n","protected":false},"excerpt":{"rendered":"<p>O futuro do volante Jair no Vasco segue cercado de indefini\u00e7\u00f5es e controv\u00e9rsias. Mesmo relacionado para a partida decisiva contra o Oper\u00e1rio, na Copa Betano do Brasil, o camisa 8 n\u00e3o entrou em campo por op\u00e7\u00e3o do t\u00e9cnico Fernando Diniz, que mant\u00e9m um misto de confian\u00e7a e cautela com o jogador.&nbsp; A situa\u00e7\u00e3o preocupa a [&hellip;]<\/p>\n","protected":false},"author":25,"featured_media":167649,"comment_status":"open","ping_status":"closed","sticky":false,"template":"","format":"standard","meta":{"footnotes":""},"categories":[152],"tags":[],"class_list":["post-266190","post","type-post","status-publish","format-standard","has-post-thumbnail","hentry","category-vasco"],"yoast_head":"<!-- This site is optimized with the Yoast SEO Premium plugin v24.2 (Yoast SEO v26.9) - https:\/\/yoast.com\/product\/yoast-seo-premium-wordpress\/ -->\n<title>Vasco vai liberar Jair, mas com uma condi\u00e7\u00e3o<\/title>\n<meta name=\"robots\" content=\"index, follow, max-snippet:-1, max-image-preview:large, max-video-preview:-1\" \/>\n<link rel=\"canonical\" href=\"https:\/\/www.gaveanews.com\/index.php\/2025\/05\/22\/vasco-vai-liberar-jair-mas-com-uma-condicao\/\" \/>\n<meta property=\"og:locale\" content=\"pt_BR\" \/>\n<meta property=\"og:type\" content=\"article\" \/>\n<meta property=\"og:title\" content=\"Vasco vai liberar Jair, mas com uma condi\u00e7\u00e3o\" \/>\n<meta property=\"og:description\" content=\"O futuro do volante Jair no Vasco segue cercado de indefini\u00e7\u00f5es e controv\u00e9rsias. Mesmo relacionado para a partida decisiva contra o Oper\u00e1rio, na Copa Betano do Brasil, o camisa 8 n\u00e3o entrou em campo por op\u00e7\u00e3o do t\u00e9cnico Fernando Diniz, que mant\u00e9m um misto de confian\u00e7a e cautela com o jogador.&nbsp; A situa\u00e7\u00e3o preocupa a [&hellip;]\" \/>\n<meta property=\"og:url\" content=\"https:\/\/www.gaveanews.com\/index.php\/2025\/05\/22\/vasco-vai-liberar-jair-mas-com-uma-condicao\/\" \/>\n<meta property=\"og:site_name\" content=\"G\u00e1vea News\" \/>\n<meta property=\"article:publisher\" content=\"https:\/\/facebook.com\/gaveaNews\/\" \/>\n<meta property=\"article:published_time\" content=\"2025-05-22T21:50:00+00:00\" \/>\n<meta property=\"og:image\" content=\"https:\/\/www.gaveanews.com\/wp-content\/uploads\/Jair-em-acao-pelo-Vasco.webp\" \/>\n\t<meta property=\"og:image:width\" content=\"1024\" \/>\n\t<meta property=\"og:image:height\" content=\"684\" \/>\n\t<meta property=\"og:image:type\" content=\"image\/jpeg\" \/>\n<meta name=\"author\" content=\"Rafaela Ladeira\" \/>\n<meta name=\"twitter:card\" content=\"summary_large_image\" \/>\n<meta name=\"twitter:label1\" content=\"Escrito por\" \/>\n\t<meta name=\"twitter:data1\" content=\"Rafaela Ladeira\" \/>\n\t<meta name=\"twitter:label2\" content=\"Est. tempo de leitura\" \/>\n\t<meta name=\"twitter:data2\" content=\"3 minutos\" \/>\n<script type=\"application\/ld+json\" class=\"yoast-schema-graph\">{\"@context\":\"https:\/\/schema.org\",\"@graph\":[{\"@type\":\"NewsArticle\",\"@id\":\"https:\/\/www.gaveanews.com\/index.php\/2025\/05\/22\/vasco-vai-liberar-jair-mas-com-uma-condicao\/#article\",\"isPartOf\":{\"@id\":\"https:\/\/www.gaveanews.com\/index.php\/2025\/05\/22\/vasco-vai-liberar-jair-mas-com-uma-condicao\/\"},\"author\":{\"name\":\"Rafaela Ladeira\",\"@id\":\"https:\/\/www.gaveanews.com\/#\/schema\/person\/0eb3e3fe1754f0205218538adbe8f5ed\"},\"headline\":\"Vasco vai liberar Jair, mas com uma condi\u00e7\u00e3o\",\"datePublished\":\"2025-05-22T21:50:00+00:00\",\"mainEntityOfPage\":{\"@id\":\"https:\/\/www.gaveanews.com\/index.php\/2025\/05\/22\/vasco-vai-liberar-jair-mas-com-uma-condicao\/\"},\"wordCount\":415,\"commentCount\":0,\"image\":{\"@id\":\"https:\/\/www.gaveanews.com\/index.php\/2025\/05\/22\/vasco-vai-liberar-jair-mas-com-uma-condicao\/#primaryimage\"},\"thumbnailUrl\":\"https:\/\/www.gaveanews.com\/wp-content\/uploads\/Jair-em-acao-pelo-Vasco.webp\",\"articleSection\":[\"Vasco\"],\"inLanguage\":\"pt-BR\",\"potentialAction\":[{\"@type\":\"CommentAction\",\"name\":\"Comment\",\"target\":[\"https:\/\/www.gaveanews.com\/index.php\/2025\/05\/22\/vasco-vai-liberar-jair-mas-com-uma-condicao\/#respond\"]}],\"copyrightYear\":\"2025\",\"copyrightHolder\":{\"@id\":\"https:\/\/www.gaveanews.com\/#organization\"}},{\"@type\":\"WebPage\",\"@id\":\"https:\/\/www.gaveanews.com\/index.php\/2025\/05\/22\/vasco-vai-liberar-jair-mas-com-uma-condicao\/\",\"url\":\"https:\/\/www.gaveanews.com\/index.php\/2025\/05\/22\/vasco-vai-liberar-jair-mas-com-uma-condicao\/\",\"name\":\"Vasco vai liberar Jair, mas com uma condi\u00e7\u00e3o\",\"isPartOf\":{\"@id\":\"https:\/\/www.gaveanews.com\/#website\"},\"primaryImageOfPage\":{\"@id\":\"https:\/\/www.gaveanews.com\/index.php\/2025\/05\/22\/vasco-vai-liberar-jair-mas-com-uma-condicao\/#primaryimage\"},\"image\":{\"@id\":\"https:\/\/www.gaveanews.com\/index.php\/2025\/05\/22\/vasco-vai-liberar-jair-mas-com-uma-condicao\/#primaryimage\"},\"thumbnailUrl\":\"https:\/\/www.gaveanews.com\/wp-content\/uploads\/Jair-em-acao-pelo-Vasco.webp\",\"datePublished\":\"2025-05-22T21:50:00+00:00\",\"author\":{\"@id\":\"https:\/\/www.gaveanews.com\/#\/schema\/person\/0eb3e3fe1754f0205218538adbe8f5ed\"},\"breadcrumb\":{\"@id\":\"https:\/\/www.gaveanews.com\/index.php\/2025\/05\/22\/vasco-vai-liberar-jair-mas-com-uma-condicao\/#breadcrumb\"},\"inLanguage\":\"pt-BR\",\"potentialAction\":[{\"@type\":\"ReadAction\",\"target\":[\"https:\/\/www.gaveanews.com\/index.php\/2025\/05\/22\/vasco-vai-liberar-jair-mas-com-uma-condicao\/\"]}]},{\"@type\":\"ImageObject\",\"inLanguage\":\"pt-BR\",\"@id\":\"https:\/\/www.gaveanews.com\/index.php\/2025\/05\/22\/vasco-vai-liberar-jair-mas-com-uma-condicao\/#primaryimage\",\"url\":\"https:\/\/www.gaveanews.com\/wp-content\/uploads\/Jair-em-acao-pelo-Vasco.webp\",\"contentUrl\":\"https:\/\/www.gaveanews.com\/wp-content\/uploads\/Jair-em-acao-pelo-Vasco.webp\",\"width\":1024,\"height\":684,\"caption\":\"Jair em a\u00e7\u00e3o pelo Vasco (Foto: Daniel Ramalho\/Vasco)\"},{\"@type\":\"BreadcrumbList\",\"@id\":\"https:\/\/www.gaveanews.com\/index.php\/2025\/05\/22\/vasco-vai-liberar-jair-mas-com-uma-condicao\/#breadcrumb\",\"itemListElement\":[{\"@type\":\"ListItem\",\"position\":1,\"name\":\"Home\",\"item\":\"https:\/\/www.gaveanews.com\/\"},{\"@type\":\"ListItem\",\"position\":2,\"name\":\"Vasco vai liberar Jair, mas com uma condi\u00e7\u00e3o\"}]},{\"@type\":\"WebSite\",\"@id\":\"https:\/\/www.gaveanews.com\/#website\",\"url\":\"https:\/\/www.gaveanews.com\/\",\"name\":\"G\u00e1vea News\",\"description\":\"Veja todas as not\u00edcias sobre o Flamengo: Contrata\u00e7\u00f5es, categorias de base, resultados das partidas, tabela de classifica\u00e7\u00e3o, pr\u00f3ximos jogos!\",\"potentialAction\":[{\"@type\":\"SearchAction\",\"target\":{\"@type\":\"EntryPoint\",\"urlTemplate\":\"https:\/\/www.gaveanews.com\/?s={search_term_string}\"},\"query-input\":{\"@type\":\"PropertyValueSpecification\",\"valueRequired\":true,\"valueName\":\"search_term_string\"}}],\"inLanguage\":\"pt-BR\"},{\"@type\":\"Person\",\"@id\":\"https:\/\/www.gaveanews.com\/#\/schema\/person\/0eb3e3fe1754f0205218538adbe8f5ed\",\"name\":\"Rafaela Ladeira\",\"image\":{\"@type\":\"ImageObject\",\"inLanguage\":\"pt-BR\",\"@id\":\"https:\/\/www.gaveanews.com\/#\/schema\/person\/image\/\",\"url\":\"https:\/\/secure.gravatar.com\/avatar\/c31f513acffd85eacab5730cbdfdbbf59f21ba5aeada8cd890acea879fbb2455?s=96&d=mm&r=g\",\"contentUrl\":\"https:\/\/secure.gravatar.com\/avatar\/c31f513acffd85eacab5730cbdfdbbf59f21ba5aeada8cd890acea879fbb2455?s=96&d=mm&r=g\",\"caption\":\"Rafaela Ladeira\"}}]}<\/script>\n<!-- \/ Yoast SEO Premium plugin. -->","yoast_head_json":{"title":"Vasco vai liberar Jair, mas com uma condi\u00e7\u00e3o","robots":{"index":"index","follow":"follow","max-snippet":"max-snippet:-1","max-image-preview":"max-image-preview:large","max-video-preview":"max-video-preview:-1"},"canonical":"https:\/\/www.gaveanews.com\/index.php\/2025\/05\/22\/vasco-vai-liberar-jair-mas-com-uma-condicao\/","og_locale":"pt_BR","og_type":"article","og_title":"Vasco vai liberar Jair, mas com uma condi\u00e7\u00e3o","og_description":"O futuro do volante Jair no Vasco segue cercado de indefini\u00e7\u00f5es e controv\u00e9rsias. Mesmo relacionado para a partida decisiva contra o Oper\u00e1rio, na Copa Betano do Brasil, o camisa 8 n\u00e3o entrou em campo por op\u00e7\u00e3o do t\u00e9cnico Fernando Diniz, que mant\u00e9m um misto de confian\u00e7a e cautela com o jogador.&nbsp; A situa\u00e7\u00e3o preocupa a [&hellip;]","og_url":"https:\/\/www.gaveanews.com\/index.php\/2025\/05\/22\/vasco-vai-liberar-jair-mas-com-uma-condicao\/","og_site_name":"G\u00e1vea News","article_publisher":"https:\/\/facebook.com\/gaveaNews\/","article_published_time":"2025-05-22T21:50:00+00:00","og_image":[{"width":1024,"height":684,"url":"https:\/\/www.gaveanews.com\/wp-content\/uploads\/Jair-em-acao-pelo-Vasco.webp","type":"image\/jpeg"}],"author":"Rafaela Ladeira","twitter_card":"summary_large_image","twitter_misc":{"Escrito por":"Rafaela Ladeira","Est. tempo de leitura":"3 minutos"},"schema":{"@context":"https:\/\/schema.org","@graph":[{"@type":"NewsArticle","@id":"https:\/\/www.gaveanews.com\/index.php\/2025\/05\/22\/vasco-vai-liberar-jair-mas-com-uma-condicao\/#article","isPartOf":{"@id":"https:\/\/www.gaveanews.com\/index.php\/2025\/05\/22\/vasco-vai-liberar-jair-mas-com-uma-condicao\/"},"author":{"name":"Rafaela Ladeira","@id":"https:\/\/www.gaveanews.com\/#\/schema\/person\/0eb3e3fe1754f0205218538adbe8f5ed"},"headline":"Vasco vai liberar Jair, mas com uma condi\u00e7\u00e3o","datePublished":"2025-05-22T21:50:00+00:00","mainEntityOfPage":{"@id":"https:\/\/www.gaveanews.com\/index.php\/2025\/05\/22\/vasco-vai-liberar-jair-mas-com-uma-condicao\/"},"wordCount":415,"commentCount":0,"image":{"@id":"https:\/\/www.gaveanews.com\/index.php\/2025\/05\/22\/vasco-vai-liberar-jair-mas-com-uma-condicao\/#primaryimage"},"thumbnailUrl":"https:\/\/www.gaveanews.com\/wp-content\/uploads\/Jair-em-acao-pelo-Vasco.webp","articleSection":["Vasco"],"inLanguage":"pt-BR","potentialAction":[{"@type":"CommentAction","name":"Comment","target":["https:\/\/www.gaveanews.com\/index.php\/2025\/05\/22\/vasco-vai-liberar-jair-mas-com-uma-condicao\/#respond"]}],"copyrightYear":"2025","copyrightHolder":{"@id":"https:\/\/www.gaveanews.com\/#organization"}},{"@type":"WebPage","@id":"https:\/\/www.gaveanews.com\/index.php\/2025\/05\/22\/vasco-vai-liberar-jair-mas-com-uma-condicao\/","url":"https:\/\/www.gaveanews.com\/index.php\/2025\/05\/22\/vasco-vai-liberar-jair-mas-com-uma-condicao\/","name":"Vasco vai liberar Jair, mas com uma condi\u00e7\u00e3o","isPartOf":{"@id":"https:\/\/www.gaveanews.com\/#website"},"primaryImageOfPage":{"@id":"https:\/\/www.gaveanews.com\/index.php\/2025\/05\/22\/vasco-vai-liberar-jair-mas-com-uma-condicao\/#primaryimage"},"image":{"@id":"https:\/\/www.gaveanews.com\/index.php\/2025\/05\/22\/vasco-vai-liberar-jair-mas-com-uma-condicao\/#primaryimage"},"thumbnailUrl":"https:\/\/www.gaveanews.com\/wp-content\/uploads\/Jair-em-acao-pelo-Vasco.webp","datePublished":"2025-05-22T21:50:00+00:00","author":{"@id":"https:\/\/www.gaveanews.com\/#\/schema\/person\/0eb3e3fe1754f0205218538adbe8f5ed"},"breadcrumb":{"@id":"https:\/\/www.gaveanews.com\/index.php\/2025\/05\/22\/vasco-vai-liberar-jair-mas-com-uma-condicao\/#breadcrumb"},"inLanguage":"pt-BR","potentialAction":[{"@type":"ReadAction","target":["https:\/\/www.gaveanews.com\/index.php\/2025\/05\/22\/vasco-vai-liberar-jair-mas-com-uma-condicao\/"]}]},{"@type":"ImageObject","inLanguage":"pt-BR","@id":"https:\/\/www.gaveanews.com\/index.php\/2025\/05\/22\/vasco-vai-liberar-jair-mas-com-uma-condicao\/#primaryimage","url":"https:\/\/www.gaveanews.com\/wp-content\/uploads\/Jair-em-acao-pelo-Vasco.webp","contentUrl":"https:\/\/www.gaveanews.com\/wp-content\/uploads\/Jair-em-acao-pelo-Vasco.webp","width":1024,"height":684,"caption":"Jair em a\u00e7\u00e3o pelo Vasco (Foto: Daniel Ramalho\/Vasco)"},{"@type":"BreadcrumbList","@id":"https:\/\/www.gaveanews.com\/index.php\/2025\/05\/22\/vasco-vai-liberar-jair-mas-com-uma-condicao\/#breadcrumb","itemListElement":[{"@type":"ListItem","position":1,"name":"Home","item":"https:\/\/www.gaveanews.com\/"},{"@type":"ListItem","position":2,"name":"Vasco vai liberar Jair, mas com uma condi\u00e7\u00e3o"}]},{"@type":"WebSite","@id":"https:\/\/www.gaveanews.com\/#website","url":"https:\/\/www.gaveanews.com\/","name":"G\u00e1vea News","description":"Veja todas as not\u00edcias sobre o Flamengo: Contrata\u00e7\u00f5es, categorias de base, resultados das partidas, tabela de classifica\u00e7\u00e3o, pr\u00f3ximos jogos!","potentialAction":[{"@type":"SearchAction","target":{"@type":"EntryPoint","urlTemplate":"https:\/\/www.gaveanews.com\/?s={search_term_string}"},"query-input":{"@type":"PropertyValueSpecification","valueRequired":true,"valueName":"search_term_string"}}],"inLanguage":"pt-BR"},{"@type":"Person","@id":"https:\/\/www.gaveanews.com\/#\/schema\/person\/0eb3e3fe1754f0205218538adbe8f5ed","name":"Rafaela Ladeira","image":{"@type":"ImageObject","inLanguage":"pt-BR","@id":"https:\/\/www.gaveanews.com\/#\/schema\/person\/image\/","url":"https:\/\/secure.gravatar.com\/avatar\/c31f513acffd85eacab5730cbdfdbbf59f21ba5aeada8cd890acea879fbb2455?s=96&d=mm&r=g","contentUrl":"https:\/\/secure.gravatar.com\/avatar\/c31f513acffd85eacab5730cbdfdbbf59f21ba5aeada8cd890acea879fbb2455?s=96&d=mm&r=g","caption":"Rafaela Ladeira"}}]}},"_links":{"self":[{"href":"https:\/\/www.gaveanews.com\/index.php\/wp-json\/wp\/v2\/posts\/266190","targetHints":{"allow":["GET"]}}],"collection":[{"href":"https:\/\/www.gaveanews.com\/index.php\/wp-json\/wp\/v2\/posts"}],"about":[{"href":"https:\/\/www.gaveanews.com\/index.php\/wp-json\/wp\/v2\/types\/post"}],"author":[{"embeddable":true,"href":"https:\/\/www.gaveanews.com\/index.php\/wp-json\/wp\/v2\/users\/25"}],"replies":[{"embeddable":true,"href":"https:\/\/www.gaveanews.com\/index.php\/wp-json\/wp\/v2\/comments?post=266190"}],"version-history":[{"count":1,"href":"https:\/\/www.gaveanews.com\/index.php\/wp-json\/wp\/v2\/posts\/266190\/revisions"}],"predecessor-version":[{"id":266191,"href":"https:\/\/www.gaveanews.com\/index.php\/wp-json\/wp\/v2\/posts\/266190\/revisions\/266191"}],"wp:featuredmedia":[{"embeddable":true,"href":"https:\/\/www.gaveanews.com\/index.php\/wp-json\/wp\/v2\/media\/167649"}],"wp:attachment":[{"href":"https:\/\/www.gaveanews.com\/index.php\/wp-json\/wp\/v2\/media?parent=266190"}],"wp:term":[{"taxonomy":"category","embeddable":true,"href":"https:\/\/www.gaveanews.com\/index.php\/wp-json\/wp\/v2\/categories?post=266190"},{"taxonomy":"post_tag","embeddable":true,"href":"https:\/\/www.gaveanews.com\/index.php\/wp-json\/wp\/v2\/tags?post=266190"}],"curies":[{"name":"wp","href":"https:\/\/api.w.org\/{rel}","templated":true}]}}