{"id":266213,"date":"2025-05-22T19:50:00","date_gmt":"2025-05-22T22:50:00","guid":{"rendered":"https:\/\/www.gaveanews.com\/?p=266213"},"modified":"2025-05-22T18:12:44","modified_gmt":"2025-05-22T21:12:44","slug":"jornalista-avalia-classificacao-do-fluminense-na-copa-do-brasil-torcida-adoentada","status":"publish","type":"post","link":"https:\/\/www.gaveanews.com\/index.php\/2025\/05\/22\/jornalista-avalia-classificacao-do-fluminense-na-copa-do-brasil-torcida-adoentada\/","title":{"rendered":"Jornalista avalia classifica\u00e7\u00e3o do Fluminense na Copa do Brasil: &#8216;torcida adoentada\u2026&#8217;"},"content":{"rendered":"\n<p>A vit\u00f3ria do Fluminense por 4 a 1 sobre a Aparecidense, na quarta-feira (21), garantiu a classifica\u00e7\u00e3o do clube carioca \u00e0s oitavas de final da Copa do Brasil. A atua\u00e7\u00e3o, embora marcada por um susto inicial, confirmou o amplo favoritismo da equipe treinada por Renato Ga\u00facho diante de um advers\u00e1rio tecnicamente inferior. <\/p>\n\n\n\n<p>No entanto, a cr\u00f4nica do jogo, escrita por Marcello Neves, aponta que a superioridade em campo foi tamanha que o confronto se transformou, na pr\u00e1tica, em um \u201cjogo-treino\u201d.<\/p>\n\n\n\n<p>Apesar de ter sofrido um gol que momentaneamente igualou o confronto no placar agregado, o time reagiu com rapidez. Samuel Xavier, Everaldo, Serna e Ganso marcaram os gols da virada e consolidaram o dom\u00ednio tricolor no Est\u00e1dio Man\u00e9 Garrincha. <\/p>\n\n\n\n<p>A atua\u00e7\u00e3o permitiu ao treinador poupar jogadores importantes, com foco total no cl\u00e1ssico diante do Vasco, programado para o s\u00e1bado (24 de maio), pelo Campeonato Brasileiro.<\/p>\n\n\n\n<h3 class=\"wp-block-heading\" id=\"h-reflexos-em-campo-e-preparacao-para-o-classico\">Reflexos em campo e prepara\u00e7\u00e3o para o cl\u00e1ssico<\/h3>\n\n\n\n<p>A partir do segundo tempo, o Fluminense passou a jogar com mais leveza. A Aparecidense, obrigada a se lan\u00e7ar ao ataque, abriu espa\u00e7os que foram bem aproveitados. A classifica\u00e7\u00e3o rendeu mais de R$ 3,6 milh\u00f5es aos cofres do clube, al\u00e9m de tranquilidade no planejamento da pr\u00f3xima fase da competi\u00e7\u00e3o, cujos confrontos de ida est\u00e3o previstos para o per\u00edodo entre os dias 29 e 31 de julho.<\/p>\n\n\n\n<p>Entretanto, o jogo deixou uma li\u00e7\u00e3o: a desaten\u00e7\u00e3o inicial e o gol sofrido foram vistos como falhas que n\u00e3o podem se repetir contra advers\u00e1rios mais qualificados. Assim sendo, a an\u00e1lise do desempenho ser\u00e1 mais justa ap\u00f3s o duelo contra o rival carioca.<\/p>\n\n\n\n<h3 class=\"wp-block-heading\" id=\"h-o-olhar-critico-sobre-a-arquibancada\">O olhar cr\u00edtico sobre a arquibancada<\/h3>\n\n\n\n<p>Se dentro das quatro linhas a equipe respondeu com efici\u00eancia, fora delas o comportamento de parte da torcida gerou debate. Em sua coluna publicada no UOL Esporte, Milly Lacombe utilizou a atua\u00e7\u00e3o do Fluminense como ponto de partida para discutir um fen\u00f4meno mais amplo: o adoecimento emocional das torcidas brasileiras. <\/p>\n\n\n\n<p>Para a colunista, o epis\u00f3dio de vaias dirigidas ao time ainda no primeiro tempo, mesmo com o jogo em andamento e o placar ainda aberto, revelou sintomas de impaci\u00eancia e intoler\u00e2ncia.<\/p>\n\n\n\n<p>Segundo Lacombe, \u201cestamos vaiando cada vez mais e cada vez mais rapidamente\u201d. Ela questiona por que, em um momento em que o time mais necessita de apoio, parte dos torcedores opta pelo protesto precoce. <\/p>\n\n\n\n<p>Embora reconhe\u00e7a o direito \u00e0 vaia, considera que ela deve vir acompanhada de motivos consistentes, como m\u00e1s atua\u00e7\u00f5es recorrentes ou falta de entrega. No caso espec\u00edfico do confronto com a Aparecidense, as cr\u00edticas pareceram desproporcionais ao contexto da partida.<\/p>\n\n\n\n<h3 class=\"wp-block-heading\" id=\"h-a-torcida-como-termometro-social\">A torcida como term\u00f4metro social<\/h3>\n\n\n\n<p>A jornalista tamb\u00e9m estabeleceu um paralelo com outras torcidas brasileiras, como a do Corinthians, que segundo ela, \u201capoia at\u00e9 o fim\u201d, independentemente das circunst\u00e2ncias. A reflex\u00e3o ultrapassa o futebol e toca aspectos mais profundos do comportamento coletivo. <\/p>\n\n\n\n<p>\u201cDesde quando vencer e acertar tudo passou a ser obrigat\u00f3rio?\u201d, questiona Lacombe, que v\u00ea nas arquibancadas um reflexo da sociedade contempor\u00e2nea: intoler\u00e2ncia com o erro, aus\u00eancia de paci\u00eancia e cobran\u00e7a constante de perfei\u00e7\u00e3o.<\/p>\n\n\n\n<p>A an\u00e1lise da colunista tamb\u00e9m menciona um epis\u00f3dio envolvendo o jogador angolano Loide, do Vasco, vaiado ap\u00f3s errar um drible. O caso serve como exemplo do quanto o julgamento imediato e impiedoso pode afetar o desempenho emocional e esportivo de um atleta. <\/p>\n\n\n\n<p>Para Milly, as arquibancadas, que deveriam ser espa\u00e7os de acolhimento e paix\u00e3o, est\u00e3o se tornando arenas de impaci\u00eancia e descontrole.<\/p>\n\n\n\n<p><\/p>\n","protected":false},"excerpt":{"rendered":"<p>A vit\u00f3ria do Fluminense por 4 a 1 sobre a Aparecidense, na quarta-feira (21), garantiu a classifica\u00e7\u00e3o do clube carioca \u00e0s oitavas de final da Copa do Brasil. A atua\u00e7\u00e3o, embora marcada por um susto inicial, confirmou o amplo favoritismo da equipe treinada por Renato Ga\u00facho diante de um advers\u00e1rio tecnicamente inferior. No entanto, a [&hellip;]<\/p>\n","protected":false},"author":30,"featured_media":144992,"comment_status":"open","ping_status":"closed","sticky":false,"template":"","format":"standard","meta":{"footnotes":""},"categories":[145],"tags":[],"class_list":["post-266213","post","type-post","status-publish","format-standard","has-post-thumbnail","hentry","category-fluminense"],"yoast_head":"<!-- This site is optimized with the Yoast SEO Premium plugin v24.2 (Yoast SEO v26.9) - https:\/\/yoast.com\/product\/yoast-seo-premium-wordpress\/ -->\n<title>Jornalista avalia classifica\u00e7\u00e3o do Fluminense na Copa do Brasil: &#039;torcida adoentada\u2026&#039;<\/title>\n<meta name=\"robots\" content=\"index, follow, max-snippet:-1, max-image-preview:large, max-video-preview:-1\" \/>\n<link rel=\"canonical\" href=\"https:\/\/www.gaveanews.com\/index.php\/2025\/05\/22\/jornalista-avalia-classificacao-do-fluminense-na-copa-do-brasil-torcida-adoentada\/\" \/>\n<meta property=\"og:locale\" content=\"pt_BR\" \/>\n<meta property=\"og:type\" content=\"article\" \/>\n<meta property=\"og:title\" content=\"Jornalista avalia classifica\u00e7\u00e3o do Fluminense na Copa do Brasil: &#039;torcida adoentada\u2026&#039;\" \/>\n<meta property=\"og:description\" content=\"A vit\u00f3ria do Fluminense por 4 a 1 sobre a Aparecidense, na quarta-feira (21), garantiu a classifica\u00e7\u00e3o do clube carioca \u00e0s oitavas de final da Copa do Brasil. A atua\u00e7\u00e3o, embora marcada por um susto inicial, confirmou o amplo favoritismo da equipe treinada por Renato Ga\u00facho diante de um advers\u00e1rio tecnicamente inferior. No entanto, a [&hellip;]\" \/>\n<meta property=\"og:url\" content=\"https:\/\/www.gaveanews.com\/index.php\/2025\/05\/22\/jornalista-avalia-classificacao-do-fluminense-na-copa-do-brasil-torcida-adoentada\/\" \/>\n<meta property=\"og:site_name\" content=\"G\u00e1vea News\" \/>\n<meta property=\"article:publisher\" content=\"https:\/\/facebook.com\/gaveaNews\/\" \/>\n<meta property=\"article:published_time\" content=\"2025-05-22T22:50:00+00:00\" \/>\n<meta property=\"og:image\" content=\"https:\/\/www.gaveanews.com\/wp-content\/uploads\/Escudo-do-Fluminense.webp\" \/>\n\t<meta property=\"og:image:width\" content=\"1000\" \/>\n\t<meta property=\"og:image:height\" content=\"667\" \/>\n\t<meta property=\"og:image:type\" content=\"image\/webp\" \/>\n<meta name=\"author\" content=\"Ana Teixeira\" \/>\n<meta name=\"twitter:card\" content=\"summary_large_image\" \/>\n<meta name=\"twitter:label1\" content=\"Escrito por\" \/>\n\t<meta name=\"twitter:data1\" content=\"Ana Teixeira\" \/>\n\t<meta name=\"twitter:label2\" content=\"Est. tempo de leitura\" \/>\n\t<meta name=\"twitter:data2\" content=\"4 minutos\" \/>\n<script type=\"application\/ld+json\" class=\"yoast-schema-graph\">{\"@context\":\"https:\/\/schema.org\",\"@graph\":[{\"@type\":\"NewsArticle\",\"@id\":\"https:\/\/www.gaveanews.com\/index.php\/2025\/05\/22\/jornalista-avalia-classificacao-do-fluminense-na-copa-do-brasil-torcida-adoentada\/#article\",\"isPartOf\":{\"@id\":\"https:\/\/www.gaveanews.com\/index.php\/2025\/05\/22\/jornalista-avalia-classificacao-do-fluminense-na-copa-do-brasil-torcida-adoentada\/\"},\"author\":{\"name\":\"Ana Teixeira\",\"@id\":\"https:\/\/www.gaveanews.com\/#\/schema\/person\/3b19f7288b0ce20372991275e4f2e6c2\"},\"headline\":\"Jornalista avalia classifica\u00e7\u00e3o do Fluminense na Copa do Brasil: &#8216;torcida adoentada\u2026&#8217;\",\"datePublished\":\"2025-05-22T22:50:00+00:00\",\"mainEntityOfPage\":{\"@id\":\"https:\/\/www.gaveanews.com\/index.php\/2025\/05\/22\/jornalista-avalia-classificacao-do-fluminense-na-copa-do-brasil-torcida-adoentada\/\"},\"wordCount\":622,\"commentCount\":0,\"image\":{\"@id\":\"https:\/\/www.gaveanews.com\/index.php\/2025\/05\/22\/jornalista-avalia-classificacao-do-fluminense-na-copa-do-brasil-torcida-adoentada\/#primaryimage\"},\"thumbnailUrl\":\"https:\/\/www.gaveanews.com\/wp-content\/uploads\/Escudo-do-Fluminense.webp\",\"articleSection\":[\"Fluminense\"],\"inLanguage\":\"pt-BR\",\"potentialAction\":[{\"@type\":\"CommentAction\",\"name\":\"Comment\",\"target\":[\"https:\/\/www.gaveanews.com\/index.php\/2025\/05\/22\/jornalista-avalia-classificacao-do-fluminense-na-copa-do-brasil-torcida-adoentada\/#respond\"]}],\"copyrightYear\":\"2025\",\"copyrightHolder\":{\"@id\":\"https:\/\/www.gaveanews.com\/#organization\"}},{\"@type\":\"WebPage\",\"@id\":\"https:\/\/www.gaveanews.com\/index.php\/2025\/05\/22\/jornalista-avalia-classificacao-do-fluminense-na-copa-do-brasil-torcida-adoentada\/\",\"url\":\"https:\/\/www.gaveanews.com\/index.php\/2025\/05\/22\/jornalista-avalia-classificacao-do-fluminense-na-copa-do-brasil-torcida-adoentada\/\",\"name\":\"Jornalista avalia classifica\u00e7\u00e3o do Fluminense na Copa do Brasil: 'torcida adoentada\u2026'\",\"isPartOf\":{\"@id\":\"https:\/\/www.gaveanews.com\/#website\"},\"primaryImageOfPage\":{\"@id\":\"https:\/\/www.gaveanews.com\/index.php\/2025\/05\/22\/jornalista-avalia-classificacao-do-fluminense-na-copa-do-brasil-torcida-adoentada\/#primaryimage\"},\"image\":{\"@id\":\"https:\/\/www.gaveanews.com\/index.php\/2025\/05\/22\/jornalista-avalia-classificacao-do-fluminense-na-copa-do-brasil-torcida-adoentada\/#primaryimage\"},\"thumbnailUrl\":\"https:\/\/www.gaveanews.com\/wp-content\/uploads\/Escudo-do-Fluminense.webp\",\"datePublished\":\"2025-05-22T22:50:00+00:00\",\"author\":{\"@id\":\"https:\/\/www.gaveanews.com\/#\/schema\/person\/3b19f7288b0ce20372991275e4f2e6c2\"},\"breadcrumb\":{\"@id\":\"https:\/\/www.gaveanews.com\/index.php\/2025\/05\/22\/jornalista-avalia-classificacao-do-fluminense-na-copa-do-brasil-torcida-adoentada\/#breadcrumb\"},\"inLanguage\":\"pt-BR\",\"potentialAction\":[{\"@type\":\"ReadAction\",\"target\":[\"https:\/\/www.gaveanews.com\/index.php\/2025\/05\/22\/jornalista-avalia-classificacao-do-fluminense-na-copa-do-brasil-torcida-adoentada\/\"]}]},{\"@type\":\"ImageObject\",\"inLanguage\":\"pt-BR\",\"@id\":\"https:\/\/www.gaveanews.com\/index.php\/2025\/05\/22\/jornalista-avalia-classificacao-do-fluminense-na-copa-do-brasil-torcida-adoentada\/#primaryimage\",\"url\":\"https:\/\/www.gaveanews.com\/wp-content\/uploads\/Escudo-do-Fluminense.webp\",\"contentUrl\":\"https:\/\/www.gaveanews.com\/wp-content\/uploads\/Escudo-do-Fluminense.webp\",\"width\":1000,\"height\":667,\"caption\":\"Escudo do Fluminense (Foto Reprodu\u00e7\u00e3o\/Instagram)\"},{\"@type\":\"BreadcrumbList\",\"@id\":\"https:\/\/www.gaveanews.com\/index.php\/2025\/05\/22\/jornalista-avalia-classificacao-do-fluminense-na-copa-do-brasil-torcida-adoentada\/#breadcrumb\",\"itemListElement\":[{\"@type\":\"ListItem\",\"position\":1,\"name\":\"Home\",\"item\":\"https:\/\/www.gaveanews.com\/\"},{\"@type\":\"ListItem\",\"position\":2,\"name\":\"Jornalista avalia classifica\u00e7\u00e3o do Fluminense na Copa do Brasil: &#8216;torcida adoentada\u2026&#8217;\"}]},{\"@type\":\"WebSite\",\"@id\":\"https:\/\/www.gaveanews.com\/#website\",\"url\":\"https:\/\/www.gaveanews.com\/\",\"name\":\"G\u00e1vea News\",\"description\":\"Veja todas as not\u00edcias sobre o Flamengo: Contrata\u00e7\u00f5es, categorias de base, resultados das partidas, tabela de classifica\u00e7\u00e3o, pr\u00f3ximos jogos!\",\"potentialAction\":[{\"@type\":\"SearchAction\",\"target\":{\"@type\":\"EntryPoint\",\"urlTemplate\":\"https:\/\/www.gaveanews.com\/?s={search_term_string}\"},\"query-input\":{\"@type\":\"PropertyValueSpecification\",\"valueRequired\":true,\"valueName\":\"search_term_string\"}}],\"inLanguage\":\"pt-BR\"},{\"@type\":\"Person\",\"@id\":\"https:\/\/www.gaveanews.com\/#\/schema\/person\/3b19f7288b0ce20372991275e4f2e6c2\",\"name\":\"Ana Teixeira\",\"image\":{\"@type\":\"ImageObject\",\"inLanguage\":\"pt-BR\",\"@id\":\"https:\/\/www.gaveanews.com\/#\/schema\/person\/image\/\",\"url\":\"https:\/\/secure.gravatar.com\/avatar\/0a73f5a5258f3fed37fc2fa641892f3f7a4748456d4d4792f9bc550e6c19e06c?s=96&d=mm&r=g\",\"contentUrl\":\"https:\/\/secure.gravatar.com\/avatar\/0a73f5a5258f3fed37fc2fa641892f3f7a4748456d4d4792f9bc550e6c19e06c?s=96&d=mm&r=g\",\"caption\":\"Ana Teixeira\"}}]}<\/script>\n<!-- \/ Yoast SEO Premium plugin. -->","yoast_head_json":{"title":"Jornalista avalia classifica\u00e7\u00e3o do Fluminense na Copa do Brasil: 'torcida adoentada\u2026'","robots":{"index":"index","follow":"follow","max-snippet":"max-snippet:-1","max-image-preview":"max-image-preview:large","max-video-preview":"max-video-preview:-1"},"canonical":"https:\/\/www.gaveanews.com\/index.php\/2025\/05\/22\/jornalista-avalia-classificacao-do-fluminense-na-copa-do-brasil-torcida-adoentada\/","og_locale":"pt_BR","og_type":"article","og_title":"Jornalista avalia classifica\u00e7\u00e3o do Fluminense na Copa do Brasil: 'torcida adoentada\u2026'","og_description":"A vit\u00f3ria do Fluminense por 4 a 1 sobre a Aparecidense, na quarta-feira (21), garantiu a classifica\u00e7\u00e3o do clube carioca \u00e0s oitavas de final da Copa do Brasil. A atua\u00e7\u00e3o, embora marcada por um susto inicial, confirmou o amplo favoritismo da equipe treinada por Renato Ga\u00facho diante de um advers\u00e1rio tecnicamente inferior. No entanto, a [&hellip;]","og_url":"https:\/\/www.gaveanews.com\/index.php\/2025\/05\/22\/jornalista-avalia-classificacao-do-fluminense-na-copa-do-brasil-torcida-adoentada\/","og_site_name":"G\u00e1vea News","article_publisher":"https:\/\/facebook.com\/gaveaNews\/","article_published_time":"2025-05-22T22:50:00+00:00","og_image":[{"width":1000,"height":667,"url":"https:\/\/www.gaveanews.com\/wp-content\/uploads\/Escudo-do-Fluminense.webp","type":"image\/webp"}],"author":"Ana Teixeira","twitter_card":"summary_large_image","twitter_misc":{"Escrito por":"Ana Teixeira","Est. tempo de leitura":"4 minutos"},"schema":{"@context":"https:\/\/schema.org","@graph":[{"@type":"NewsArticle","@id":"https:\/\/www.gaveanews.com\/index.php\/2025\/05\/22\/jornalista-avalia-classificacao-do-fluminense-na-copa-do-brasil-torcida-adoentada\/#article","isPartOf":{"@id":"https:\/\/www.gaveanews.com\/index.php\/2025\/05\/22\/jornalista-avalia-classificacao-do-fluminense-na-copa-do-brasil-torcida-adoentada\/"},"author":{"name":"Ana Teixeira","@id":"https:\/\/www.gaveanews.com\/#\/schema\/person\/3b19f7288b0ce20372991275e4f2e6c2"},"headline":"Jornalista avalia classifica\u00e7\u00e3o do Fluminense na Copa do Brasil: &#8216;torcida adoentada\u2026&#8217;","datePublished":"2025-05-22T22:50:00+00:00","mainEntityOfPage":{"@id":"https:\/\/www.gaveanews.com\/index.php\/2025\/05\/22\/jornalista-avalia-classificacao-do-fluminense-na-copa-do-brasil-torcida-adoentada\/"},"wordCount":622,"commentCount":0,"image":{"@id":"https:\/\/www.gaveanews.com\/index.php\/2025\/05\/22\/jornalista-avalia-classificacao-do-fluminense-na-copa-do-brasil-torcida-adoentada\/#primaryimage"},"thumbnailUrl":"https:\/\/www.gaveanews.com\/wp-content\/uploads\/Escudo-do-Fluminense.webp","articleSection":["Fluminense"],"inLanguage":"pt-BR","potentialAction":[{"@type":"CommentAction","name":"Comment","target":["https:\/\/www.gaveanews.com\/index.php\/2025\/05\/22\/jornalista-avalia-classificacao-do-fluminense-na-copa-do-brasil-torcida-adoentada\/#respond"]}],"copyrightYear":"2025","copyrightHolder":{"@id":"https:\/\/www.gaveanews.com\/#organization"}},{"@type":"WebPage","@id":"https:\/\/www.gaveanews.com\/index.php\/2025\/05\/22\/jornalista-avalia-classificacao-do-fluminense-na-copa-do-brasil-torcida-adoentada\/","url":"https:\/\/www.gaveanews.com\/index.php\/2025\/05\/22\/jornalista-avalia-classificacao-do-fluminense-na-copa-do-brasil-torcida-adoentada\/","name":"Jornalista avalia classifica\u00e7\u00e3o do Fluminense na Copa do Brasil: 'torcida adoentada\u2026'","isPartOf":{"@id":"https:\/\/www.gaveanews.com\/#website"},"primaryImageOfPage":{"@id":"https:\/\/www.gaveanews.com\/index.php\/2025\/05\/22\/jornalista-avalia-classificacao-do-fluminense-na-copa-do-brasil-torcida-adoentada\/#primaryimage"},"image":{"@id":"https:\/\/www.gaveanews.com\/index.php\/2025\/05\/22\/jornalista-avalia-classificacao-do-fluminense-na-copa-do-brasil-torcida-adoentada\/#primaryimage"},"thumbnailUrl":"https:\/\/www.gaveanews.com\/wp-content\/uploads\/Escudo-do-Fluminense.webp","datePublished":"2025-05-22T22:50:00+00:00","author":{"@id":"https:\/\/www.gaveanews.com\/#\/schema\/person\/3b19f7288b0ce20372991275e4f2e6c2"},"breadcrumb":{"@id":"https:\/\/www.gaveanews.com\/index.php\/2025\/05\/22\/jornalista-avalia-classificacao-do-fluminense-na-copa-do-brasil-torcida-adoentada\/#breadcrumb"},"inLanguage":"pt-BR","potentialAction":[{"@type":"ReadAction","target":["https:\/\/www.gaveanews.com\/index.php\/2025\/05\/22\/jornalista-avalia-classificacao-do-fluminense-na-copa-do-brasil-torcida-adoentada\/"]}]},{"@type":"ImageObject","inLanguage":"pt-BR","@id":"https:\/\/www.gaveanews.com\/index.php\/2025\/05\/22\/jornalista-avalia-classificacao-do-fluminense-na-copa-do-brasil-torcida-adoentada\/#primaryimage","url":"https:\/\/www.gaveanews.com\/wp-content\/uploads\/Escudo-do-Fluminense.webp","contentUrl":"https:\/\/www.gaveanews.com\/wp-content\/uploads\/Escudo-do-Fluminense.webp","width":1000,"height":667,"caption":"Escudo do Fluminense (Foto Reprodu\u00e7\u00e3o\/Instagram)"},{"@type":"BreadcrumbList","@id":"https:\/\/www.gaveanews.com\/index.php\/2025\/05\/22\/jornalista-avalia-classificacao-do-fluminense-na-copa-do-brasil-torcida-adoentada\/#breadcrumb","itemListElement":[{"@type":"ListItem","position":1,"name":"Home","item":"https:\/\/www.gaveanews.com\/"},{"@type":"ListItem","position":2,"name":"Jornalista avalia classifica\u00e7\u00e3o do Fluminense na Copa do Brasil: &#8216;torcida adoentada\u2026&#8217;"}]},{"@type":"WebSite","@id":"https:\/\/www.gaveanews.com\/#website","url":"https:\/\/www.gaveanews.com\/","name":"G\u00e1vea News","description":"Veja todas as not\u00edcias sobre o Flamengo: Contrata\u00e7\u00f5es, categorias de base, resultados das partidas, tabela de classifica\u00e7\u00e3o, pr\u00f3ximos jogos!","potentialAction":[{"@type":"SearchAction","target":{"@type":"EntryPoint","urlTemplate":"https:\/\/www.gaveanews.com\/?s={search_term_string}"},"query-input":{"@type":"PropertyValueSpecification","valueRequired":true,"valueName":"search_term_string"}}],"inLanguage":"pt-BR"},{"@type":"Person","@id":"https:\/\/www.gaveanews.com\/#\/schema\/person\/3b19f7288b0ce20372991275e4f2e6c2","name":"Ana Teixeira","image":{"@type":"ImageObject","inLanguage":"pt-BR","@id":"https:\/\/www.gaveanews.com\/#\/schema\/person\/image\/","url":"https:\/\/secure.gravatar.com\/avatar\/0a73f5a5258f3fed37fc2fa641892f3f7a4748456d4d4792f9bc550e6c19e06c?s=96&d=mm&r=g","contentUrl":"https:\/\/secure.gravatar.com\/avatar\/0a73f5a5258f3fed37fc2fa641892f3f7a4748456d4d4792f9bc550e6c19e06c?s=96&d=mm&r=g","caption":"Ana Teixeira"}}]}},"_links":{"self":[{"href":"https:\/\/www.gaveanews.com\/index.php\/wp-json\/wp\/v2\/posts\/266213","targetHints":{"allow":["GET"]}}],"collection":[{"href":"https:\/\/www.gaveanews.com\/index.php\/wp-json\/wp\/v2\/posts"}],"about":[{"href":"https:\/\/www.gaveanews.com\/index.php\/wp-json\/wp\/v2\/types\/post"}],"author":[{"embeddable":true,"href":"https:\/\/www.gaveanews.com\/index.php\/wp-json\/wp\/v2\/users\/30"}],"replies":[{"embeddable":true,"href":"https:\/\/www.gaveanews.com\/index.php\/wp-json\/wp\/v2\/comments?post=266213"}],"version-history":[{"count":1,"href":"https:\/\/www.gaveanews.com\/index.php\/wp-json\/wp\/v2\/posts\/266213\/revisions"}],"predecessor-version":[{"id":266222,"href":"https:\/\/www.gaveanews.com\/index.php\/wp-json\/wp\/v2\/posts\/266213\/revisions\/266222"}],"wp:featuredmedia":[{"embeddable":true,"href":"https:\/\/www.gaveanews.com\/index.php\/wp-json\/wp\/v2\/media\/144992"}],"wp:attachment":[{"href":"https:\/\/www.gaveanews.com\/index.php\/wp-json\/wp\/v2\/media?parent=266213"}],"wp:term":[{"taxonomy":"category","embeddable":true,"href":"https:\/\/www.gaveanews.com\/index.php\/wp-json\/wp\/v2\/categories?post=266213"},{"taxonomy":"post_tag","embeddable":true,"href":"https:\/\/www.gaveanews.com\/index.php\/wp-json\/wp\/v2\/tags?post=266213"}],"curies":[{"name":"wp","href":"https:\/\/api.w.org\/{rel}","templated":true}]}}