{"id":266214,"date":"2025-05-22T20:00:00","date_gmt":"2025-05-22T23:00:00","guid":{"rendered":"https:\/\/www.gaveanews.com\/?p=266214"},"modified":"2025-05-22T18:12:53","modified_gmt":"2025-05-22T21:12:53","slug":"a-declaracao-de-renato-mauricio-prado-sobre-a-vitoria-do-flamengo-sobre-o-botafogo-pb","status":"publish","type":"post","link":"https:\/\/www.gaveanews.com\/index.php\/2025\/05\/22\/a-declaracao-de-renato-mauricio-prado-sobre-a-vitoria-do-flamengo-sobre-o-botafogo-pb\/","title":{"rendered":"A declara\u00e7\u00e3o de Renato Mauricio Prado sobre a vit\u00f3ria do Flamengo sobre o Botafogo-PB"},"content":{"rendered":"\n<p>A classifica\u00e7\u00e3o do Flamengo para as oitavas de final da Copa do Brasil foi garantida com uma vit\u00f3ria por 4 a 2 sobre o Botafogo-PB, na noite de quarta-feira (21), no Maracan\u00e3. Ainda no primeiro tempo, o time carioca j\u00e1 vencia por 3 a 0, o que transformou o restante do confronto em uma formalidade. <\/p>\n\n\n\n<p>Segundo a coluna de Renato Maur\u00edcio Prado, \u201co restante do jogo foi disputado em ritmo de rach\u00e3o de treino de s\u00e1bado\u201d, refletindo o dom\u00ednio t\u00e9cnico rubro-negro desde os minutos iniciais.<\/p>\n\n\n\n<p>Filipe Lu\u00eds optou por uma forma\u00e7\u00e3o alternativa, priorizando a preserva\u00e7\u00e3o de seus principais jogadores para o confronto diante do Palmeiras, pelo Brasileir\u00e3o. Ainda assim, o time mostrou ampla superioridade, mesmo com atletas que n\u00e3o s\u00e3o titulares habituais. <\/p>\n\n\n\n<p>A equipe abriu o placar aos tr\u00eas minutos com Danilo e, logo depois, ampliou com Pedro, em jogada bem trabalhada. Aos 21, Varela finalizou cruzamento de Ayrton Lucas para fazer o terceiro.<\/p>\n\n\n\n<h4 class=\"wp-block-heading\" id=\"h-destaques-individuais-e-observacoes-taticas\">Destaques individuais e observa\u00e7\u00f5es t\u00e1ticas<\/h4>\n\n\n\n<p>Pedro foi um dos nomes mais citados na an\u00e1lise p\u00f3s-jogo. O atacante completou os 90 minutos em campo, algo raro nos \u00faltimos tempos, o que Renato Maur\u00edcio Prado considerou \u201ca boa not\u00edcia\u201d da noite. <\/p>\n\n\n\n<p>\u201cO artilheiro deixou o seu, com um toque r\u00e1pido e sutil, mas ficou evidente que ainda est\u00e1 longe da forma ideal e se ressente de ritmo de jogo\u201d, destacou o colunista.<\/p>\n\n\n\n<p>Al\u00e9m dele, Varela teve atua\u00e7\u00e3o destacada, sendo decisivo no setor ofensivo e participando diretamente de dois gols. Everton Cebolinha tamb\u00e9m balan\u00e7ou as redes, aproveitando cruzamento do uruguaio no in\u00edcio do segundo tempo. <\/p>\n\n\n\n<p>Matheus Cunha, Gerson, Ayrton Lucas e Michael completaram o time titular, com atua\u00e7\u00f5es consistentes, mas sem grande brilho. Lorran, revelado pelas categorias de base, voltou a ter minutos no time principal ap\u00f3s longo per\u00edodo, mostrando-se aplicado, embora ainda discreto em campo.<\/p>\n\n\n\n<p>Filipe Lu\u00eds, em coletiva, enfatizou: \u201c\u00c9 o que falo sempre: falem no campo. N\u00e3o importa se tem 16, 17, 36 ou 37 anos. Quem estiver melhor ter\u00e1 minutos\u201d. O treinador destacou o bom momento de Lorran no sub-20 e refor\u00e7ou a meritocracia na gest\u00e3o do elenco.<\/p>\n\n\n\n<h4 class=\"wp-block-heading\" id=\"h-desempenho-coletivo-e-gestao-do-elenco\">Desempenho coletivo e gest\u00e3o do elenco<\/h4>\n\n\n\n<p>O Flamengo apresentou uma movimenta\u00e7\u00e3o intensa na primeira etapa, com toques r\u00e1pidos, infiltra\u00e7\u00f5es constantes e varia\u00e7\u00f5es ofensivas. Na segunda metade, o ritmo caiu. O quarto gol, marcado por Cebolinha aos tr\u00eas minutos, praticamente definiu o placar. Rodrigo Alves ainda descontou para o Botafogo-PB com um belo chute ap\u00f3s escanteio mal afastado.<\/p>\n\n\n\n<p>Durante o segundo tempo, Filipe promoveu as entradas de Wesley, Jo\u00e3o Alves, Lorran, Arrascaeta e Juninho. As substitui\u00e7\u00f5es visaram rodar o elenco e dar ritmo a jogadores como o meia uruguaio, poupado no cl\u00e1ssico anterior. A equipe concluiu a partida sem grandes sustos, administrando o placar com tranquilidade e mantendo o foco no pr\u00f3ximo compromisso.<\/p>\n\n\n\n<h4 class=\"wp-block-heading\" id=\"h-projecoes-e-duvidas-para-o-duelo-contra-o-palmeiras\">Proje\u00e7\u00f5es e d\u00favidas para o duelo contra o Palmeiras<\/h4>\n\n\n\n<p>Embora a classifica\u00e7\u00e3o tenha sido tranquila, a performance ofensiva do elenco como um todo ainda gera questionamentos. Renato Maur\u00edcio Prado destacou a baixa produtividade recente dos atacantes. <\/p>\n\n\n\n<p>\u201cAt\u00e9 nessa \u00faltima goleada, apenas dois gols foram de atacantes: Pedro e Cebolinha. Michael teve mais uma atua\u00e7\u00e3o err\u00e1tica e Matheus Gon\u00e7alves n\u00e3o convenceu\u201d, avaliou.<\/p>\n\n\n\n<p>A principal d\u00favida para o jogo contra o Palmeiras \u00e9 sobre quem iniciar\u00e1 no comando do ataque. Pedro ainda busca o melhor ritmo, mas oferece mais poder de decis\u00e3o do que Bruno Henrique, que n\u00e3o marca h\u00e1 13 jogos. <\/p>\n","protected":false},"excerpt":{"rendered":"<p>A classifica\u00e7\u00e3o do Flamengo para as oitavas de final da Copa do Brasil foi garantida com uma vit\u00f3ria por 4 a 2 sobre o Botafogo-PB, na noite de quarta-feira (21), no Maracan\u00e3. Ainda no primeiro tempo, o time carioca j\u00e1 vencia por 3 a 0, o que transformou o restante do confronto em uma formalidade. [&hellip;]<\/p>\n","protected":false},"author":30,"featured_media":265971,"comment_status":"open","ping_status":"closed","sticky":false,"template":"","format":"standard","meta":{"footnotes":""},"categories":[1],"tags":[],"class_list":["post-266214","post","type-post","status-publish","format-standard","has-post-thumbnail","hentry","category-flamengo"],"yoast_head":"<!-- This site is optimized with the Yoast SEO Premium plugin v24.2 (Yoast SEO v26.9) - https:\/\/yoast.com\/product\/yoast-seo-premium-wordpress\/ -->\n<title>A declara\u00e7\u00e3o de Renato Mauricio Prado sobre a vit\u00f3ria do Flamengo sobre o Botafogo-PB<\/title>\n<meta name=\"robots\" content=\"index, follow, max-snippet:-1, max-image-preview:large, max-video-preview:-1\" \/>\n<link rel=\"canonical\" href=\"https:\/\/www.gaveanews.com\/index.php\/2025\/05\/22\/a-declaracao-de-renato-mauricio-prado-sobre-a-vitoria-do-flamengo-sobre-o-botafogo-pb\/\" \/>\n<meta property=\"og:locale\" content=\"pt_BR\" \/>\n<meta property=\"og:type\" content=\"article\" \/>\n<meta property=\"og:title\" content=\"A declara\u00e7\u00e3o de Renato Mauricio Prado sobre a vit\u00f3ria do Flamengo sobre o Botafogo-PB\" \/>\n<meta property=\"og:description\" content=\"A classifica\u00e7\u00e3o do Flamengo para as oitavas de final da Copa do Brasil foi garantida com uma vit\u00f3ria por 4 a 2 sobre o Botafogo-PB, na noite de quarta-feira (21), no Maracan\u00e3. Ainda no primeiro tempo, o time carioca j\u00e1 vencia por 3 a 0, o que transformou o restante do confronto em uma formalidade. [&hellip;]\" \/>\n<meta property=\"og:url\" content=\"https:\/\/www.gaveanews.com\/index.php\/2025\/05\/22\/a-declaracao-de-renato-mauricio-prado-sobre-a-vitoria-do-flamengo-sobre-o-botafogo-pb\/\" \/>\n<meta property=\"og:site_name\" content=\"G\u00e1vea News\" \/>\n<meta property=\"article:publisher\" content=\"https:\/\/facebook.com\/gaveaNews\/\" \/>\n<meta property=\"article:published_time\" content=\"2025-05-22T23:00:00+00:00\" \/>\n<meta property=\"og:image\" content=\"https:\/\/www.gaveanews.com\/wp-content\/uploads\/Pedro-Cebolinha-Varela-Flamengo.webp\" \/>\n\t<meta property=\"og:image:width\" content=\"1200\" \/>\n\t<meta property=\"og:image:height\" content=\"900\" \/>\n\t<meta property=\"og:image:type\" content=\"image\/webp\" \/>\n<meta name=\"author\" content=\"Ana Teixeira\" \/>\n<meta name=\"twitter:card\" content=\"summary_large_image\" \/>\n<meta name=\"twitter:label1\" content=\"Escrito por\" \/>\n\t<meta name=\"twitter:data1\" content=\"Ana Teixeira\" \/>\n\t<meta name=\"twitter:label2\" content=\"Est. tempo de leitura\" \/>\n\t<meta name=\"twitter:data2\" content=\"4 minutos\" \/>\n<script type=\"application\/ld+json\" class=\"yoast-schema-graph\">{\"@context\":\"https:\/\/schema.org\",\"@graph\":[{\"@type\":\"NewsArticle\",\"@id\":\"https:\/\/www.gaveanews.com\/index.php\/2025\/05\/22\/a-declaracao-de-renato-mauricio-prado-sobre-a-vitoria-do-flamengo-sobre-o-botafogo-pb\/#article\",\"isPartOf\":{\"@id\":\"https:\/\/www.gaveanews.com\/index.php\/2025\/05\/22\/a-declaracao-de-renato-mauricio-prado-sobre-a-vitoria-do-flamengo-sobre-o-botafogo-pb\/\"},\"author\":{\"name\":\"Ana Teixeira\",\"@id\":\"https:\/\/www.gaveanews.com\/#\/schema\/person\/3b19f7288b0ce20372991275e4f2e6c2\"},\"headline\":\"A declara\u00e7\u00e3o de Renato Mauricio Prado sobre a vit\u00f3ria do Flamengo sobre o Botafogo-PB\",\"datePublished\":\"2025-05-22T23:00:00+00:00\",\"mainEntityOfPage\":{\"@id\":\"https:\/\/www.gaveanews.com\/index.php\/2025\/05\/22\/a-declaracao-de-renato-mauricio-prado-sobre-a-vitoria-do-flamengo-sobre-o-botafogo-pb\/\"},\"wordCount\":612,\"commentCount\":0,\"image\":{\"@id\":\"https:\/\/www.gaveanews.com\/index.php\/2025\/05\/22\/a-declaracao-de-renato-mauricio-prado-sobre-a-vitoria-do-flamengo-sobre-o-botafogo-pb\/#primaryimage\"},\"thumbnailUrl\":\"https:\/\/www.gaveanews.com\/wp-content\/uploads\/Pedro-Cebolinha-Varela-Flamengo.webp\",\"articleSection\":[\"Flamengo\"],\"inLanguage\":\"pt-BR\",\"potentialAction\":[{\"@type\":\"CommentAction\",\"name\":\"Comment\",\"target\":[\"https:\/\/www.gaveanews.com\/index.php\/2025\/05\/22\/a-declaracao-de-renato-mauricio-prado-sobre-a-vitoria-do-flamengo-sobre-o-botafogo-pb\/#respond\"]}],\"copyrightYear\":\"2025\",\"copyrightHolder\":{\"@id\":\"https:\/\/www.gaveanews.com\/#organization\"}},{\"@type\":\"WebPage\",\"@id\":\"https:\/\/www.gaveanews.com\/index.php\/2025\/05\/22\/a-declaracao-de-renato-mauricio-prado-sobre-a-vitoria-do-flamengo-sobre-o-botafogo-pb\/\",\"url\":\"https:\/\/www.gaveanews.com\/index.php\/2025\/05\/22\/a-declaracao-de-renato-mauricio-prado-sobre-a-vitoria-do-flamengo-sobre-o-botafogo-pb\/\",\"name\":\"A declara\u00e7\u00e3o de Renato Mauricio Prado sobre a vit\u00f3ria do Flamengo sobre o Botafogo-PB\",\"isPartOf\":{\"@id\":\"https:\/\/www.gaveanews.com\/#website\"},\"primaryImageOfPage\":{\"@id\":\"https:\/\/www.gaveanews.com\/index.php\/2025\/05\/22\/a-declaracao-de-renato-mauricio-prado-sobre-a-vitoria-do-flamengo-sobre-o-botafogo-pb\/#primaryimage\"},\"image\":{\"@id\":\"https:\/\/www.gaveanews.com\/index.php\/2025\/05\/22\/a-declaracao-de-renato-mauricio-prado-sobre-a-vitoria-do-flamengo-sobre-o-botafogo-pb\/#primaryimage\"},\"thumbnailUrl\":\"https:\/\/www.gaveanews.com\/wp-content\/uploads\/Pedro-Cebolinha-Varela-Flamengo.webp\",\"datePublished\":\"2025-05-22T23:00:00+00:00\",\"author\":{\"@id\":\"https:\/\/www.gaveanews.com\/#\/schema\/person\/3b19f7288b0ce20372991275e4f2e6c2\"},\"breadcrumb\":{\"@id\":\"https:\/\/www.gaveanews.com\/index.php\/2025\/05\/22\/a-declaracao-de-renato-mauricio-prado-sobre-a-vitoria-do-flamengo-sobre-o-botafogo-pb\/#breadcrumb\"},\"inLanguage\":\"pt-BR\",\"potentialAction\":[{\"@type\":\"ReadAction\",\"target\":[\"https:\/\/www.gaveanews.com\/index.php\/2025\/05\/22\/a-declaracao-de-renato-mauricio-prado-sobre-a-vitoria-do-flamengo-sobre-o-botafogo-pb\/\"]}]},{\"@type\":\"ImageObject\",\"inLanguage\":\"pt-BR\",\"@id\":\"https:\/\/www.gaveanews.com\/index.php\/2025\/05\/22\/a-declaracao-de-renato-mauricio-prado-sobre-a-vitoria-do-flamengo-sobre-o-botafogo-pb\/#primaryimage\",\"url\":\"https:\/\/www.gaveanews.com\/wp-content\/uploads\/Pedro-Cebolinha-Varela-Flamengo.webp\",\"contentUrl\":\"https:\/\/www.gaveanews.com\/wp-content\/uploads\/Pedro-Cebolinha-Varela-Flamengo.webp\",\"width\":1200,\"height\":900,\"caption\":\"Pedro, Cebolinha, Varela, Flamengo (Fotos: Gilvan de Souza\/Flamengo)\"},{\"@type\":\"BreadcrumbList\",\"@id\":\"https:\/\/www.gaveanews.com\/index.php\/2025\/05\/22\/a-declaracao-de-renato-mauricio-prado-sobre-a-vitoria-do-flamengo-sobre-o-botafogo-pb\/#breadcrumb\",\"itemListElement\":[{\"@type\":\"ListItem\",\"position\":1,\"name\":\"Home\",\"item\":\"https:\/\/www.gaveanews.com\/\"},{\"@type\":\"ListItem\",\"position\":2,\"name\":\"A declara\u00e7\u00e3o de Renato Mauricio Prado sobre a vit\u00f3ria do Flamengo sobre o Botafogo-PB\"}]},{\"@type\":\"WebSite\",\"@id\":\"https:\/\/www.gaveanews.com\/#website\",\"url\":\"https:\/\/www.gaveanews.com\/\",\"name\":\"G\u00e1vea News\",\"description\":\"Veja todas as not\u00edcias sobre o Flamengo: Contrata\u00e7\u00f5es, categorias de base, resultados das partidas, tabela de classifica\u00e7\u00e3o, pr\u00f3ximos jogos!\",\"potentialAction\":[{\"@type\":\"SearchAction\",\"target\":{\"@type\":\"EntryPoint\",\"urlTemplate\":\"https:\/\/www.gaveanews.com\/?s={search_term_string}\"},\"query-input\":{\"@type\":\"PropertyValueSpecification\",\"valueRequired\":true,\"valueName\":\"search_term_string\"}}],\"inLanguage\":\"pt-BR\"},{\"@type\":\"Person\",\"@id\":\"https:\/\/www.gaveanews.com\/#\/schema\/person\/3b19f7288b0ce20372991275e4f2e6c2\",\"name\":\"Ana Teixeira\",\"image\":{\"@type\":\"ImageObject\",\"inLanguage\":\"pt-BR\",\"@id\":\"https:\/\/www.gaveanews.com\/#\/schema\/person\/image\/\",\"url\":\"https:\/\/secure.gravatar.com\/avatar\/0a73f5a5258f3fed37fc2fa641892f3f7a4748456d4d4792f9bc550e6c19e06c?s=96&d=mm&r=g\",\"contentUrl\":\"https:\/\/secure.gravatar.com\/avatar\/0a73f5a5258f3fed37fc2fa641892f3f7a4748456d4d4792f9bc550e6c19e06c?s=96&d=mm&r=g\",\"caption\":\"Ana Teixeira\"}}]}<\/script>\n<!-- \/ Yoast SEO Premium plugin. -->","yoast_head_json":{"title":"A declara\u00e7\u00e3o de Renato Mauricio Prado sobre a vit\u00f3ria do Flamengo sobre o Botafogo-PB","robots":{"index":"index","follow":"follow","max-snippet":"max-snippet:-1","max-image-preview":"max-image-preview:large","max-video-preview":"max-video-preview:-1"},"canonical":"https:\/\/www.gaveanews.com\/index.php\/2025\/05\/22\/a-declaracao-de-renato-mauricio-prado-sobre-a-vitoria-do-flamengo-sobre-o-botafogo-pb\/","og_locale":"pt_BR","og_type":"article","og_title":"A declara\u00e7\u00e3o de Renato Mauricio Prado sobre a vit\u00f3ria do Flamengo sobre o Botafogo-PB","og_description":"A classifica\u00e7\u00e3o do Flamengo para as oitavas de final da Copa do Brasil foi garantida com uma vit\u00f3ria por 4 a 2 sobre o Botafogo-PB, na noite de quarta-feira (21), no Maracan\u00e3. Ainda no primeiro tempo, o time carioca j\u00e1 vencia por 3 a 0, o que transformou o restante do confronto em uma formalidade. [&hellip;]","og_url":"https:\/\/www.gaveanews.com\/index.php\/2025\/05\/22\/a-declaracao-de-renato-mauricio-prado-sobre-a-vitoria-do-flamengo-sobre-o-botafogo-pb\/","og_site_name":"G\u00e1vea News","article_publisher":"https:\/\/facebook.com\/gaveaNews\/","article_published_time":"2025-05-22T23:00:00+00:00","og_image":[{"width":1200,"height":900,"url":"https:\/\/www.gaveanews.com\/wp-content\/uploads\/Pedro-Cebolinha-Varela-Flamengo.webp","type":"image\/webp"}],"author":"Ana Teixeira","twitter_card":"summary_large_image","twitter_misc":{"Escrito por":"Ana Teixeira","Est. tempo de leitura":"4 minutos"},"schema":{"@context":"https:\/\/schema.org","@graph":[{"@type":"NewsArticle","@id":"https:\/\/www.gaveanews.com\/index.php\/2025\/05\/22\/a-declaracao-de-renato-mauricio-prado-sobre-a-vitoria-do-flamengo-sobre-o-botafogo-pb\/#article","isPartOf":{"@id":"https:\/\/www.gaveanews.com\/index.php\/2025\/05\/22\/a-declaracao-de-renato-mauricio-prado-sobre-a-vitoria-do-flamengo-sobre-o-botafogo-pb\/"},"author":{"name":"Ana Teixeira","@id":"https:\/\/www.gaveanews.com\/#\/schema\/person\/3b19f7288b0ce20372991275e4f2e6c2"},"headline":"A declara\u00e7\u00e3o de Renato Mauricio Prado sobre a vit\u00f3ria do Flamengo sobre o Botafogo-PB","datePublished":"2025-05-22T23:00:00+00:00","mainEntityOfPage":{"@id":"https:\/\/www.gaveanews.com\/index.php\/2025\/05\/22\/a-declaracao-de-renato-mauricio-prado-sobre-a-vitoria-do-flamengo-sobre-o-botafogo-pb\/"},"wordCount":612,"commentCount":0,"image":{"@id":"https:\/\/www.gaveanews.com\/index.php\/2025\/05\/22\/a-declaracao-de-renato-mauricio-prado-sobre-a-vitoria-do-flamengo-sobre-o-botafogo-pb\/#primaryimage"},"thumbnailUrl":"https:\/\/www.gaveanews.com\/wp-content\/uploads\/Pedro-Cebolinha-Varela-Flamengo.webp","articleSection":["Flamengo"],"inLanguage":"pt-BR","potentialAction":[{"@type":"CommentAction","name":"Comment","target":["https:\/\/www.gaveanews.com\/index.php\/2025\/05\/22\/a-declaracao-de-renato-mauricio-prado-sobre-a-vitoria-do-flamengo-sobre-o-botafogo-pb\/#respond"]}],"copyrightYear":"2025","copyrightHolder":{"@id":"https:\/\/www.gaveanews.com\/#organization"}},{"@type":"WebPage","@id":"https:\/\/www.gaveanews.com\/index.php\/2025\/05\/22\/a-declaracao-de-renato-mauricio-prado-sobre-a-vitoria-do-flamengo-sobre-o-botafogo-pb\/","url":"https:\/\/www.gaveanews.com\/index.php\/2025\/05\/22\/a-declaracao-de-renato-mauricio-prado-sobre-a-vitoria-do-flamengo-sobre-o-botafogo-pb\/","name":"A declara\u00e7\u00e3o de Renato Mauricio Prado sobre a vit\u00f3ria do Flamengo sobre o Botafogo-PB","isPartOf":{"@id":"https:\/\/www.gaveanews.com\/#website"},"primaryImageOfPage":{"@id":"https:\/\/www.gaveanews.com\/index.php\/2025\/05\/22\/a-declaracao-de-renato-mauricio-prado-sobre-a-vitoria-do-flamengo-sobre-o-botafogo-pb\/#primaryimage"},"image":{"@id":"https:\/\/www.gaveanews.com\/index.php\/2025\/05\/22\/a-declaracao-de-renato-mauricio-prado-sobre-a-vitoria-do-flamengo-sobre-o-botafogo-pb\/#primaryimage"},"thumbnailUrl":"https:\/\/www.gaveanews.com\/wp-content\/uploads\/Pedro-Cebolinha-Varela-Flamengo.webp","datePublished":"2025-05-22T23:00:00+00:00","author":{"@id":"https:\/\/www.gaveanews.com\/#\/schema\/person\/3b19f7288b0ce20372991275e4f2e6c2"},"breadcrumb":{"@id":"https:\/\/www.gaveanews.com\/index.php\/2025\/05\/22\/a-declaracao-de-renato-mauricio-prado-sobre-a-vitoria-do-flamengo-sobre-o-botafogo-pb\/#breadcrumb"},"inLanguage":"pt-BR","potentialAction":[{"@type":"ReadAction","target":["https:\/\/www.gaveanews.com\/index.php\/2025\/05\/22\/a-declaracao-de-renato-mauricio-prado-sobre-a-vitoria-do-flamengo-sobre-o-botafogo-pb\/"]}]},{"@type":"ImageObject","inLanguage":"pt-BR","@id":"https:\/\/www.gaveanews.com\/index.php\/2025\/05\/22\/a-declaracao-de-renato-mauricio-prado-sobre-a-vitoria-do-flamengo-sobre-o-botafogo-pb\/#primaryimage","url":"https:\/\/www.gaveanews.com\/wp-content\/uploads\/Pedro-Cebolinha-Varela-Flamengo.webp","contentUrl":"https:\/\/www.gaveanews.com\/wp-content\/uploads\/Pedro-Cebolinha-Varela-Flamengo.webp","width":1200,"height":900,"caption":"Pedro, Cebolinha, Varela, Flamengo (Fotos: Gilvan de Souza\/Flamengo)"},{"@type":"BreadcrumbList","@id":"https:\/\/www.gaveanews.com\/index.php\/2025\/05\/22\/a-declaracao-de-renato-mauricio-prado-sobre-a-vitoria-do-flamengo-sobre-o-botafogo-pb\/#breadcrumb","itemListElement":[{"@type":"ListItem","position":1,"name":"Home","item":"https:\/\/www.gaveanews.com\/"},{"@type":"ListItem","position":2,"name":"A declara\u00e7\u00e3o de Renato Mauricio Prado sobre a vit\u00f3ria do Flamengo sobre o Botafogo-PB"}]},{"@type":"WebSite","@id":"https:\/\/www.gaveanews.com\/#website","url":"https:\/\/www.gaveanews.com\/","name":"G\u00e1vea News","description":"Veja todas as not\u00edcias sobre o Flamengo: Contrata\u00e7\u00f5es, categorias de base, resultados das partidas, tabela de classifica\u00e7\u00e3o, pr\u00f3ximos jogos!","potentialAction":[{"@type":"SearchAction","target":{"@type":"EntryPoint","urlTemplate":"https:\/\/www.gaveanews.com\/?s={search_term_string}"},"query-input":{"@type":"PropertyValueSpecification","valueRequired":true,"valueName":"search_term_string"}}],"inLanguage":"pt-BR"},{"@type":"Person","@id":"https:\/\/www.gaveanews.com\/#\/schema\/person\/3b19f7288b0ce20372991275e4f2e6c2","name":"Ana Teixeira","image":{"@type":"ImageObject","inLanguage":"pt-BR","@id":"https:\/\/www.gaveanews.com\/#\/schema\/person\/image\/","url":"https:\/\/secure.gravatar.com\/avatar\/0a73f5a5258f3fed37fc2fa641892f3f7a4748456d4d4792f9bc550e6c19e06c?s=96&d=mm&r=g","contentUrl":"https:\/\/secure.gravatar.com\/avatar\/0a73f5a5258f3fed37fc2fa641892f3f7a4748456d4d4792f9bc550e6c19e06c?s=96&d=mm&r=g","caption":"Ana Teixeira"}}]}},"_links":{"self":[{"href":"https:\/\/www.gaveanews.com\/index.php\/wp-json\/wp\/v2\/posts\/266214","targetHints":{"allow":["GET"]}}],"collection":[{"href":"https:\/\/www.gaveanews.com\/index.php\/wp-json\/wp\/v2\/posts"}],"about":[{"href":"https:\/\/www.gaveanews.com\/index.php\/wp-json\/wp\/v2\/types\/post"}],"author":[{"embeddable":true,"href":"https:\/\/www.gaveanews.com\/index.php\/wp-json\/wp\/v2\/users\/30"}],"replies":[{"embeddable":true,"href":"https:\/\/www.gaveanews.com\/index.php\/wp-json\/wp\/v2\/comments?post=266214"}],"version-history":[{"count":1,"href":"https:\/\/www.gaveanews.com\/index.php\/wp-json\/wp\/v2\/posts\/266214\/revisions"}],"predecessor-version":[{"id":266225,"href":"https:\/\/www.gaveanews.com\/index.php\/wp-json\/wp\/v2\/posts\/266214\/revisions\/266225"}],"wp:featuredmedia":[{"embeddable":true,"href":"https:\/\/www.gaveanews.com\/index.php\/wp-json\/wp\/v2\/media\/265971"}],"wp:attachment":[{"href":"https:\/\/www.gaveanews.com\/index.php\/wp-json\/wp\/v2\/media?parent=266214"}],"wp:term":[{"taxonomy":"category","embeddable":true,"href":"https:\/\/www.gaveanews.com\/index.php\/wp-json\/wp\/v2\/categories?post=266214"},{"taxonomy":"post_tag","embeddable":true,"href":"https:\/\/www.gaveanews.com\/index.php\/wp-json\/wp\/v2\/tags?post=266214"}],"curies":[{"name":"wp","href":"https:\/\/api.w.org\/{rel}","templated":true}]}}