{"id":266221,"date":"2025-05-22T20:25:00","date_gmt":"2025-05-22T23:25:00","guid":{"rendered":"https:\/\/www.gaveanews.com\/?p=266221"},"modified":"2025-05-22T18:41:23","modified_gmt":"2025-05-22T21:41:23","slug":"a-declaracao-de-patrick-apos-marcar-primeiro-gol-pela-atletico-mg","status":"publish","type":"post","link":"https:\/\/www.gaveanews.com\/index.php\/2025\/05\/22\/a-declaracao-de-patrick-apos-marcar-primeiro-gol-pela-atletico-mg\/","title":{"rendered":"A declara\u00e7\u00e3o de Patrick ap\u00f3s marcar primeiro gol pela Atl\u00e9tico-MG"},"content":{"rendered":"\n<p>O jovem volante Patrick, de 21 anos, viveu uma noite marcante na quarta-feira (21), ao ser titular pela primeira vez pelo Atl\u00e9tico e balan\u00e7ar as redes como profissional. A atua\u00e7\u00e3o ocorreu na vit\u00f3ria por 4 a 0 contra o Maring\u00e1, pela terceira fase da Copa do Brasil, no Est\u00e1dio Mineir\u00e3o. O gol, anotado aos sete minutos do segundo tempo ap\u00f3s cruzamento de Natanael, foi celebrado com grande emo\u00e7\u00e3o pelo atleta, que se ajoelhou no gramado.<\/p>\n\n\n\n<p>Ali\u00e1s, a emo\u00e7\u00e3o tomou conta do jogador ainda dentro de campo, quando dedicou o feito \u00e0 sua m\u00e3e, V\u00e2nia. Conforme relatado por ele, o dia seguinte marcaria o anivers\u00e1rio da m\u00e3e, e o gol acabou sendo um presente antecipado. \u201cAgrade\u00e7o \u00e0 minha fam\u00edlia, que me d\u00e1 todo o suporte para eu batalhar no dia a dia\u201d, disse. A torcida do Atl\u00e9tico, por sua vez, respondeu com aplausos e gritos de apoio, reconhecendo o esfor\u00e7o e o momento especial do jogador.<\/p>\n\n\n\n<p>Patrick, que disputava sua s\u00e9tima partida pelo clube, havia atuado nas anteriores vindo do banco. Entretanto, desta vez ganhou uma oportunidade entre os titulares e correspondeu de forma impactante. Eventualmente, sentiu c\u00e3ibras e foi substitu\u00eddo aos 24 minutos da segunda etapa. Ainda assim, deixou o campo sorrindo, ciente do impacto de sua performance.<\/p>\n\n\n\n<p>Posteriormente, o volante demonstrou gratid\u00e3o a profissionais do clube que, segundo ele, foram essenciais em sua trajet\u00f3ria. Ele entregou as duas camisas que utilizou no jogo \u00e0 psic\u00f3loga Michele Rios e \u00e0 assistente social Neila Bittencourt. \u201cSe n\u00e3o fossem essas pessoas, eu n\u00e3o teria conseguido a oportunidade que tive hoje\u201d, afirmou.<\/p>\n\n\n\n<p>Michele, inclusive, compartilhou nas redes sociais a imagem da camisa recebida e agradeceu, chamando Patrick de \u201cfilho\u201d. A publica\u00e7\u00e3o repercutiu entre torcedores e profissionais do clube, ressaltando a import\u00e2ncia do apoio fora das quatro linhas.<\/p>\n\n\n\n<p>Com o resultado, o Atl\u00e9tico garantiu vaga nas oitavas de final da Copa do Brasil, mantendo o bom momento sob comando de Cuca.<\/p>\n","protected":false},"excerpt":{"rendered":"<p>O jovem volante Patrick, de 21 anos, viveu uma noite marcante na quarta-feira (21), ao ser titular pela primeira vez pelo Atl\u00e9tico e balan\u00e7ar as redes como profissional. A atua\u00e7\u00e3o ocorreu na vit\u00f3ria por 4 a 0 contra o Maring\u00e1, pela terceira fase da Copa do Brasil, no Est\u00e1dio Mineir\u00e3o. O gol, anotado aos sete [&hellip;]<\/p>\n","protected":false},"author":18,"featured_media":266243,"comment_status":"open","ping_status":"closed","sticky":false,"template":"","format":"standard","meta":{"footnotes":""},"categories":[136],"tags":[],"class_list":["post-266221","post","type-post","status-publish","format-standard","has-post-thumbnail","hentry","category-atletico-mg"],"yoast_head":"<!-- This site is optimized with the Yoast SEO Premium plugin v24.2 (Yoast SEO v26.9) - https:\/\/yoast.com\/product\/yoast-seo-premium-wordpress\/ -->\n<title>A declara\u00e7\u00e3o de Patrick ap\u00f3s marcar primeiro gol pela Atl\u00e9tico-MG<\/title>\n<meta name=\"robots\" content=\"index, follow, max-snippet:-1, max-image-preview:large, max-video-preview:-1\" \/>\n<link rel=\"canonical\" href=\"https:\/\/www.gaveanews.com\/index.php\/2025\/05\/22\/a-declaracao-de-patrick-apos-marcar-primeiro-gol-pela-atletico-mg\/\" \/>\n<meta property=\"og:locale\" content=\"pt_BR\" \/>\n<meta property=\"og:type\" content=\"article\" \/>\n<meta property=\"og:title\" content=\"A declara\u00e7\u00e3o de Patrick ap\u00f3s marcar primeiro gol pela Atl\u00e9tico-MG\" \/>\n<meta property=\"og:description\" content=\"O jovem volante Patrick, de 21 anos, viveu uma noite marcante na quarta-feira (21), ao ser titular pela primeira vez pelo Atl\u00e9tico e balan\u00e7ar as redes como profissional. A atua\u00e7\u00e3o ocorreu na vit\u00f3ria por 4 a 0 contra o Maring\u00e1, pela terceira fase da Copa do Brasil, no Est\u00e1dio Mineir\u00e3o. O gol, anotado aos sete [&hellip;]\" \/>\n<meta property=\"og:url\" content=\"https:\/\/www.gaveanews.com\/index.php\/2025\/05\/22\/a-declaracao-de-patrick-apos-marcar-primeiro-gol-pela-atletico-mg\/\" \/>\n<meta property=\"og:site_name\" content=\"G\u00e1vea News\" \/>\n<meta property=\"article:publisher\" content=\"https:\/\/facebook.com\/gaveaNews\/\" \/>\n<meta property=\"article:published_time\" content=\"2025-05-22T23:25:00+00:00\" \/>\n<meta property=\"og:image\" content=\"https:\/\/www.gaveanews.com\/wp-content\/uploads\/Patrick-Atletico-MG.webp\" \/>\n\t<meta property=\"og:image:width\" content=\"1200\" \/>\n\t<meta property=\"og:image:height\" content=\"900\" \/>\n\t<meta property=\"og:image:type\" content=\"image\/webp\" \/>\n<meta name=\"author\" content=\"Paula Silva\" \/>\n<meta name=\"twitter:card\" content=\"summary_large_image\" \/>\n<meta name=\"twitter:label1\" content=\"Escrito por\" \/>\n\t<meta name=\"twitter:data1\" content=\"Paula Silva\" \/>\n\t<meta name=\"twitter:label2\" content=\"Est. tempo de leitura\" \/>\n\t<meta name=\"twitter:data2\" content=\"2 minutos\" \/>\n<script type=\"application\/ld+json\" class=\"yoast-schema-graph\">{\"@context\":\"https:\/\/schema.org\",\"@graph\":[{\"@type\":\"NewsArticle\",\"@id\":\"https:\/\/www.gaveanews.com\/index.php\/2025\/05\/22\/a-declaracao-de-patrick-apos-marcar-primeiro-gol-pela-atletico-mg\/#article\",\"isPartOf\":{\"@id\":\"https:\/\/www.gaveanews.com\/index.php\/2025\/05\/22\/a-declaracao-de-patrick-apos-marcar-primeiro-gol-pela-atletico-mg\/\"},\"author\":{\"name\":\"Paula Silva\",\"@id\":\"https:\/\/www.gaveanews.com\/#\/schema\/person\/daf63eec72e1164eb13dc35096c2b8da\"},\"headline\":\"A declara\u00e7\u00e3o de Patrick ap\u00f3s marcar primeiro gol pela Atl\u00e9tico-MG\",\"datePublished\":\"2025-05-22T23:25:00+00:00\",\"mainEntityOfPage\":{\"@id\":\"https:\/\/www.gaveanews.com\/index.php\/2025\/05\/22\/a-declaracao-de-patrick-apos-marcar-primeiro-gol-pela-atletico-mg\/\"},\"wordCount\":350,\"commentCount\":0,\"image\":{\"@id\":\"https:\/\/www.gaveanews.com\/index.php\/2025\/05\/22\/a-declaracao-de-patrick-apos-marcar-primeiro-gol-pela-atletico-mg\/#primaryimage\"},\"thumbnailUrl\":\"https:\/\/www.gaveanews.com\/wp-content\/uploads\/Patrick-Atletico-MG.webp\",\"articleSection\":[\"Atl\u00e9tico-MG\"],\"inLanguage\":\"pt-BR\",\"potentialAction\":[{\"@type\":\"CommentAction\",\"name\":\"Comment\",\"target\":[\"https:\/\/www.gaveanews.com\/index.php\/2025\/05\/22\/a-declaracao-de-patrick-apos-marcar-primeiro-gol-pela-atletico-mg\/#respond\"]}],\"copyrightYear\":\"2025\",\"copyrightHolder\":{\"@id\":\"https:\/\/www.gaveanews.com\/#organization\"}},{\"@type\":\"WebPage\",\"@id\":\"https:\/\/www.gaveanews.com\/index.php\/2025\/05\/22\/a-declaracao-de-patrick-apos-marcar-primeiro-gol-pela-atletico-mg\/\",\"url\":\"https:\/\/www.gaveanews.com\/index.php\/2025\/05\/22\/a-declaracao-de-patrick-apos-marcar-primeiro-gol-pela-atletico-mg\/\",\"name\":\"A declara\u00e7\u00e3o de Patrick ap\u00f3s marcar primeiro gol pela Atl\u00e9tico-MG\",\"isPartOf\":{\"@id\":\"https:\/\/www.gaveanews.com\/#website\"},\"primaryImageOfPage\":{\"@id\":\"https:\/\/www.gaveanews.com\/index.php\/2025\/05\/22\/a-declaracao-de-patrick-apos-marcar-primeiro-gol-pela-atletico-mg\/#primaryimage\"},\"image\":{\"@id\":\"https:\/\/www.gaveanews.com\/index.php\/2025\/05\/22\/a-declaracao-de-patrick-apos-marcar-primeiro-gol-pela-atletico-mg\/#primaryimage\"},\"thumbnailUrl\":\"https:\/\/www.gaveanews.com\/wp-content\/uploads\/Patrick-Atletico-MG.webp\",\"datePublished\":\"2025-05-22T23:25:00+00:00\",\"author\":{\"@id\":\"https:\/\/www.gaveanews.com\/#\/schema\/person\/daf63eec72e1164eb13dc35096c2b8da\"},\"breadcrumb\":{\"@id\":\"https:\/\/www.gaveanews.com\/index.php\/2025\/05\/22\/a-declaracao-de-patrick-apos-marcar-primeiro-gol-pela-atletico-mg\/#breadcrumb\"},\"inLanguage\":\"pt-BR\",\"potentialAction\":[{\"@type\":\"ReadAction\",\"target\":[\"https:\/\/www.gaveanews.com\/index.php\/2025\/05\/22\/a-declaracao-de-patrick-apos-marcar-primeiro-gol-pela-atletico-mg\/\"]}]},{\"@type\":\"ImageObject\",\"inLanguage\":\"pt-BR\",\"@id\":\"https:\/\/www.gaveanews.com\/index.php\/2025\/05\/22\/a-declaracao-de-patrick-apos-marcar-primeiro-gol-pela-atletico-mg\/#primaryimage\",\"url\":\"https:\/\/www.gaveanews.com\/wp-content\/uploads\/Patrick-Atletico-MG.webp\",\"contentUrl\":\"https:\/\/www.gaveanews.com\/wp-content\/uploads\/Patrick-Atletico-MG.webp\",\"width\":1200,\"height\":900,\"caption\":\"(Foto: Pedro Souza\/Atl\u00e9tico)\"},{\"@type\":\"BreadcrumbList\",\"@id\":\"https:\/\/www.gaveanews.com\/index.php\/2025\/05\/22\/a-declaracao-de-patrick-apos-marcar-primeiro-gol-pela-atletico-mg\/#breadcrumb\",\"itemListElement\":[{\"@type\":\"ListItem\",\"position\":1,\"name\":\"Home\",\"item\":\"https:\/\/www.gaveanews.com\/\"},{\"@type\":\"ListItem\",\"position\":2,\"name\":\"A declara\u00e7\u00e3o de Patrick ap\u00f3s marcar primeiro gol pela Atl\u00e9tico-MG\"}]},{\"@type\":\"WebSite\",\"@id\":\"https:\/\/www.gaveanews.com\/#website\",\"url\":\"https:\/\/www.gaveanews.com\/\",\"name\":\"G\u00e1vea News\",\"description\":\"Veja todas as not\u00edcias sobre o Flamengo: Contrata\u00e7\u00f5es, categorias de base, resultados das partidas, tabela de classifica\u00e7\u00e3o, pr\u00f3ximos jogos!\",\"potentialAction\":[{\"@type\":\"SearchAction\",\"target\":{\"@type\":\"EntryPoint\",\"urlTemplate\":\"https:\/\/www.gaveanews.com\/?s={search_term_string}\"},\"query-input\":{\"@type\":\"PropertyValueSpecification\",\"valueRequired\":true,\"valueName\":\"search_term_string\"}}],\"inLanguage\":\"pt-BR\"},{\"@type\":\"Person\",\"@id\":\"https:\/\/www.gaveanews.com\/#\/schema\/person\/daf63eec72e1164eb13dc35096c2b8da\",\"name\":\"Paula Silva\",\"image\":{\"@type\":\"ImageObject\",\"inLanguage\":\"pt-BR\",\"@id\":\"https:\/\/www.gaveanews.com\/#\/schema\/person\/image\/\",\"url\":\"https:\/\/secure.gravatar.com\/avatar\/eda381c845527cc5d64c13b901833cda29d97500ba040d3e6461f76f51d163bb?s=96&d=mm&r=g\",\"contentUrl\":\"https:\/\/secure.gravatar.com\/avatar\/eda381c845527cc5d64c13b901833cda29d97500ba040d3e6461f76f51d163bb?s=96&d=mm&r=g\",\"caption\":\"Paula Silva\"}}]}<\/script>\n<!-- \/ Yoast SEO Premium plugin. -->","yoast_head_json":{"title":"A declara\u00e7\u00e3o de Patrick ap\u00f3s marcar primeiro gol pela Atl\u00e9tico-MG","robots":{"index":"index","follow":"follow","max-snippet":"max-snippet:-1","max-image-preview":"max-image-preview:large","max-video-preview":"max-video-preview:-1"},"canonical":"https:\/\/www.gaveanews.com\/index.php\/2025\/05\/22\/a-declaracao-de-patrick-apos-marcar-primeiro-gol-pela-atletico-mg\/","og_locale":"pt_BR","og_type":"article","og_title":"A declara\u00e7\u00e3o de Patrick ap\u00f3s marcar primeiro gol pela Atl\u00e9tico-MG","og_description":"O jovem volante Patrick, de 21 anos, viveu uma noite marcante na quarta-feira (21), ao ser titular pela primeira vez pelo Atl\u00e9tico e balan\u00e7ar as redes como profissional. A atua\u00e7\u00e3o ocorreu na vit\u00f3ria por 4 a 0 contra o Maring\u00e1, pela terceira fase da Copa do Brasil, no Est\u00e1dio Mineir\u00e3o. O gol, anotado aos sete [&hellip;]","og_url":"https:\/\/www.gaveanews.com\/index.php\/2025\/05\/22\/a-declaracao-de-patrick-apos-marcar-primeiro-gol-pela-atletico-mg\/","og_site_name":"G\u00e1vea News","article_publisher":"https:\/\/facebook.com\/gaveaNews\/","article_published_time":"2025-05-22T23:25:00+00:00","og_image":[{"width":1200,"height":900,"url":"https:\/\/www.gaveanews.com\/wp-content\/uploads\/Patrick-Atletico-MG.webp","type":"image\/webp"}],"author":"Paula Silva","twitter_card":"summary_large_image","twitter_misc":{"Escrito por":"Paula Silva","Est. tempo de leitura":"2 minutos"},"schema":{"@context":"https:\/\/schema.org","@graph":[{"@type":"NewsArticle","@id":"https:\/\/www.gaveanews.com\/index.php\/2025\/05\/22\/a-declaracao-de-patrick-apos-marcar-primeiro-gol-pela-atletico-mg\/#article","isPartOf":{"@id":"https:\/\/www.gaveanews.com\/index.php\/2025\/05\/22\/a-declaracao-de-patrick-apos-marcar-primeiro-gol-pela-atletico-mg\/"},"author":{"name":"Paula Silva","@id":"https:\/\/www.gaveanews.com\/#\/schema\/person\/daf63eec72e1164eb13dc35096c2b8da"},"headline":"A declara\u00e7\u00e3o de Patrick ap\u00f3s marcar primeiro gol pela Atl\u00e9tico-MG","datePublished":"2025-05-22T23:25:00+00:00","mainEntityOfPage":{"@id":"https:\/\/www.gaveanews.com\/index.php\/2025\/05\/22\/a-declaracao-de-patrick-apos-marcar-primeiro-gol-pela-atletico-mg\/"},"wordCount":350,"commentCount":0,"image":{"@id":"https:\/\/www.gaveanews.com\/index.php\/2025\/05\/22\/a-declaracao-de-patrick-apos-marcar-primeiro-gol-pela-atletico-mg\/#primaryimage"},"thumbnailUrl":"https:\/\/www.gaveanews.com\/wp-content\/uploads\/Patrick-Atletico-MG.webp","articleSection":["Atl\u00e9tico-MG"],"inLanguage":"pt-BR","potentialAction":[{"@type":"CommentAction","name":"Comment","target":["https:\/\/www.gaveanews.com\/index.php\/2025\/05\/22\/a-declaracao-de-patrick-apos-marcar-primeiro-gol-pela-atletico-mg\/#respond"]}],"copyrightYear":"2025","copyrightHolder":{"@id":"https:\/\/www.gaveanews.com\/#organization"}},{"@type":"WebPage","@id":"https:\/\/www.gaveanews.com\/index.php\/2025\/05\/22\/a-declaracao-de-patrick-apos-marcar-primeiro-gol-pela-atletico-mg\/","url":"https:\/\/www.gaveanews.com\/index.php\/2025\/05\/22\/a-declaracao-de-patrick-apos-marcar-primeiro-gol-pela-atletico-mg\/","name":"A declara\u00e7\u00e3o de Patrick ap\u00f3s marcar primeiro gol pela Atl\u00e9tico-MG","isPartOf":{"@id":"https:\/\/www.gaveanews.com\/#website"},"primaryImageOfPage":{"@id":"https:\/\/www.gaveanews.com\/index.php\/2025\/05\/22\/a-declaracao-de-patrick-apos-marcar-primeiro-gol-pela-atletico-mg\/#primaryimage"},"image":{"@id":"https:\/\/www.gaveanews.com\/index.php\/2025\/05\/22\/a-declaracao-de-patrick-apos-marcar-primeiro-gol-pela-atletico-mg\/#primaryimage"},"thumbnailUrl":"https:\/\/www.gaveanews.com\/wp-content\/uploads\/Patrick-Atletico-MG.webp","datePublished":"2025-05-22T23:25:00+00:00","author":{"@id":"https:\/\/www.gaveanews.com\/#\/schema\/person\/daf63eec72e1164eb13dc35096c2b8da"},"breadcrumb":{"@id":"https:\/\/www.gaveanews.com\/index.php\/2025\/05\/22\/a-declaracao-de-patrick-apos-marcar-primeiro-gol-pela-atletico-mg\/#breadcrumb"},"inLanguage":"pt-BR","potentialAction":[{"@type":"ReadAction","target":["https:\/\/www.gaveanews.com\/index.php\/2025\/05\/22\/a-declaracao-de-patrick-apos-marcar-primeiro-gol-pela-atletico-mg\/"]}]},{"@type":"ImageObject","inLanguage":"pt-BR","@id":"https:\/\/www.gaveanews.com\/index.php\/2025\/05\/22\/a-declaracao-de-patrick-apos-marcar-primeiro-gol-pela-atletico-mg\/#primaryimage","url":"https:\/\/www.gaveanews.com\/wp-content\/uploads\/Patrick-Atletico-MG.webp","contentUrl":"https:\/\/www.gaveanews.com\/wp-content\/uploads\/Patrick-Atletico-MG.webp","width":1200,"height":900,"caption":"(Foto: Pedro Souza\/Atl\u00e9tico)"},{"@type":"BreadcrumbList","@id":"https:\/\/www.gaveanews.com\/index.php\/2025\/05\/22\/a-declaracao-de-patrick-apos-marcar-primeiro-gol-pela-atletico-mg\/#breadcrumb","itemListElement":[{"@type":"ListItem","position":1,"name":"Home","item":"https:\/\/www.gaveanews.com\/"},{"@type":"ListItem","position":2,"name":"A declara\u00e7\u00e3o de Patrick ap\u00f3s marcar primeiro gol pela Atl\u00e9tico-MG"}]},{"@type":"WebSite","@id":"https:\/\/www.gaveanews.com\/#website","url":"https:\/\/www.gaveanews.com\/","name":"G\u00e1vea News","description":"Veja todas as not\u00edcias sobre o Flamengo: Contrata\u00e7\u00f5es, categorias de base, resultados das partidas, tabela de classifica\u00e7\u00e3o, pr\u00f3ximos jogos!","potentialAction":[{"@type":"SearchAction","target":{"@type":"EntryPoint","urlTemplate":"https:\/\/www.gaveanews.com\/?s={search_term_string}"},"query-input":{"@type":"PropertyValueSpecification","valueRequired":true,"valueName":"search_term_string"}}],"inLanguage":"pt-BR"},{"@type":"Person","@id":"https:\/\/www.gaveanews.com\/#\/schema\/person\/daf63eec72e1164eb13dc35096c2b8da","name":"Paula Silva","image":{"@type":"ImageObject","inLanguage":"pt-BR","@id":"https:\/\/www.gaveanews.com\/#\/schema\/person\/image\/","url":"https:\/\/secure.gravatar.com\/avatar\/eda381c845527cc5d64c13b901833cda29d97500ba040d3e6461f76f51d163bb?s=96&d=mm&r=g","contentUrl":"https:\/\/secure.gravatar.com\/avatar\/eda381c845527cc5d64c13b901833cda29d97500ba040d3e6461f76f51d163bb?s=96&d=mm&r=g","caption":"Paula Silva"}}]}},"_links":{"self":[{"href":"https:\/\/www.gaveanews.com\/index.php\/wp-json\/wp\/v2\/posts\/266221","targetHints":{"allow":["GET"]}}],"collection":[{"href":"https:\/\/www.gaveanews.com\/index.php\/wp-json\/wp\/v2\/posts"}],"about":[{"href":"https:\/\/www.gaveanews.com\/index.php\/wp-json\/wp\/v2\/types\/post"}],"author":[{"embeddable":true,"href":"https:\/\/www.gaveanews.com\/index.php\/wp-json\/wp\/v2\/users\/18"}],"replies":[{"embeddable":true,"href":"https:\/\/www.gaveanews.com\/index.php\/wp-json\/wp\/v2\/comments?post=266221"}],"version-history":[{"count":1,"href":"https:\/\/www.gaveanews.com\/index.php\/wp-json\/wp\/v2\/posts\/266221\/revisions"}],"predecessor-version":[{"id":266244,"href":"https:\/\/www.gaveanews.com\/index.php\/wp-json\/wp\/v2\/posts\/266221\/revisions\/266244"}],"wp:featuredmedia":[{"embeddable":true,"href":"https:\/\/www.gaveanews.com\/index.php\/wp-json\/wp\/v2\/media\/266243"}],"wp:attachment":[{"href":"https:\/\/www.gaveanews.com\/index.php\/wp-json\/wp\/v2\/media?parent=266221"}],"wp:term":[{"taxonomy":"category","embeddable":true,"href":"https:\/\/www.gaveanews.com\/index.php\/wp-json\/wp\/v2\/categories?post=266221"},{"taxonomy":"post_tag","embeddable":true,"href":"https:\/\/www.gaveanews.com\/index.php\/wp-json\/wp\/v2\/tags?post=266221"}],"curies":[{"name":"wp","href":"https:\/\/api.w.org\/{rel}","templated":true}]}}