{"id":266230,"date":"2025-05-22T18:43:38","date_gmt":"2025-05-22T21:43:38","guid":{"rendered":"https:\/\/www.gaveanews.com\/?p=266230"},"modified":"2025-05-23T11:37:40","modified_gmt":"2025-05-23T14:37:40","slug":"abel-ferreira-toma-decisao-para-enfrentar-o-ceara-pela-copa-do-brasil","status":"publish","type":"post","link":"https:\/\/www.gaveanews.com\/index.php\/2025\/05\/22\/abel-ferreira-toma-decisao-para-enfrentar-o-ceara-pela-copa-do-brasil\/","title":{"rendered":"Abel Ferreira toma decis\u00e3o para enfrentar o Cear\u00e1 pela Copa do Brasil"},"content":{"rendered":"\n<p>Na manh\u00e3 de quarta-feira (21), o Palmeiras realizou seu \u00faltimo treino antes do confronto decisivo contra o Cear\u00e1, v\u00e1lido pelo jogo de volta da terceira fase da Copa do Brasil. A atividade, realizada na Academia de Futebol, foi marcada por orienta\u00e7\u00f5es t\u00e1ticas comandadas pela comiss\u00e3o t\u00e9cnica de Abel Ferreira. O duelo est\u00e1 marcado para esta quinta-feira (22), \u00e0s 19h30 (hor\u00e1rio de Bras\u00edlia), no Allianz Parque.<\/p>\n\n\n\n<p>Primeiramente, os atletas assistiram a um v\u00eddeo com instru\u00e7\u00f5es estrat\u00e9gicas. Em seguida, foram a campo para trabalhos focados em sa\u00edda de bola, movimenta\u00e7\u00f5es espec\u00edficas e posicionamento defensivo. Ali\u00e1s, as bolas paradas tamb\u00e9m receberam aten\u00e7\u00e3o especial, tanto nos aspectos ofensivos quanto defensivos, evidenciando a prepara\u00e7\u00e3o minuciosa da equipe para manter a vantagem conquistada no jogo de ida, quando venceu por 1 a 0.<\/p>\n\n\n\n<p>Embora a equipe tenha uma margem confort\u00e1vel, o regulamento prev\u00ea disputa por p\u00eanaltis em caso de derrota por um gol de diferen\u00e7a. Ainda assim, a principal novidade \u00e9 a presen\u00e7a de praticamente todos os jogadores \u00e0 disposi\u00e7\u00e3o. Apenas Bruno Rodrigues segue em processo de transi\u00e7\u00e3o f\u00edsica e n\u00e3o ser\u00e1 relacionado para a partida.<\/p>\n\n\n\n<p>Surpreendentemente, Vitor Roque e Micael, ausentes no primeiro duelo, foram reintegrados ao elenco e estar\u00e3o aptos para atuar. Paulinho, que n\u00e3o entrou em campo nas \u00faltimas duas partidas por precau\u00e7\u00e3o, tamb\u00e9m deve ser op\u00e7\u00e3o no banco. Conforme o padr\u00e3o adotado nesta temporada, Abel pode realizar mudan\u00e7as pontuais no time titular para evitar sobrecargas.<\/p>\n\n\n\n<p>A prov\u00e1vel escala\u00e7\u00e3o inclui: Weverton; Giay (ou Marcos Rocha), Gustavo G\u00f3mez, Bruno Fuchs e Vanderlan (ou Piquerez); An\u00edbal Moreno, Richard R\u00edos e Felipe Anderson (ou Mauricio); Est\u00eav\u00e3o, Facundo Torres e Vitor Roque (ou Flaco L\u00f3pez). Esse leque de alternativas fortalece o elenco sem comprometer o padr\u00e3o de jogo.<\/p>\n\n\n\n<p>Por fim, Abel Ferreira, ausente na \u00faltima rodada do Brasileir\u00e3o por suspens\u00e3o, reassume o comando t\u00e9cnico nesta quinta-feira. Contudo, o treinador n\u00e3o poder\u00e1 dirigir o time contra o Flamengo no pr\u00f3ximo domingo (25), \u00e0s 16h (hor\u00e1rio de Bras\u00edlia), tamb\u00e9m pelo Campeonato Brasileiro.<\/p>\n","protected":false},"excerpt":{"rendered":"<p>Na manh\u00e3 de quarta-feira (21), o Palmeiras realizou seu \u00faltimo treino antes do confronto decisivo contra o Cear\u00e1, v\u00e1lido pelo jogo de volta da terceira fase da Copa do Brasil. A atividade, realizada na Academia de Futebol, foi marcada por orienta\u00e7\u00f5es t\u00e1ticas comandadas pela comiss\u00e3o t\u00e9cnica de Abel Ferreira. O duelo est\u00e1 marcado para esta [&hellip;]<\/p>\n","protected":false},"author":18,"featured_media":157843,"comment_status":"open","ping_status":"closed","sticky":false,"template":"","format":"standard","meta":{"footnotes":""},"categories":[150],"tags":[],"class_list":["post-266230","post","type-post","status-publish","format-standard","has-post-thumbnail","hentry","category-palmeiras"],"yoast_head":"<!-- This site is optimized with the Yoast SEO Premium plugin v24.2 (Yoast SEO v26.9) - https:\/\/yoast.com\/product\/yoast-seo-premium-wordpress\/ -->\n<title>Abel Ferreira toma decis\u00e3o para enfrentar o Cear\u00e1 pela Copa do Brasil<\/title>\n<meta name=\"robots\" content=\"index, follow, max-snippet:-1, max-image-preview:large, max-video-preview:-1\" \/>\n<link rel=\"canonical\" href=\"https:\/\/www.gaveanews.com\/index.php\/2025\/05\/22\/abel-ferreira-toma-decisao-para-enfrentar-o-ceara-pela-copa-do-brasil\/\" \/>\n<meta property=\"og:locale\" content=\"pt_BR\" \/>\n<meta property=\"og:type\" content=\"article\" \/>\n<meta property=\"og:title\" content=\"Abel Ferreira toma decis\u00e3o para enfrentar o Cear\u00e1 pela Copa do Brasil\" \/>\n<meta property=\"og:description\" content=\"Na manh\u00e3 de quarta-feira (21), o Palmeiras realizou seu \u00faltimo treino antes do confronto decisivo contra o Cear\u00e1, v\u00e1lido pelo jogo de volta da terceira fase da Copa do Brasil. A atividade, realizada na Academia de Futebol, foi marcada por orienta\u00e7\u00f5es t\u00e1ticas comandadas pela comiss\u00e3o t\u00e9cnica de Abel Ferreira. O duelo est\u00e1 marcado para esta [&hellip;]\" \/>\n<meta property=\"og:url\" content=\"https:\/\/www.gaveanews.com\/index.php\/2025\/05\/22\/abel-ferreira-toma-decisao-para-enfrentar-o-ceara-pela-copa-do-brasil\/\" \/>\n<meta property=\"og:site_name\" content=\"G\u00e1vea News\" \/>\n<meta property=\"article:publisher\" content=\"https:\/\/facebook.com\/gaveaNews\/\" \/>\n<meta property=\"article:published_time\" content=\"2025-05-22T21:43:38+00:00\" \/>\n<meta property=\"article:modified_time\" content=\"2025-05-23T14:37:40+00:00\" \/>\n<meta property=\"og:image\" content=\"http:\/\/www.gaveanews.com\/wp-content\/uploads\/Abel-Ferreira-e-fotografado-durante-um-jogo-do-Palmeiras-no-Allianz.webp\" \/>\n\t<meta property=\"og:image:width\" content=\"1349\" \/>\n\t<meta property=\"og:image:height\" content=\"1500\" \/>\n\t<meta property=\"og:image:type\" content=\"image\/jpeg\" \/>\n<meta name=\"author\" content=\"Paula Silva\" \/>\n<meta name=\"twitter:card\" content=\"summary_large_image\" \/>\n<meta name=\"twitter:label1\" content=\"Escrito por\" \/>\n\t<meta name=\"twitter:data1\" content=\"Paula Silva\" \/>\n\t<meta name=\"twitter:label2\" content=\"Est. tempo de leitura\" \/>\n\t<meta name=\"twitter:data2\" content=\"2 minutos\" \/>\n<script type=\"application\/ld+json\" class=\"yoast-schema-graph\">{\"@context\":\"https:\/\/schema.org\",\"@graph\":[{\"@type\":\"NewsArticle\",\"@id\":\"https:\/\/www.gaveanews.com\/index.php\/2025\/05\/22\/abel-ferreira-toma-decisao-para-enfrentar-o-ceara-pela-copa-do-brasil\/#article\",\"isPartOf\":{\"@id\":\"https:\/\/www.gaveanews.com\/index.php\/2025\/05\/22\/abel-ferreira-toma-decisao-para-enfrentar-o-ceara-pela-copa-do-brasil\/\"},\"author\":{\"name\":\"Paula Silva\",\"@id\":\"https:\/\/www.gaveanews.com\/#\/schema\/person\/daf63eec72e1164eb13dc35096c2b8da\"},\"headline\":\"Abel Ferreira toma decis\u00e3o para enfrentar o Cear\u00e1 pela Copa do Brasil\",\"datePublished\":\"2025-05-22T21:43:38+00:00\",\"dateModified\":\"2025-05-23T14:37:40+00:00\",\"mainEntityOfPage\":{\"@id\":\"https:\/\/www.gaveanews.com\/index.php\/2025\/05\/22\/abel-ferreira-toma-decisao-para-enfrentar-o-ceara-pela-copa-do-brasil\/\"},\"wordCount\":378,\"commentCount\":0,\"image\":{\"@id\":\"https:\/\/www.gaveanews.com\/index.php\/2025\/05\/22\/abel-ferreira-toma-decisao-para-enfrentar-o-ceara-pela-copa-do-brasil\/#primaryimage\"},\"thumbnailUrl\":\"https:\/\/www.gaveanews.com\/wp-content\/uploads\/Abel-Ferreira-e-fotografado-durante-um-jogo-do-Palmeiras-no-Allianz.webp\",\"articleSection\":[\"Palmeiras\"],\"inLanguage\":\"pt-BR\",\"potentialAction\":[{\"@type\":\"CommentAction\",\"name\":\"Comment\",\"target\":[\"https:\/\/www.gaveanews.com\/index.php\/2025\/05\/22\/abel-ferreira-toma-decisao-para-enfrentar-o-ceara-pela-copa-do-brasil\/#respond\"]}],\"copyrightYear\":\"2025\",\"copyrightHolder\":{\"@id\":\"https:\/\/www.gaveanews.com\/#organization\"}},{\"@type\":\"WebPage\",\"@id\":\"https:\/\/www.gaveanews.com\/index.php\/2025\/05\/22\/abel-ferreira-toma-decisao-para-enfrentar-o-ceara-pela-copa-do-brasil\/\",\"url\":\"https:\/\/www.gaveanews.com\/index.php\/2025\/05\/22\/abel-ferreira-toma-decisao-para-enfrentar-o-ceara-pela-copa-do-brasil\/\",\"name\":\"Abel Ferreira toma decis\u00e3o para enfrentar o Cear\u00e1 pela Copa do Brasil\",\"isPartOf\":{\"@id\":\"https:\/\/www.gaveanews.com\/#website\"},\"primaryImageOfPage\":{\"@id\":\"https:\/\/www.gaveanews.com\/index.php\/2025\/05\/22\/abel-ferreira-toma-decisao-para-enfrentar-o-ceara-pela-copa-do-brasil\/#primaryimage\"},\"image\":{\"@id\":\"https:\/\/www.gaveanews.com\/index.php\/2025\/05\/22\/abel-ferreira-toma-decisao-para-enfrentar-o-ceara-pela-copa-do-brasil\/#primaryimage\"},\"thumbnailUrl\":\"https:\/\/www.gaveanews.com\/wp-content\/uploads\/Abel-Ferreira-e-fotografado-durante-um-jogo-do-Palmeiras-no-Allianz.webp\",\"datePublished\":\"2025-05-22T21:43:38+00:00\",\"dateModified\":\"2025-05-23T14:37:40+00:00\",\"author\":{\"@id\":\"https:\/\/www.gaveanews.com\/#\/schema\/person\/daf63eec72e1164eb13dc35096c2b8da\"},\"breadcrumb\":{\"@id\":\"https:\/\/www.gaveanews.com\/index.php\/2025\/05\/22\/abel-ferreira-toma-decisao-para-enfrentar-o-ceara-pela-copa-do-brasil\/#breadcrumb\"},\"inLanguage\":\"pt-BR\",\"potentialAction\":[{\"@type\":\"ReadAction\",\"target\":[\"https:\/\/www.gaveanews.com\/index.php\/2025\/05\/22\/abel-ferreira-toma-decisao-para-enfrentar-o-ceara-pela-copa-do-brasil\/\"]}]},{\"@type\":\"ImageObject\",\"inLanguage\":\"pt-BR\",\"@id\":\"https:\/\/www.gaveanews.com\/index.php\/2025\/05\/22\/abel-ferreira-toma-decisao-para-enfrentar-o-ceara-pela-copa-do-brasil\/#primaryimage\",\"url\":\"https:\/\/www.gaveanews.com\/wp-content\/uploads\/Abel-Ferreira-e-fotografado-durante-um-jogo-do-Palmeiras-no-Allianz.webp\",\"contentUrl\":\"https:\/\/www.gaveanews.com\/wp-content\/uploads\/Abel-Ferreira-e-fotografado-durante-um-jogo-do-Palmeiras-no-Allianz.webp\",\"width\":1349,\"height\":1500,\"caption\":\"Abel Ferreira \u00e9 fotografado durante um jogo do Palmeiras no Allianz (Foto: Cesar Greco\/Palmeiras)\"},{\"@type\":\"BreadcrumbList\",\"@id\":\"https:\/\/www.gaveanews.com\/index.php\/2025\/05\/22\/abel-ferreira-toma-decisao-para-enfrentar-o-ceara-pela-copa-do-brasil\/#breadcrumb\",\"itemListElement\":[{\"@type\":\"ListItem\",\"position\":1,\"name\":\"Home\",\"item\":\"https:\/\/www.gaveanews.com\/\"},{\"@type\":\"ListItem\",\"position\":2,\"name\":\"Abel Ferreira toma decis\u00e3o para enfrentar o Cear\u00e1 pela Copa do Brasil\"}]},{\"@type\":\"WebSite\",\"@id\":\"https:\/\/www.gaveanews.com\/#website\",\"url\":\"https:\/\/www.gaveanews.com\/\",\"name\":\"G\u00e1vea News\",\"description\":\"Veja todas as not\u00edcias sobre o Flamengo: Contrata\u00e7\u00f5es, categorias de base, resultados das partidas, tabela de classifica\u00e7\u00e3o, pr\u00f3ximos jogos!\",\"potentialAction\":[{\"@type\":\"SearchAction\",\"target\":{\"@type\":\"EntryPoint\",\"urlTemplate\":\"https:\/\/www.gaveanews.com\/?s={search_term_string}\"},\"query-input\":{\"@type\":\"PropertyValueSpecification\",\"valueRequired\":true,\"valueName\":\"search_term_string\"}}],\"inLanguage\":\"pt-BR\"},{\"@type\":\"Person\",\"@id\":\"https:\/\/www.gaveanews.com\/#\/schema\/person\/daf63eec72e1164eb13dc35096c2b8da\",\"name\":\"Paula Silva\",\"image\":{\"@type\":\"ImageObject\",\"inLanguage\":\"pt-BR\",\"@id\":\"https:\/\/www.gaveanews.com\/#\/schema\/person\/image\/\",\"url\":\"https:\/\/secure.gravatar.com\/avatar\/eda381c845527cc5d64c13b901833cda29d97500ba040d3e6461f76f51d163bb?s=96&d=mm&r=g\",\"contentUrl\":\"https:\/\/secure.gravatar.com\/avatar\/eda381c845527cc5d64c13b901833cda29d97500ba040d3e6461f76f51d163bb?s=96&d=mm&r=g\",\"caption\":\"Paula Silva\"}}]}<\/script>\n<!-- \/ Yoast SEO Premium plugin. -->","yoast_head_json":{"title":"Abel Ferreira toma decis\u00e3o para enfrentar o Cear\u00e1 pela Copa do Brasil","robots":{"index":"index","follow":"follow","max-snippet":"max-snippet:-1","max-image-preview":"max-image-preview:large","max-video-preview":"max-video-preview:-1"},"canonical":"https:\/\/www.gaveanews.com\/index.php\/2025\/05\/22\/abel-ferreira-toma-decisao-para-enfrentar-o-ceara-pela-copa-do-brasil\/","og_locale":"pt_BR","og_type":"article","og_title":"Abel Ferreira toma decis\u00e3o para enfrentar o Cear\u00e1 pela Copa do Brasil","og_description":"Na manh\u00e3 de quarta-feira (21), o Palmeiras realizou seu \u00faltimo treino antes do confronto decisivo contra o Cear\u00e1, v\u00e1lido pelo jogo de volta da terceira fase da Copa do Brasil. A atividade, realizada na Academia de Futebol, foi marcada por orienta\u00e7\u00f5es t\u00e1ticas comandadas pela comiss\u00e3o t\u00e9cnica de Abel Ferreira. O duelo est\u00e1 marcado para esta [&hellip;]","og_url":"https:\/\/www.gaveanews.com\/index.php\/2025\/05\/22\/abel-ferreira-toma-decisao-para-enfrentar-o-ceara-pela-copa-do-brasil\/","og_site_name":"G\u00e1vea News","article_publisher":"https:\/\/facebook.com\/gaveaNews\/","article_published_time":"2025-05-22T21:43:38+00:00","article_modified_time":"2025-05-23T14:37:40+00:00","og_image":[{"width":1349,"height":1500,"url":"http:\/\/www.gaveanews.com\/wp-content\/uploads\/Abel-Ferreira-e-fotografado-durante-um-jogo-do-Palmeiras-no-Allianz.webp","type":"image\/jpeg"}],"author":"Paula Silva","twitter_card":"summary_large_image","twitter_misc":{"Escrito por":"Paula Silva","Est. tempo de leitura":"2 minutos"},"schema":{"@context":"https:\/\/schema.org","@graph":[{"@type":"NewsArticle","@id":"https:\/\/www.gaveanews.com\/index.php\/2025\/05\/22\/abel-ferreira-toma-decisao-para-enfrentar-o-ceara-pela-copa-do-brasil\/#article","isPartOf":{"@id":"https:\/\/www.gaveanews.com\/index.php\/2025\/05\/22\/abel-ferreira-toma-decisao-para-enfrentar-o-ceara-pela-copa-do-brasil\/"},"author":{"name":"Paula Silva","@id":"https:\/\/www.gaveanews.com\/#\/schema\/person\/daf63eec72e1164eb13dc35096c2b8da"},"headline":"Abel Ferreira toma decis\u00e3o para enfrentar o Cear\u00e1 pela Copa do Brasil","datePublished":"2025-05-22T21:43:38+00:00","dateModified":"2025-05-23T14:37:40+00:00","mainEntityOfPage":{"@id":"https:\/\/www.gaveanews.com\/index.php\/2025\/05\/22\/abel-ferreira-toma-decisao-para-enfrentar-o-ceara-pela-copa-do-brasil\/"},"wordCount":378,"commentCount":0,"image":{"@id":"https:\/\/www.gaveanews.com\/index.php\/2025\/05\/22\/abel-ferreira-toma-decisao-para-enfrentar-o-ceara-pela-copa-do-brasil\/#primaryimage"},"thumbnailUrl":"https:\/\/www.gaveanews.com\/wp-content\/uploads\/Abel-Ferreira-e-fotografado-durante-um-jogo-do-Palmeiras-no-Allianz.webp","articleSection":["Palmeiras"],"inLanguage":"pt-BR","potentialAction":[{"@type":"CommentAction","name":"Comment","target":["https:\/\/www.gaveanews.com\/index.php\/2025\/05\/22\/abel-ferreira-toma-decisao-para-enfrentar-o-ceara-pela-copa-do-brasil\/#respond"]}],"copyrightYear":"2025","copyrightHolder":{"@id":"https:\/\/www.gaveanews.com\/#organization"}},{"@type":"WebPage","@id":"https:\/\/www.gaveanews.com\/index.php\/2025\/05\/22\/abel-ferreira-toma-decisao-para-enfrentar-o-ceara-pela-copa-do-brasil\/","url":"https:\/\/www.gaveanews.com\/index.php\/2025\/05\/22\/abel-ferreira-toma-decisao-para-enfrentar-o-ceara-pela-copa-do-brasil\/","name":"Abel Ferreira toma decis\u00e3o para enfrentar o Cear\u00e1 pela Copa do Brasil","isPartOf":{"@id":"https:\/\/www.gaveanews.com\/#website"},"primaryImageOfPage":{"@id":"https:\/\/www.gaveanews.com\/index.php\/2025\/05\/22\/abel-ferreira-toma-decisao-para-enfrentar-o-ceara-pela-copa-do-brasil\/#primaryimage"},"image":{"@id":"https:\/\/www.gaveanews.com\/index.php\/2025\/05\/22\/abel-ferreira-toma-decisao-para-enfrentar-o-ceara-pela-copa-do-brasil\/#primaryimage"},"thumbnailUrl":"https:\/\/www.gaveanews.com\/wp-content\/uploads\/Abel-Ferreira-e-fotografado-durante-um-jogo-do-Palmeiras-no-Allianz.webp","datePublished":"2025-05-22T21:43:38+00:00","dateModified":"2025-05-23T14:37:40+00:00","author":{"@id":"https:\/\/www.gaveanews.com\/#\/schema\/person\/daf63eec72e1164eb13dc35096c2b8da"},"breadcrumb":{"@id":"https:\/\/www.gaveanews.com\/index.php\/2025\/05\/22\/abel-ferreira-toma-decisao-para-enfrentar-o-ceara-pela-copa-do-brasil\/#breadcrumb"},"inLanguage":"pt-BR","potentialAction":[{"@type":"ReadAction","target":["https:\/\/www.gaveanews.com\/index.php\/2025\/05\/22\/abel-ferreira-toma-decisao-para-enfrentar-o-ceara-pela-copa-do-brasil\/"]}]},{"@type":"ImageObject","inLanguage":"pt-BR","@id":"https:\/\/www.gaveanews.com\/index.php\/2025\/05\/22\/abel-ferreira-toma-decisao-para-enfrentar-o-ceara-pela-copa-do-brasil\/#primaryimage","url":"https:\/\/www.gaveanews.com\/wp-content\/uploads\/Abel-Ferreira-e-fotografado-durante-um-jogo-do-Palmeiras-no-Allianz.webp","contentUrl":"https:\/\/www.gaveanews.com\/wp-content\/uploads\/Abel-Ferreira-e-fotografado-durante-um-jogo-do-Palmeiras-no-Allianz.webp","width":1349,"height":1500,"caption":"Abel Ferreira \u00e9 fotografado durante um jogo do Palmeiras no Allianz (Foto: Cesar Greco\/Palmeiras)"},{"@type":"BreadcrumbList","@id":"https:\/\/www.gaveanews.com\/index.php\/2025\/05\/22\/abel-ferreira-toma-decisao-para-enfrentar-o-ceara-pela-copa-do-brasil\/#breadcrumb","itemListElement":[{"@type":"ListItem","position":1,"name":"Home","item":"https:\/\/www.gaveanews.com\/"},{"@type":"ListItem","position":2,"name":"Abel Ferreira toma decis\u00e3o para enfrentar o Cear\u00e1 pela Copa do Brasil"}]},{"@type":"WebSite","@id":"https:\/\/www.gaveanews.com\/#website","url":"https:\/\/www.gaveanews.com\/","name":"G\u00e1vea News","description":"Veja todas as not\u00edcias sobre o Flamengo: Contrata\u00e7\u00f5es, categorias de base, resultados das partidas, tabela de classifica\u00e7\u00e3o, pr\u00f3ximos jogos!","potentialAction":[{"@type":"SearchAction","target":{"@type":"EntryPoint","urlTemplate":"https:\/\/www.gaveanews.com\/?s={search_term_string}"},"query-input":{"@type":"PropertyValueSpecification","valueRequired":true,"valueName":"search_term_string"}}],"inLanguage":"pt-BR"},{"@type":"Person","@id":"https:\/\/www.gaveanews.com\/#\/schema\/person\/daf63eec72e1164eb13dc35096c2b8da","name":"Paula Silva","image":{"@type":"ImageObject","inLanguage":"pt-BR","@id":"https:\/\/www.gaveanews.com\/#\/schema\/person\/image\/","url":"https:\/\/secure.gravatar.com\/avatar\/eda381c845527cc5d64c13b901833cda29d97500ba040d3e6461f76f51d163bb?s=96&d=mm&r=g","contentUrl":"https:\/\/secure.gravatar.com\/avatar\/eda381c845527cc5d64c13b901833cda29d97500ba040d3e6461f76f51d163bb?s=96&d=mm&r=g","caption":"Paula Silva"}}]}},"_links":{"self":[{"href":"https:\/\/www.gaveanews.com\/index.php\/wp-json\/wp\/v2\/posts\/266230","targetHints":{"allow":["GET"]}}],"collection":[{"href":"https:\/\/www.gaveanews.com\/index.php\/wp-json\/wp\/v2\/posts"}],"about":[{"href":"https:\/\/www.gaveanews.com\/index.php\/wp-json\/wp\/v2\/types\/post"}],"author":[{"embeddable":true,"href":"https:\/\/www.gaveanews.com\/index.php\/wp-json\/wp\/v2\/users\/18"}],"replies":[{"embeddable":true,"href":"https:\/\/www.gaveanews.com\/index.php\/wp-json\/wp\/v2\/comments?post=266230"}],"version-history":[{"count":1,"href":"https:\/\/www.gaveanews.com\/index.php\/wp-json\/wp\/v2\/posts\/266230\/revisions"}],"predecessor-version":[{"id":266246,"href":"https:\/\/www.gaveanews.com\/index.php\/wp-json\/wp\/v2\/posts\/266230\/revisions\/266246"}],"wp:featuredmedia":[{"embeddable":true,"href":"https:\/\/www.gaveanews.com\/index.php\/wp-json\/wp\/v2\/media\/157843"}],"wp:attachment":[{"href":"https:\/\/www.gaveanews.com\/index.php\/wp-json\/wp\/v2\/media?parent=266230"}],"wp:term":[{"taxonomy":"category","embeddable":true,"href":"https:\/\/www.gaveanews.com\/index.php\/wp-json\/wp\/v2\/categories?post=266230"},{"taxonomy":"post_tag","embeddable":true,"href":"https:\/\/www.gaveanews.com\/index.php\/wp-json\/wp\/v2\/tags?post=266230"}],"curies":[{"name":"wp","href":"https:\/\/api.w.org\/{rel}","templated":true}]}}