{"id":266398,"date":"2025-05-23T13:50:00","date_gmt":"2025-05-23T16:50:00","guid":{"rendered":"https:\/\/www.gaveanews.com\/?p=266398"},"modified":"2025-05-23T12:44:08","modified_gmt":"2025-05-23T15:44:08","slug":"a-declaracao-de-vitor-castanheira-direcionada-a-estevao-do-palmeiras","status":"publish","type":"post","link":"https:\/\/www.gaveanews.com\/index.php\/2025\/05\/23\/a-declaracao-de-vitor-castanheira-direcionada-a-estevao-do-palmeiras\/","title":{"rendered":"A declara\u00e7\u00e3o de Vitor Castanheira direcionada a Est\u00eav\u00e3o, do Palmeiras"},"content":{"rendered":"\n<p>A classifica\u00e7\u00e3o do Palmeiras para as oitavas de final da Copa do Brasil veio acompanhada de uma atua\u00e7\u00e3o dominante e de uma coletiva marcante. Com Abel Ferreira ausente para prestigiar a formatura da filha, coube ao auxiliar Vitor Castanheira comandar a entrevista p\u00f3s-jogo ap\u00f3s a vit\u00f3ria por 3 a 0 sobre o Cear\u00e1. E foi a\u00ed que um nome ganhou destaque especial: Est\u00eav\u00e3o.<\/p>\n\n\n\n<h2 class=\"wp-block-heading\" id=\"h-a-declaracao-de-vitor-castanheira\">A declara\u00e7\u00e3o de Vitor Castanheira <\/h2>\n\n\n\n<p>Autor de dois gols na partida, o jovem Est\u00eav\u00e3o foi exaltado por Castanheira de forma enf\u00e1tica. \u201cO jogador com essa idade e com o rendimento que ele tem&#8230; por isso que algu\u00e9m veio da Europa e buscou um jogador de 17 anos que \u00e9 brutal&#8221;, disse.<\/p>\n\n\n\n<p>Vale destacar que o garoto est\u00e1 com os dias contados no clube, j\u00e1 que deixar\u00e1 o elenco ap\u00f3s a disputa do Mundial de Clubes. Por isso, Castanheira lembrou que Paulinho e Facundo Torres foram contratados no in\u00edcio da temporada como substitui\u00e7\u00f5es planejadas. Sendo assim, o clube se preparou com anteced\u00eancia.<\/p>\n\n\n\n<h2 class=\"wp-block-heading\" id=\"h-rodizio-inteligente-mantem-padrao-tatico\">Rod\u00edzio inteligente mant\u00e9m padr\u00e3o t\u00e1tico<\/h2>\n\n\n\n<p>Al\u00e9m disso, o auxiliar destacou a import\u00e2ncia do rod\u00edzio dentro do elenco alviverde. An\u00edbal e Lucas Evangelista entraram nas vagas de Emiliano Mart\u00ednez e Richard R\u00edos, e corresponderam \u00e0 altura.<\/p>\n\n\n\n<blockquote class=\"wp-block-quote is-layout-flow wp-block-quote-is-layout-flow\">\n<p>\u201cO rod\u00edzio mostra que os jogadores est\u00e3o preparados [&#8230;] Isso \u00e9 sinal de orgulho e trabalho&#8221;, disse.<\/p>\n<\/blockquote>\n\n\n\n<p>Dessa maneira, o Palmeiras prova que n\u00e3o depende de nomes fixos para manter sua identidade t\u00e1tica. Isso porque a filosofia da comiss\u00e3o t\u00e9cnica \u00e9 clara: competitividade interna e excel\u00eancia coletiva.<\/p>\n\n\n\n<h2 class=\"wp-block-heading\" id=\"h-energia-das-arquibancadas-impulsiona-a-equipe\">Energia das arquibancadas impulsiona a equipe<\/h2>\n\n\n\n<p>Outro ponto refor\u00e7ado por Castanheira foi a conex\u00e3o entre elenco e torcida. Com mais de 38 mil pessoas no Allianz Parque, o apoio foi sentido em campo.<\/p>\n\n\n\n<blockquote class=\"wp-block-quote is-layout-flow wp-block-quote-is-layout-flow\">\n<p>\u201cAtuando com harmonia \u00e9 mais f\u00e1cil de trabalhar. [&#8230;] Essa equipe vai lutar sempre.\u201d<\/p>\n<\/blockquote>\n\n\n\n<p>Com isso, a confian\u00e7a aumenta para os pr\u00f3ximos desafios. O Palmeiras enfrenta o Flamengo no domingo (25), pelo Brasileir\u00e3o. Atualmente, o Verd\u00e3o lidera o campeonato com 22 pontos, seguido justamente pelos cariocas, que t\u00eam 18. Portanto, o confronto promete alta intensidade e Est\u00eav\u00e3o, claro, estar\u00e1 no centro das aten\u00e7\u00f5es.<\/p>\n","protected":false},"excerpt":{"rendered":"<p>A classifica\u00e7\u00e3o do Palmeiras para as oitavas de final da Copa do Brasil veio acompanhada de uma atua\u00e7\u00e3o dominante e de uma coletiva marcante. Com Abel Ferreira ausente para prestigiar a formatura da filha, coube ao auxiliar Vitor Castanheira comandar a entrevista p\u00f3s-jogo ap\u00f3s a vit\u00f3ria por 3 a 0 sobre o Cear\u00e1. E foi [&hellip;]<\/p>\n","protected":false},"author":24,"featured_media":155182,"comment_status":"open","ping_status":"closed","sticky":false,"template":"","format":"standard","meta":{"footnotes":""},"categories":[150],"tags":[],"class_list":["post-266398","post","type-post","status-publish","format-standard","has-post-thumbnail","hentry","category-palmeiras"],"yoast_head":"<!-- This site is optimized with the Yoast SEO Premium plugin v24.2 (Yoast SEO v26.9) - https:\/\/yoast.com\/product\/yoast-seo-premium-wordpress\/ -->\n<title>A declara\u00e7\u00e3o de Vitor Castanheira direcionada a Est\u00eav\u00e3o, do Palmeiras<\/title>\n<meta name=\"robots\" content=\"index, follow, max-snippet:-1, max-image-preview:large, max-video-preview:-1\" \/>\n<link rel=\"canonical\" href=\"https:\/\/www.gaveanews.com\/index.php\/2025\/05\/23\/a-declaracao-de-vitor-castanheira-direcionada-a-estevao-do-palmeiras\/\" \/>\n<meta property=\"og:locale\" content=\"pt_BR\" \/>\n<meta property=\"og:type\" content=\"article\" \/>\n<meta property=\"og:title\" content=\"A declara\u00e7\u00e3o de Vitor Castanheira direcionada a Est\u00eav\u00e3o, do Palmeiras\" \/>\n<meta property=\"og:description\" content=\"A classifica\u00e7\u00e3o do Palmeiras para as oitavas de final da Copa do Brasil veio acompanhada de uma atua\u00e7\u00e3o dominante e de uma coletiva marcante. Com Abel Ferreira ausente para prestigiar a formatura da filha, coube ao auxiliar Vitor Castanheira comandar a entrevista p\u00f3s-jogo ap\u00f3s a vit\u00f3ria por 3 a 0 sobre o Cear\u00e1. E foi [&hellip;]\" \/>\n<meta property=\"og:url\" content=\"https:\/\/www.gaveanews.com\/index.php\/2025\/05\/23\/a-declaracao-de-vitor-castanheira-direcionada-a-estevao-do-palmeiras\/\" \/>\n<meta property=\"og:site_name\" content=\"G\u00e1vea News\" \/>\n<meta property=\"article:publisher\" content=\"https:\/\/facebook.com\/gaveaNews\/\" \/>\n<meta property=\"article:published_time\" content=\"2025-05-23T16:50:00+00:00\" \/>\n<meta property=\"og:image\" content=\"https:\/\/www.gaveanews.com\/wp-content\/uploads\/Allianz-Parque-estadio-do-Palmeiras.webp\" \/>\n\t<meta property=\"og:image:width\" content=\"1023\" \/>\n\t<meta property=\"og:image:height\" content=\"767\" \/>\n\t<meta property=\"og:image:type\" content=\"image\/webp\" \/>\n<meta name=\"author\" content=\"Leandro Cardoso\" \/>\n<meta name=\"twitter:card\" content=\"summary_large_image\" \/>\n<meta name=\"twitter:label1\" content=\"Escrito por\" \/>\n\t<meta name=\"twitter:data1\" content=\"Leandro Cardoso\" \/>\n\t<meta name=\"twitter:label2\" content=\"Est. tempo de leitura\" \/>\n\t<meta name=\"twitter:data2\" content=\"2 minutos\" \/>\n<script type=\"application\/ld+json\" class=\"yoast-schema-graph\">{\"@context\":\"https:\/\/schema.org\",\"@graph\":[{\"@type\":\"NewsArticle\",\"@id\":\"https:\/\/www.gaveanews.com\/index.php\/2025\/05\/23\/a-declaracao-de-vitor-castanheira-direcionada-a-estevao-do-palmeiras\/#article\",\"isPartOf\":{\"@id\":\"https:\/\/www.gaveanews.com\/index.php\/2025\/05\/23\/a-declaracao-de-vitor-castanheira-direcionada-a-estevao-do-palmeiras\/\"},\"author\":{\"name\":\"Leandro Cardoso\",\"@id\":\"https:\/\/www.gaveanews.com\/#\/schema\/person\/2424ec6409bc3f068411fc5e4e9b6168\"},\"headline\":\"A declara\u00e7\u00e3o de Vitor Castanheira direcionada a Est\u00eav\u00e3o, do Palmeiras\",\"datePublished\":\"2025-05-23T16:50:00+00:00\",\"mainEntityOfPage\":{\"@id\":\"https:\/\/www.gaveanews.com\/index.php\/2025\/05\/23\/a-declaracao-de-vitor-castanheira-direcionada-a-estevao-do-palmeiras\/\"},\"wordCount\":385,\"commentCount\":0,\"image\":{\"@id\":\"https:\/\/www.gaveanews.com\/index.php\/2025\/05\/23\/a-declaracao-de-vitor-castanheira-direcionada-a-estevao-do-palmeiras\/#primaryimage\"},\"thumbnailUrl\":\"https:\/\/www.gaveanews.com\/wp-content\/uploads\/Allianz-Parque-estadio-do-Palmeiras.webp\",\"articleSection\":[\"Palmeiras\"],\"inLanguage\":\"pt-BR\",\"potentialAction\":[{\"@type\":\"CommentAction\",\"name\":\"Comment\",\"target\":[\"https:\/\/www.gaveanews.com\/index.php\/2025\/05\/23\/a-declaracao-de-vitor-castanheira-direcionada-a-estevao-do-palmeiras\/#respond\"]}],\"copyrightYear\":\"2025\",\"copyrightHolder\":{\"@id\":\"https:\/\/www.gaveanews.com\/#organization\"}},{\"@type\":\"WebPage\",\"@id\":\"https:\/\/www.gaveanews.com\/index.php\/2025\/05\/23\/a-declaracao-de-vitor-castanheira-direcionada-a-estevao-do-palmeiras\/\",\"url\":\"https:\/\/www.gaveanews.com\/index.php\/2025\/05\/23\/a-declaracao-de-vitor-castanheira-direcionada-a-estevao-do-palmeiras\/\",\"name\":\"A declara\u00e7\u00e3o de Vitor Castanheira direcionada a Est\u00eav\u00e3o, do Palmeiras\",\"isPartOf\":{\"@id\":\"https:\/\/www.gaveanews.com\/#website\"},\"primaryImageOfPage\":{\"@id\":\"https:\/\/www.gaveanews.com\/index.php\/2025\/05\/23\/a-declaracao-de-vitor-castanheira-direcionada-a-estevao-do-palmeiras\/#primaryimage\"},\"image\":{\"@id\":\"https:\/\/www.gaveanews.com\/index.php\/2025\/05\/23\/a-declaracao-de-vitor-castanheira-direcionada-a-estevao-do-palmeiras\/#primaryimage\"},\"thumbnailUrl\":\"https:\/\/www.gaveanews.com\/wp-content\/uploads\/Allianz-Parque-estadio-do-Palmeiras.webp\",\"datePublished\":\"2025-05-23T16:50:00+00:00\",\"author\":{\"@id\":\"https:\/\/www.gaveanews.com\/#\/schema\/person\/2424ec6409bc3f068411fc5e4e9b6168\"},\"breadcrumb\":{\"@id\":\"https:\/\/www.gaveanews.com\/index.php\/2025\/05\/23\/a-declaracao-de-vitor-castanheira-direcionada-a-estevao-do-palmeiras\/#breadcrumb\"},\"inLanguage\":\"pt-BR\",\"potentialAction\":[{\"@type\":\"ReadAction\",\"target\":[\"https:\/\/www.gaveanews.com\/index.php\/2025\/05\/23\/a-declaracao-de-vitor-castanheira-direcionada-a-estevao-do-palmeiras\/\"]}]},{\"@type\":\"ImageObject\",\"inLanguage\":\"pt-BR\",\"@id\":\"https:\/\/www.gaveanews.com\/index.php\/2025\/05\/23\/a-declaracao-de-vitor-castanheira-direcionada-a-estevao-do-palmeiras\/#primaryimage\",\"url\":\"https:\/\/www.gaveanews.com\/wp-content\/uploads\/Allianz-Parque-estadio-do-Palmeiras.webp\",\"contentUrl\":\"https:\/\/www.gaveanews.com\/wp-content\/uploads\/Allianz-Parque-estadio-do-Palmeiras.webp\",\"width\":1023,\"height\":767,\"caption\":\"Allianz Parque, est\u00e1dio do Palmeiras (Foto: Reprodu\u00e7\u00e3o\/Palmeiras)\"},{\"@type\":\"BreadcrumbList\",\"@id\":\"https:\/\/www.gaveanews.com\/index.php\/2025\/05\/23\/a-declaracao-de-vitor-castanheira-direcionada-a-estevao-do-palmeiras\/#breadcrumb\",\"itemListElement\":[{\"@type\":\"ListItem\",\"position\":1,\"name\":\"Home\",\"item\":\"https:\/\/www.gaveanews.com\/\"},{\"@type\":\"ListItem\",\"position\":2,\"name\":\"A declara\u00e7\u00e3o de Vitor Castanheira direcionada a Est\u00eav\u00e3o, do Palmeiras\"}]},{\"@type\":\"WebSite\",\"@id\":\"https:\/\/www.gaveanews.com\/#website\",\"url\":\"https:\/\/www.gaveanews.com\/\",\"name\":\"G\u00e1vea News\",\"description\":\"Veja todas as not\u00edcias sobre o Flamengo: Contrata\u00e7\u00f5es, categorias de base, resultados das partidas, tabela de classifica\u00e7\u00e3o, pr\u00f3ximos jogos!\",\"potentialAction\":[{\"@type\":\"SearchAction\",\"target\":{\"@type\":\"EntryPoint\",\"urlTemplate\":\"https:\/\/www.gaveanews.com\/?s={search_term_string}\"},\"query-input\":{\"@type\":\"PropertyValueSpecification\",\"valueRequired\":true,\"valueName\":\"search_term_string\"}}],\"inLanguage\":\"pt-BR\"},{\"@type\":\"Person\",\"@id\":\"https:\/\/www.gaveanews.com\/#\/schema\/person\/2424ec6409bc3f068411fc5e4e9b6168\",\"name\":\"Leandro Cardoso\",\"image\":{\"@type\":\"ImageObject\",\"inLanguage\":\"pt-BR\",\"@id\":\"https:\/\/www.gaveanews.com\/#\/schema\/person\/image\/\",\"url\":\"https:\/\/secure.gravatar.com\/avatar\/8ca179f9b55eefe9f376f5493ef25475bfa59fbc28ce937f6076ce20e523098f?s=96&d=mm&r=g\",\"contentUrl\":\"https:\/\/secure.gravatar.com\/avatar\/8ca179f9b55eefe9f376f5493ef25475bfa59fbc28ce937f6076ce20e523098f?s=96&d=mm&r=g\",\"caption\":\"Leandro Cardoso\"}}]}<\/script>\n<!-- \/ Yoast SEO Premium plugin. -->","yoast_head_json":{"title":"A declara\u00e7\u00e3o de Vitor Castanheira direcionada a Est\u00eav\u00e3o, do Palmeiras","robots":{"index":"index","follow":"follow","max-snippet":"max-snippet:-1","max-image-preview":"max-image-preview:large","max-video-preview":"max-video-preview:-1"},"canonical":"https:\/\/www.gaveanews.com\/index.php\/2025\/05\/23\/a-declaracao-de-vitor-castanheira-direcionada-a-estevao-do-palmeiras\/","og_locale":"pt_BR","og_type":"article","og_title":"A declara\u00e7\u00e3o de Vitor Castanheira direcionada a Est\u00eav\u00e3o, do Palmeiras","og_description":"A classifica\u00e7\u00e3o do Palmeiras para as oitavas de final da Copa do Brasil veio acompanhada de uma atua\u00e7\u00e3o dominante e de uma coletiva marcante. Com Abel Ferreira ausente para prestigiar a formatura da filha, coube ao auxiliar Vitor Castanheira comandar a entrevista p\u00f3s-jogo ap\u00f3s a vit\u00f3ria por 3 a 0 sobre o Cear\u00e1. E foi [&hellip;]","og_url":"https:\/\/www.gaveanews.com\/index.php\/2025\/05\/23\/a-declaracao-de-vitor-castanheira-direcionada-a-estevao-do-palmeiras\/","og_site_name":"G\u00e1vea News","article_publisher":"https:\/\/facebook.com\/gaveaNews\/","article_published_time":"2025-05-23T16:50:00+00:00","og_image":[{"width":1023,"height":767,"url":"https:\/\/www.gaveanews.com\/wp-content\/uploads\/Allianz-Parque-estadio-do-Palmeiras.webp","type":"image\/webp"}],"author":"Leandro Cardoso","twitter_card":"summary_large_image","twitter_misc":{"Escrito por":"Leandro Cardoso","Est. tempo de leitura":"2 minutos"},"schema":{"@context":"https:\/\/schema.org","@graph":[{"@type":"NewsArticle","@id":"https:\/\/www.gaveanews.com\/index.php\/2025\/05\/23\/a-declaracao-de-vitor-castanheira-direcionada-a-estevao-do-palmeiras\/#article","isPartOf":{"@id":"https:\/\/www.gaveanews.com\/index.php\/2025\/05\/23\/a-declaracao-de-vitor-castanheira-direcionada-a-estevao-do-palmeiras\/"},"author":{"name":"Leandro Cardoso","@id":"https:\/\/www.gaveanews.com\/#\/schema\/person\/2424ec6409bc3f068411fc5e4e9b6168"},"headline":"A declara\u00e7\u00e3o de Vitor Castanheira direcionada a Est\u00eav\u00e3o, do Palmeiras","datePublished":"2025-05-23T16:50:00+00:00","mainEntityOfPage":{"@id":"https:\/\/www.gaveanews.com\/index.php\/2025\/05\/23\/a-declaracao-de-vitor-castanheira-direcionada-a-estevao-do-palmeiras\/"},"wordCount":385,"commentCount":0,"image":{"@id":"https:\/\/www.gaveanews.com\/index.php\/2025\/05\/23\/a-declaracao-de-vitor-castanheira-direcionada-a-estevao-do-palmeiras\/#primaryimage"},"thumbnailUrl":"https:\/\/www.gaveanews.com\/wp-content\/uploads\/Allianz-Parque-estadio-do-Palmeiras.webp","articleSection":["Palmeiras"],"inLanguage":"pt-BR","potentialAction":[{"@type":"CommentAction","name":"Comment","target":["https:\/\/www.gaveanews.com\/index.php\/2025\/05\/23\/a-declaracao-de-vitor-castanheira-direcionada-a-estevao-do-palmeiras\/#respond"]}],"copyrightYear":"2025","copyrightHolder":{"@id":"https:\/\/www.gaveanews.com\/#organization"}},{"@type":"WebPage","@id":"https:\/\/www.gaveanews.com\/index.php\/2025\/05\/23\/a-declaracao-de-vitor-castanheira-direcionada-a-estevao-do-palmeiras\/","url":"https:\/\/www.gaveanews.com\/index.php\/2025\/05\/23\/a-declaracao-de-vitor-castanheira-direcionada-a-estevao-do-palmeiras\/","name":"A declara\u00e7\u00e3o de Vitor Castanheira direcionada a Est\u00eav\u00e3o, do Palmeiras","isPartOf":{"@id":"https:\/\/www.gaveanews.com\/#website"},"primaryImageOfPage":{"@id":"https:\/\/www.gaveanews.com\/index.php\/2025\/05\/23\/a-declaracao-de-vitor-castanheira-direcionada-a-estevao-do-palmeiras\/#primaryimage"},"image":{"@id":"https:\/\/www.gaveanews.com\/index.php\/2025\/05\/23\/a-declaracao-de-vitor-castanheira-direcionada-a-estevao-do-palmeiras\/#primaryimage"},"thumbnailUrl":"https:\/\/www.gaveanews.com\/wp-content\/uploads\/Allianz-Parque-estadio-do-Palmeiras.webp","datePublished":"2025-05-23T16:50:00+00:00","author":{"@id":"https:\/\/www.gaveanews.com\/#\/schema\/person\/2424ec6409bc3f068411fc5e4e9b6168"},"breadcrumb":{"@id":"https:\/\/www.gaveanews.com\/index.php\/2025\/05\/23\/a-declaracao-de-vitor-castanheira-direcionada-a-estevao-do-palmeiras\/#breadcrumb"},"inLanguage":"pt-BR","potentialAction":[{"@type":"ReadAction","target":["https:\/\/www.gaveanews.com\/index.php\/2025\/05\/23\/a-declaracao-de-vitor-castanheira-direcionada-a-estevao-do-palmeiras\/"]}]},{"@type":"ImageObject","inLanguage":"pt-BR","@id":"https:\/\/www.gaveanews.com\/index.php\/2025\/05\/23\/a-declaracao-de-vitor-castanheira-direcionada-a-estevao-do-palmeiras\/#primaryimage","url":"https:\/\/www.gaveanews.com\/wp-content\/uploads\/Allianz-Parque-estadio-do-Palmeiras.webp","contentUrl":"https:\/\/www.gaveanews.com\/wp-content\/uploads\/Allianz-Parque-estadio-do-Palmeiras.webp","width":1023,"height":767,"caption":"Allianz Parque, est\u00e1dio do Palmeiras (Foto: Reprodu\u00e7\u00e3o\/Palmeiras)"},{"@type":"BreadcrumbList","@id":"https:\/\/www.gaveanews.com\/index.php\/2025\/05\/23\/a-declaracao-de-vitor-castanheira-direcionada-a-estevao-do-palmeiras\/#breadcrumb","itemListElement":[{"@type":"ListItem","position":1,"name":"Home","item":"https:\/\/www.gaveanews.com\/"},{"@type":"ListItem","position":2,"name":"A declara\u00e7\u00e3o de Vitor Castanheira direcionada a Est\u00eav\u00e3o, do Palmeiras"}]},{"@type":"WebSite","@id":"https:\/\/www.gaveanews.com\/#website","url":"https:\/\/www.gaveanews.com\/","name":"G\u00e1vea News","description":"Veja todas as not\u00edcias sobre o Flamengo: Contrata\u00e7\u00f5es, categorias de base, resultados das partidas, tabela de classifica\u00e7\u00e3o, pr\u00f3ximos jogos!","potentialAction":[{"@type":"SearchAction","target":{"@type":"EntryPoint","urlTemplate":"https:\/\/www.gaveanews.com\/?s={search_term_string}"},"query-input":{"@type":"PropertyValueSpecification","valueRequired":true,"valueName":"search_term_string"}}],"inLanguage":"pt-BR"},{"@type":"Person","@id":"https:\/\/www.gaveanews.com\/#\/schema\/person\/2424ec6409bc3f068411fc5e4e9b6168","name":"Leandro Cardoso","image":{"@type":"ImageObject","inLanguage":"pt-BR","@id":"https:\/\/www.gaveanews.com\/#\/schema\/person\/image\/","url":"https:\/\/secure.gravatar.com\/avatar\/8ca179f9b55eefe9f376f5493ef25475bfa59fbc28ce937f6076ce20e523098f?s=96&d=mm&r=g","contentUrl":"https:\/\/secure.gravatar.com\/avatar\/8ca179f9b55eefe9f376f5493ef25475bfa59fbc28ce937f6076ce20e523098f?s=96&d=mm&r=g","caption":"Leandro Cardoso"}}]}},"_links":{"self":[{"href":"https:\/\/www.gaveanews.com\/index.php\/wp-json\/wp\/v2\/posts\/266398","targetHints":{"allow":["GET"]}}],"collection":[{"href":"https:\/\/www.gaveanews.com\/index.php\/wp-json\/wp\/v2\/posts"}],"about":[{"href":"https:\/\/www.gaveanews.com\/index.php\/wp-json\/wp\/v2\/types\/post"}],"author":[{"embeddable":true,"href":"https:\/\/www.gaveanews.com\/index.php\/wp-json\/wp\/v2\/users\/24"}],"replies":[{"embeddable":true,"href":"https:\/\/www.gaveanews.com\/index.php\/wp-json\/wp\/v2\/comments?post=266398"}],"version-history":[{"count":1,"href":"https:\/\/www.gaveanews.com\/index.php\/wp-json\/wp\/v2\/posts\/266398\/revisions"}],"predecessor-version":[{"id":266404,"href":"https:\/\/www.gaveanews.com\/index.php\/wp-json\/wp\/v2\/posts\/266398\/revisions\/266404"}],"wp:featuredmedia":[{"embeddable":true,"href":"https:\/\/www.gaveanews.com\/index.php\/wp-json\/wp\/v2\/media\/155182"}],"wp:attachment":[{"href":"https:\/\/www.gaveanews.com\/index.php\/wp-json\/wp\/v2\/media?parent=266398"}],"wp:term":[{"taxonomy":"category","embeddable":true,"href":"https:\/\/www.gaveanews.com\/index.php\/wp-json\/wp\/v2\/categories?post=266398"},{"taxonomy":"post_tag","embeddable":true,"href":"https:\/\/www.gaveanews.com\/index.php\/wp-json\/wp\/v2\/tags?post=266398"}],"curies":[{"name":"wp","href":"https:\/\/api.w.org\/{rel}","templated":true}]}}