{"id":266399,"date":"2025-05-23T13:45:00","date_gmt":"2025-05-23T16:45:00","guid":{"rendered":"https:\/\/www.gaveanews.com\/?p=266399"},"modified":"2025-05-23T12:42:20","modified_gmt":"2025-05-23T15:42:20","slug":"a-declaracao-de-rivaldo-direcionada-a-neymar-do-santos-2","status":"publish","type":"post","link":"https:\/\/www.gaveanews.com\/index.php\/2025\/05\/23\/a-declaracao-de-rivaldo-direcionada-a-neymar-do-santos-2\/","title":{"rendered":"A declara\u00e7\u00e3o de Rivaldo direcionada a Neymar, do Santos"},"content":{"rendered":"\n<p>Em entrevista recente, Rivaldo abordou temas sens\u00edveis e atuais do futebol brasileiro. O pentacampe\u00e3o mundial defendeu Neymar das cr\u00edticas que o jogador vem enfrentando e analisou os primeiros passos de Carlo Ancelotti \u00e0 frente da Sele\u00e7\u00e3o Brasileira. Al\u00e9m disso, comentou sobre a expectativa com o novo formato do Mundial de Clubes e sugeriu um poss\u00edvel refor\u00e7o para a comiss\u00e3o t\u00e9cnica da equipe nacional.<\/p>\n\n\n\n<p>Primeiramente, o ex-camisa 10 saiu em defesa de Neymar, que vem sendo alvo de cr\u00edticas por sua postura fora dos gramados, especialmente em meio \u00e0s dificuldades enfrentadas pelo Santos no Campeonato Brasileiro. Para Rivaldo, a situa\u00e7\u00e3o exige mais compreens\u00e3o. \u201c\u00c9 uma situa\u00e7\u00e3o delicada, porque todos sabem do que o Neymar \u00e9 capaz dentro de campo. As pessoas n\u00e3o entendem todas as agendas que ele precisa cumprir\u201d, declarou. Segundo ele, tais compromissos acabam prejudicando a imagem do atleta perante torcedores e imprensa.<\/p>\n\n\n\n<figure class=\"wp-block-image size-full\"><img loading=\"lazy\" decoding=\"async\" width=\"478\" height=\"328\" src=\"http:\/\/www.gaveanews.com\/wp-content\/uploads\/Rivaldo.webp\" alt=\"\" class=\"wp-image-205136\" srcset=\"https:\/\/www.gaveanews.com\/wp-content\/uploads\/Rivaldo.webp 478w, https:\/\/www.gaveanews.com\/wp-content\/uploads\/Rivaldo-300x206.webp 300w, https:\/\/www.gaveanews.com\/wp-content\/uploads\/Rivaldo-476x328.webp 476w, https:\/\/www.gaveanews.com\/wp-content\/uploads\/Rivaldo-100x69.webp 100w\" sizes=\"auto, (max-width: 478px) 100vw, 478px\" \/><figcaption class=\"wp-element-caption\">Rivaldo (Foto: Reprodu\u00e7\u00e3o)<\/figcaption><\/figure>\n\n\n\n<p>Ainda sobre o atacante, Rivaldo afirmou que deseja v\u00ea-lo novamente em boa forma defendendo o Santos, o que, segundo ele, pode abrir portas para seu retorno \u00e0 Sele\u00e7\u00e3o. \u201cTor\u00e7o para que ele volte logo e bem para o Santos. Porque ele jogando bem, \u00e9 um nome forte na Sele\u00e7\u00e3o Brasileira\u201d, completou o ex-jogador.<\/p>\n\n\n\n<p>Ao falar sobre a Sele\u00e7\u00e3o, Rivaldo se mostrou esperan\u00e7oso com a chegada de Ancelotti ao comando t\u00e9cnico. Contudo, apontou que o italiano precisar\u00e1 contar com pessoas que conhe\u00e7am o cen\u00e1rio nacional. \u201cNa minha opini\u00e3o, a pessoa ideal \u00e9 o Kak\u00e1. J\u00e1 jogou e trabalhou com o Ancelotti, \u00e9 preparado, inteligente e conhece muito bem o futebol brasileiro\u201d, afirmou. Para ele, o respeito m\u00fatuo entre ambos pode facilitar o trabalho na equipe.<\/p>\n\n\n\n<p>Conforme destacou Rivaldo, a recente pr\u00e9-lista de convocados tamb\u00e9m gerou rea\u00e7\u00f5es, o que considera normal. Ele ponderou, no entanto, que o trabalho colaborativo entre Ancelotti e nomes como Rodrigo Caetano e Juan pode ser essencial para esse in\u00edcio. \u201cA Sele\u00e7\u00e3o tem tudo para voltar ao protagonismo. Com trabalho s\u00e9rio e nomes comprometidos, vamos voltar a sonhar alto\u201d, opinou.<\/p>\n\n\n\n<p>Por fim, Rivaldo demonstrou empolga\u00e7\u00e3o com o novo formato do Mundial de Clubes e prestou apoio aos times brasileiros que disputar\u00e3o o torneio. Surpreendentemente, tamb\u00e9m comentou sobre a possibilidade de Cristiano Ronaldo atuar por um clube brasileiro. \u201cGostaria que ele, mesmo aos 40 anos, vestisse a camisa de algum clube do Brasil&#8230; isso seria gigantesco para qualquer time\u201d, disse o ex-meia.<\/p>\n\n\n\n<p>Assim sendo, Rivaldo reafirma seu olhar atento e participativo sobre o futebol nacional, trazendo reflex\u00f5es que dialogam com a realidade dos campos e bastidores, e mantendo sua relev\u00e2ncia mesmo ap\u00f3s o fim da carreira.<\/p>\n","protected":false},"excerpt":{"rendered":"<p>Em entrevista recente, Rivaldo abordou temas sens\u00edveis e atuais do futebol brasileiro. O pentacampe\u00e3o mundial defendeu Neymar das cr\u00edticas que o jogador vem enfrentando e analisou os primeiros passos de Carlo Ancelotti \u00e0 frente da Sele\u00e7\u00e3o Brasileira. Al\u00e9m disso, comentou sobre a expectativa com o novo formato do Mundial de Clubes e sugeriu um poss\u00edvel [&hellip;]<\/p>\n","protected":false},"author":27,"featured_media":244445,"comment_status":"open","ping_status":"closed","sticky":false,"template":"","format":"standard","meta":{"footnotes":""},"categories":[139],"tags":[],"class_list":["post-266399","post","type-post","status-publish","format-standard","has-post-thumbnail","hentry","category-santos"],"yoast_head":"<!-- This site is optimized with the Yoast SEO Premium plugin v24.2 (Yoast SEO v26.9) - https:\/\/yoast.com\/product\/yoast-seo-premium-wordpress\/ -->\n<title>A declara\u00e7\u00e3o de Rivaldo direcionada a Neymar, do Santos<\/title>\n<meta name=\"robots\" content=\"index, follow, max-snippet:-1, max-image-preview:large, max-video-preview:-1\" \/>\n<link rel=\"canonical\" href=\"https:\/\/www.gaveanews.com\/index.php\/2025\/05\/23\/a-declaracao-de-rivaldo-direcionada-a-neymar-do-santos-2\/\" \/>\n<meta property=\"og:locale\" content=\"pt_BR\" \/>\n<meta property=\"og:type\" content=\"article\" \/>\n<meta property=\"og:title\" content=\"A declara\u00e7\u00e3o de Rivaldo direcionada a Neymar, do Santos\" \/>\n<meta property=\"og:description\" content=\"Em entrevista recente, Rivaldo abordou temas sens\u00edveis e atuais do futebol brasileiro. O pentacampe\u00e3o mundial defendeu Neymar das cr\u00edticas que o jogador vem enfrentando e analisou os primeiros passos de Carlo Ancelotti \u00e0 frente da Sele\u00e7\u00e3o Brasileira. Al\u00e9m disso, comentou sobre a expectativa com o novo formato do Mundial de Clubes e sugeriu um poss\u00edvel [&hellip;]\" \/>\n<meta property=\"og:url\" content=\"https:\/\/www.gaveanews.com\/index.php\/2025\/05\/23\/a-declaracao-de-rivaldo-direcionada-a-neymar-do-santos-2\/\" \/>\n<meta property=\"og:site_name\" content=\"G\u00e1vea News\" \/>\n<meta property=\"article:publisher\" content=\"https:\/\/facebook.com\/gaveaNews\/\" \/>\n<meta property=\"article:published_time\" content=\"2025-05-23T16:45:00+00:00\" \/>\n<meta property=\"og:image\" content=\"https:\/\/www.gaveanews.com\/wp-content\/uploads\/Neymar-em-acao-com-a-camisa-do-Santos-em-2025.webp\" \/>\n\t<meta property=\"og:image:width\" content=\"900\" \/>\n\t<meta property=\"og:image:height\" content=\"600\" \/>\n\t<meta property=\"og:image:type\" content=\"image\/jpeg\" \/>\n<meta name=\"author\" content=\"Matheus Felipe\" \/>\n<meta name=\"twitter:card\" content=\"summary_large_image\" \/>\n<meta name=\"twitter:label1\" content=\"Escrito por\" \/>\n\t<meta name=\"twitter:data1\" content=\"Matheus Felipe\" \/>\n\t<meta name=\"twitter:label2\" content=\"Est. tempo de leitura\" \/>\n\t<meta name=\"twitter:data2\" content=\"3 minutos\" \/>\n<script type=\"application\/ld+json\" class=\"yoast-schema-graph\">{\"@context\":\"https:\/\/schema.org\",\"@graph\":[{\"@type\":\"NewsArticle\",\"@id\":\"https:\/\/www.gaveanews.com\/index.php\/2025\/05\/23\/a-declaracao-de-rivaldo-direcionada-a-neymar-do-santos-2\/#article\",\"isPartOf\":{\"@id\":\"https:\/\/www.gaveanews.com\/index.php\/2025\/05\/23\/a-declaracao-de-rivaldo-direcionada-a-neymar-do-santos-2\/\"},\"author\":{\"name\":\"Matheus Felipe\",\"@id\":\"https:\/\/www.gaveanews.com\/#\/schema\/person\/8207cd4627f56151707418bfc835b2fb\"},\"headline\":\"A declara\u00e7\u00e3o de Rivaldo direcionada a Neymar, do Santos\",\"datePublished\":\"2025-05-23T16:45:00+00:00\",\"mainEntityOfPage\":{\"@id\":\"https:\/\/www.gaveanews.com\/index.php\/2025\/05\/23\/a-declaracao-de-rivaldo-direcionada-a-neymar-do-santos-2\/\"},\"wordCount\":463,\"commentCount\":0,\"image\":{\"@id\":\"https:\/\/www.gaveanews.com\/index.php\/2025\/05\/23\/a-declaracao-de-rivaldo-direcionada-a-neymar-do-santos-2\/#primaryimage\"},\"thumbnailUrl\":\"https:\/\/www.gaveanews.com\/wp-content\/uploads\/Neymar-em-acao-com-a-camisa-do-Santos-em-2025.webp\",\"articleSection\":[\"Santos\"],\"inLanguage\":\"pt-BR\",\"potentialAction\":[{\"@type\":\"CommentAction\",\"name\":\"Comment\",\"target\":[\"https:\/\/www.gaveanews.com\/index.php\/2025\/05\/23\/a-declaracao-de-rivaldo-direcionada-a-neymar-do-santos-2\/#respond\"]}],\"copyrightYear\":\"2025\",\"copyrightHolder\":{\"@id\":\"https:\/\/www.gaveanews.com\/#organization\"}},{\"@type\":\"WebPage\",\"@id\":\"https:\/\/www.gaveanews.com\/index.php\/2025\/05\/23\/a-declaracao-de-rivaldo-direcionada-a-neymar-do-santos-2\/\",\"url\":\"https:\/\/www.gaveanews.com\/index.php\/2025\/05\/23\/a-declaracao-de-rivaldo-direcionada-a-neymar-do-santos-2\/\",\"name\":\"A declara\u00e7\u00e3o de Rivaldo direcionada a Neymar, do Santos\",\"isPartOf\":{\"@id\":\"https:\/\/www.gaveanews.com\/#website\"},\"primaryImageOfPage\":{\"@id\":\"https:\/\/www.gaveanews.com\/index.php\/2025\/05\/23\/a-declaracao-de-rivaldo-direcionada-a-neymar-do-santos-2\/#primaryimage\"},\"image\":{\"@id\":\"https:\/\/www.gaveanews.com\/index.php\/2025\/05\/23\/a-declaracao-de-rivaldo-direcionada-a-neymar-do-santos-2\/#primaryimage\"},\"thumbnailUrl\":\"https:\/\/www.gaveanews.com\/wp-content\/uploads\/Neymar-em-acao-com-a-camisa-do-Santos-em-2025.webp\",\"datePublished\":\"2025-05-23T16:45:00+00:00\",\"author\":{\"@id\":\"https:\/\/www.gaveanews.com\/#\/schema\/person\/8207cd4627f56151707418bfc835b2fb\"},\"breadcrumb\":{\"@id\":\"https:\/\/www.gaveanews.com\/index.php\/2025\/05\/23\/a-declaracao-de-rivaldo-direcionada-a-neymar-do-santos-2\/#breadcrumb\"},\"inLanguage\":\"pt-BR\",\"potentialAction\":[{\"@type\":\"ReadAction\",\"target\":[\"https:\/\/www.gaveanews.com\/index.php\/2025\/05\/23\/a-declaracao-de-rivaldo-direcionada-a-neymar-do-santos-2\/\"]}]},{\"@type\":\"ImageObject\",\"inLanguage\":\"pt-BR\",\"@id\":\"https:\/\/www.gaveanews.com\/index.php\/2025\/05\/23\/a-declaracao-de-rivaldo-direcionada-a-neymar-do-santos-2\/#primaryimage\",\"url\":\"https:\/\/www.gaveanews.com\/wp-content\/uploads\/Neymar-em-acao-com-a-camisa-do-Santos-em-2025.webp\",\"contentUrl\":\"https:\/\/www.gaveanews.com\/wp-content\/uploads\/Neymar-em-acao-com-a-camisa-do-Santos-em-2025.webp\",\"width\":900,\"height\":600,\"caption\":\"Neymar em a\u00e7\u00e3o com a camisa do Santos em 2025 (Foto: Raul Baretta\/ Santos FC)\"},{\"@type\":\"BreadcrumbList\",\"@id\":\"https:\/\/www.gaveanews.com\/index.php\/2025\/05\/23\/a-declaracao-de-rivaldo-direcionada-a-neymar-do-santos-2\/#breadcrumb\",\"itemListElement\":[{\"@type\":\"ListItem\",\"position\":1,\"name\":\"Home\",\"item\":\"https:\/\/www.gaveanews.com\/\"},{\"@type\":\"ListItem\",\"position\":2,\"name\":\"A declara\u00e7\u00e3o de Rivaldo direcionada a Neymar, do Santos\"}]},{\"@type\":\"WebSite\",\"@id\":\"https:\/\/www.gaveanews.com\/#website\",\"url\":\"https:\/\/www.gaveanews.com\/\",\"name\":\"G\u00e1vea News\",\"description\":\"Veja todas as not\u00edcias sobre o Flamengo: Contrata\u00e7\u00f5es, categorias de base, resultados das partidas, tabela de classifica\u00e7\u00e3o, pr\u00f3ximos jogos!\",\"potentialAction\":[{\"@type\":\"SearchAction\",\"target\":{\"@type\":\"EntryPoint\",\"urlTemplate\":\"https:\/\/www.gaveanews.com\/?s={search_term_string}\"},\"query-input\":{\"@type\":\"PropertyValueSpecification\",\"valueRequired\":true,\"valueName\":\"search_term_string\"}}],\"inLanguage\":\"pt-BR\"},{\"@type\":\"Person\",\"@id\":\"https:\/\/www.gaveanews.com\/#\/schema\/person\/8207cd4627f56151707418bfc835b2fb\",\"name\":\"Matheus Felipe\",\"image\":{\"@type\":\"ImageObject\",\"inLanguage\":\"pt-BR\",\"@id\":\"https:\/\/www.gaveanews.com\/#\/schema\/person\/image\/\",\"url\":\"https:\/\/secure.gravatar.com\/avatar\/a452ffbed9130f726358b298bb3a99ce4bd3c5338411f8440e87e14d74c7c087?s=96&d=mm&r=g\",\"contentUrl\":\"https:\/\/secure.gravatar.com\/avatar\/a452ffbed9130f726358b298bb3a99ce4bd3c5338411f8440e87e14d74c7c087?s=96&d=mm&r=g\",\"caption\":\"Matheus Felipe\"}}]}<\/script>\n<!-- \/ Yoast SEO Premium plugin. -->","yoast_head_json":{"title":"A declara\u00e7\u00e3o de Rivaldo direcionada a Neymar, do Santos","robots":{"index":"index","follow":"follow","max-snippet":"max-snippet:-1","max-image-preview":"max-image-preview:large","max-video-preview":"max-video-preview:-1"},"canonical":"https:\/\/www.gaveanews.com\/index.php\/2025\/05\/23\/a-declaracao-de-rivaldo-direcionada-a-neymar-do-santos-2\/","og_locale":"pt_BR","og_type":"article","og_title":"A declara\u00e7\u00e3o de Rivaldo direcionada a Neymar, do Santos","og_description":"Em entrevista recente, Rivaldo abordou temas sens\u00edveis e atuais do futebol brasileiro. O pentacampe\u00e3o mundial defendeu Neymar das cr\u00edticas que o jogador vem enfrentando e analisou os primeiros passos de Carlo Ancelotti \u00e0 frente da Sele\u00e7\u00e3o Brasileira. Al\u00e9m disso, comentou sobre a expectativa com o novo formato do Mundial de Clubes e sugeriu um poss\u00edvel [&hellip;]","og_url":"https:\/\/www.gaveanews.com\/index.php\/2025\/05\/23\/a-declaracao-de-rivaldo-direcionada-a-neymar-do-santos-2\/","og_site_name":"G\u00e1vea News","article_publisher":"https:\/\/facebook.com\/gaveaNews\/","article_published_time":"2025-05-23T16:45:00+00:00","og_image":[{"width":900,"height":600,"url":"https:\/\/www.gaveanews.com\/wp-content\/uploads\/Neymar-em-acao-com-a-camisa-do-Santos-em-2025.webp","type":"image\/jpeg"}],"author":"Matheus Felipe","twitter_card":"summary_large_image","twitter_misc":{"Escrito por":"Matheus Felipe","Est. tempo de leitura":"3 minutos"},"schema":{"@context":"https:\/\/schema.org","@graph":[{"@type":"NewsArticle","@id":"https:\/\/www.gaveanews.com\/index.php\/2025\/05\/23\/a-declaracao-de-rivaldo-direcionada-a-neymar-do-santos-2\/#article","isPartOf":{"@id":"https:\/\/www.gaveanews.com\/index.php\/2025\/05\/23\/a-declaracao-de-rivaldo-direcionada-a-neymar-do-santos-2\/"},"author":{"name":"Matheus Felipe","@id":"https:\/\/www.gaveanews.com\/#\/schema\/person\/8207cd4627f56151707418bfc835b2fb"},"headline":"A declara\u00e7\u00e3o de Rivaldo direcionada a Neymar, do Santos","datePublished":"2025-05-23T16:45:00+00:00","mainEntityOfPage":{"@id":"https:\/\/www.gaveanews.com\/index.php\/2025\/05\/23\/a-declaracao-de-rivaldo-direcionada-a-neymar-do-santos-2\/"},"wordCount":463,"commentCount":0,"image":{"@id":"https:\/\/www.gaveanews.com\/index.php\/2025\/05\/23\/a-declaracao-de-rivaldo-direcionada-a-neymar-do-santos-2\/#primaryimage"},"thumbnailUrl":"https:\/\/www.gaveanews.com\/wp-content\/uploads\/Neymar-em-acao-com-a-camisa-do-Santos-em-2025.webp","articleSection":["Santos"],"inLanguage":"pt-BR","potentialAction":[{"@type":"CommentAction","name":"Comment","target":["https:\/\/www.gaveanews.com\/index.php\/2025\/05\/23\/a-declaracao-de-rivaldo-direcionada-a-neymar-do-santos-2\/#respond"]}],"copyrightYear":"2025","copyrightHolder":{"@id":"https:\/\/www.gaveanews.com\/#organization"}},{"@type":"WebPage","@id":"https:\/\/www.gaveanews.com\/index.php\/2025\/05\/23\/a-declaracao-de-rivaldo-direcionada-a-neymar-do-santos-2\/","url":"https:\/\/www.gaveanews.com\/index.php\/2025\/05\/23\/a-declaracao-de-rivaldo-direcionada-a-neymar-do-santos-2\/","name":"A declara\u00e7\u00e3o de Rivaldo direcionada a Neymar, do Santos","isPartOf":{"@id":"https:\/\/www.gaveanews.com\/#website"},"primaryImageOfPage":{"@id":"https:\/\/www.gaveanews.com\/index.php\/2025\/05\/23\/a-declaracao-de-rivaldo-direcionada-a-neymar-do-santos-2\/#primaryimage"},"image":{"@id":"https:\/\/www.gaveanews.com\/index.php\/2025\/05\/23\/a-declaracao-de-rivaldo-direcionada-a-neymar-do-santos-2\/#primaryimage"},"thumbnailUrl":"https:\/\/www.gaveanews.com\/wp-content\/uploads\/Neymar-em-acao-com-a-camisa-do-Santos-em-2025.webp","datePublished":"2025-05-23T16:45:00+00:00","author":{"@id":"https:\/\/www.gaveanews.com\/#\/schema\/person\/8207cd4627f56151707418bfc835b2fb"},"breadcrumb":{"@id":"https:\/\/www.gaveanews.com\/index.php\/2025\/05\/23\/a-declaracao-de-rivaldo-direcionada-a-neymar-do-santos-2\/#breadcrumb"},"inLanguage":"pt-BR","potentialAction":[{"@type":"ReadAction","target":["https:\/\/www.gaveanews.com\/index.php\/2025\/05\/23\/a-declaracao-de-rivaldo-direcionada-a-neymar-do-santos-2\/"]}]},{"@type":"ImageObject","inLanguage":"pt-BR","@id":"https:\/\/www.gaveanews.com\/index.php\/2025\/05\/23\/a-declaracao-de-rivaldo-direcionada-a-neymar-do-santos-2\/#primaryimage","url":"https:\/\/www.gaveanews.com\/wp-content\/uploads\/Neymar-em-acao-com-a-camisa-do-Santos-em-2025.webp","contentUrl":"https:\/\/www.gaveanews.com\/wp-content\/uploads\/Neymar-em-acao-com-a-camisa-do-Santos-em-2025.webp","width":900,"height":600,"caption":"Neymar em a\u00e7\u00e3o com a camisa do Santos em 2025 (Foto: Raul Baretta\/ Santos FC)"},{"@type":"BreadcrumbList","@id":"https:\/\/www.gaveanews.com\/index.php\/2025\/05\/23\/a-declaracao-de-rivaldo-direcionada-a-neymar-do-santos-2\/#breadcrumb","itemListElement":[{"@type":"ListItem","position":1,"name":"Home","item":"https:\/\/www.gaveanews.com\/"},{"@type":"ListItem","position":2,"name":"A declara\u00e7\u00e3o de Rivaldo direcionada a Neymar, do Santos"}]},{"@type":"WebSite","@id":"https:\/\/www.gaveanews.com\/#website","url":"https:\/\/www.gaveanews.com\/","name":"G\u00e1vea News","description":"Veja todas as not\u00edcias sobre o Flamengo: Contrata\u00e7\u00f5es, categorias de base, resultados das partidas, tabela de classifica\u00e7\u00e3o, pr\u00f3ximos jogos!","potentialAction":[{"@type":"SearchAction","target":{"@type":"EntryPoint","urlTemplate":"https:\/\/www.gaveanews.com\/?s={search_term_string}"},"query-input":{"@type":"PropertyValueSpecification","valueRequired":true,"valueName":"search_term_string"}}],"inLanguage":"pt-BR"},{"@type":"Person","@id":"https:\/\/www.gaveanews.com\/#\/schema\/person\/8207cd4627f56151707418bfc835b2fb","name":"Matheus Felipe","image":{"@type":"ImageObject","inLanguage":"pt-BR","@id":"https:\/\/www.gaveanews.com\/#\/schema\/person\/image\/","url":"https:\/\/secure.gravatar.com\/avatar\/a452ffbed9130f726358b298bb3a99ce4bd3c5338411f8440e87e14d74c7c087?s=96&d=mm&r=g","contentUrl":"https:\/\/secure.gravatar.com\/avatar\/a452ffbed9130f726358b298bb3a99ce4bd3c5338411f8440e87e14d74c7c087?s=96&d=mm&r=g","caption":"Matheus Felipe"}}]}},"_links":{"self":[{"href":"https:\/\/www.gaveanews.com\/index.php\/wp-json\/wp\/v2\/posts\/266399","targetHints":{"allow":["GET"]}}],"collection":[{"href":"https:\/\/www.gaveanews.com\/index.php\/wp-json\/wp\/v2\/posts"}],"about":[{"href":"https:\/\/www.gaveanews.com\/index.php\/wp-json\/wp\/v2\/types\/post"}],"author":[{"embeddable":true,"href":"https:\/\/www.gaveanews.com\/index.php\/wp-json\/wp\/v2\/users\/27"}],"replies":[{"embeddable":true,"href":"https:\/\/www.gaveanews.com\/index.php\/wp-json\/wp\/v2\/comments?post=266399"}],"version-history":[{"count":1,"href":"https:\/\/www.gaveanews.com\/index.php\/wp-json\/wp\/v2\/posts\/266399\/revisions"}],"predecessor-version":[{"id":266401,"href":"https:\/\/www.gaveanews.com\/index.php\/wp-json\/wp\/v2\/posts\/266399\/revisions\/266401"}],"wp:featuredmedia":[{"embeddable":true,"href":"https:\/\/www.gaveanews.com\/index.php\/wp-json\/wp\/v2\/media\/244445"}],"wp:attachment":[{"href":"https:\/\/www.gaveanews.com\/index.php\/wp-json\/wp\/v2\/media?parent=266399"}],"wp:term":[{"taxonomy":"category","embeddable":true,"href":"https:\/\/www.gaveanews.com\/index.php\/wp-json\/wp\/v2\/categories?post=266399"},{"taxonomy":"post_tag","embeddable":true,"href":"https:\/\/www.gaveanews.com\/index.php\/wp-json\/wp\/v2\/tags?post=266399"}],"curies":[{"name":"wp","href":"https:\/\/api.w.org\/{rel}","templated":true}]}}