{"id":266484,"date":"2025-05-23T17:30:00","date_gmt":"2025-05-23T20:30:00","guid":{"rendered":"https:\/\/www.gaveanews.com\/?p=266484"},"modified":"2025-05-23T15:57:13","modified_gmt":"2025-05-23T18:57:13","slug":"parca-de-neymar-detona-o-santos-elenco-pequeno","status":"publish","type":"post","link":"https:\/\/www.gaveanews.com\/index.php\/2025\/05\/23\/parca-de-neymar-detona-o-santos-elenco-pequeno\/","title":{"rendered":"&#8216;Par\u00e7a&#8217; de Neymar detona o Santos: &#8220;elenco pequeno\u2026&#8221;"},"content":{"rendered":"\n<p>A elimina\u00e7\u00e3o do Santos diante do CRB, pela Copa do Brasil, n\u00e3o repercutiu apenas entre os torcedores. A repercuss\u00e3o chegou \u00e0s redes sociais com duras cr\u00edticas direcionadas ao elenco e \u00e0 diretoria do clube. Gui Pitta, amigo pr\u00f3ximo de Neymar, expressou sua frustra\u00e7\u00e3o ap\u00f3s o rev\u00e9s do Alvinegro e apontou falta de compet\u00eancia na gest\u00e3o e limita\u00e7\u00f5es no grupo de jogadores.<\/p>\n\n\n\n<p>Em publica\u00e7\u00e3o no Instagram, Pitta declarou: <em>\u201cEm 25 minutos o Neymar tentou muito ajudar, mas infelizmente temos jogadores, diretores e presidente n\u00e3o capacitados para o tamanho do Neymar. Ele \u00e9 muito grande para ter um elenco pequeno desses\u201d<\/em>. <\/p>\n\n\n\n<p>A fala, feita ap\u00f3s a derrota nos p\u00eanaltis, escancarou o descontentamento do entorno do camisa 10 com a atual situa\u00e7\u00e3o do clube.<\/p>\n\n\n\n<h3 class=\"wp-block-heading\" id=\"h-neymar-critica-dependencia-e-evita-falar-sobre-renovacao\">Neymar critica depend\u00eancia e evita falar sobre renova\u00e7\u00e3o<\/h3>\n\n\n\n<p>Enquanto o &#8216;par\u00e7a&#8217; utilizou tom mais agressivo, Neymar foi diplom\u00e1tico, mas tamb\u00e9m firme ao comentar a elimina\u00e7\u00e3o. Ap\u00f3s retornar aos gramados depois de mais de um m\u00eas afastado, o atacante participou dos minutos finais da partida e afirmou: <\/p>\n\n\n\n<p><em>\u201cN\u00e3o d\u00e1 para depender s\u00f3 de mim. Dependemos de todos para sair dessa situa\u00e7\u00e3o\u201d<\/em>. Em outro momento, disse que ainda n\u00e3o sabe se continuar\u00e1 no clube, sinalizando incerteza quanto a uma renova\u00e7\u00e3o de contrato.<\/p>\n\n\n\n<p>O v\u00ednculo atual vai at\u00e9 o dia 30 de junho e restam apenas tr\u00eas partidas oficiais a serem disputadas: contra Vit\u00f3ria, Botafogo e Fortaleza, al\u00e9m de um amistoso frente ao RB Leipzig, marcado para ter\u00e7a-feira (28 de maio), em Bragan\u00e7a Paulista. Ali\u00e1s, esse duelo foi mantido mesmo sob resist\u00eancia interna, por envolver patrocinadores ligados ao jogador.<\/p>\n\n\n\n<h3 class=\"wp-block-heading\" id=\"h-desempenho-dentro-de-campo\">Desempenho dentro de campo<\/h3>\n\n\n\n<p>Desde seu retorno ao Santos em fevereiro, Neymar participou de dez partidas, com tr\u00eas gols e tr\u00eas assist\u00eancias, n\u00fameros que se concentram em apenas tr\u00eas confrontos do Campeonato Paulista. Apesar disso, seu impacto \u00e9 percept\u00edvel: a m\u00e9dia \u00e9 de uma contribui\u00e7\u00e3o direta para gol a cada 106 minutos em campo.<\/p>\n\n\n\n<p>Foram 641 minutos jogados, com destaque para 20 finaliza\u00e7\u00f5es, sendo oito no alvo, al\u00e9m de 18 dribles bem-sucedidos e precis\u00e3o de 82,3% nos passes. Contudo, les\u00f5es prejudicaram sua regularidade, o que o fez ficar de fora de metade dos jogos do Peixe na temporada.<\/p>\n\n\n\n<h3 class=\"wp-block-heading\" id=\"h-clima-interno-e-reflexos-na-diretoria\">Clima interno e reflexos na diretoria<\/h3>\n\n\n\n<p>As declara\u00e7\u00f5es p\u00fablicas de Neymar e as cr\u00edticas do amigo abalaram o ambiente interno da Vila Belmiro. Conforme apontado, a diretoria liderada por Marcelo Teixeira n\u00e3o reagiu bem \u00e0 exposi\u00e7\u00e3o negativa. Internamente, o otimismo por uma eventual renova\u00e7\u00e3o do \u00eddolo diminuiu sensivelmente. O momento \u00e9 de avalia\u00e7\u00e3o, e o cen\u00e1rio passa por incertezas que se intensificam a cada rodada sem vit\u00f3ria.<\/p>\n","protected":false},"excerpt":{"rendered":"<p>A elimina\u00e7\u00e3o do Santos diante do CRB, pela Copa do Brasil, n\u00e3o repercutiu apenas entre os torcedores. A repercuss\u00e3o chegou \u00e0s redes sociais com duras cr\u00edticas direcionadas ao elenco e \u00e0 diretoria do clube. Gui Pitta, amigo pr\u00f3ximo de Neymar, expressou sua frustra\u00e7\u00e3o ap\u00f3s o rev\u00e9s do Alvinegro e apontou falta de compet\u00eancia na gest\u00e3o [&hellip;]<\/p>\n","protected":false},"author":30,"featured_media":221596,"comment_status":"open","ping_status":"closed","sticky":false,"template":"","format":"standard","meta":{"footnotes":""},"categories":[139],"tags":[],"class_list":["post-266484","post","type-post","status-publish","format-standard","has-post-thumbnail","hentry","category-santos"],"yoast_head":"<!-- This site is optimized with the Yoast SEO Premium plugin v24.2 (Yoast SEO v26.9) - https:\/\/yoast.com\/product\/yoast-seo-premium-wordpress\/ -->\n<title>&#039;Par\u00e7a&#039; de Neymar detona o Santos: &quot;elenco pequeno\u2026&quot;<\/title>\n<meta name=\"robots\" content=\"index, follow, max-snippet:-1, max-image-preview:large, max-video-preview:-1\" \/>\n<link rel=\"canonical\" href=\"https:\/\/www.gaveanews.com\/index.php\/2025\/05\/23\/parca-de-neymar-detona-o-santos-elenco-pequeno\/\" \/>\n<meta property=\"og:locale\" content=\"pt_BR\" \/>\n<meta property=\"og:type\" content=\"article\" \/>\n<meta property=\"og:title\" content=\"&#039;Par\u00e7a&#039; de Neymar detona o Santos: &quot;elenco pequeno\u2026&quot;\" \/>\n<meta property=\"og:description\" content=\"A elimina\u00e7\u00e3o do Santos diante do CRB, pela Copa do Brasil, n\u00e3o repercutiu apenas entre os torcedores. A repercuss\u00e3o chegou \u00e0s redes sociais com duras cr\u00edticas direcionadas ao elenco e \u00e0 diretoria do clube. Gui Pitta, amigo pr\u00f3ximo de Neymar, expressou sua frustra\u00e7\u00e3o ap\u00f3s o rev\u00e9s do Alvinegro e apontou falta de compet\u00eancia na gest\u00e3o [&hellip;]\" \/>\n<meta property=\"og:url\" content=\"https:\/\/www.gaveanews.com\/index.php\/2025\/05\/23\/parca-de-neymar-detona-o-santos-elenco-pequeno\/\" \/>\n<meta property=\"og:site_name\" content=\"G\u00e1vea News\" \/>\n<meta property=\"article:publisher\" content=\"https:\/\/facebook.com\/gaveaNews\/\" \/>\n<meta property=\"article:published_time\" content=\"2025-05-23T20:30:00+00:00\" \/>\n<meta property=\"og:image\" content=\"https:\/\/www.gaveanews.com\/wp-content\/uploads\/Neymar-pelo-Santos.webp\" \/>\n\t<meta property=\"og:image:width\" content=\"517\" \/>\n\t<meta property=\"og:image:height\" content=\"689\" \/>\n\t<meta property=\"og:image:type\" content=\"image\/jpeg\" \/>\n<meta name=\"author\" content=\"Ana Teixeira\" \/>\n<meta name=\"twitter:card\" content=\"summary_large_image\" \/>\n<meta name=\"twitter:label1\" content=\"Escrito por\" \/>\n\t<meta name=\"twitter:data1\" content=\"Ana Teixeira\" \/>\n\t<meta name=\"twitter:label2\" content=\"Est. tempo de leitura\" \/>\n\t<meta name=\"twitter:data2\" content=\"3 minutos\" \/>\n<script type=\"application\/ld+json\" class=\"yoast-schema-graph\">{\"@context\":\"https:\/\/schema.org\",\"@graph\":[{\"@type\":\"NewsArticle\",\"@id\":\"https:\/\/www.gaveanews.com\/index.php\/2025\/05\/23\/parca-de-neymar-detona-o-santos-elenco-pequeno\/#article\",\"isPartOf\":{\"@id\":\"https:\/\/www.gaveanews.com\/index.php\/2025\/05\/23\/parca-de-neymar-detona-o-santos-elenco-pequeno\/\"},\"author\":{\"name\":\"Ana Teixeira\",\"@id\":\"https:\/\/www.gaveanews.com\/#\/schema\/person\/3b19f7288b0ce20372991275e4f2e6c2\"},\"headline\":\"&#8216;Par\u00e7a&#8217; de Neymar detona o Santos: &#8220;elenco pequeno\u2026&#8221;\",\"datePublished\":\"2025-05-23T20:30:00+00:00\",\"mainEntityOfPage\":{\"@id\":\"https:\/\/www.gaveanews.com\/index.php\/2025\/05\/23\/parca-de-neymar-detona-o-santos-elenco-pequeno\/\"},\"wordCount\":473,\"commentCount\":0,\"image\":{\"@id\":\"https:\/\/www.gaveanews.com\/index.php\/2025\/05\/23\/parca-de-neymar-detona-o-santos-elenco-pequeno\/#primaryimage\"},\"thumbnailUrl\":\"https:\/\/www.gaveanews.com\/wp-content\/uploads\/Neymar-pelo-Santos.webp\",\"articleSection\":[\"Santos\"],\"inLanguage\":\"pt-BR\",\"potentialAction\":[{\"@type\":\"CommentAction\",\"name\":\"Comment\",\"target\":[\"https:\/\/www.gaveanews.com\/index.php\/2025\/05\/23\/parca-de-neymar-detona-o-santos-elenco-pequeno\/#respond\"]}],\"copyrightYear\":\"2025\",\"copyrightHolder\":{\"@id\":\"https:\/\/www.gaveanews.com\/#organization\"}},{\"@type\":\"WebPage\",\"@id\":\"https:\/\/www.gaveanews.com\/index.php\/2025\/05\/23\/parca-de-neymar-detona-o-santos-elenco-pequeno\/\",\"url\":\"https:\/\/www.gaveanews.com\/index.php\/2025\/05\/23\/parca-de-neymar-detona-o-santos-elenco-pequeno\/\",\"name\":\"'Par\u00e7a' de Neymar detona o Santos: \\\"elenco pequeno\u2026\\\"\",\"isPartOf\":{\"@id\":\"https:\/\/www.gaveanews.com\/#website\"},\"primaryImageOfPage\":{\"@id\":\"https:\/\/www.gaveanews.com\/index.php\/2025\/05\/23\/parca-de-neymar-detona-o-santos-elenco-pequeno\/#primaryimage\"},\"image\":{\"@id\":\"https:\/\/www.gaveanews.com\/index.php\/2025\/05\/23\/parca-de-neymar-detona-o-santos-elenco-pequeno\/#primaryimage\"},\"thumbnailUrl\":\"https:\/\/www.gaveanews.com\/wp-content\/uploads\/Neymar-pelo-Santos.webp\",\"datePublished\":\"2025-05-23T20:30:00+00:00\",\"author\":{\"@id\":\"https:\/\/www.gaveanews.com\/#\/schema\/person\/3b19f7288b0ce20372991275e4f2e6c2\"},\"breadcrumb\":{\"@id\":\"https:\/\/www.gaveanews.com\/index.php\/2025\/05\/23\/parca-de-neymar-detona-o-santos-elenco-pequeno\/#breadcrumb\"},\"inLanguage\":\"pt-BR\",\"potentialAction\":[{\"@type\":\"ReadAction\",\"target\":[\"https:\/\/www.gaveanews.com\/index.php\/2025\/05\/23\/parca-de-neymar-detona-o-santos-elenco-pequeno\/\"]}]},{\"@type\":\"ImageObject\",\"inLanguage\":\"pt-BR\",\"@id\":\"https:\/\/www.gaveanews.com\/index.php\/2025\/05\/23\/parca-de-neymar-detona-o-santos-elenco-pequeno\/#primaryimage\",\"url\":\"https:\/\/www.gaveanews.com\/wp-content\/uploads\/Neymar-pelo-Santos.webp\",\"contentUrl\":\"https:\/\/www.gaveanews.com\/wp-content\/uploads\/Neymar-pelo-Santos.webp\",\"width\":517,\"height\":689,\"caption\":\"Neymar pelo Santos (Foto: GuilhermeKastner \/ Santos FC)\"},{\"@type\":\"BreadcrumbList\",\"@id\":\"https:\/\/www.gaveanews.com\/index.php\/2025\/05\/23\/parca-de-neymar-detona-o-santos-elenco-pequeno\/#breadcrumb\",\"itemListElement\":[{\"@type\":\"ListItem\",\"position\":1,\"name\":\"Home\",\"item\":\"https:\/\/www.gaveanews.com\/\"},{\"@type\":\"ListItem\",\"position\":2,\"name\":\"&#8216;Par\u00e7a&#8217; de Neymar detona o Santos: &#8220;elenco pequeno\u2026&#8221;\"}]},{\"@type\":\"WebSite\",\"@id\":\"https:\/\/www.gaveanews.com\/#website\",\"url\":\"https:\/\/www.gaveanews.com\/\",\"name\":\"G\u00e1vea News\",\"description\":\"Veja todas as not\u00edcias sobre o Flamengo: Contrata\u00e7\u00f5es, categorias de base, resultados das partidas, tabela de classifica\u00e7\u00e3o, pr\u00f3ximos jogos!\",\"potentialAction\":[{\"@type\":\"SearchAction\",\"target\":{\"@type\":\"EntryPoint\",\"urlTemplate\":\"https:\/\/www.gaveanews.com\/?s={search_term_string}\"},\"query-input\":{\"@type\":\"PropertyValueSpecification\",\"valueRequired\":true,\"valueName\":\"search_term_string\"}}],\"inLanguage\":\"pt-BR\"},{\"@type\":\"Person\",\"@id\":\"https:\/\/www.gaveanews.com\/#\/schema\/person\/3b19f7288b0ce20372991275e4f2e6c2\",\"name\":\"Ana Teixeira\",\"image\":{\"@type\":\"ImageObject\",\"inLanguage\":\"pt-BR\",\"@id\":\"https:\/\/www.gaveanews.com\/#\/schema\/person\/image\/\",\"url\":\"https:\/\/secure.gravatar.com\/avatar\/0a73f5a5258f3fed37fc2fa641892f3f7a4748456d4d4792f9bc550e6c19e06c?s=96&d=mm&r=g\",\"contentUrl\":\"https:\/\/secure.gravatar.com\/avatar\/0a73f5a5258f3fed37fc2fa641892f3f7a4748456d4d4792f9bc550e6c19e06c?s=96&d=mm&r=g\",\"caption\":\"Ana Teixeira\"}}]}<\/script>\n<!-- \/ Yoast SEO Premium plugin. -->","yoast_head_json":{"title":"'Par\u00e7a' de Neymar detona o Santos: \"elenco pequeno\u2026\"","robots":{"index":"index","follow":"follow","max-snippet":"max-snippet:-1","max-image-preview":"max-image-preview:large","max-video-preview":"max-video-preview:-1"},"canonical":"https:\/\/www.gaveanews.com\/index.php\/2025\/05\/23\/parca-de-neymar-detona-o-santos-elenco-pequeno\/","og_locale":"pt_BR","og_type":"article","og_title":"'Par\u00e7a' de Neymar detona o Santos: \"elenco pequeno\u2026\"","og_description":"A elimina\u00e7\u00e3o do Santos diante do CRB, pela Copa do Brasil, n\u00e3o repercutiu apenas entre os torcedores. A repercuss\u00e3o chegou \u00e0s redes sociais com duras cr\u00edticas direcionadas ao elenco e \u00e0 diretoria do clube. Gui Pitta, amigo pr\u00f3ximo de Neymar, expressou sua frustra\u00e7\u00e3o ap\u00f3s o rev\u00e9s do Alvinegro e apontou falta de compet\u00eancia na gest\u00e3o [&hellip;]","og_url":"https:\/\/www.gaveanews.com\/index.php\/2025\/05\/23\/parca-de-neymar-detona-o-santos-elenco-pequeno\/","og_site_name":"G\u00e1vea News","article_publisher":"https:\/\/facebook.com\/gaveaNews\/","article_published_time":"2025-05-23T20:30:00+00:00","og_image":[{"width":517,"height":689,"url":"https:\/\/www.gaveanews.com\/wp-content\/uploads\/Neymar-pelo-Santos.webp","type":"image\/jpeg"}],"author":"Ana Teixeira","twitter_card":"summary_large_image","twitter_misc":{"Escrito por":"Ana Teixeira","Est. tempo de leitura":"3 minutos"},"schema":{"@context":"https:\/\/schema.org","@graph":[{"@type":"NewsArticle","@id":"https:\/\/www.gaveanews.com\/index.php\/2025\/05\/23\/parca-de-neymar-detona-o-santos-elenco-pequeno\/#article","isPartOf":{"@id":"https:\/\/www.gaveanews.com\/index.php\/2025\/05\/23\/parca-de-neymar-detona-o-santos-elenco-pequeno\/"},"author":{"name":"Ana Teixeira","@id":"https:\/\/www.gaveanews.com\/#\/schema\/person\/3b19f7288b0ce20372991275e4f2e6c2"},"headline":"&#8216;Par\u00e7a&#8217; de Neymar detona o Santos: &#8220;elenco pequeno\u2026&#8221;","datePublished":"2025-05-23T20:30:00+00:00","mainEntityOfPage":{"@id":"https:\/\/www.gaveanews.com\/index.php\/2025\/05\/23\/parca-de-neymar-detona-o-santos-elenco-pequeno\/"},"wordCount":473,"commentCount":0,"image":{"@id":"https:\/\/www.gaveanews.com\/index.php\/2025\/05\/23\/parca-de-neymar-detona-o-santos-elenco-pequeno\/#primaryimage"},"thumbnailUrl":"https:\/\/www.gaveanews.com\/wp-content\/uploads\/Neymar-pelo-Santos.webp","articleSection":["Santos"],"inLanguage":"pt-BR","potentialAction":[{"@type":"CommentAction","name":"Comment","target":["https:\/\/www.gaveanews.com\/index.php\/2025\/05\/23\/parca-de-neymar-detona-o-santos-elenco-pequeno\/#respond"]}],"copyrightYear":"2025","copyrightHolder":{"@id":"https:\/\/www.gaveanews.com\/#organization"}},{"@type":"WebPage","@id":"https:\/\/www.gaveanews.com\/index.php\/2025\/05\/23\/parca-de-neymar-detona-o-santos-elenco-pequeno\/","url":"https:\/\/www.gaveanews.com\/index.php\/2025\/05\/23\/parca-de-neymar-detona-o-santos-elenco-pequeno\/","name":"'Par\u00e7a' de Neymar detona o Santos: \"elenco pequeno\u2026\"","isPartOf":{"@id":"https:\/\/www.gaveanews.com\/#website"},"primaryImageOfPage":{"@id":"https:\/\/www.gaveanews.com\/index.php\/2025\/05\/23\/parca-de-neymar-detona-o-santos-elenco-pequeno\/#primaryimage"},"image":{"@id":"https:\/\/www.gaveanews.com\/index.php\/2025\/05\/23\/parca-de-neymar-detona-o-santos-elenco-pequeno\/#primaryimage"},"thumbnailUrl":"https:\/\/www.gaveanews.com\/wp-content\/uploads\/Neymar-pelo-Santos.webp","datePublished":"2025-05-23T20:30:00+00:00","author":{"@id":"https:\/\/www.gaveanews.com\/#\/schema\/person\/3b19f7288b0ce20372991275e4f2e6c2"},"breadcrumb":{"@id":"https:\/\/www.gaveanews.com\/index.php\/2025\/05\/23\/parca-de-neymar-detona-o-santos-elenco-pequeno\/#breadcrumb"},"inLanguage":"pt-BR","potentialAction":[{"@type":"ReadAction","target":["https:\/\/www.gaveanews.com\/index.php\/2025\/05\/23\/parca-de-neymar-detona-o-santos-elenco-pequeno\/"]}]},{"@type":"ImageObject","inLanguage":"pt-BR","@id":"https:\/\/www.gaveanews.com\/index.php\/2025\/05\/23\/parca-de-neymar-detona-o-santos-elenco-pequeno\/#primaryimage","url":"https:\/\/www.gaveanews.com\/wp-content\/uploads\/Neymar-pelo-Santos.webp","contentUrl":"https:\/\/www.gaveanews.com\/wp-content\/uploads\/Neymar-pelo-Santos.webp","width":517,"height":689,"caption":"Neymar pelo Santos (Foto: GuilhermeKastner \/ Santos FC)"},{"@type":"BreadcrumbList","@id":"https:\/\/www.gaveanews.com\/index.php\/2025\/05\/23\/parca-de-neymar-detona-o-santos-elenco-pequeno\/#breadcrumb","itemListElement":[{"@type":"ListItem","position":1,"name":"Home","item":"https:\/\/www.gaveanews.com\/"},{"@type":"ListItem","position":2,"name":"&#8216;Par\u00e7a&#8217; de Neymar detona o Santos: &#8220;elenco pequeno\u2026&#8221;"}]},{"@type":"WebSite","@id":"https:\/\/www.gaveanews.com\/#website","url":"https:\/\/www.gaveanews.com\/","name":"G\u00e1vea News","description":"Veja todas as not\u00edcias sobre o Flamengo: Contrata\u00e7\u00f5es, categorias de base, resultados das partidas, tabela de classifica\u00e7\u00e3o, pr\u00f3ximos jogos!","potentialAction":[{"@type":"SearchAction","target":{"@type":"EntryPoint","urlTemplate":"https:\/\/www.gaveanews.com\/?s={search_term_string}"},"query-input":{"@type":"PropertyValueSpecification","valueRequired":true,"valueName":"search_term_string"}}],"inLanguage":"pt-BR"},{"@type":"Person","@id":"https:\/\/www.gaveanews.com\/#\/schema\/person\/3b19f7288b0ce20372991275e4f2e6c2","name":"Ana Teixeira","image":{"@type":"ImageObject","inLanguage":"pt-BR","@id":"https:\/\/www.gaveanews.com\/#\/schema\/person\/image\/","url":"https:\/\/secure.gravatar.com\/avatar\/0a73f5a5258f3fed37fc2fa641892f3f7a4748456d4d4792f9bc550e6c19e06c?s=96&d=mm&r=g","contentUrl":"https:\/\/secure.gravatar.com\/avatar\/0a73f5a5258f3fed37fc2fa641892f3f7a4748456d4d4792f9bc550e6c19e06c?s=96&d=mm&r=g","caption":"Ana Teixeira"}}]}},"_links":{"self":[{"href":"https:\/\/www.gaveanews.com\/index.php\/wp-json\/wp\/v2\/posts\/266484","targetHints":{"allow":["GET"]}}],"collection":[{"href":"https:\/\/www.gaveanews.com\/index.php\/wp-json\/wp\/v2\/posts"}],"about":[{"href":"https:\/\/www.gaveanews.com\/index.php\/wp-json\/wp\/v2\/types\/post"}],"author":[{"embeddable":true,"href":"https:\/\/www.gaveanews.com\/index.php\/wp-json\/wp\/v2\/users\/30"}],"replies":[{"embeddable":true,"href":"https:\/\/www.gaveanews.com\/index.php\/wp-json\/wp\/v2\/comments?post=266484"}],"version-history":[{"count":1,"href":"https:\/\/www.gaveanews.com\/index.php\/wp-json\/wp\/v2\/posts\/266484\/revisions"}],"predecessor-version":[{"id":266496,"href":"https:\/\/www.gaveanews.com\/index.php\/wp-json\/wp\/v2\/posts\/266484\/revisions\/266496"}],"wp:featuredmedia":[{"embeddable":true,"href":"https:\/\/www.gaveanews.com\/index.php\/wp-json\/wp\/v2\/media\/221596"}],"wp:attachment":[{"href":"https:\/\/www.gaveanews.com\/index.php\/wp-json\/wp\/v2\/media?parent=266484"}],"wp:term":[{"taxonomy":"category","embeddable":true,"href":"https:\/\/www.gaveanews.com\/index.php\/wp-json\/wp\/v2\/categories?post=266484"},{"taxonomy":"post_tag","embeddable":true,"href":"https:\/\/www.gaveanews.com\/index.php\/wp-json\/wp\/v2\/tags?post=266484"}],"curies":[{"name":"wp","href":"https:\/\/api.w.org\/{rel}","templated":true}]}}