{"id":266504,"date":"2025-05-23T18:05:00","date_gmt":"2025-05-23T21:05:00","guid":{"rendered":"https:\/\/www.gaveanews.com\/?p=266504"},"modified":"2025-05-23T16:06:57","modified_gmt":"2025-05-23T19:06:57","slug":"real-madrid-toma-decisao-sobre-endrick-para-proxima-temporada","status":"publish","type":"post","link":"https:\/\/www.gaveanews.com\/index.php\/2025\/05\/23\/real-madrid-toma-decisao-sobre-endrick-para-proxima-temporada\/","title":{"rendered":"Real Madrid toma decis\u00e3o sobre Endrick para pr\u00f3xima temporada"},"content":{"rendered":"\n<p>O futuro de Endrick no Real Madrid come\u00e7a a tomar forma com decis\u00f5es importantes da diretoria e da comiss\u00e3o t\u00e9cnica. Apesar de jovem e ainda em processo de adapta\u00e7\u00e3o, o atacante brasileiro desperta confian\u00e7a no clube espanhol, que j\u00e1 projeta o seu papel para a pr\u00f3xima temporada.&nbsp;<\/p>\n\n\n\n<p>A an\u00e1lise do treinador Xabi Alonso ser\u00e1 fundamental para definir como o atacante ser\u00e1 aproveitado, mas a postura da diretoria indica um forte compromisso em manter o talento no elenco principal.<\/p>\n\n\n\n<h2 class=\"wp-block-heading\" id=\"h-confianca-total-da-diretoria-apesar-da-fase-de-adaptacao\">Confian\u00e7a total da diretoria apesar da fase de adapta\u00e7\u00e3o<\/h2>\n\n\n\n<p>Vale destacar que, mesmo ainda dependendo de uma avalia\u00e7\u00e3o do t\u00e9cnico Xabi Alonso, Endrick j\u00e1 conta com o prest\u00edgio do presidente Florentino P\u00e9rez, que n\u00e3o pensa em emprest\u00e1-lo ou vend\u00ea-lo.&nbsp;<\/p>\n\n\n\n<p>Isso porque o Real Madrid entende que o jogador est\u00e1 passando por um processo natural de adapta\u00e7\u00e3o, semelhante ao que passaram outros brasileiros como Vin\u00edcius J\u00fanior e Rodrygo.<\/p>\n\n\n\n<p>Sendo assim, o clube demonstra paci\u00eancia e confian\u00e7a no potencial do jovem atacante. Al\u00e9m disso, a comiss\u00e3o t\u00e9cnica sabe que for\u00e7ar a entrada prematura pode ser prejudicial para o desenvolvimento do atleta. Dessa maneira, o foco est\u00e1 em oferecer um ambiente prop\u00edcio para que Endrick evolua sem pressa.<\/p>\n\n\n\n<blockquote class=\"twitter-tweet\"><p lang=\"pt\" dir=\"ltr\">Real Madrid quer manter Endrick no elenco para a pr\u00f3xima temporada.<br><br>Mesmo ainda dependendo de uma avalia\u00e7\u00e3o do t\u00e9cnico Xabi Alonso, o atacante brasileiro conta com o prest\u00edgio do presidente Florentino P\u00e9rez, que n\u00e3o pensa em emprest\u00e1-lo ou vend\u00ea-lo.<br><br>O Real entende que Endrick\u2026 <a href=\"https:\/\/t.co\/ApKtr22wsV\">pic.twitter.com\/ApKtr22wsV<\/a><\/p>&mdash; Planeta do Futebol \ud83c\udf0e (@futebol_info) <a href=\"https:\/\/twitter.com\/futebol_info\/status\/1925963958298550595?ref_src=twsrc%5Etfw\">May 23, 2025<\/a><\/blockquote> <script async src=\"https:\/\/platform.twitter.com\/widgets.js\" charset=\"utf-8\"><\/script>\n\n\n\n<h2 class=\"wp-block-heading\" id=\"h-estafe-espera-definicao-com-chegada-de-xabi-alonso\">Estafe espera defini\u00e7\u00e3o com chegada de Xabi Alonso<\/h2>\n\n\n\n<p>Por isso, o estafe do jogador aguarda a chegada de Xabi Alonso para entender melhor o cen\u00e1rio. Eles acreditam que ainda \u00e9 cedo para descartar qualquer possibilidade, porque o treinador ter\u00e1 um papel fundamental na decis\u00e3o sobre o tempo de jogo e a melhor forma de utilizar o atacante.<\/p>\n\n\n\n<p>Com isso, todas as op\u00e7\u00f5es est\u00e3o em aberto, o que deixa o futuro de Endrick cheio de expectativas positivas. Cabe ressaltar que o planejamento do atleta est\u00e1 alinhado com grandes objetivos.<\/p>\n\n\n\n<h2 class=\"wp-block-heading\" id=\"h-copa-do-mundo-de-2026-esta-na-mira\">Copa do Mundo de 2026 est\u00e1 na mira<\/h2>\n\n\n\n<p>A Copa do Mundo de 2026 \u00e9 um dos grandes objetivos do jogador, e os minutos em campo ser\u00e3o fundamentais para alcan\u00e7ar essa meta. Portanto, ser preservado e ganhar experi\u00eancia gradativamente no Real Madrid \u00e9 fundamental para que Endrick chegue no auge da forma na pr\u00f3xima competi\u00e7\u00e3o mundial.<\/p>\n\n\n\n<p>Desse jeito, o Real Madrid demonstra que aposta no talento e na paci\u00eancia para que o brasileiro brilhe ainda mais no futuro pr\u00f3ximo.<\/p>\n","protected":false},"excerpt":{"rendered":"<p>O futuro de Endrick no Real Madrid come\u00e7a a tomar forma com decis\u00f5es importantes da diretoria e da comiss\u00e3o t\u00e9cnica. Apesar de jovem e ainda em processo de adapta\u00e7\u00e3o, o atacante brasileiro desperta confian\u00e7a no clube espanhol, que j\u00e1 projeta o seu papel para a pr\u00f3xima temporada.&nbsp; A an\u00e1lise do treinador Xabi Alonso ser\u00e1 fundamental [&hellip;]<\/p>\n","protected":false},"author":25,"featured_media":161086,"comment_status":"open","ping_status":"closed","sticky":false,"template":"","format":"standard","meta":{"footnotes":""},"categories":[88],"tags":[],"class_list":["post-266504","post","type-post","status-publish","format-standard","has-post-thumbnail","hentry","category-real-madrid"],"yoast_head":"<!-- This site is optimized with the Yoast SEO Premium plugin v24.2 (Yoast SEO v26.9) - https:\/\/yoast.com\/product\/yoast-seo-premium-wordpress\/ -->\n<title>Real Madrid toma decis\u00e3o sobre Endrick para pr\u00f3xima temporada<\/title>\n<meta name=\"robots\" content=\"index, follow, max-snippet:-1, max-image-preview:large, max-video-preview:-1\" \/>\n<link rel=\"canonical\" href=\"https:\/\/www.gaveanews.com\/index.php\/2025\/05\/23\/real-madrid-toma-decisao-sobre-endrick-para-proxima-temporada\/\" \/>\n<meta property=\"og:locale\" content=\"pt_BR\" \/>\n<meta property=\"og:type\" content=\"article\" \/>\n<meta property=\"og:title\" content=\"Real Madrid toma decis\u00e3o sobre Endrick para pr\u00f3xima temporada\" \/>\n<meta property=\"og:description\" content=\"O futuro de Endrick no Real Madrid come\u00e7a a tomar forma com decis\u00f5es importantes da diretoria e da comiss\u00e3o t\u00e9cnica. Apesar de jovem e ainda em processo de adapta\u00e7\u00e3o, o atacante brasileiro desperta confian\u00e7a no clube espanhol, que j\u00e1 projeta o seu papel para a pr\u00f3xima temporada.&nbsp; A an\u00e1lise do treinador Xabi Alonso ser\u00e1 fundamental [&hellip;]\" \/>\n<meta property=\"og:url\" content=\"https:\/\/www.gaveanews.com\/index.php\/2025\/05\/23\/real-madrid-toma-decisao-sobre-endrick-para-proxima-temporada\/\" \/>\n<meta property=\"og:site_name\" content=\"G\u00e1vea News\" \/>\n<meta property=\"article:publisher\" content=\"https:\/\/facebook.com\/gaveaNews\/\" \/>\n<meta property=\"article:published_time\" content=\"2025-05-23T21:05:00+00:00\" \/>\n<meta property=\"og:image\" content=\"https:\/\/www.gaveanews.com\/wp-content\/uploads\/endrick_-_real_madrid_1.jpg_554688468.webp\" \/>\n\t<meta property=\"og:image:width\" content=\"1200\" \/>\n\t<meta property=\"og:image:height\" content=\"675\" \/>\n\t<meta property=\"og:image:type\" content=\"image\/webp\" \/>\n<meta name=\"author\" content=\"Rafaela Ladeira\" \/>\n<meta name=\"twitter:card\" content=\"summary_large_image\" \/>\n<meta name=\"twitter:label1\" content=\"Escrito por\" \/>\n\t<meta name=\"twitter:data1\" content=\"Rafaela Ladeira\" \/>\n\t<meta name=\"twitter:label2\" content=\"Est. tempo de leitura\" \/>\n\t<meta name=\"twitter:data2\" content=\"3 minutos\" \/>\n<script type=\"application\/ld+json\" class=\"yoast-schema-graph\">{\"@context\":\"https:\/\/schema.org\",\"@graph\":[{\"@type\":\"NewsArticle\",\"@id\":\"https:\/\/www.gaveanews.com\/index.php\/2025\/05\/23\/real-madrid-toma-decisao-sobre-endrick-para-proxima-temporada\/#article\",\"isPartOf\":{\"@id\":\"https:\/\/www.gaveanews.com\/index.php\/2025\/05\/23\/real-madrid-toma-decisao-sobre-endrick-para-proxima-temporada\/\"},\"author\":{\"name\":\"Rafaela Ladeira\",\"@id\":\"https:\/\/www.gaveanews.com\/#\/schema\/person\/0eb3e3fe1754f0205218538adbe8f5ed\"},\"headline\":\"Real Madrid toma decis\u00e3o sobre Endrick para pr\u00f3xima temporada\",\"datePublished\":\"2025-05-23T21:05:00+00:00\",\"mainEntityOfPage\":{\"@id\":\"https:\/\/www.gaveanews.com\/index.php\/2025\/05\/23\/real-madrid-toma-decisao-sobre-endrick-para-proxima-temporada\/\"},\"wordCount\":471,\"commentCount\":0,\"image\":{\"@id\":\"https:\/\/www.gaveanews.com\/index.php\/2025\/05\/23\/real-madrid-toma-decisao-sobre-endrick-para-proxima-temporada\/#primaryimage\"},\"thumbnailUrl\":\"https:\/\/www.gaveanews.com\/wp-content\/uploads\/endrick_-_real_madrid_1.jpg_554688468.webp\",\"articleSection\":[\"Real Madrid\"],\"inLanguage\":\"pt-BR\",\"potentialAction\":[{\"@type\":\"CommentAction\",\"name\":\"Comment\",\"target\":[\"https:\/\/www.gaveanews.com\/index.php\/2025\/05\/23\/real-madrid-toma-decisao-sobre-endrick-para-proxima-temporada\/#respond\"]}],\"copyrightYear\":\"2025\",\"copyrightHolder\":{\"@id\":\"https:\/\/www.gaveanews.com\/#organization\"}},{\"@type\":\"WebPage\",\"@id\":\"https:\/\/www.gaveanews.com\/index.php\/2025\/05\/23\/real-madrid-toma-decisao-sobre-endrick-para-proxima-temporada\/\",\"url\":\"https:\/\/www.gaveanews.com\/index.php\/2025\/05\/23\/real-madrid-toma-decisao-sobre-endrick-para-proxima-temporada\/\",\"name\":\"Real Madrid toma decis\u00e3o sobre Endrick para pr\u00f3xima temporada\",\"isPartOf\":{\"@id\":\"https:\/\/www.gaveanews.com\/#website\"},\"primaryImageOfPage\":{\"@id\":\"https:\/\/www.gaveanews.com\/index.php\/2025\/05\/23\/real-madrid-toma-decisao-sobre-endrick-para-proxima-temporada\/#primaryimage\"},\"image\":{\"@id\":\"https:\/\/www.gaveanews.com\/index.php\/2025\/05\/23\/real-madrid-toma-decisao-sobre-endrick-para-proxima-temporada\/#primaryimage\"},\"thumbnailUrl\":\"https:\/\/www.gaveanews.com\/wp-content\/uploads\/endrick_-_real_madrid_1.jpg_554688468.webp\",\"datePublished\":\"2025-05-23T21:05:00+00:00\",\"author\":{\"@id\":\"https:\/\/www.gaveanews.com\/#\/schema\/person\/0eb3e3fe1754f0205218538adbe8f5ed\"},\"breadcrumb\":{\"@id\":\"https:\/\/www.gaveanews.com\/index.php\/2025\/05\/23\/real-madrid-toma-decisao-sobre-endrick-para-proxima-temporada\/#breadcrumb\"},\"inLanguage\":\"pt-BR\",\"potentialAction\":[{\"@type\":\"ReadAction\",\"target\":[\"https:\/\/www.gaveanews.com\/index.php\/2025\/05\/23\/real-madrid-toma-decisao-sobre-endrick-para-proxima-temporada\/\"]}]},{\"@type\":\"ImageObject\",\"inLanguage\":\"pt-BR\",\"@id\":\"https:\/\/www.gaveanews.com\/index.php\/2025\/05\/23\/real-madrid-toma-decisao-sobre-endrick-para-proxima-temporada\/#primaryimage\",\"url\":\"https:\/\/www.gaveanews.com\/wp-content\/uploads\/endrick_-_real_madrid_1.jpg_554688468.webp\",\"contentUrl\":\"https:\/\/www.gaveanews.com\/wp-content\/uploads\/endrick_-_real_madrid_1.jpg_554688468.webp\",\"width\":1200,\"height\":675,\"caption\":\"Endrick marcou seu primeiro gol pelo Real Madrid - Angel Martinez (2024 Getty Images, Getty Images Europe)\"},{\"@type\":\"BreadcrumbList\",\"@id\":\"https:\/\/www.gaveanews.com\/index.php\/2025\/05\/23\/real-madrid-toma-decisao-sobre-endrick-para-proxima-temporada\/#breadcrumb\",\"itemListElement\":[{\"@type\":\"ListItem\",\"position\":1,\"name\":\"Home\",\"item\":\"https:\/\/www.gaveanews.com\/\"},{\"@type\":\"ListItem\",\"position\":2,\"name\":\"Real Madrid toma decis\u00e3o sobre Endrick para pr\u00f3xima temporada\"}]},{\"@type\":\"WebSite\",\"@id\":\"https:\/\/www.gaveanews.com\/#website\",\"url\":\"https:\/\/www.gaveanews.com\/\",\"name\":\"G\u00e1vea News\",\"description\":\"Veja todas as not\u00edcias sobre o Flamengo: Contrata\u00e7\u00f5es, categorias de base, resultados das partidas, tabela de classifica\u00e7\u00e3o, pr\u00f3ximos jogos!\",\"potentialAction\":[{\"@type\":\"SearchAction\",\"target\":{\"@type\":\"EntryPoint\",\"urlTemplate\":\"https:\/\/www.gaveanews.com\/?s={search_term_string}\"},\"query-input\":{\"@type\":\"PropertyValueSpecification\",\"valueRequired\":true,\"valueName\":\"search_term_string\"}}],\"inLanguage\":\"pt-BR\"},{\"@type\":\"Person\",\"@id\":\"https:\/\/www.gaveanews.com\/#\/schema\/person\/0eb3e3fe1754f0205218538adbe8f5ed\",\"name\":\"Rafaela Ladeira\",\"image\":{\"@type\":\"ImageObject\",\"inLanguage\":\"pt-BR\",\"@id\":\"https:\/\/www.gaveanews.com\/#\/schema\/person\/image\/\",\"url\":\"https:\/\/secure.gravatar.com\/avatar\/c31f513acffd85eacab5730cbdfdbbf59f21ba5aeada8cd890acea879fbb2455?s=96&d=mm&r=g\",\"contentUrl\":\"https:\/\/secure.gravatar.com\/avatar\/c31f513acffd85eacab5730cbdfdbbf59f21ba5aeada8cd890acea879fbb2455?s=96&d=mm&r=g\",\"caption\":\"Rafaela Ladeira\"}}]}<\/script>\n<!-- \/ Yoast SEO Premium plugin. -->","yoast_head_json":{"title":"Real Madrid toma decis\u00e3o sobre Endrick para pr\u00f3xima temporada","robots":{"index":"index","follow":"follow","max-snippet":"max-snippet:-1","max-image-preview":"max-image-preview:large","max-video-preview":"max-video-preview:-1"},"canonical":"https:\/\/www.gaveanews.com\/index.php\/2025\/05\/23\/real-madrid-toma-decisao-sobre-endrick-para-proxima-temporada\/","og_locale":"pt_BR","og_type":"article","og_title":"Real Madrid toma decis\u00e3o sobre Endrick para pr\u00f3xima temporada","og_description":"O futuro de Endrick no Real Madrid come\u00e7a a tomar forma com decis\u00f5es importantes da diretoria e da comiss\u00e3o t\u00e9cnica. Apesar de jovem e ainda em processo de adapta\u00e7\u00e3o, o atacante brasileiro desperta confian\u00e7a no clube espanhol, que j\u00e1 projeta o seu papel para a pr\u00f3xima temporada.&nbsp; A an\u00e1lise do treinador Xabi Alonso ser\u00e1 fundamental [&hellip;]","og_url":"https:\/\/www.gaveanews.com\/index.php\/2025\/05\/23\/real-madrid-toma-decisao-sobre-endrick-para-proxima-temporada\/","og_site_name":"G\u00e1vea News","article_publisher":"https:\/\/facebook.com\/gaveaNews\/","article_published_time":"2025-05-23T21:05:00+00:00","og_image":[{"width":1200,"height":675,"url":"https:\/\/www.gaveanews.com\/wp-content\/uploads\/endrick_-_real_madrid_1.jpg_554688468.webp","type":"image\/webp"}],"author":"Rafaela Ladeira","twitter_card":"summary_large_image","twitter_misc":{"Escrito por":"Rafaela Ladeira","Est. tempo de leitura":"3 minutos"},"schema":{"@context":"https:\/\/schema.org","@graph":[{"@type":"NewsArticle","@id":"https:\/\/www.gaveanews.com\/index.php\/2025\/05\/23\/real-madrid-toma-decisao-sobre-endrick-para-proxima-temporada\/#article","isPartOf":{"@id":"https:\/\/www.gaveanews.com\/index.php\/2025\/05\/23\/real-madrid-toma-decisao-sobre-endrick-para-proxima-temporada\/"},"author":{"name":"Rafaela Ladeira","@id":"https:\/\/www.gaveanews.com\/#\/schema\/person\/0eb3e3fe1754f0205218538adbe8f5ed"},"headline":"Real Madrid toma decis\u00e3o sobre Endrick para pr\u00f3xima temporada","datePublished":"2025-05-23T21:05:00+00:00","mainEntityOfPage":{"@id":"https:\/\/www.gaveanews.com\/index.php\/2025\/05\/23\/real-madrid-toma-decisao-sobre-endrick-para-proxima-temporada\/"},"wordCount":471,"commentCount":0,"image":{"@id":"https:\/\/www.gaveanews.com\/index.php\/2025\/05\/23\/real-madrid-toma-decisao-sobre-endrick-para-proxima-temporada\/#primaryimage"},"thumbnailUrl":"https:\/\/www.gaveanews.com\/wp-content\/uploads\/endrick_-_real_madrid_1.jpg_554688468.webp","articleSection":["Real Madrid"],"inLanguage":"pt-BR","potentialAction":[{"@type":"CommentAction","name":"Comment","target":["https:\/\/www.gaveanews.com\/index.php\/2025\/05\/23\/real-madrid-toma-decisao-sobre-endrick-para-proxima-temporada\/#respond"]}],"copyrightYear":"2025","copyrightHolder":{"@id":"https:\/\/www.gaveanews.com\/#organization"}},{"@type":"WebPage","@id":"https:\/\/www.gaveanews.com\/index.php\/2025\/05\/23\/real-madrid-toma-decisao-sobre-endrick-para-proxima-temporada\/","url":"https:\/\/www.gaveanews.com\/index.php\/2025\/05\/23\/real-madrid-toma-decisao-sobre-endrick-para-proxima-temporada\/","name":"Real Madrid toma decis\u00e3o sobre Endrick para pr\u00f3xima temporada","isPartOf":{"@id":"https:\/\/www.gaveanews.com\/#website"},"primaryImageOfPage":{"@id":"https:\/\/www.gaveanews.com\/index.php\/2025\/05\/23\/real-madrid-toma-decisao-sobre-endrick-para-proxima-temporada\/#primaryimage"},"image":{"@id":"https:\/\/www.gaveanews.com\/index.php\/2025\/05\/23\/real-madrid-toma-decisao-sobre-endrick-para-proxima-temporada\/#primaryimage"},"thumbnailUrl":"https:\/\/www.gaveanews.com\/wp-content\/uploads\/endrick_-_real_madrid_1.jpg_554688468.webp","datePublished":"2025-05-23T21:05:00+00:00","author":{"@id":"https:\/\/www.gaveanews.com\/#\/schema\/person\/0eb3e3fe1754f0205218538adbe8f5ed"},"breadcrumb":{"@id":"https:\/\/www.gaveanews.com\/index.php\/2025\/05\/23\/real-madrid-toma-decisao-sobre-endrick-para-proxima-temporada\/#breadcrumb"},"inLanguage":"pt-BR","potentialAction":[{"@type":"ReadAction","target":["https:\/\/www.gaveanews.com\/index.php\/2025\/05\/23\/real-madrid-toma-decisao-sobre-endrick-para-proxima-temporada\/"]}]},{"@type":"ImageObject","inLanguage":"pt-BR","@id":"https:\/\/www.gaveanews.com\/index.php\/2025\/05\/23\/real-madrid-toma-decisao-sobre-endrick-para-proxima-temporada\/#primaryimage","url":"https:\/\/www.gaveanews.com\/wp-content\/uploads\/endrick_-_real_madrid_1.jpg_554688468.webp","contentUrl":"https:\/\/www.gaveanews.com\/wp-content\/uploads\/endrick_-_real_madrid_1.jpg_554688468.webp","width":1200,"height":675,"caption":"Endrick marcou seu primeiro gol pelo Real Madrid - Angel Martinez (2024 Getty Images, Getty Images Europe)"},{"@type":"BreadcrumbList","@id":"https:\/\/www.gaveanews.com\/index.php\/2025\/05\/23\/real-madrid-toma-decisao-sobre-endrick-para-proxima-temporada\/#breadcrumb","itemListElement":[{"@type":"ListItem","position":1,"name":"Home","item":"https:\/\/www.gaveanews.com\/"},{"@type":"ListItem","position":2,"name":"Real Madrid toma decis\u00e3o sobre Endrick para pr\u00f3xima temporada"}]},{"@type":"WebSite","@id":"https:\/\/www.gaveanews.com\/#website","url":"https:\/\/www.gaveanews.com\/","name":"G\u00e1vea News","description":"Veja todas as not\u00edcias sobre o Flamengo: Contrata\u00e7\u00f5es, categorias de base, resultados das partidas, tabela de classifica\u00e7\u00e3o, pr\u00f3ximos jogos!","potentialAction":[{"@type":"SearchAction","target":{"@type":"EntryPoint","urlTemplate":"https:\/\/www.gaveanews.com\/?s={search_term_string}"},"query-input":{"@type":"PropertyValueSpecification","valueRequired":true,"valueName":"search_term_string"}}],"inLanguage":"pt-BR"},{"@type":"Person","@id":"https:\/\/www.gaveanews.com\/#\/schema\/person\/0eb3e3fe1754f0205218538adbe8f5ed","name":"Rafaela Ladeira","image":{"@type":"ImageObject","inLanguage":"pt-BR","@id":"https:\/\/www.gaveanews.com\/#\/schema\/person\/image\/","url":"https:\/\/secure.gravatar.com\/avatar\/c31f513acffd85eacab5730cbdfdbbf59f21ba5aeada8cd890acea879fbb2455?s=96&d=mm&r=g","contentUrl":"https:\/\/secure.gravatar.com\/avatar\/c31f513acffd85eacab5730cbdfdbbf59f21ba5aeada8cd890acea879fbb2455?s=96&d=mm&r=g","caption":"Rafaela Ladeira"}}]}},"_links":{"self":[{"href":"https:\/\/www.gaveanews.com\/index.php\/wp-json\/wp\/v2\/posts\/266504","targetHints":{"allow":["GET"]}}],"collection":[{"href":"https:\/\/www.gaveanews.com\/index.php\/wp-json\/wp\/v2\/posts"}],"about":[{"href":"https:\/\/www.gaveanews.com\/index.php\/wp-json\/wp\/v2\/types\/post"}],"author":[{"embeddable":true,"href":"https:\/\/www.gaveanews.com\/index.php\/wp-json\/wp\/v2\/users\/25"}],"replies":[{"embeddable":true,"href":"https:\/\/www.gaveanews.com\/index.php\/wp-json\/wp\/v2\/comments?post=266504"}],"version-history":[{"count":2,"href":"https:\/\/www.gaveanews.com\/index.php\/wp-json\/wp\/v2\/posts\/266504\/revisions"}],"predecessor-version":[{"id":266507,"href":"https:\/\/www.gaveanews.com\/index.php\/wp-json\/wp\/v2\/posts\/266504\/revisions\/266507"}],"wp:featuredmedia":[{"embeddable":true,"href":"https:\/\/www.gaveanews.com\/index.php\/wp-json\/wp\/v2\/media\/161086"}],"wp:attachment":[{"href":"https:\/\/www.gaveanews.com\/index.php\/wp-json\/wp\/v2\/media?parent=266504"}],"wp:term":[{"taxonomy":"category","embeddable":true,"href":"https:\/\/www.gaveanews.com\/index.php\/wp-json\/wp\/v2\/categories?post=266504"},{"taxonomy":"post_tag","embeddable":true,"href":"https:\/\/www.gaveanews.com\/index.php\/wp-json\/wp\/v2\/tags?post=266504"}],"curies":[{"name":"wp","href":"https:\/\/api.w.org\/{rel}","templated":true}]}}