{"id":26651,"date":"2019-09-03T09:49:57","date_gmt":"2019-09-03T12:49:57","guid":{"rendered":"http:\/\/www.gaveanews.com\/?p=26651"},"modified":"2019-09-03T09:53:52","modified_gmt":"2019-09-03T12:53:52","slug":"atraves-das-rede-sociais-meia-uruguaio-do-flamengo-de-arrascaeta-publica-brincadeira-com-os-laterais-rafinha-e-filipe-luis","status":"publish","type":"post","link":"https:\/\/www.gaveanews.com\/index.php\/2019\/09\/03\/atraves-das-rede-sociais-meia-uruguaio-do-flamengo-de-arrascaeta-publica-brincadeira-com-os-laterais-rafinha-e-filipe-luis\/","title":{"rendered":"Atrav\u00e9s das rede sociais, meia uruguaio do Flamengo, De Arrascaeta publica brincadeira com os laterais Rafinha e Filipe Lu\u00eds"},"content":{"rendered":"\n<p>Nos \u00faltimos anos, dentre as car\u00eancias mais apontadas no elenco do Flamengo, as lateais estavam em evid\u00eancia. Em 2019, por\u00e9m, os dirigentes do time Mais Querido do Brasil acertaram com Rafinha e Filipe Lu\u00eds, que chegaram n\u00e3o somente para elevar o n\u00edvel, como tamb\u00e9m para formarem a melhor dupla de laterais do futebol brasileiro. <\/p>\n\n\n\n<p>Em meio a isso, o meia uruguaio Giorgian De Arrascaeta decidiu brincar em rela\u00e7\u00e3o \u00e0 qualidade dos companheiros de equipe.<\/p>\n\n\n\n<p>Algumas horas ap\u00f3s o trinfo por 3 a 0 sobre o Palmeiras, na 17\u00aa rodada do Campeonato Brasileiro, o camisa 14 publicou uma foto em seu Story do Instagram, na qual aparecem Filipe Lu\u00eds e Rafinha, al\u00e9m de Everton Ribeiro. Na legenda: \u201cA gente t\u00e1 procurando lateral, se algu\u00e9m achar, me liga\u201d.<\/p>\n\n\n\n<p><strong>CONFIRA A PUBLICA\u00c7\u00c3O:<\/strong><\/p>\n\n\n\n<figure class=\"wp-block-image\"><img decoding=\"async\" src=\"https:\/\/controle.colunadofla.com\/wp-content\/uploads\/2019\/09\/80398002-7bd7-4345-84bf-9559c3a18a7b.webp\" alt=\"\"\/><\/figure>\n\n\n\n<p>Contratados na janela de transfer\u00eancias do meio do ano, Rafinha e Filipe Lu\u00eds j\u00e1 t\u00eam se tornado fundamentais para o Flamengo. At\u00e9 ent\u00e3o, o camisa 13 soma 11 jogos pelo Mais Querido, com sete vit\u00f3rias, dois empates e duas derrotas;  o lateral esquerdo, por sua vez, tem cinco vit\u00f3rias, um empate e uma derrota em sete partidas vestindo o Manto Sagrado.<\/p>\n\n\n\n<p>Retirado de: Coluna do Fla<\/p>\n\n\n","protected":false},"excerpt":{"rendered":"<p>Nos \u00faltimos anos, dentre as car\u00eancias mais apontadas no elenco do Flamengo, as lateais estavam em evid\u00eancia. Em 2019, por\u00e9m, os dirigentes do time Mais Querido do Brasil acertaram com Rafinha e Filipe Lu\u00eds, que chegaram n\u00e3o somente para elevar o n\u00edvel, como tamb\u00e9m para formarem a melhor dupla de laterais do futebol brasileiro. Em [&hellip;]<\/p>\n","protected":false},"author":1,"featured_media":14951,"comment_status":"open","ping_status":"open","sticky":false,"template":"","format":"standard","meta":{"footnotes":""},"categories":[1],"tags":[],"class_list":["post-26651","post","type-post","status-publish","format-standard","has-post-thumbnail","hentry","category-flamengo"],"yoast_head":"<!-- This site is optimized with the Yoast SEO Premium plugin v24.2 (Yoast SEO v26.9) - https:\/\/yoast.com\/product\/yoast-seo-premium-wordpress\/ -->\n<title>Atrav\u00e9s das rede sociais, meia uruguaio do Flamengo, De Arrascaeta publica brincadeira com os laterais Rafinha e Filipe Lu\u00eds<\/title>\n<meta name=\"robots\" content=\"index, follow, max-snippet:-1, max-image-preview:large, max-video-preview:-1\" \/>\n<link rel=\"canonical\" href=\"https:\/\/www.gaveanews.com\/index.php\/2019\/09\/03\/atraves-das-rede-sociais-meia-uruguaio-do-flamengo-de-arrascaeta-publica-brincadeira-com-os-laterais-rafinha-e-filipe-luis\/\" \/>\n<meta property=\"og:locale\" content=\"pt_BR\" \/>\n<meta property=\"og:type\" content=\"article\" \/>\n<meta property=\"og:title\" content=\"Atrav\u00e9s das rede sociais, meia uruguaio do Flamengo, De Arrascaeta publica brincadeira com os laterais Rafinha e Filipe Lu\u00eds\" \/>\n<meta property=\"og:description\" content=\"Nos \u00faltimos anos, dentre as car\u00eancias mais apontadas no elenco do Flamengo, as lateais estavam em evid\u00eancia. Em 2019, por\u00e9m, os dirigentes do time Mais Querido do Brasil acertaram com Rafinha e Filipe Lu\u00eds, que chegaram n\u00e3o somente para elevar o n\u00edvel, como tamb\u00e9m para formarem a melhor dupla de laterais do futebol brasileiro. Em [&hellip;]\" \/>\n<meta property=\"og:url\" content=\"https:\/\/www.gaveanews.com\/index.php\/2019\/09\/03\/atraves-das-rede-sociais-meia-uruguaio-do-flamengo-de-arrascaeta-publica-brincadeira-com-os-laterais-rafinha-e-filipe-luis\/\" \/>\n<meta property=\"og:site_name\" content=\"G\u00e1vea News\" \/>\n<meta property=\"article:publisher\" content=\"https:\/\/facebook.com\/gaveaNews\/\" \/>\n<meta property=\"article:published_time\" content=\"2019-09-03T12:49:57+00:00\" \/>\n<meta property=\"article:modified_time\" content=\"2019-09-03T12:53:52+00:00\" \/>\n<meta property=\"og:image\" content=\"https:\/\/www.gaveanews.com\/wp-content\/uploads\/2019\/03\/De-Arrascaeta-em-acao-pelo-Flamengo-no-estadio-do-Maracana.webp\" \/>\n\t<meta property=\"og:image:width\" content=\"1\" \/>\n\t<meta property=\"og:image:height\" content=\"1\" \/>\n\t<meta property=\"og:image:type\" content=\"image\/jpeg\" \/>\n<meta name=\"author\" content=\"Equipe G\u00e1vea News\" \/>\n<meta name=\"twitter:card\" content=\"summary_large_image\" \/>\n<meta name=\"twitter:label1\" content=\"Escrito por\" \/>\n\t<meta name=\"twitter:data1\" content=\"Equipe G\u00e1vea News\" \/>\n\t<meta name=\"twitter:label2\" content=\"Est. tempo de leitura\" \/>\n\t<meta name=\"twitter:data2\" content=\"1 minuto\" \/>\n<script type=\"application\/ld+json\" class=\"yoast-schema-graph\">{\"@context\":\"https:\/\/schema.org\",\"@graph\":[{\"@type\":\"NewsArticle\",\"@id\":\"https:\/\/www.gaveanews.com\/index.php\/2019\/09\/03\/atraves-das-rede-sociais-meia-uruguaio-do-flamengo-de-arrascaeta-publica-brincadeira-com-os-laterais-rafinha-e-filipe-luis\/#article\",\"isPartOf\":{\"@id\":\"https:\/\/www.gaveanews.com\/index.php\/2019\/09\/03\/atraves-das-rede-sociais-meia-uruguaio-do-flamengo-de-arrascaeta-publica-brincadeira-com-os-laterais-rafinha-e-filipe-luis\/\"},\"author\":{\"name\":\"Equipe G\u00e1vea News\",\"@id\":\"https:\/\/www.gaveanews.com\/#\/schema\/person\/2ec14f73fb96be2caf28f91afb14749d\"},\"headline\":\"Atrav\u00e9s das rede sociais, meia uruguaio do Flamengo, De Arrascaeta publica brincadeira com os laterais Rafinha e Filipe Lu\u00eds\",\"datePublished\":\"2019-09-03T12:49:57+00:00\",\"dateModified\":\"2019-09-03T12:53:52+00:00\",\"mainEntityOfPage\":{\"@id\":\"https:\/\/www.gaveanews.com\/index.php\/2019\/09\/03\/atraves-das-rede-sociais-meia-uruguaio-do-flamengo-de-arrascaeta-publica-brincadeira-com-os-laterais-rafinha-e-filipe-luis\/\"},\"wordCount\":227,\"commentCount\":0,\"image\":{\"@id\":\"https:\/\/www.gaveanews.com\/index.php\/2019\/09\/03\/atraves-das-rede-sociais-meia-uruguaio-do-flamengo-de-arrascaeta-publica-brincadeira-com-os-laterais-rafinha-e-filipe-luis\/#primaryimage\"},\"thumbnailUrl\":\"https:\/\/www.gaveanews.com\/wp-content\/uploads\/2019\/03\/De-Arrascaeta-em-acao-pelo-Flamengo-no-estadio-do-Maracana.webp\",\"articleSection\":[\"Flamengo\"],\"inLanguage\":\"pt-BR\",\"potentialAction\":[{\"@type\":\"CommentAction\",\"name\":\"Comment\",\"target\":[\"https:\/\/www.gaveanews.com\/index.php\/2019\/09\/03\/atraves-das-rede-sociais-meia-uruguaio-do-flamengo-de-arrascaeta-publica-brincadeira-com-os-laterais-rafinha-e-filipe-luis\/#respond\"]}],\"copyrightYear\":\"2019\",\"copyrightHolder\":{\"@id\":\"https:\/\/www.gaveanews.com\/#organization\"}},{\"@type\":\"WebPage\",\"@id\":\"https:\/\/www.gaveanews.com\/index.php\/2019\/09\/03\/atraves-das-rede-sociais-meia-uruguaio-do-flamengo-de-arrascaeta-publica-brincadeira-com-os-laterais-rafinha-e-filipe-luis\/\",\"url\":\"https:\/\/www.gaveanews.com\/index.php\/2019\/09\/03\/atraves-das-rede-sociais-meia-uruguaio-do-flamengo-de-arrascaeta-publica-brincadeira-com-os-laterais-rafinha-e-filipe-luis\/\",\"name\":\"Atrav\u00e9s das rede sociais, meia uruguaio do Flamengo, De Arrascaeta publica brincadeira com os laterais Rafinha e Filipe Lu\u00eds\",\"isPartOf\":{\"@id\":\"https:\/\/www.gaveanews.com\/#website\"},\"primaryImageOfPage\":{\"@id\":\"https:\/\/www.gaveanews.com\/index.php\/2019\/09\/03\/atraves-das-rede-sociais-meia-uruguaio-do-flamengo-de-arrascaeta-publica-brincadeira-com-os-laterais-rafinha-e-filipe-luis\/#primaryimage\"},\"image\":{\"@id\":\"https:\/\/www.gaveanews.com\/index.php\/2019\/09\/03\/atraves-das-rede-sociais-meia-uruguaio-do-flamengo-de-arrascaeta-publica-brincadeira-com-os-laterais-rafinha-e-filipe-luis\/#primaryimage\"},\"thumbnailUrl\":\"https:\/\/www.gaveanews.com\/wp-content\/uploads\/2019\/03\/De-Arrascaeta-em-acao-pelo-Flamengo-no-estadio-do-Maracana.webp\",\"datePublished\":\"2019-09-03T12:49:57+00:00\",\"dateModified\":\"2019-09-03T12:53:52+00:00\",\"author\":{\"@id\":\"https:\/\/www.gaveanews.com\/#\/schema\/person\/2ec14f73fb96be2caf28f91afb14749d\"},\"breadcrumb\":{\"@id\":\"https:\/\/www.gaveanews.com\/index.php\/2019\/09\/03\/atraves-das-rede-sociais-meia-uruguaio-do-flamengo-de-arrascaeta-publica-brincadeira-com-os-laterais-rafinha-e-filipe-luis\/#breadcrumb\"},\"inLanguage\":\"pt-BR\",\"potentialAction\":[{\"@type\":\"ReadAction\",\"target\":[\"https:\/\/www.gaveanews.com\/index.php\/2019\/09\/03\/atraves-das-rede-sociais-meia-uruguaio-do-flamengo-de-arrascaeta-publica-brincadeira-com-os-laterais-rafinha-e-filipe-luis\/\"]}]},{\"@type\":\"ImageObject\",\"inLanguage\":\"pt-BR\",\"@id\":\"https:\/\/www.gaveanews.com\/index.php\/2019\/09\/03\/atraves-das-rede-sociais-meia-uruguaio-do-flamengo-de-arrascaeta-publica-brincadeira-com-os-laterais-rafinha-e-filipe-luis\/#primaryimage\",\"url\":\"https:\/\/www.gaveanews.com\/wp-content\/uploads\/2019\/03\/De-Arrascaeta-em-acao-pelo-Flamengo-no-estadio-do-Maracana.webp\",\"contentUrl\":\"https:\/\/www.gaveanews.com\/wp-content\/uploads\/2019\/03\/De-Arrascaeta-em-acao-pelo-Flamengo-no-estadio-do-Maracana.webp\",\"caption\":\"De Arrascaeta em a\u00e7\u00e3o pelo Flamengo, no est\u00e1dio do Maracan\u00e3 (Foto: Alexandre Vidal\/Flamengo)\"},{\"@type\":\"BreadcrumbList\",\"@id\":\"https:\/\/www.gaveanews.com\/index.php\/2019\/09\/03\/atraves-das-rede-sociais-meia-uruguaio-do-flamengo-de-arrascaeta-publica-brincadeira-com-os-laterais-rafinha-e-filipe-luis\/#breadcrumb\",\"itemListElement\":[{\"@type\":\"ListItem\",\"position\":1,\"name\":\"Home\",\"item\":\"https:\/\/www.gaveanews.com\/\"},{\"@type\":\"ListItem\",\"position\":2,\"name\":\"Atrav\u00e9s das rede sociais, meia uruguaio do Flamengo, De Arrascaeta publica brincadeira com os laterais Rafinha e Filipe Lu\u00eds\"}]},{\"@type\":\"WebSite\",\"@id\":\"https:\/\/www.gaveanews.com\/#website\",\"url\":\"https:\/\/www.gaveanews.com\/\",\"name\":\"G\u00e1vea News\",\"description\":\"Veja todas as not\u00edcias sobre o Flamengo: Contrata\u00e7\u00f5es, categorias de base, resultados das partidas, tabela de classifica\u00e7\u00e3o, pr\u00f3ximos jogos!\",\"potentialAction\":[{\"@type\":\"SearchAction\",\"target\":{\"@type\":\"EntryPoint\",\"urlTemplate\":\"https:\/\/www.gaveanews.com\/?s={search_term_string}\"},\"query-input\":{\"@type\":\"PropertyValueSpecification\",\"valueRequired\":true,\"valueName\":\"search_term_string\"}}],\"inLanguage\":\"pt-BR\"},{\"@type\":\"Person\",\"@id\":\"https:\/\/www.gaveanews.com\/#\/schema\/person\/2ec14f73fb96be2caf28f91afb14749d\",\"name\":\"Equipe G\u00e1vea News\",\"image\":{\"@type\":\"ImageObject\",\"inLanguage\":\"pt-BR\",\"@id\":\"https:\/\/www.gaveanews.com\/#\/schema\/person\/image\/\",\"url\":\"https:\/\/secure.gravatar.com\/avatar\/1e1956f1facbffd3f8fa53a326721950116b3b9dc9bd44939c01180fd4a745a9?s=96&d=mm&r=g\",\"contentUrl\":\"https:\/\/secure.gravatar.com\/avatar\/1e1956f1facbffd3f8fa53a326721950116b3b9dc9bd44939c01180fd4a745a9?s=96&d=mm&r=g\",\"caption\":\"Equipe G\u00e1vea News\"}}]}<\/script>\n<!-- \/ Yoast SEO Premium plugin. -->","yoast_head_json":{"title":"Atrav\u00e9s das rede sociais, meia uruguaio do Flamengo, De Arrascaeta publica brincadeira com os laterais Rafinha e Filipe Lu\u00eds","robots":{"index":"index","follow":"follow","max-snippet":"max-snippet:-1","max-image-preview":"max-image-preview:large","max-video-preview":"max-video-preview:-1"},"canonical":"https:\/\/www.gaveanews.com\/index.php\/2019\/09\/03\/atraves-das-rede-sociais-meia-uruguaio-do-flamengo-de-arrascaeta-publica-brincadeira-com-os-laterais-rafinha-e-filipe-luis\/","og_locale":"pt_BR","og_type":"article","og_title":"Atrav\u00e9s das rede sociais, meia uruguaio do Flamengo, De Arrascaeta publica brincadeira com os laterais Rafinha e Filipe Lu\u00eds","og_description":"Nos \u00faltimos anos, dentre as car\u00eancias mais apontadas no elenco do Flamengo, as lateais estavam em evid\u00eancia. Em 2019, por\u00e9m, os dirigentes do time Mais Querido do Brasil acertaram com Rafinha e Filipe Lu\u00eds, que chegaram n\u00e3o somente para elevar o n\u00edvel, como tamb\u00e9m para formarem a melhor dupla de laterais do futebol brasileiro. Em [&hellip;]","og_url":"https:\/\/www.gaveanews.com\/index.php\/2019\/09\/03\/atraves-das-rede-sociais-meia-uruguaio-do-flamengo-de-arrascaeta-publica-brincadeira-com-os-laterais-rafinha-e-filipe-luis\/","og_site_name":"G\u00e1vea News","article_publisher":"https:\/\/facebook.com\/gaveaNews\/","article_published_time":"2019-09-03T12:49:57+00:00","article_modified_time":"2019-09-03T12:53:52+00:00","og_image":[{"url":"https:\/\/www.gaveanews.com\/wp-content\/uploads\/2019\/03\/De-Arrascaeta-em-acao-pelo-Flamengo-no-estadio-do-Maracana.webp","width":1,"height":1,"type":"image\/jpeg"}],"author":"Equipe G\u00e1vea News","twitter_card":"summary_large_image","twitter_misc":{"Escrito por":"Equipe G\u00e1vea News","Est. tempo de leitura":"1 minuto"},"schema":{"@context":"https:\/\/schema.org","@graph":[{"@type":"NewsArticle","@id":"https:\/\/www.gaveanews.com\/index.php\/2019\/09\/03\/atraves-das-rede-sociais-meia-uruguaio-do-flamengo-de-arrascaeta-publica-brincadeira-com-os-laterais-rafinha-e-filipe-luis\/#article","isPartOf":{"@id":"https:\/\/www.gaveanews.com\/index.php\/2019\/09\/03\/atraves-das-rede-sociais-meia-uruguaio-do-flamengo-de-arrascaeta-publica-brincadeira-com-os-laterais-rafinha-e-filipe-luis\/"},"author":{"name":"Equipe G\u00e1vea News","@id":"https:\/\/www.gaveanews.com\/#\/schema\/person\/2ec14f73fb96be2caf28f91afb14749d"},"headline":"Atrav\u00e9s das rede sociais, meia uruguaio do Flamengo, De Arrascaeta publica brincadeira com os laterais Rafinha e Filipe Lu\u00eds","datePublished":"2019-09-03T12:49:57+00:00","dateModified":"2019-09-03T12:53:52+00:00","mainEntityOfPage":{"@id":"https:\/\/www.gaveanews.com\/index.php\/2019\/09\/03\/atraves-das-rede-sociais-meia-uruguaio-do-flamengo-de-arrascaeta-publica-brincadeira-com-os-laterais-rafinha-e-filipe-luis\/"},"wordCount":227,"commentCount":0,"image":{"@id":"https:\/\/www.gaveanews.com\/index.php\/2019\/09\/03\/atraves-das-rede-sociais-meia-uruguaio-do-flamengo-de-arrascaeta-publica-brincadeira-com-os-laterais-rafinha-e-filipe-luis\/#primaryimage"},"thumbnailUrl":"https:\/\/www.gaveanews.com\/wp-content\/uploads\/2019\/03\/De-Arrascaeta-em-acao-pelo-Flamengo-no-estadio-do-Maracana.webp","articleSection":["Flamengo"],"inLanguage":"pt-BR","potentialAction":[{"@type":"CommentAction","name":"Comment","target":["https:\/\/www.gaveanews.com\/index.php\/2019\/09\/03\/atraves-das-rede-sociais-meia-uruguaio-do-flamengo-de-arrascaeta-publica-brincadeira-com-os-laterais-rafinha-e-filipe-luis\/#respond"]}],"copyrightYear":"2019","copyrightHolder":{"@id":"https:\/\/www.gaveanews.com\/#organization"}},{"@type":"WebPage","@id":"https:\/\/www.gaveanews.com\/index.php\/2019\/09\/03\/atraves-das-rede-sociais-meia-uruguaio-do-flamengo-de-arrascaeta-publica-brincadeira-com-os-laterais-rafinha-e-filipe-luis\/","url":"https:\/\/www.gaveanews.com\/index.php\/2019\/09\/03\/atraves-das-rede-sociais-meia-uruguaio-do-flamengo-de-arrascaeta-publica-brincadeira-com-os-laterais-rafinha-e-filipe-luis\/","name":"Atrav\u00e9s das rede sociais, meia uruguaio do Flamengo, De Arrascaeta publica brincadeira com os laterais Rafinha e Filipe Lu\u00eds","isPartOf":{"@id":"https:\/\/www.gaveanews.com\/#website"},"primaryImageOfPage":{"@id":"https:\/\/www.gaveanews.com\/index.php\/2019\/09\/03\/atraves-das-rede-sociais-meia-uruguaio-do-flamengo-de-arrascaeta-publica-brincadeira-com-os-laterais-rafinha-e-filipe-luis\/#primaryimage"},"image":{"@id":"https:\/\/www.gaveanews.com\/index.php\/2019\/09\/03\/atraves-das-rede-sociais-meia-uruguaio-do-flamengo-de-arrascaeta-publica-brincadeira-com-os-laterais-rafinha-e-filipe-luis\/#primaryimage"},"thumbnailUrl":"https:\/\/www.gaveanews.com\/wp-content\/uploads\/2019\/03\/De-Arrascaeta-em-acao-pelo-Flamengo-no-estadio-do-Maracana.webp","datePublished":"2019-09-03T12:49:57+00:00","dateModified":"2019-09-03T12:53:52+00:00","author":{"@id":"https:\/\/www.gaveanews.com\/#\/schema\/person\/2ec14f73fb96be2caf28f91afb14749d"},"breadcrumb":{"@id":"https:\/\/www.gaveanews.com\/index.php\/2019\/09\/03\/atraves-das-rede-sociais-meia-uruguaio-do-flamengo-de-arrascaeta-publica-brincadeira-com-os-laterais-rafinha-e-filipe-luis\/#breadcrumb"},"inLanguage":"pt-BR","potentialAction":[{"@type":"ReadAction","target":["https:\/\/www.gaveanews.com\/index.php\/2019\/09\/03\/atraves-das-rede-sociais-meia-uruguaio-do-flamengo-de-arrascaeta-publica-brincadeira-com-os-laterais-rafinha-e-filipe-luis\/"]}]},{"@type":"ImageObject","inLanguage":"pt-BR","@id":"https:\/\/www.gaveanews.com\/index.php\/2019\/09\/03\/atraves-das-rede-sociais-meia-uruguaio-do-flamengo-de-arrascaeta-publica-brincadeira-com-os-laterais-rafinha-e-filipe-luis\/#primaryimage","url":"https:\/\/www.gaveanews.com\/wp-content\/uploads\/2019\/03\/De-Arrascaeta-em-acao-pelo-Flamengo-no-estadio-do-Maracana.webp","contentUrl":"https:\/\/www.gaveanews.com\/wp-content\/uploads\/2019\/03\/De-Arrascaeta-em-acao-pelo-Flamengo-no-estadio-do-Maracana.webp","caption":"De Arrascaeta em a\u00e7\u00e3o pelo Flamengo, no est\u00e1dio do Maracan\u00e3 (Foto: Alexandre Vidal\/Flamengo)"},{"@type":"BreadcrumbList","@id":"https:\/\/www.gaveanews.com\/index.php\/2019\/09\/03\/atraves-das-rede-sociais-meia-uruguaio-do-flamengo-de-arrascaeta-publica-brincadeira-com-os-laterais-rafinha-e-filipe-luis\/#breadcrumb","itemListElement":[{"@type":"ListItem","position":1,"name":"Home","item":"https:\/\/www.gaveanews.com\/"},{"@type":"ListItem","position":2,"name":"Atrav\u00e9s das rede sociais, meia uruguaio do Flamengo, De Arrascaeta publica brincadeira com os laterais Rafinha e Filipe Lu\u00eds"}]},{"@type":"WebSite","@id":"https:\/\/www.gaveanews.com\/#website","url":"https:\/\/www.gaveanews.com\/","name":"G\u00e1vea News","description":"Veja todas as not\u00edcias sobre o Flamengo: Contrata\u00e7\u00f5es, categorias de base, resultados das partidas, tabela de classifica\u00e7\u00e3o, pr\u00f3ximos jogos!","potentialAction":[{"@type":"SearchAction","target":{"@type":"EntryPoint","urlTemplate":"https:\/\/www.gaveanews.com\/?s={search_term_string}"},"query-input":{"@type":"PropertyValueSpecification","valueRequired":true,"valueName":"search_term_string"}}],"inLanguage":"pt-BR"},{"@type":"Person","@id":"https:\/\/www.gaveanews.com\/#\/schema\/person\/2ec14f73fb96be2caf28f91afb14749d","name":"Equipe G\u00e1vea News","image":{"@type":"ImageObject","inLanguage":"pt-BR","@id":"https:\/\/www.gaveanews.com\/#\/schema\/person\/image\/","url":"https:\/\/secure.gravatar.com\/avatar\/1e1956f1facbffd3f8fa53a326721950116b3b9dc9bd44939c01180fd4a745a9?s=96&d=mm&r=g","contentUrl":"https:\/\/secure.gravatar.com\/avatar\/1e1956f1facbffd3f8fa53a326721950116b3b9dc9bd44939c01180fd4a745a9?s=96&d=mm&r=g","caption":"Equipe G\u00e1vea News"}}]}},"_links":{"self":[{"href":"https:\/\/www.gaveanews.com\/index.php\/wp-json\/wp\/v2\/posts\/26651","targetHints":{"allow":["GET"]}}],"collection":[{"href":"https:\/\/www.gaveanews.com\/index.php\/wp-json\/wp\/v2\/posts"}],"about":[{"href":"https:\/\/www.gaveanews.com\/index.php\/wp-json\/wp\/v2\/types\/post"}],"author":[{"embeddable":true,"href":"https:\/\/www.gaveanews.com\/index.php\/wp-json\/wp\/v2\/users\/1"}],"replies":[{"embeddable":true,"href":"https:\/\/www.gaveanews.com\/index.php\/wp-json\/wp\/v2\/comments?post=26651"}],"version-history":[{"count":0,"href":"https:\/\/www.gaveanews.com\/index.php\/wp-json\/wp\/v2\/posts\/26651\/revisions"}],"wp:featuredmedia":[{"embeddable":true,"href":"https:\/\/www.gaveanews.com\/index.php\/wp-json\/wp\/v2\/media\/14951"}],"wp:attachment":[{"href":"https:\/\/www.gaveanews.com\/index.php\/wp-json\/wp\/v2\/media?parent=26651"}],"wp:term":[{"taxonomy":"category","embeddable":true,"href":"https:\/\/www.gaveanews.com\/index.php\/wp-json\/wp\/v2\/categories?post=26651"},{"taxonomy":"post_tag","embeddable":true,"href":"https:\/\/www.gaveanews.com\/index.php\/wp-json\/wp\/v2\/tags?post=26651"}],"curies":[{"name":"wp","href":"https:\/\/api.w.org\/{rel}","templated":true}]}}