{"id":266526,"date":"2025-05-23T18:55:00","date_gmt":"2025-05-23T21:55:00","guid":{"rendered":"https:\/\/www.gaveanews.com\/?p=266526"},"modified":"2025-05-23T16:31:03","modified_gmt":"2025-05-23T19:31:03","slug":"a-declarcao-de-renato-paiva-do-botafogo-direcionada-a-wendel","status":"publish","type":"post","link":"https:\/\/www.gaveanews.com\/index.php\/2025\/05\/23\/a-declarcao-de-renato-paiva-do-botafogo-direcionada-a-wendel\/","title":{"rendered":"A declar\u00e7\u00e3o de Renato Paiva, do Botafogo, direcionada a Wendel"},"content":{"rendered":"\n<p>Renato Paiva, atual treinador do Botafogo, foi direto ao comentar sobre a poss\u00edvel chegada de Wendel ao clube. Questionado sobre o andamento das negocia\u00e7\u00f5es, o comandante evitou se aprofundar no tema e refor\u00e7ou que essa responsabilidade n\u00e3o faz parte de suas atribui\u00e7\u00f5es. <\/p>\n\n\n\n<p>\u201cO clube j\u00e1 se manifestou, n\u00e3o \u00e9 uma \u00e1rea minha. A minha \u00e9 do treino, \u00e9 do jogo e dos jogadores que c\u00e1 est\u00e3o. O Wendel n\u00e3o \u00e9 meu jogador, n\u00e3o \u00e9 nosso jogador e portanto, lamento. O clube \u00e9 aquele que tem que se pronunciar e j\u00e1 se pronunciou\u201d, afirmou o t\u00e9cnico.<\/p>\n\n\n\n<h4 class=\"wp-block-heading\" id=\"h-explicacoes-apos-derrota-na-copa-do-brasil\">Explica\u00e7\u00f5es ap\u00f3s derrota na Copa do Brasil<\/h4>\n\n\n\n<p>A declara\u00e7\u00e3o foi feita ap\u00f3s a partida contra o Capital-DF, em que o time carioca foi derrotado por 1 a 0, mas mesmo assim garantiu vaga nas oitavas da Copa do Brasil devido \u00e0 vantagem constru\u00edda no confronto de ida. <\/p>\n\n\n\n<p>Paiva optou por uma escala\u00e7\u00e3o praticamente toda reserva, justificando a decis\u00e3o pela necessidade de preservar os principais atletas para o duelo da pr\u00f3xima ter\u00e7a-feira (27), pela Libertadores, diante da Universidad de Chile.<\/p>\n\n\n\n<p>Segundo ele, muitos jogadores estavam sobrecarregados fisicamente e n\u00e3o poderiam ser expostos a mais um confronto em sequ\u00eancia. \u201cDescansar os jogadores era muito importante para n\u00f3s, isso n\u00e3o h\u00e1 d\u00favida nenhuma\u201d, destacou o treinador, que tamb\u00e9m revelou que o lateral Mar\u00e7al foi poupado por sentir um inc\u00f4modo durante os treinos, o que justificou a presen\u00e7a de Alex Telles entre os titulares.<\/p>\n\n\n\n<h4 class=\"wp-block-heading\" id=\"h-justificativas-diante-de-criticas-anteriores\">Justificativas diante de cr\u00edticas anteriores<\/h4>\n\n\n\n<p>Renato Paiva aproveitou a coletiva para rebater cr\u00edticas anteriores de torcedores, que o haviam acusado de covardia por n\u00e3o realizar mais substitui\u00e7\u00f5es em partidas passadas, como no cl\u00e1ssico contra o Flamengo. Segundo o t\u00e9cnico, a atua\u00e7\u00e3o dos reservas diante do Capital-DF comprova a falta de ritmo e de entrosamento entre os jogadores menos utilizados.<\/p>\n\n\n\n<p>\u201cFoi um jogo normal de uma equipe toda mudada, com um conjunto grande de jogadores sem ritmo de jogo e sem confian\u00e7a para competir. Depois, ao longo do jogo, a forma f\u00edsica vai abaixando porque eles n\u00e3o est\u00e3o habituados\u201d, comentou. <\/p>\n\n\n\n<p>\u201cEm vez de me chamarem de covarde, como por exemplo no \u00faltimo contra o Flamengo, talvez hoje tenham entendido porque n\u00e3o tomo algumas decis\u00f5es. Porque o Botafogo e o bem do clube est\u00e3o acima de tudo\u201d, completou Paiva.<\/p>\n\n\n\n<h4 class=\"wp-block-heading\" id=\"h-planejamento-e-prioridades\">Planejamento e prioridades<\/h4>\n\n\n\n<p>A decis\u00e3o de utilizar uma forma\u00e7\u00e3o alternativa, ali\u00e1s, fez parte de um planejamento estrat\u00e9gico para priorizar a sequ\u00eancia na principal competi\u00e7\u00e3o continental. \u201cN\u00e3o gosto dessas revolu\u00e7\u00f5es (mudar a equipe inteira), mas tinha que fazer pelo planejamento jogo a jogo que fizemos\u201d, afirmou o t\u00e9cnico, admitindo que a escolha visou preservar a competitividade do elenco principal para o confronto decisivo da pr\u00f3xima semana.<\/p>\n\n\n\n<p><\/p>\n","protected":false},"excerpt":{"rendered":"<p>Renato Paiva, atual treinador do Botafogo, foi direto ao comentar sobre a poss\u00edvel chegada de Wendel ao clube. Questionado sobre o andamento das negocia\u00e7\u00f5es, o comandante evitou se aprofundar no tema e refor\u00e7ou que essa responsabilidade n\u00e3o faz parte de suas atribui\u00e7\u00f5es. \u201cO clube j\u00e1 se manifestou, n\u00e3o \u00e9 uma \u00e1rea minha. A minha \u00e9 [&hellip;]<\/p>\n","protected":false},"author":30,"featured_media":250814,"comment_status":"open","ping_status":"closed","sticky":false,"template":"","format":"standard","meta":{"footnotes":""},"categories":[138],"tags":[],"class_list":["post-266526","post","type-post","status-publish","format-standard","has-post-thumbnail","hentry","category-botafogo"],"yoast_head":"<!-- This site is optimized with the Yoast SEO Premium plugin v24.2 (Yoast SEO v26.9) - https:\/\/yoast.com\/product\/yoast-seo-premium-wordpress\/ -->\n<title>A declar\u00e7\u00e3o de Renato Paiva, do Botafogo, direcionada a Wendel<\/title>\n<meta name=\"robots\" content=\"index, follow, max-snippet:-1, max-image-preview:large, max-video-preview:-1\" \/>\n<link rel=\"canonical\" href=\"https:\/\/www.gaveanews.com\/index.php\/2025\/05\/23\/a-declarcao-de-renato-paiva-do-botafogo-direcionada-a-wendel\/\" \/>\n<meta property=\"og:locale\" content=\"pt_BR\" \/>\n<meta property=\"og:type\" content=\"article\" \/>\n<meta property=\"og:title\" content=\"A declar\u00e7\u00e3o de Renato Paiva, do Botafogo, direcionada a Wendel\" \/>\n<meta property=\"og:description\" content=\"Renato Paiva, atual treinador do Botafogo, foi direto ao comentar sobre a poss\u00edvel chegada de Wendel ao clube. Questionado sobre o andamento das negocia\u00e7\u00f5es, o comandante evitou se aprofundar no tema e refor\u00e7ou que essa responsabilidade n\u00e3o faz parte de suas atribui\u00e7\u00f5es. \u201cO clube j\u00e1 se manifestou, n\u00e3o \u00e9 uma \u00e1rea minha. A minha \u00e9 [&hellip;]\" \/>\n<meta property=\"og:url\" content=\"https:\/\/www.gaveanews.com\/index.php\/2025\/05\/23\/a-declarcao-de-renato-paiva-do-botafogo-direcionada-a-wendel\/\" \/>\n<meta property=\"og:site_name\" content=\"G\u00e1vea News\" \/>\n<meta property=\"article:publisher\" content=\"https:\/\/facebook.com\/gaveaNews\/\" \/>\n<meta property=\"article:published_time\" content=\"2025-05-23T21:55:00+00:00\" \/>\n<meta property=\"og:image\" content=\"https:\/\/www.gaveanews.com\/wp-content\/uploads\/Renato-Paiva-pelo-Botafogo-1.webp\" \/>\n\t<meta property=\"og:image:width\" content=\"742\" \/>\n\t<meta property=\"og:image:height\" content=\"519\" \/>\n\t<meta property=\"og:image:type\" content=\"image\/jpeg\" \/>\n<meta name=\"author\" content=\"Ana Teixeira\" \/>\n<meta name=\"twitter:card\" content=\"summary_large_image\" \/>\n<meta name=\"twitter:label1\" content=\"Escrito por\" \/>\n\t<meta name=\"twitter:data1\" content=\"Ana Teixeira\" \/>\n\t<meta name=\"twitter:label2\" content=\"Est. tempo de leitura\" \/>\n\t<meta name=\"twitter:data2\" content=\"3 minutos\" \/>\n<script type=\"application\/ld+json\" class=\"yoast-schema-graph\">{\"@context\":\"https:\/\/schema.org\",\"@graph\":[{\"@type\":\"NewsArticle\",\"@id\":\"https:\/\/www.gaveanews.com\/index.php\/2025\/05\/23\/a-declarcao-de-renato-paiva-do-botafogo-direcionada-a-wendel\/#article\",\"isPartOf\":{\"@id\":\"https:\/\/www.gaveanews.com\/index.php\/2025\/05\/23\/a-declarcao-de-renato-paiva-do-botafogo-direcionada-a-wendel\/\"},\"author\":{\"name\":\"Ana Teixeira\",\"@id\":\"https:\/\/www.gaveanews.com\/#\/schema\/person\/3b19f7288b0ce20372991275e4f2e6c2\"},\"headline\":\"A declar\u00e7\u00e3o de Renato Paiva, do Botafogo, direcionada a Wendel\",\"datePublished\":\"2025-05-23T21:55:00+00:00\",\"mainEntityOfPage\":{\"@id\":\"https:\/\/www.gaveanews.com\/index.php\/2025\/05\/23\/a-declarcao-de-renato-paiva-do-botafogo-direcionada-a-wendel\/\"},\"wordCount\":490,\"commentCount\":0,\"image\":{\"@id\":\"https:\/\/www.gaveanews.com\/index.php\/2025\/05\/23\/a-declarcao-de-renato-paiva-do-botafogo-direcionada-a-wendel\/#primaryimage\"},\"thumbnailUrl\":\"https:\/\/www.gaveanews.com\/wp-content\/uploads\/Renato-Paiva-pelo-Botafogo-1.webp\",\"articleSection\":[\"Botafogo\"],\"inLanguage\":\"pt-BR\",\"potentialAction\":[{\"@type\":\"CommentAction\",\"name\":\"Comment\",\"target\":[\"https:\/\/www.gaveanews.com\/index.php\/2025\/05\/23\/a-declarcao-de-renato-paiva-do-botafogo-direcionada-a-wendel\/#respond\"]}],\"copyrightYear\":\"2025\",\"copyrightHolder\":{\"@id\":\"https:\/\/www.gaveanews.com\/#organization\"}},{\"@type\":\"WebPage\",\"@id\":\"https:\/\/www.gaveanews.com\/index.php\/2025\/05\/23\/a-declarcao-de-renato-paiva-do-botafogo-direcionada-a-wendel\/\",\"url\":\"https:\/\/www.gaveanews.com\/index.php\/2025\/05\/23\/a-declarcao-de-renato-paiva-do-botafogo-direcionada-a-wendel\/\",\"name\":\"A declar\u00e7\u00e3o de Renato Paiva, do Botafogo, direcionada a Wendel\",\"isPartOf\":{\"@id\":\"https:\/\/www.gaveanews.com\/#website\"},\"primaryImageOfPage\":{\"@id\":\"https:\/\/www.gaveanews.com\/index.php\/2025\/05\/23\/a-declarcao-de-renato-paiva-do-botafogo-direcionada-a-wendel\/#primaryimage\"},\"image\":{\"@id\":\"https:\/\/www.gaveanews.com\/index.php\/2025\/05\/23\/a-declarcao-de-renato-paiva-do-botafogo-direcionada-a-wendel\/#primaryimage\"},\"thumbnailUrl\":\"https:\/\/www.gaveanews.com\/wp-content\/uploads\/Renato-Paiva-pelo-Botafogo-1.webp\",\"datePublished\":\"2025-05-23T21:55:00+00:00\",\"author\":{\"@id\":\"https:\/\/www.gaveanews.com\/#\/schema\/person\/3b19f7288b0ce20372991275e4f2e6c2\"},\"breadcrumb\":{\"@id\":\"https:\/\/www.gaveanews.com\/index.php\/2025\/05\/23\/a-declarcao-de-renato-paiva-do-botafogo-direcionada-a-wendel\/#breadcrumb\"},\"inLanguage\":\"pt-BR\",\"potentialAction\":[{\"@type\":\"ReadAction\",\"target\":[\"https:\/\/www.gaveanews.com\/index.php\/2025\/05\/23\/a-declarcao-de-renato-paiva-do-botafogo-direcionada-a-wendel\/\"]}]},{\"@type\":\"ImageObject\",\"inLanguage\":\"pt-BR\",\"@id\":\"https:\/\/www.gaveanews.com\/index.php\/2025\/05\/23\/a-declarcao-de-renato-paiva-do-botafogo-direcionada-a-wendel\/#primaryimage\",\"url\":\"https:\/\/www.gaveanews.com\/wp-content\/uploads\/Renato-Paiva-pelo-Botafogo-1.webp\",\"contentUrl\":\"https:\/\/www.gaveanews.com\/wp-content\/uploads\/Renato-Paiva-pelo-Botafogo-1.webp\",\"width\":742,\"height\":519,\"caption\":\"Renato Paiva pelo Botafogo (Foto: V\u00edtor Silva\/Botafogo)\"},{\"@type\":\"BreadcrumbList\",\"@id\":\"https:\/\/www.gaveanews.com\/index.php\/2025\/05\/23\/a-declarcao-de-renato-paiva-do-botafogo-direcionada-a-wendel\/#breadcrumb\",\"itemListElement\":[{\"@type\":\"ListItem\",\"position\":1,\"name\":\"Home\",\"item\":\"https:\/\/www.gaveanews.com\/\"},{\"@type\":\"ListItem\",\"position\":2,\"name\":\"A declar\u00e7\u00e3o de Renato Paiva, do Botafogo, direcionada a Wendel\"}]},{\"@type\":\"WebSite\",\"@id\":\"https:\/\/www.gaveanews.com\/#website\",\"url\":\"https:\/\/www.gaveanews.com\/\",\"name\":\"G\u00e1vea News\",\"description\":\"Veja todas as not\u00edcias sobre o Flamengo: Contrata\u00e7\u00f5es, categorias de base, resultados das partidas, tabela de classifica\u00e7\u00e3o, pr\u00f3ximos jogos!\",\"potentialAction\":[{\"@type\":\"SearchAction\",\"target\":{\"@type\":\"EntryPoint\",\"urlTemplate\":\"https:\/\/www.gaveanews.com\/?s={search_term_string}\"},\"query-input\":{\"@type\":\"PropertyValueSpecification\",\"valueRequired\":true,\"valueName\":\"search_term_string\"}}],\"inLanguage\":\"pt-BR\"},{\"@type\":\"Person\",\"@id\":\"https:\/\/www.gaveanews.com\/#\/schema\/person\/3b19f7288b0ce20372991275e4f2e6c2\",\"name\":\"Ana Teixeira\",\"image\":{\"@type\":\"ImageObject\",\"inLanguage\":\"pt-BR\",\"@id\":\"https:\/\/www.gaveanews.com\/#\/schema\/person\/image\/\",\"url\":\"https:\/\/secure.gravatar.com\/avatar\/0a73f5a5258f3fed37fc2fa641892f3f7a4748456d4d4792f9bc550e6c19e06c?s=96&d=mm&r=g\",\"contentUrl\":\"https:\/\/secure.gravatar.com\/avatar\/0a73f5a5258f3fed37fc2fa641892f3f7a4748456d4d4792f9bc550e6c19e06c?s=96&d=mm&r=g\",\"caption\":\"Ana Teixeira\"}}]}<\/script>\n<!-- \/ Yoast SEO Premium plugin. -->","yoast_head_json":{"title":"A declar\u00e7\u00e3o de Renato Paiva, do Botafogo, direcionada a Wendel","robots":{"index":"index","follow":"follow","max-snippet":"max-snippet:-1","max-image-preview":"max-image-preview:large","max-video-preview":"max-video-preview:-1"},"canonical":"https:\/\/www.gaveanews.com\/index.php\/2025\/05\/23\/a-declarcao-de-renato-paiva-do-botafogo-direcionada-a-wendel\/","og_locale":"pt_BR","og_type":"article","og_title":"A declar\u00e7\u00e3o de Renato Paiva, do Botafogo, direcionada a Wendel","og_description":"Renato Paiva, atual treinador do Botafogo, foi direto ao comentar sobre a poss\u00edvel chegada de Wendel ao clube. Questionado sobre o andamento das negocia\u00e7\u00f5es, o comandante evitou se aprofundar no tema e refor\u00e7ou que essa responsabilidade n\u00e3o faz parte de suas atribui\u00e7\u00f5es. \u201cO clube j\u00e1 se manifestou, n\u00e3o \u00e9 uma \u00e1rea minha. A minha \u00e9 [&hellip;]","og_url":"https:\/\/www.gaveanews.com\/index.php\/2025\/05\/23\/a-declarcao-de-renato-paiva-do-botafogo-direcionada-a-wendel\/","og_site_name":"G\u00e1vea News","article_publisher":"https:\/\/facebook.com\/gaveaNews\/","article_published_time":"2025-05-23T21:55:00+00:00","og_image":[{"width":742,"height":519,"url":"https:\/\/www.gaveanews.com\/wp-content\/uploads\/Renato-Paiva-pelo-Botafogo-1.webp","type":"image\/jpeg"}],"author":"Ana Teixeira","twitter_card":"summary_large_image","twitter_misc":{"Escrito por":"Ana Teixeira","Est. tempo de leitura":"3 minutos"},"schema":{"@context":"https:\/\/schema.org","@graph":[{"@type":"NewsArticle","@id":"https:\/\/www.gaveanews.com\/index.php\/2025\/05\/23\/a-declarcao-de-renato-paiva-do-botafogo-direcionada-a-wendel\/#article","isPartOf":{"@id":"https:\/\/www.gaveanews.com\/index.php\/2025\/05\/23\/a-declarcao-de-renato-paiva-do-botafogo-direcionada-a-wendel\/"},"author":{"name":"Ana Teixeira","@id":"https:\/\/www.gaveanews.com\/#\/schema\/person\/3b19f7288b0ce20372991275e4f2e6c2"},"headline":"A declar\u00e7\u00e3o de Renato Paiva, do Botafogo, direcionada a Wendel","datePublished":"2025-05-23T21:55:00+00:00","mainEntityOfPage":{"@id":"https:\/\/www.gaveanews.com\/index.php\/2025\/05\/23\/a-declarcao-de-renato-paiva-do-botafogo-direcionada-a-wendel\/"},"wordCount":490,"commentCount":0,"image":{"@id":"https:\/\/www.gaveanews.com\/index.php\/2025\/05\/23\/a-declarcao-de-renato-paiva-do-botafogo-direcionada-a-wendel\/#primaryimage"},"thumbnailUrl":"https:\/\/www.gaveanews.com\/wp-content\/uploads\/Renato-Paiva-pelo-Botafogo-1.webp","articleSection":["Botafogo"],"inLanguage":"pt-BR","potentialAction":[{"@type":"CommentAction","name":"Comment","target":["https:\/\/www.gaveanews.com\/index.php\/2025\/05\/23\/a-declarcao-de-renato-paiva-do-botafogo-direcionada-a-wendel\/#respond"]}],"copyrightYear":"2025","copyrightHolder":{"@id":"https:\/\/www.gaveanews.com\/#organization"}},{"@type":"WebPage","@id":"https:\/\/www.gaveanews.com\/index.php\/2025\/05\/23\/a-declarcao-de-renato-paiva-do-botafogo-direcionada-a-wendel\/","url":"https:\/\/www.gaveanews.com\/index.php\/2025\/05\/23\/a-declarcao-de-renato-paiva-do-botafogo-direcionada-a-wendel\/","name":"A declar\u00e7\u00e3o de Renato Paiva, do Botafogo, direcionada a Wendel","isPartOf":{"@id":"https:\/\/www.gaveanews.com\/#website"},"primaryImageOfPage":{"@id":"https:\/\/www.gaveanews.com\/index.php\/2025\/05\/23\/a-declarcao-de-renato-paiva-do-botafogo-direcionada-a-wendel\/#primaryimage"},"image":{"@id":"https:\/\/www.gaveanews.com\/index.php\/2025\/05\/23\/a-declarcao-de-renato-paiva-do-botafogo-direcionada-a-wendel\/#primaryimage"},"thumbnailUrl":"https:\/\/www.gaveanews.com\/wp-content\/uploads\/Renato-Paiva-pelo-Botafogo-1.webp","datePublished":"2025-05-23T21:55:00+00:00","author":{"@id":"https:\/\/www.gaveanews.com\/#\/schema\/person\/3b19f7288b0ce20372991275e4f2e6c2"},"breadcrumb":{"@id":"https:\/\/www.gaveanews.com\/index.php\/2025\/05\/23\/a-declarcao-de-renato-paiva-do-botafogo-direcionada-a-wendel\/#breadcrumb"},"inLanguage":"pt-BR","potentialAction":[{"@type":"ReadAction","target":["https:\/\/www.gaveanews.com\/index.php\/2025\/05\/23\/a-declarcao-de-renato-paiva-do-botafogo-direcionada-a-wendel\/"]}]},{"@type":"ImageObject","inLanguage":"pt-BR","@id":"https:\/\/www.gaveanews.com\/index.php\/2025\/05\/23\/a-declarcao-de-renato-paiva-do-botafogo-direcionada-a-wendel\/#primaryimage","url":"https:\/\/www.gaveanews.com\/wp-content\/uploads\/Renato-Paiva-pelo-Botafogo-1.webp","contentUrl":"https:\/\/www.gaveanews.com\/wp-content\/uploads\/Renato-Paiva-pelo-Botafogo-1.webp","width":742,"height":519,"caption":"Renato Paiva pelo Botafogo (Foto: V\u00edtor Silva\/Botafogo)"},{"@type":"BreadcrumbList","@id":"https:\/\/www.gaveanews.com\/index.php\/2025\/05\/23\/a-declarcao-de-renato-paiva-do-botafogo-direcionada-a-wendel\/#breadcrumb","itemListElement":[{"@type":"ListItem","position":1,"name":"Home","item":"https:\/\/www.gaveanews.com\/"},{"@type":"ListItem","position":2,"name":"A declar\u00e7\u00e3o de Renato Paiva, do Botafogo, direcionada a Wendel"}]},{"@type":"WebSite","@id":"https:\/\/www.gaveanews.com\/#website","url":"https:\/\/www.gaveanews.com\/","name":"G\u00e1vea News","description":"Veja todas as not\u00edcias sobre o Flamengo: Contrata\u00e7\u00f5es, categorias de base, resultados das partidas, tabela de classifica\u00e7\u00e3o, pr\u00f3ximos jogos!","potentialAction":[{"@type":"SearchAction","target":{"@type":"EntryPoint","urlTemplate":"https:\/\/www.gaveanews.com\/?s={search_term_string}"},"query-input":{"@type":"PropertyValueSpecification","valueRequired":true,"valueName":"search_term_string"}}],"inLanguage":"pt-BR"},{"@type":"Person","@id":"https:\/\/www.gaveanews.com\/#\/schema\/person\/3b19f7288b0ce20372991275e4f2e6c2","name":"Ana Teixeira","image":{"@type":"ImageObject","inLanguage":"pt-BR","@id":"https:\/\/www.gaveanews.com\/#\/schema\/person\/image\/","url":"https:\/\/secure.gravatar.com\/avatar\/0a73f5a5258f3fed37fc2fa641892f3f7a4748456d4d4792f9bc550e6c19e06c?s=96&d=mm&r=g","contentUrl":"https:\/\/secure.gravatar.com\/avatar\/0a73f5a5258f3fed37fc2fa641892f3f7a4748456d4d4792f9bc550e6c19e06c?s=96&d=mm&r=g","caption":"Ana Teixeira"}}]}},"_links":{"self":[{"href":"https:\/\/www.gaveanews.com\/index.php\/wp-json\/wp\/v2\/posts\/266526","targetHints":{"allow":["GET"]}}],"collection":[{"href":"https:\/\/www.gaveanews.com\/index.php\/wp-json\/wp\/v2\/posts"}],"about":[{"href":"https:\/\/www.gaveanews.com\/index.php\/wp-json\/wp\/v2\/types\/post"}],"author":[{"embeddable":true,"href":"https:\/\/www.gaveanews.com\/index.php\/wp-json\/wp\/v2\/users\/30"}],"replies":[{"embeddable":true,"href":"https:\/\/www.gaveanews.com\/index.php\/wp-json\/wp\/v2\/comments?post=266526"}],"version-history":[{"count":1,"href":"https:\/\/www.gaveanews.com\/index.php\/wp-json\/wp\/v2\/posts\/266526\/revisions"}],"predecessor-version":[{"id":266534,"href":"https:\/\/www.gaveanews.com\/index.php\/wp-json\/wp\/v2\/posts\/266526\/revisions\/266534"}],"wp:featuredmedia":[{"embeddable":true,"href":"https:\/\/www.gaveanews.com\/index.php\/wp-json\/wp\/v2\/media\/250814"}],"wp:attachment":[{"href":"https:\/\/www.gaveanews.com\/index.php\/wp-json\/wp\/v2\/media?parent=266526"}],"wp:term":[{"taxonomy":"category","embeddable":true,"href":"https:\/\/www.gaveanews.com\/index.php\/wp-json\/wp\/v2\/categories?post=266526"},{"taxonomy":"post_tag","embeddable":true,"href":"https:\/\/www.gaveanews.com\/index.php\/wp-json\/wp\/v2\/tags?post=266526"}],"curies":[{"name":"wp","href":"https:\/\/api.w.org\/{rel}","templated":true}]}}