{"id":266535,"date":"2025-05-23T19:00:00","date_gmt":"2025-05-23T22:00:00","guid":{"rendered":"https:\/\/www.gaveanews.com\/?p=266535"},"modified":"2025-05-23T16:40:12","modified_gmt":"2025-05-23T19:40:12","slug":"botafogo-x-universidad-de-chile-a-declaracao-de-renato-paiva","status":"publish","type":"post","link":"https:\/\/www.gaveanews.com\/index.php\/2025\/05\/23\/botafogo-x-universidad-de-chile-a-declaracao-de-renato-paiva\/","title":{"rendered":"Botafogo x Universidad de Chile: a declara\u00e7\u00e3o de Renato Paiva"},"content":{"rendered":"\n<p>Renato Paiva, t\u00e9cnico do Botafogo, trouxe \u00e0 tona uma justificativa clara para a ampla rota\u00e7\u00e3o promovida no elenco durante a partida contra o Capital-DF, v\u00e1lida pela Copa do Brasil. Apesar da derrota por 1 a 0 no Man\u00e9 Garrincha, a equipe garantiu a vaga nas oitavas de final devido \u00e0 vantagem constru\u00edda no confronto anterior. <\/p>\n\n\n\n<p>Segundo o treinador, o descanso de atletas foi imprescind\u00edvel diante do ac\u00famulo de jogos e da sobrecarga f\u00edsica que acomete parte do grupo.<\/p>\n\n\n\n<p>&#8220;Obviamente que descansar os jogadores era muito importante para n\u00f3s. Era uma decis\u00e3o que t\u00ednhamos que fazer porque h\u00e1 jogadores sobrecarregados com a quantidade de jogos que est\u00e3o tendo&#8221;, afirmou o treinador. <\/p>\n\n\n\n<p>Paiva destacou que n\u00e3o aprecia mudan\u00e7as em larga escala, mas a combina\u00e7\u00e3o entre a vantagem de quatro gols, a aus\u00eancia de compromissos no fim de semana e o confronto decisivo contra a Universidad de Chile, pela Libertadores, motivaram a escolha. \u201cN\u00e3o gosto de fazer o que fiz hoje, uma revolu\u00e7\u00e3o quase completa. Gosto de mudar com crit\u00e9rio e manter uma base.\u201d<\/p>\n\n\n\n<h4 class=\"wp-block-heading\" id=\"h-criterios-tecnicos-e-improvisacoes-forcadas\"><strong>Crit\u00e9rios t\u00e9cnicos e improvisa\u00e7\u00f5es for\u00e7adas<\/strong><\/h4>\n\n\n\n<p>Com um elenco reduzido por les\u00f5es e jogadores poupados, o t\u00e9cnico manteve Alex Telles em campo, mesmo preferindo preservar o lateral. \u201cMantendo Telles porque Mar\u00e7al sentiu algo no treino de anteontem e decidimos que ele n\u00e3o estava apto para o jogo, e por isso dividimos Telles e Vitinho\u201d, explicou. A decis\u00e3o, segundo ele, foi feita com base em diagn\u00f3sticos f\u00edsicos e n\u00e3o apenas t\u00e9cnicos.<\/p>\n\n\n\n<p>Atualmente, o departamento m\u00e9dico do clube conta com sete nomes: Barboza, Bastos, Savarino, Matheus Martins, Mastriani, Artur e David Ricardo. Al\u00e9m disso, o Botafogo deixou no Rio nomes como John, Cuiabano, Gregore, Marlon Freitas e Igor Jesus. <\/p>\n\n\n\n<p>Essa combina\u00e7\u00e3o de aus\u00eancias obrigou o t\u00e9cnico a escalar uma forma\u00e7\u00e3o alternativa quase por completo.<\/p>\n\n\n\n<h4 class=\"wp-block-heading\" id=\"h-olhar-adiante-libertadores-e-elenco-reforcado\"><strong>Olhar adiante: Libertadores e elenco refor\u00e7ado<\/strong><\/h4>\n\n\n\n<p>Mesmo com a classifica\u00e7\u00e3o garantida na Copa do Brasil, o foco imediato da equipe est\u00e1 na pr\u00f3xima ter\u00e7a-feira (27), quando enfrentar\u00e1 a Universidad de Chile pela Libertadores. Paiva revelou que h\u00e1 expectativa de retorno de alguns atletas. <\/p>\n\n\n\n<p>&#8220;Ainda \u00e9 cedo para dizer. H\u00e1 jogadores que poder\u00e3o regressar, n\u00e3o sei bem quais. Vai haver jogadores que v\u00e3o regressar. Estaremos um pouco mais completos para esse jogo com a La U.&#8221;<\/p>\n\n\n\n<p>A vit\u00f3ria por 4 a 0 no jogo de ida possibilitou ao treinador priorizar a recupera\u00e7\u00e3o f\u00edsica de seus principais jogadores, com o objetivo de manter a competitividade nas duas frentes em que o clube est\u00e1 envolvido.<\/p>\n\n\n\n<h4 class=\"wp-block-heading\" id=\"h-reconhecimento-a-torcida-e-autocritica-pontual\"><strong>Reconhecimento \u00e0 torcida e autocr\u00edtica pontual<\/strong><\/h4>\n\n\n\n<p>Paiva tamb\u00e9m fez quest\u00e3o de agradecer o apoio da torcida presente no est\u00e1dio, reconhecendo a frustra\u00e7\u00e3o por n\u00e3o ter entregue uma exibi\u00e7\u00e3o mais convincente. <\/p>\n\n\n\n<p>\u201cEstou imensamente triste por n\u00e3o dar a vit\u00f3ria e uma exibi\u00e7\u00e3o melhor. De fato, eles \u2018pagaram a conta\u2019 por termos este jogo t\u00e3o decisivo na ter\u00e7a-feira. No entanto, passamos. Estamos na fase seguinte da Copa do Brasil, que \u00e9 o mais importante.\u201d<\/p>\n\n\n\n<p>Al\u00e9m disso, ele reiterou a import\u00e2ncia do torcedor no Nilton Santos, pedindo apoio incondicional para o embate diante da equipe chilena. \u201cQue eles nos ajudem muit\u00edssimo na pr\u00f3xima ter\u00e7a-feira e sejam o 12\u00ba jogador.\u201d<\/p>\n\n\n\n<h4 class=\"wp-block-heading\" id=\"h-ritmo-de-jogo-e-avaliacao-do-desempenho\"><strong>Ritmo de jogo e avalia\u00e7\u00e3o do desempenho<\/strong><\/h4>\n\n\n\n<p>Apesar da derrota, Paiva valorizou o ganho de minutagem para atletas que vinham atuando pouco. \u201cO positivo foi que muitos deles fizeram 90 minutos, outros 80. Criamos oportunidades suficientes para ganhar o jogo\u201d, disse. <\/p>\n\n\n\n<p>Ele ainda elogiou o gol marcado pelo advers\u00e1rio, ressaltando a qualidade da finaliza\u00e7\u00e3o que, segundo ele, \u201cse bobear, vai para o Pusk\u00e1s\u201d.<\/p>\n\n\n\n<p>A performance de Santiago Rodr\u00edguez tamb\u00e9m foi destacada. O meia fez sua primeira partida completa ap\u00f3s se recuperar de les\u00e3o e, conforme o t\u00e9cnico, apresentou evolu\u00e7\u00e3o f\u00edsica e t\u00e9cnica.<\/p>\n","protected":false},"excerpt":{"rendered":"<p>Renato Paiva, t\u00e9cnico do Botafogo, trouxe \u00e0 tona uma justificativa clara para a ampla rota\u00e7\u00e3o promovida no elenco durante a partida contra o Capital-DF, v\u00e1lida pela Copa do Brasil. Apesar da derrota por 1 a 0 no Man\u00e9 Garrincha, a equipe garantiu a vaga nas oitavas de final devido \u00e0 vantagem constru\u00edda no confronto anterior. [&hellip;]<\/p>\n","protected":false},"author":30,"featured_media":243531,"comment_status":"open","ping_status":"closed","sticky":false,"template":"","format":"standard","meta":{"footnotes":""},"categories":[138],"tags":[],"class_list":["post-266535","post","type-post","status-publish","format-standard","has-post-thumbnail","hentry","category-botafogo"],"yoast_head":"<!-- This site is optimized with the Yoast SEO Premium plugin v24.2 (Yoast SEO v26.9) - https:\/\/yoast.com\/product\/yoast-seo-premium-wordpress\/ -->\n<title>Botafogo x Universidad de Chile: a declara\u00e7\u00e3o de Renato Paiva<\/title>\n<meta name=\"robots\" content=\"index, follow, max-snippet:-1, max-image-preview:large, max-video-preview:-1\" \/>\n<link rel=\"canonical\" href=\"https:\/\/www.gaveanews.com\/index.php\/2025\/05\/23\/botafogo-x-universidad-de-chile-a-declaracao-de-renato-paiva\/\" \/>\n<meta property=\"og:locale\" content=\"pt_BR\" \/>\n<meta property=\"og:type\" content=\"article\" \/>\n<meta property=\"og:title\" content=\"Botafogo x Universidad de Chile: a declara\u00e7\u00e3o de Renato Paiva\" \/>\n<meta property=\"og:description\" content=\"Renato Paiva, t\u00e9cnico do Botafogo, trouxe \u00e0 tona uma justificativa clara para a ampla rota\u00e7\u00e3o promovida no elenco durante a partida contra o Capital-DF, v\u00e1lida pela Copa do Brasil. Apesar da derrota por 1 a 0 no Man\u00e9 Garrincha, a equipe garantiu a vaga nas oitavas de final devido \u00e0 vantagem constru\u00edda no confronto anterior. [&hellip;]\" \/>\n<meta property=\"og:url\" content=\"https:\/\/www.gaveanews.com\/index.php\/2025\/05\/23\/botafogo-x-universidad-de-chile-a-declaracao-de-renato-paiva\/\" \/>\n<meta property=\"og:site_name\" content=\"G\u00e1vea News\" \/>\n<meta property=\"article:publisher\" content=\"https:\/\/facebook.com\/gaveaNews\/\" \/>\n<meta property=\"article:published_time\" content=\"2025-05-23T22:00:00+00:00\" \/>\n<meta property=\"og:image\" content=\"https:\/\/www.gaveanews.com\/wp-content\/uploads\/Renato-Paiva-pelo-Botafogo.webp\" \/>\n\t<meta property=\"og:image:width\" content=\"988\" \/>\n\t<meta property=\"og:image:height\" content=\"615\" \/>\n\t<meta property=\"og:image:type\" content=\"image\/jpeg\" \/>\n<meta name=\"author\" content=\"Ana Teixeira\" \/>\n<meta name=\"twitter:card\" content=\"summary_large_image\" \/>\n<meta name=\"twitter:label1\" content=\"Escrito por\" \/>\n\t<meta name=\"twitter:data1\" content=\"Ana Teixeira\" \/>\n\t<meta name=\"twitter:label2\" content=\"Est. tempo de leitura\" \/>\n\t<meta name=\"twitter:data2\" content=\"4 minutos\" \/>\n<script type=\"application\/ld+json\" class=\"yoast-schema-graph\">{\"@context\":\"https:\/\/schema.org\",\"@graph\":[{\"@type\":\"NewsArticle\",\"@id\":\"https:\/\/www.gaveanews.com\/index.php\/2025\/05\/23\/botafogo-x-universidad-de-chile-a-declaracao-de-renato-paiva\/#article\",\"isPartOf\":{\"@id\":\"https:\/\/www.gaveanews.com\/index.php\/2025\/05\/23\/botafogo-x-universidad-de-chile-a-declaracao-de-renato-paiva\/\"},\"author\":{\"name\":\"Ana Teixeira\",\"@id\":\"https:\/\/www.gaveanews.com\/#\/schema\/person\/3b19f7288b0ce20372991275e4f2e6c2\"},\"headline\":\"Botafogo x Universidad de Chile: a declara\u00e7\u00e3o de Renato Paiva\",\"datePublished\":\"2025-05-23T22:00:00+00:00\",\"mainEntityOfPage\":{\"@id\":\"https:\/\/www.gaveanews.com\/index.php\/2025\/05\/23\/botafogo-x-universidad-de-chile-a-declaracao-de-renato-paiva\/\"},\"wordCount\":676,\"commentCount\":0,\"image\":{\"@id\":\"https:\/\/www.gaveanews.com\/index.php\/2025\/05\/23\/botafogo-x-universidad-de-chile-a-declaracao-de-renato-paiva\/#primaryimage\"},\"thumbnailUrl\":\"https:\/\/www.gaveanews.com\/wp-content\/uploads\/Renato-Paiva-pelo-Botafogo.webp\",\"articleSection\":[\"Botafogo\"],\"inLanguage\":\"pt-BR\",\"potentialAction\":[{\"@type\":\"CommentAction\",\"name\":\"Comment\",\"target\":[\"https:\/\/www.gaveanews.com\/index.php\/2025\/05\/23\/botafogo-x-universidad-de-chile-a-declaracao-de-renato-paiva\/#respond\"]}],\"copyrightYear\":\"2025\",\"copyrightHolder\":{\"@id\":\"https:\/\/www.gaveanews.com\/#organization\"}},{\"@type\":\"WebPage\",\"@id\":\"https:\/\/www.gaveanews.com\/index.php\/2025\/05\/23\/botafogo-x-universidad-de-chile-a-declaracao-de-renato-paiva\/\",\"url\":\"https:\/\/www.gaveanews.com\/index.php\/2025\/05\/23\/botafogo-x-universidad-de-chile-a-declaracao-de-renato-paiva\/\",\"name\":\"Botafogo x Universidad de Chile: a declara\u00e7\u00e3o de Renato Paiva\",\"isPartOf\":{\"@id\":\"https:\/\/www.gaveanews.com\/#website\"},\"primaryImageOfPage\":{\"@id\":\"https:\/\/www.gaveanews.com\/index.php\/2025\/05\/23\/botafogo-x-universidad-de-chile-a-declaracao-de-renato-paiva\/#primaryimage\"},\"image\":{\"@id\":\"https:\/\/www.gaveanews.com\/index.php\/2025\/05\/23\/botafogo-x-universidad-de-chile-a-declaracao-de-renato-paiva\/#primaryimage\"},\"thumbnailUrl\":\"https:\/\/www.gaveanews.com\/wp-content\/uploads\/Renato-Paiva-pelo-Botafogo.webp\",\"datePublished\":\"2025-05-23T22:00:00+00:00\",\"author\":{\"@id\":\"https:\/\/www.gaveanews.com\/#\/schema\/person\/3b19f7288b0ce20372991275e4f2e6c2\"},\"breadcrumb\":{\"@id\":\"https:\/\/www.gaveanews.com\/index.php\/2025\/05\/23\/botafogo-x-universidad-de-chile-a-declaracao-de-renato-paiva\/#breadcrumb\"},\"inLanguage\":\"pt-BR\",\"potentialAction\":[{\"@type\":\"ReadAction\",\"target\":[\"https:\/\/www.gaveanews.com\/index.php\/2025\/05\/23\/botafogo-x-universidad-de-chile-a-declaracao-de-renato-paiva\/\"]}]},{\"@type\":\"ImageObject\",\"inLanguage\":\"pt-BR\",\"@id\":\"https:\/\/www.gaveanews.com\/index.php\/2025\/05\/23\/botafogo-x-universidad-de-chile-a-declaracao-de-renato-paiva\/#primaryimage\",\"url\":\"https:\/\/www.gaveanews.com\/wp-content\/uploads\/Renato-Paiva-pelo-Botafogo.webp\",\"contentUrl\":\"https:\/\/www.gaveanews.com\/wp-content\/uploads\/Renato-Paiva-pelo-Botafogo.webp\",\"width\":988,\"height\":615,\"caption\":\"Renato Paiva pelo Botafogo (Foto: Vitor Silva\/Botafogo)\"},{\"@type\":\"BreadcrumbList\",\"@id\":\"https:\/\/www.gaveanews.com\/index.php\/2025\/05\/23\/botafogo-x-universidad-de-chile-a-declaracao-de-renato-paiva\/#breadcrumb\",\"itemListElement\":[{\"@type\":\"ListItem\",\"position\":1,\"name\":\"Home\",\"item\":\"https:\/\/www.gaveanews.com\/\"},{\"@type\":\"ListItem\",\"position\":2,\"name\":\"Botafogo x Universidad de Chile: a declara\u00e7\u00e3o de Renato Paiva\"}]},{\"@type\":\"WebSite\",\"@id\":\"https:\/\/www.gaveanews.com\/#website\",\"url\":\"https:\/\/www.gaveanews.com\/\",\"name\":\"G\u00e1vea News\",\"description\":\"Veja todas as not\u00edcias sobre o Flamengo: Contrata\u00e7\u00f5es, categorias de base, resultados das partidas, tabela de classifica\u00e7\u00e3o, pr\u00f3ximos jogos!\",\"potentialAction\":[{\"@type\":\"SearchAction\",\"target\":{\"@type\":\"EntryPoint\",\"urlTemplate\":\"https:\/\/www.gaveanews.com\/?s={search_term_string}\"},\"query-input\":{\"@type\":\"PropertyValueSpecification\",\"valueRequired\":true,\"valueName\":\"search_term_string\"}}],\"inLanguage\":\"pt-BR\"},{\"@type\":\"Person\",\"@id\":\"https:\/\/www.gaveanews.com\/#\/schema\/person\/3b19f7288b0ce20372991275e4f2e6c2\",\"name\":\"Ana Teixeira\",\"image\":{\"@type\":\"ImageObject\",\"inLanguage\":\"pt-BR\",\"@id\":\"https:\/\/www.gaveanews.com\/#\/schema\/person\/image\/\",\"url\":\"https:\/\/secure.gravatar.com\/avatar\/0a73f5a5258f3fed37fc2fa641892f3f7a4748456d4d4792f9bc550e6c19e06c?s=96&d=mm&r=g\",\"contentUrl\":\"https:\/\/secure.gravatar.com\/avatar\/0a73f5a5258f3fed37fc2fa641892f3f7a4748456d4d4792f9bc550e6c19e06c?s=96&d=mm&r=g\",\"caption\":\"Ana Teixeira\"}}]}<\/script>\n<!-- \/ Yoast SEO Premium plugin. -->","yoast_head_json":{"title":"Botafogo x Universidad de Chile: a declara\u00e7\u00e3o de Renato Paiva","robots":{"index":"index","follow":"follow","max-snippet":"max-snippet:-1","max-image-preview":"max-image-preview:large","max-video-preview":"max-video-preview:-1"},"canonical":"https:\/\/www.gaveanews.com\/index.php\/2025\/05\/23\/botafogo-x-universidad-de-chile-a-declaracao-de-renato-paiva\/","og_locale":"pt_BR","og_type":"article","og_title":"Botafogo x Universidad de Chile: a declara\u00e7\u00e3o de Renato Paiva","og_description":"Renato Paiva, t\u00e9cnico do Botafogo, trouxe \u00e0 tona uma justificativa clara para a ampla rota\u00e7\u00e3o promovida no elenco durante a partida contra o Capital-DF, v\u00e1lida pela Copa do Brasil. Apesar da derrota por 1 a 0 no Man\u00e9 Garrincha, a equipe garantiu a vaga nas oitavas de final devido \u00e0 vantagem constru\u00edda no confronto anterior. [&hellip;]","og_url":"https:\/\/www.gaveanews.com\/index.php\/2025\/05\/23\/botafogo-x-universidad-de-chile-a-declaracao-de-renato-paiva\/","og_site_name":"G\u00e1vea News","article_publisher":"https:\/\/facebook.com\/gaveaNews\/","article_published_time":"2025-05-23T22:00:00+00:00","og_image":[{"width":988,"height":615,"url":"https:\/\/www.gaveanews.com\/wp-content\/uploads\/Renato-Paiva-pelo-Botafogo.webp","type":"image\/jpeg"}],"author":"Ana Teixeira","twitter_card":"summary_large_image","twitter_misc":{"Escrito por":"Ana Teixeira","Est. tempo de leitura":"4 minutos"},"schema":{"@context":"https:\/\/schema.org","@graph":[{"@type":"NewsArticle","@id":"https:\/\/www.gaveanews.com\/index.php\/2025\/05\/23\/botafogo-x-universidad-de-chile-a-declaracao-de-renato-paiva\/#article","isPartOf":{"@id":"https:\/\/www.gaveanews.com\/index.php\/2025\/05\/23\/botafogo-x-universidad-de-chile-a-declaracao-de-renato-paiva\/"},"author":{"name":"Ana Teixeira","@id":"https:\/\/www.gaveanews.com\/#\/schema\/person\/3b19f7288b0ce20372991275e4f2e6c2"},"headline":"Botafogo x Universidad de Chile: a declara\u00e7\u00e3o de Renato Paiva","datePublished":"2025-05-23T22:00:00+00:00","mainEntityOfPage":{"@id":"https:\/\/www.gaveanews.com\/index.php\/2025\/05\/23\/botafogo-x-universidad-de-chile-a-declaracao-de-renato-paiva\/"},"wordCount":676,"commentCount":0,"image":{"@id":"https:\/\/www.gaveanews.com\/index.php\/2025\/05\/23\/botafogo-x-universidad-de-chile-a-declaracao-de-renato-paiva\/#primaryimage"},"thumbnailUrl":"https:\/\/www.gaveanews.com\/wp-content\/uploads\/Renato-Paiva-pelo-Botafogo.webp","articleSection":["Botafogo"],"inLanguage":"pt-BR","potentialAction":[{"@type":"CommentAction","name":"Comment","target":["https:\/\/www.gaveanews.com\/index.php\/2025\/05\/23\/botafogo-x-universidad-de-chile-a-declaracao-de-renato-paiva\/#respond"]}],"copyrightYear":"2025","copyrightHolder":{"@id":"https:\/\/www.gaveanews.com\/#organization"}},{"@type":"WebPage","@id":"https:\/\/www.gaveanews.com\/index.php\/2025\/05\/23\/botafogo-x-universidad-de-chile-a-declaracao-de-renato-paiva\/","url":"https:\/\/www.gaveanews.com\/index.php\/2025\/05\/23\/botafogo-x-universidad-de-chile-a-declaracao-de-renato-paiva\/","name":"Botafogo x Universidad de Chile: a declara\u00e7\u00e3o de Renato Paiva","isPartOf":{"@id":"https:\/\/www.gaveanews.com\/#website"},"primaryImageOfPage":{"@id":"https:\/\/www.gaveanews.com\/index.php\/2025\/05\/23\/botafogo-x-universidad-de-chile-a-declaracao-de-renato-paiva\/#primaryimage"},"image":{"@id":"https:\/\/www.gaveanews.com\/index.php\/2025\/05\/23\/botafogo-x-universidad-de-chile-a-declaracao-de-renato-paiva\/#primaryimage"},"thumbnailUrl":"https:\/\/www.gaveanews.com\/wp-content\/uploads\/Renato-Paiva-pelo-Botafogo.webp","datePublished":"2025-05-23T22:00:00+00:00","author":{"@id":"https:\/\/www.gaveanews.com\/#\/schema\/person\/3b19f7288b0ce20372991275e4f2e6c2"},"breadcrumb":{"@id":"https:\/\/www.gaveanews.com\/index.php\/2025\/05\/23\/botafogo-x-universidad-de-chile-a-declaracao-de-renato-paiva\/#breadcrumb"},"inLanguage":"pt-BR","potentialAction":[{"@type":"ReadAction","target":["https:\/\/www.gaveanews.com\/index.php\/2025\/05\/23\/botafogo-x-universidad-de-chile-a-declaracao-de-renato-paiva\/"]}]},{"@type":"ImageObject","inLanguage":"pt-BR","@id":"https:\/\/www.gaveanews.com\/index.php\/2025\/05\/23\/botafogo-x-universidad-de-chile-a-declaracao-de-renato-paiva\/#primaryimage","url":"https:\/\/www.gaveanews.com\/wp-content\/uploads\/Renato-Paiva-pelo-Botafogo.webp","contentUrl":"https:\/\/www.gaveanews.com\/wp-content\/uploads\/Renato-Paiva-pelo-Botafogo.webp","width":988,"height":615,"caption":"Renato Paiva pelo Botafogo (Foto: Vitor Silva\/Botafogo)"},{"@type":"BreadcrumbList","@id":"https:\/\/www.gaveanews.com\/index.php\/2025\/05\/23\/botafogo-x-universidad-de-chile-a-declaracao-de-renato-paiva\/#breadcrumb","itemListElement":[{"@type":"ListItem","position":1,"name":"Home","item":"https:\/\/www.gaveanews.com\/"},{"@type":"ListItem","position":2,"name":"Botafogo x Universidad de Chile: a declara\u00e7\u00e3o de Renato Paiva"}]},{"@type":"WebSite","@id":"https:\/\/www.gaveanews.com\/#website","url":"https:\/\/www.gaveanews.com\/","name":"G\u00e1vea News","description":"Veja todas as not\u00edcias sobre o Flamengo: Contrata\u00e7\u00f5es, categorias de base, resultados das partidas, tabela de classifica\u00e7\u00e3o, pr\u00f3ximos jogos!","potentialAction":[{"@type":"SearchAction","target":{"@type":"EntryPoint","urlTemplate":"https:\/\/www.gaveanews.com\/?s={search_term_string}"},"query-input":{"@type":"PropertyValueSpecification","valueRequired":true,"valueName":"search_term_string"}}],"inLanguage":"pt-BR"},{"@type":"Person","@id":"https:\/\/www.gaveanews.com\/#\/schema\/person\/3b19f7288b0ce20372991275e4f2e6c2","name":"Ana Teixeira","image":{"@type":"ImageObject","inLanguage":"pt-BR","@id":"https:\/\/www.gaveanews.com\/#\/schema\/person\/image\/","url":"https:\/\/secure.gravatar.com\/avatar\/0a73f5a5258f3fed37fc2fa641892f3f7a4748456d4d4792f9bc550e6c19e06c?s=96&d=mm&r=g","contentUrl":"https:\/\/secure.gravatar.com\/avatar\/0a73f5a5258f3fed37fc2fa641892f3f7a4748456d4d4792f9bc550e6c19e06c?s=96&d=mm&r=g","caption":"Ana Teixeira"}}]}},"_links":{"self":[{"href":"https:\/\/www.gaveanews.com\/index.php\/wp-json\/wp\/v2\/posts\/266535","targetHints":{"allow":["GET"]}}],"collection":[{"href":"https:\/\/www.gaveanews.com\/index.php\/wp-json\/wp\/v2\/posts"}],"about":[{"href":"https:\/\/www.gaveanews.com\/index.php\/wp-json\/wp\/v2\/types\/post"}],"author":[{"embeddable":true,"href":"https:\/\/www.gaveanews.com\/index.php\/wp-json\/wp\/v2\/users\/30"}],"replies":[{"embeddable":true,"href":"https:\/\/www.gaveanews.com\/index.php\/wp-json\/wp\/v2\/comments?post=266535"}],"version-history":[{"count":1,"href":"https:\/\/www.gaveanews.com\/index.php\/wp-json\/wp\/v2\/posts\/266535\/revisions"}],"predecessor-version":[{"id":266538,"href":"https:\/\/www.gaveanews.com\/index.php\/wp-json\/wp\/v2\/posts\/266535\/revisions\/266538"}],"wp:featuredmedia":[{"embeddable":true,"href":"https:\/\/www.gaveanews.com\/index.php\/wp-json\/wp\/v2\/media\/243531"}],"wp:attachment":[{"href":"https:\/\/www.gaveanews.com\/index.php\/wp-json\/wp\/v2\/media?parent=266535"}],"wp:term":[{"taxonomy":"category","embeddable":true,"href":"https:\/\/www.gaveanews.com\/index.php\/wp-json\/wp\/v2\/categories?post=266535"},{"taxonomy":"post_tag","embeddable":true,"href":"https:\/\/www.gaveanews.com\/index.php\/wp-json\/wp\/v2\/tags?post=266535"}],"curies":[{"name":"wp","href":"https:\/\/api.w.org\/{rel}","templated":true}]}}